{"id":263078,"date":"2025-05-12T21:35:00","date_gmt":"2025-05-13T00:35:00","guid":{"rendered":"https:\/\/www.gaveanews.com\/?p=263078"},"modified":"2025-05-12T18:50:58","modified_gmt":"2025-05-12T21:50:58","slug":"bahia-tem-reforco-importante-para-jogo-contra-o-atletico-nacional","status":"publish","type":"post","link":"https:\/\/www.gaveanews.com\/index.php\/2025\/05\/12\/bahia-tem-reforco-importante-para-jogo-contra-o-atletico-nacional\/","title":{"rendered":"Bahia tem refor\u00e7o importante para jogo contra o Atl\u00e9tico Nacional"},"content":{"rendered":"\n<p>O Bahia realizou, nesta segunda-feira (12), sua \u00faltima atividade antes de embarcar rumo \u00e0 Col\u00f4mbia, onde enfrentar\u00e1 o Atl\u00e9tico Nacional pela quinta rodada da fase de grupos da Libertadores. O duelo est\u00e1 marcado para quarta-feira (14), \u00e0s 19 horas (hor\u00e1rio de Bras\u00edlia), no est\u00e1dio Atanasio Girardot, em Medell\u00edn.<\/p>\n\n\n\n<p>A movimenta\u00e7\u00e3o ocorreu no CT Evaristo de Macedo e contou com o retorno do lateral-direito Gilberto, que estava afastado por les\u00e3o. Ele participou normalmente de todas as etapas do treino, sendo a principal novidade do dia. O atleta, que j\u00e1 vinha em processo de recupera\u00e7\u00e3o, demonstrou estar em condi\u00e7\u00f5es de integrar o grupo que viajar\u00e1 para a partida decisiva.<\/p>\n\n\n\n<figure class=\"wp-block-image size-large\"><img loading=\"lazy\" decoding=\"async\" width=\"1024\" height=\"643\" src=\"http:\/\/www.gaveanews.com\/wp-content\/uploads\/Gilberto-apresentado-pelo-Bahia-1024x643.webp\" alt=\"\" class=\"wp-image-169716\" srcset=\"https:\/\/www.gaveanews.com\/wp-content\/uploads\/Gilberto-apresentado-pelo-Bahia-1024x643.webp 1024w, https:\/\/www.gaveanews.com\/wp-content\/uploads\/Gilberto-apresentado-pelo-Bahia-300x189.webp 300w, https:\/\/www.gaveanews.com\/wp-content\/uploads\/Gilberto-apresentado-pelo-Bahia-768x483.webp 768w, https:\/\/www.gaveanews.com\/wp-content\/uploads\/Gilberto-apresentado-pelo-Bahia-668x420.webp 668w, https:\/\/www.gaveanews.com\/wp-content\/uploads\/Gilberto-apresentado-pelo-Bahia-640x402.webp 640w, https:\/\/www.gaveanews.com\/wp-content\/uploads\/Gilberto-apresentado-pelo-Bahia-681x428.webp 681w, https:\/\/www.gaveanews.com\/wp-content\/uploads\/Gilberto-apresentado-pelo-Bahia-100x63.webp 100w, https:\/\/www.gaveanews.com\/wp-content\/uploads\/Gilberto-apresentado-pelo-Bahia.webp 1200w\" sizes=\"auto, (max-width: 1024px) 100vw, 1024px\" \/><figcaption class=\"wp-element-caption\">Gilberto apresentado pelo Bahia (Foto: Divulga\u00e7\u00e3o\/Bahia)<\/figcaption><\/figure>\n\n\n\n<p>Durante o treinamento, os jogadores iniciaram com uma ativa\u00e7\u00e3o na academia, seguida por uma atividade t\u00e9cnica em campo reduzido com foco na posse de bola. Posteriormente, o t\u00e9cnico Rog\u00e9rio Ceni comandou um trabalho t\u00e1tico, onde realizou ajustes posicionais e passou orienta\u00e7\u00f5es espec\u00edficas aos atletas, al\u00e9m de supervisionar uma s\u00e9rie de finaliza\u00e7\u00f5es ao fim da sess\u00e3o.<\/p>\n\n\n\n<p>Contudo, nem todos os jogadores estiveram \u00e0 disposi\u00e7\u00e3o. O goleiro Ronaldo permaneceu na transi\u00e7\u00e3o f\u00edsica e ainda n\u00e3o foi liberado para as atividades com o grupo. Enquanto isso, os atacantes Kayky e Ademir seguem entregues ao departamento de fisioterapia. Ambos seguem tratamento para les\u00f5es musculares e n\u00e3o participaram das movimenta\u00e7\u00f5es em campo.<\/p>\n\n\n\n<p>No departamento m\u00e9dico, permanecem os zagueiros Kanu e o meio-campista Arias, que tamb\u00e9m se recuperam de problemas f\u00edsicos. Assim sendo, a delega\u00e7\u00e3o tricolor deve viajar com aus\u00eancias importantes para o compromisso continental. A expectativa \u00e9 que Gilberto esteja relacionado ap\u00f3s o retorno aos treinos.<\/p>\n\n\n\n<p>A equipe embarcou para Medell\u00edn na tarde desta segunda-feira com o objetivo de somar pontos fora de casa e manter vivas as chances de classifica\u00e7\u00e3o no torneio. A prepara\u00e7\u00e3o foi considerada fundamental por conta da sequ\u00eancia exigente na temporada.<\/p>\n","protected":false},"excerpt":{"rendered":"<p>O Bahia realizou, nesta segunda-feira (12), sua \u00faltima atividade antes de embarcar rumo \u00e0 Col\u00f4mbia, onde enfrentar\u00e1 o Atl\u00e9tico Nacional pela quinta rodada da fase de grupos da Libertadores. O duelo est\u00e1 marcado para quarta-feira (14), \u00e0s 19 horas (hor\u00e1rio de Bras\u00edlia), no est\u00e1dio Atanasio Girardot, em Medell\u00edn. A movimenta\u00e7\u00e3o ocorreu no CT Evaristo de [&hellip;]<\/p>\n","protected":false},"author":18,"featured_media":251412,"comment_status":"open","ping_status":"closed","sticky":false,"template":"","format":"standard","meta":{"footnotes":""},"categories":[137],"tags":[],"class_list":["post-263078","post","type-post","status-publish","format-standard","has-post-thumbnail","hentry","category-bahia"],"yoast_head":"<!-- This site is optimized with the Yoast SEO Premium plugin v24.2 (Yoast SEO v26.9) - https:\/\/yoast.com\/product\/yoast-seo-premium-wordpress\/ -->\n<title>Bahia tem refor\u00e7o importante para jogo contra o Atl\u00e9tico Nacional<\/title>\n<meta name=\"robots\" content=\"index, follow, max-snippet:-1, max-image-preview:large, max-video-preview:-1\" \/>\n<link rel=\"canonical\" href=\"https:\/\/www.gaveanews.com\/index.php\/2025\/05\/12\/bahia-tem-reforco-importante-para-jogo-contra-o-atletico-nacional\/\" \/>\n<meta property=\"og:locale\" content=\"pt_BR\" \/>\n<meta property=\"og:type\" content=\"article\" \/>\n<meta property=\"og:title\" content=\"Bahia tem refor\u00e7o importante para jogo contra o Atl\u00e9tico Nacional\" \/>\n<meta property=\"og:description\" content=\"O Bahia realizou, nesta segunda-feira (12), sua \u00faltima atividade antes de embarcar rumo \u00e0 Col\u00f4mbia, onde enfrentar\u00e1 o Atl\u00e9tico Nacional pela quinta rodada da fase de grupos da Libertadores. O duelo est\u00e1 marcado para quarta-feira (14), \u00e0s 19 horas (hor\u00e1rio de Bras\u00edlia), no est\u00e1dio Atanasio Girardot, em Medell\u00edn. A movimenta\u00e7\u00e3o ocorreu no CT Evaristo de [&hellip;]\" \/>\n<meta property=\"og:url\" content=\"https:\/\/www.gaveanews.com\/index.php\/2025\/05\/12\/bahia-tem-reforco-importante-para-jogo-contra-o-atletico-nacional\/\" \/>\n<meta property=\"og:site_name\" content=\"G\u00e1vea News\" \/>\n<meta property=\"article:publisher\" content=\"https:\/\/facebook.com\/gaveaNews\/\" \/>\n<meta property=\"article:published_time\" content=\"2025-05-13T00:35:00+00:00\" \/>\n<meta property=\"og:image\" content=\"https:\/\/www.gaveanews.com\/wp-content\/uploads\/Rogerio-Ceni-comemora-pelo-Bahia.webp\" \/>\n\t<meta property=\"og:image:width\" content=\"758\" \/>\n\t<meta property=\"og:image:height\" content=\"408\" \/>\n\t<meta property=\"og:image:type\" content=\"image\/jpeg\" \/>\n<meta name=\"author\" content=\"Paula Silva\" \/>\n<meta name=\"twitter:card\" content=\"summary_large_image\" \/>\n<meta name=\"twitter:label1\" content=\"Escrito por\" \/>\n\t<meta name=\"twitter:data1\" content=\"Paula Silva\" \/>\n\t<meta name=\"twitter:label2\" content=\"Est. tempo de leitura\" \/>\n\t<meta name=\"twitter:data2\" content=\"3 minutos\" \/>\n<script type=\"application\/ld+json\" class=\"yoast-schema-graph\">{\"@context\":\"https:\/\/schema.org\",\"@graph\":[{\"@type\":\"NewsArticle\",\"@id\":\"https:\/\/www.gaveanews.com\/index.php\/2025\/05\/12\/bahia-tem-reforco-importante-para-jogo-contra-o-atletico-nacional\/#article\",\"isPartOf\":{\"@id\":\"https:\/\/www.gaveanews.com\/index.php\/2025\/05\/12\/bahia-tem-reforco-importante-para-jogo-contra-o-atletico-nacional\/\"},\"author\":{\"name\":\"Paula Silva\",\"@id\":\"https:\/\/www.gaveanews.com\/#\/schema\/person\/daf63eec72e1164eb13dc35096c2b8da\"},\"headline\":\"Bahia tem refor\u00e7o importante para jogo contra o Atl\u00e9tico Nacional\",\"datePublished\":\"2025-05-13T00:35:00+00:00\",\"mainEntityOfPage\":{\"@id\":\"https:\/\/www.gaveanews.com\/index.php\/2025\/05\/12\/bahia-tem-reforco-importante-para-jogo-contra-o-atletico-nacional\/\"},\"wordCount\":349,\"commentCount\":0,\"image\":{\"@id\":\"https:\/\/www.gaveanews.com\/index.php\/2025\/05\/12\/bahia-tem-reforco-importante-para-jogo-contra-o-atletico-nacional\/#primaryimage\"},\"thumbnailUrl\":\"https:\/\/www.gaveanews.com\/wp-content\/uploads\/Rogerio-Ceni-comemora-pelo-Bahia.webp\",\"articleSection\":[\"Bahia\"],\"inLanguage\":\"pt-BR\",\"potentialAction\":[{\"@type\":\"CommentAction\",\"name\":\"Comment\",\"target\":[\"https:\/\/www.gaveanews.com\/index.php\/2025\/05\/12\/bahia-tem-reforco-importante-para-jogo-contra-o-atletico-nacional\/#respond\"]}],\"copyrightYear\":\"2025\",\"copyrightHolder\":{\"@id\":\"https:\/\/www.gaveanews.com\/#organization\"}},{\"@type\":\"WebPage\",\"@id\":\"https:\/\/www.gaveanews.com\/index.php\/2025\/05\/12\/bahia-tem-reforco-importante-para-jogo-contra-o-atletico-nacional\/\",\"url\":\"https:\/\/www.gaveanews.com\/index.php\/2025\/05\/12\/bahia-tem-reforco-importante-para-jogo-contra-o-atletico-nacional\/\",\"name\":\"Bahia tem refor\u00e7o importante para jogo contra o Atl\u00e9tico Nacional\",\"isPartOf\":{\"@id\":\"https:\/\/www.gaveanews.com\/#website\"},\"primaryImageOfPage\":{\"@id\":\"https:\/\/www.gaveanews.com\/index.php\/2025\/05\/12\/bahia-tem-reforco-importante-para-jogo-contra-o-atletico-nacional\/#primaryimage\"},\"image\":{\"@id\":\"https:\/\/www.gaveanews.com\/index.php\/2025\/05\/12\/bahia-tem-reforco-importante-para-jogo-contra-o-atletico-nacional\/#primaryimage\"},\"thumbnailUrl\":\"https:\/\/www.gaveanews.com\/wp-content\/uploads\/Rogerio-Ceni-comemora-pelo-Bahia.webp\",\"datePublished\":\"2025-05-13T00:35:00+00:00\",\"author\":{\"@id\":\"https:\/\/www.gaveanews.com\/#\/schema\/person\/daf63eec72e1164eb13dc35096c2b8da\"},\"breadcrumb\":{\"@id\":\"https:\/\/www.gaveanews.com\/index.php\/2025\/05\/12\/bahia-tem-reforco-importante-para-jogo-contra-o-atletico-nacional\/#breadcrumb\"},\"inLanguage\":\"pt-BR\",\"potentialAction\":[{\"@type\":\"ReadAction\",\"target\":[\"https:\/\/www.gaveanews.com\/index.php\/2025\/05\/12\/bahia-tem-reforco-importante-para-jogo-contra-o-atletico-nacional\/\"]}]},{\"@type\":\"ImageObject\",\"inLanguage\":\"pt-BR\",\"@id\":\"https:\/\/www.gaveanews.com\/index.php\/2025\/05\/12\/bahia-tem-reforco-importante-para-jogo-contra-o-atletico-nacional\/#primaryimage\",\"url\":\"https:\/\/www.gaveanews.com\/wp-content\/uploads\/Rogerio-Ceni-comemora-pelo-Bahia.webp\",\"contentUrl\":\"https:\/\/www.gaveanews.com\/wp-content\/uploads\/Rogerio-Ceni-comemora-pelo-Bahia.webp\",\"width\":758,\"height\":408,\"caption\":\"Rog\u00e9rio Ceni comemora pelo Bahia (Fotos: Let\u00edcia Martins \/ EC Bahia)\"},{\"@type\":\"BreadcrumbList\",\"@id\":\"https:\/\/www.gaveanews.com\/index.php\/2025\/05\/12\/bahia-tem-reforco-importante-para-jogo-contra-o-atletico-nacional\/#breadcrumb\",\"itemListElement\":[{\"@type\":\"ListItem\",\"position\":1,\"name\":\"Home\",\"item\":\"https:\/\/www.gaveanews.com\/\"},{\"@type\":\"ListItem\",\"position\":2,\"name\":\"Bahia tem refor\u00e7o importante para jogo contra o Atl\u00e9tico Nacional\"}]},{\"@type\":\"WebSite\",\"@id\":\"https:\/\/www.gaveanews.com\/#website\",\"url\":\"https:\/\/www.gaveanews.com\/\",\"name\":\"G\u00e1vea News\",\"description\":\"Veja todas as not\u00edcias sobre o Flamengo: Contrata\u00e7\u00f5es, categorias de base, resultados das partidas, tabela de classifica\u00e7\u00e3o, pr\u00f3ximos jogos!\",\"potentialAction\":[{\"@type\":\"SearchAction\",\"target\":{\"@type\":\"EntryPoint\",\"urlTemplate\":\"https:\/\/www.gaveanews.com\/?s={search_term_string}\"},\"query-input\":{\"@type\":\"PropertyValueSpecification\",\"valueRequired\":true,\"valueName\":\"search_term_string\"}}],\"inLanguage\":\"pt-BR\"},{\"@type\":\"Person\",\"@id\":\"https:\/\/www.gaveanews.com\/#\/schema\/person\/daf63eec72e1164eb13dc35096c2b8da\",\"name\":\"Paula Silva\",\"image\":{\"@type\":\"ImageObject\",\"inLanguage\":\"pt-BR\",\"@id\":\"https:\/\/www.gaveanews.com\/#\/schema\/person\/image\/\",\"url\":\"https:\/\/secure.gravatar.com\/avatar\/eda381c845527cc5d64c13b901833cda29d97500ba040d3e6461f76f51d163bb?s=96&d=mm&r=g\",\"contentUrl\":\"https:\/\/secure.gravatar.com\/avatar\/eda381c845527cc5d64c13b901833cda29d97500ba040d3e6461f76f51d163bb?s=96&d=mm&r=g\",\"caption\":\"Paula Silva\"}}]}<\/script>\n<!-- \/ Yoast SEO Premium plugin. -->","yoast_head_json":{"title":"Bahia tem refor\u00e7o importante para jogo contra o Atl\u00e9tico Nacional","robots":{"index":"index","follow":"follow","max-snippet":"max-snippet:-1","max-image-preview":"max-image-preview:large","max-video-preview":"max-video-preview:-1"},"canonical":"https:\/\/www.gaveanews.com\/index.php\/2025\/05\/12\/bahia-tem-reforco-importante-para-jogo-contra-o-atletico-nacional\/","og_locale":"pt_BR","og_type":"article","og_title":"Bahia tem refor\u00e7o importante para jogo contra o Atl\u00e9tico Nacional","og_description":"O Bahia realizou, nesta segunda-feira (12), sua \u00faltima atividade antes de embarcar rumo \u00e0 Col\u00f4mbia, onde enfrentar\u00e1 o Atl\u00e9tico Nacional pela quinta rodada da fase de grupos da Libertadores. O duelo est\u00e1 marcado para quarta-feira (14), \u00e0s 19 horas (hor\u00e1rio de Bras\u00edlia), no est\u00e1dio Atanasio Girardot, em Medell\u00edn. A movimenta\u00e7\u00e3o ocorreu no CT Evaristo de [&hellip;]","og_url":"https:\/\/www.gaveanews.com\/index.php\/2025\/05\/12\/bahia-tem-reforco-importante-para-jogo-contra-o-atletico-nacional\/","og_site_name":"G\u00e1vea News","article_publisher":"https:\/\/facebook.com\/gaveaNews\/","article_published_time":"2025-05-13T00:35:00+00:00","og_image":[{"width":758,"height":408,"url":"https:\/\/www.gaveanews.com\/wp-content\/uploads\/Rogerio-Ceni-comemora-pelo-Bahia.webp","type":"image\/jpeg"}],"author":"Paula Silva","twitter_card":"summary_large_image","twitter_misc":{"Escrito por":"Paula Silva","Est. tempo de leitura":"3 minutos"},"schema":{"@context":"https:\/\/schema.org","@graph":[{"@type":"NewsArticle","@id":"https:\/\/www.gaveanews.com\/index.php\/2025\/05\/12\/bahia-tem-reforco-importante-para-jogo-contra-o-atletico-nacional\/#article","isPartOf":{"@id":"https:\/\/www.gaveanews.com\/index.php\/2025\/05\/12\/bahia-tem-reforco-importante-para-jogo-contra-o-atletico-nacional\/"},"author":{"name":"Paula Silva","@id":"https:\/\/www.gaveanews.com\/#\/schema\/person\/daf63eec72e1164eb13dc35096c2b8da"},"headline":"Bahia tem refor\u00e7o importante para jogo contra o Atl\u00e9tico Nacional","datePublished":"2025-05-13T00:35:00+00:00","mainEntityOfPage":{"@id":"https:\/\/www.gaveanews.com\/index.php\/2025\/05\/12\/bahia-tem-reforco-importante-para-jogo-contra-o-atletico-nacional\/"},"wordCount":349,"commentCount":0,"image":{"@id":"https:\/\/www.gaveanews.com\/index.php\/2025\/05\/12\/bahia-tem-reforco-importante-para-jogo-contra-o-atletico-nacional\/#primaryimage"},"thumbnailUrl":"https:\/\/www.gaveanews.com\/wp-content\/uploads\/Rogerio-Ceni-comemora-pelo-Bahia.webp","articleSection":["Bahia"],"inLanguage":"pt-BR","potentialAction":[{"@type":"CommentAction","name":"Comment","target":["https:\/\/www.gaveanews.com\/index.php\/2025\/05\/12\/bahia-tem-reforco-importante-para-jogo-contra-o-atletico-nacional\/#respond"]}],"copyrightYear":"2025","copyrightHolder":{"@id":"https:\/\/www.gaveanews.com\/#organization"}},{"@type":"WebPage","@id":"https:\/\/www.gaveanews.com\/index.php\/2025\/05\/12\/bahia-tem-reforco-importante-para-jogo-contra-o-atletico-nacional\/","url":"https:\/\/www.gaveanews.com\/index.php\/2025\/05\/12\/bahia-tem-reforco-importante-para-jogo-contra-o-atletico-nacional\/","name":"Bahia tem refor\u00e7o importante para jogo contra o Atl\u00e9tico Nacional","isPartOf":{"@id":"https:\/\/www.gaveanews.com\/#website"},"primaryImageOfPage":{"@id":"https:\/\/www.gaveanews.com\/index.php\/2025\/05\/12\/bahia-tem-reforco-importante-para-jogo-contra-o-atletico-nacional\/#primaryimage"},"image":{"@id":"https:\/\/www.gaveanews.com\/index.php\/2025\/05\/12\/bahia-tem-reforco-importante-para-jogo-contra-o-atletico-nacional\/#primaryimage"},"thumbnailUrl":"https:\/\/www.gaveanews.com\/wp-content\/uploads\/Rogerio-Ceni-comemora-pelo-Bahia.webp","datePublished":"2025-05-13T00:35:00+00:00","author":{"@id":"https:\/\/www.gaveanews.com\/#\/schema\/person\/daf63eec72e1164eb13dc35096c2b8da"},"breadcrumb":{"@id":"https:\/\/www.gaveanews.com\/index.php\/2025\/05\/12\/bahia-tem-reforco-importante-para-jogo-contra-o-atletico-nacional\/#breadcrumb"},"inLanguage":"pt-BR","potentialAction":[{"@type":"ReadAction","target":["https:\/\/www.gaveanews.com\/index.php\/2025\/05\/12\/bahia-tem-reforco-importante-para-jogo-contra-o-atletico-nacional\/"]}]},{"@type":"ImageObject","inLanguage":"pt-BR","@id":"https:\/\/www.gaveanews.com\/index.php\/2025\/05\/12\/bahia-tem-reforco-importante-para-jogo-contra-o-atletico-nacional\/#primaryimage","url":"https:\/\/www.gaveanews.com\/wp-content\/uploads\/Rogerio-Ceni-comemora-pelo-Bahia.webp","contentUrl":"https:\/\/www.gaveanews.com\/wp-content\/uploads\/Rogerio-Ceni-comemora-pelo-Bahia.webp","width":758,"height":408,"caption":"Rog\u00e9rio Ceni comemora pelo Bahia (Fotos: Let\u00edcia Martins \/ EC Bahia)"},{"@type":"BreadcrumbList","@id":"https:\/\/www.gaveanews.com\/index.php\/2025\/05\/12\/bahia-tem-reforco-importante-para-jogo-contra-o-atletico-nacional\/#breadcrumb","itemListElement":[{"@type":"ListItem","position":1,"name":"Home","item":"https:\/\/www.gaveanews.com\/"},{"@type":"ListItem","position":2,"name":"Bahia tem refor\u00e7o importante para jogo contra o Atl\u00e9tico Nacional"}]},{"@type":"WebSite","@id":"https:\/\/www.gaveanews.com\/#website","url":"https:\/\/www.gaveanews.com\/","name":"G\u00e1vea News","description":"Veja todas as not\u00edcias sobre o Flamengo: Contrata\u00e7\u00f5es, categorias de base, resultados das partidas, tabela de classifica\u00e7\u00e3o, pr\u00f3ximos jogos!","potentialAction":[{"@type":"SearchAction","target":{"@type":"EntryPoint","urlTemplate":"https:\/\/www.gaveanews.com\/?s={search_term_string}"},"query-input":{"@type":"PropertyValueSpecification","valueRequired":true,"valueName":"search_term_string"}}],"inLanguage":"pt-BR"},{"@type":"Person","@id":"https:\/\/www.gaveanews.com\/#\/schema\/person\/daf63eec72e1164eb13dc35096c2b8da","name":"Paula Silva","image":{"@type":"ImageObject","inLanguage":"pt-BR","@id":"https:\/\/www.gaveanews.com\/#\/schema\/person\/image\/","url":"https:\/\/secure.gravatar.com\/avatar\/eda381c845527cc5d64c13b901833cda29d97500ba040d3e6461f76f51d163bb?s=96&d=mm&r=g","contentUrl":"https:\/\/secure.gravatar.com\/avatar\/eda381c845527cc5d64c13b901833cda29d97500ba040d3e6461f76f51d163bb?s=96&d=mm&r=g","caption":"Paula Silva"}}]}},"_links":{"self":[{"href":"https:\/\/www.gaveanews.com\/index.php\/wp-json\/wp\/v2\/posts\/263078","targetHints":{"allow":["GET"]}}],"collection":[{"href":"https:\/\/www.gaveanews.com\/index.php\/wp-json\/wp\/v2\/posts"}],"about":[{"href":"https:\/\/www.gaveanews.com\/index.php\/wp-json\/wp\/v2\/types\/post"}],"author":[{"embeddable":true,"href":"https:\/\/www.gaveanews.com\/index.php\/wp-json\/wp\/v2\/users\/18"}],"replies":[{"embeddable":true,"href":"https:\/\/www.gaveanews.com\/index.php\/wp-json\/wp\/v2\/comments?post=263078"}],"version-history":[{"count":1,"href":"https:\/\/www.gaveanews.com\/index.php\/wp-json\/wp\/v2\/posts\/263078\/revisions"}],"predecessor-version":[{"id":263079,"href":"https:\/\/www.gaveanews.com\/index.php\/wp-json\/wp\/v2\/posts\/263078\/revisions\/263079"}],"wp:featuredmedia":[{"embeddable":true,"href":"https:\/\/www.gaveanews.com\/index.php\/wp-json\/wp\/v2\/media\/251412"}],"wp:attachment":[{"href":"https:\/\/www.gaveanews.com\/index.php\/wp-json\/wp\/v2\/media?parent=263078"}],"wp:term":[{"taxonomy":"category","embeddable":true,"href":"https:\/\/www.gaveanews.com\/index.php\/wp-json\/wp\/v2\/categories?post=263078"},{"taxonomy":"post_tag","embeddable":true,"href":"https:\/\/www.gaveanews.com\/index.php\/wp-json\/wp\/v2\/tags?post=263078"}],"curies":[{"name":"wp","href":"https:\/\/api.w.org\/{rel}","templated":true}]}}