{"id":263081,"date":"2025-05-12T21:45:00","date_gmt":"2025-05-13T00:45:00","guid":{"rendered":"https:\/\/www.gaveanews.com\/?p=263081"},"modified":"2025-05-12T18:58:40","modified_gmt":"2025-05-12T21:58:40","slug":"a-declaracao-de-jose-boto-direcionada-a-arrascaeta-rossi-e-pedro-do-flamengo","status":"publish","type":"post","link":"https:\/\/www.gaveanews.com\/index.php\/2025\/05\/12\/a-declaracao-de-jose-boto-direcionada-a-arrascaeta-rossi-e-pedro-do-flamengo\/","title":{"rendered":"A declara\u00e7\u00e3o de Jos\u00e9 Boto direcionada a Arrascaeta, Rossi e Pedro, do Flamengo"},"content":{"rendered":"\n<p>Ap\u00f3s a vit\u00f3ria do Flamengo sobre o Bahia no Maracan\u00e3, o diretor de futebol Jos\u00e9 Boto concedeu uma breve entrevista abordando temas importantes do elenco rubro-negro. Em sua fala, o dirigente foi direto ao esclarecer que o clube ainda n\u00e3o iniciou conversas de renova\u00e7\u00e3o com tr\u00eas dos principais nomes do elenco: Arrascaeta, Pedro e Rossi.<\/p>\n\n\n\n<p>Boto explicou que, embora os contratos dos tr\u00eas atletas se estendam at\u00e9 o final de 2026, eles n\u00e3o est\u00e3o no foco imediato da diretoria para negocia\u00e7\u00e3o. \u201cH\u00e1 muita coisa que n\u00e3o corresponde \u00e0 verdade. Sobre o Arrascaeta, tal como Rossi e Pedro, eles t\u00eam contrato at\u00e9 o final de 2026. N\u00e3o quer dizer que a gente n\u00e3o queira renovar, s\u00f3 n\u00e3o s\u00e3o prioridade\u201d, afirmou o dirigente.<\/p>\n\n\n\n<p>Segundo Boto, a renova\u00e7\u00e3o de contrato que est\u00e1 no topo da lista do clube atualmente \u00e9 a do lateral-direito Varela. O jogador uruguaio tem v\u00ednculo at\u00e9 o fim de 2025 e, por isso, j\u00e1 pode assinar com outro clube dentro de dois meses. \u201cFomos bem claros que a \u00fanica prioridade que temos \u00e9 o Varela\u201d, justificou o dirigente portugu\u00eas, destacando que essa urg\u00eancia \u00e9 padr\u00e3o em qualquer clube do mundo.<\/p>\n\n\n\n<p>O dirigente tamb\u00e9m foi questionado sobre a situa\u00e7\u00e3o de Rossi. O goleiro argentino, que vive boa fase e foi destaque recente, sofreu um assalto no Rio de Janeiro, mas descartou qualquer desejo de deixar o clube. \u201cEle est\u00e1 contente aqui e vamos conversar quando chegar o momento\u201d, garantiu Boto.<\/p>\n\n\n\n<p>Com rela\u00e7\u00e3o a Pedro, o diretor manteve a mesma linha de racioc\u00ednio. N\u00e3o h\u00e1 movimenta\u00e7\u00e3o no momento, mas, conforme ele mesmo pontuou, a quest\u00e3o ser\u00e1 tratada no tempo adequado. \u201cEles n\u00e3o s\u00e3o prioridades agora em 2025\u201d, repetiu.<\/p>\n\n\n\n<p>Assim sendo, a diretoria flamenguista demonstra que, embora reconhe\u00e7a a import\u00e2ncia de nomes como Arrascaeta, Pedro e Rossi, sua atua\u00e7\u00e3o est\u00e1 pautada em crit\u00e9rios contratuais e estrat\u00e9gicos, sem pressa para antecipar decis\u00f5es.<\/p>\n","protected":false},"excerpt":{"rendered":"<p>Ap\u00f3s a vit\u00f3ria do Flamengo sobre o Bahia no Maracan\u00e3, o diretor de futebol Jos\u00e9 Boto concedeu uma breve entrevista abordando temas importantes do elenco rubro-negro. Em sua fala, o dirigente foi direto ao esclarecer que o clube ainda n\u00e3o iniciou conversas de renova\u00e7\u00e3o com tr\u00eas dos principais nomes do elenco: Arrascaeta, Pedro e Rossi. [&hellip;]<\/p>\n","protected":false},"author":18,"featured_media":220980,"comment_status":"open","ping_status":"closed","sticky":false,"template":"","format":"standard","meta":{"footnotes":""},"categories":[1],"tags":[],"class_list":["post-263081","post","type-post","status-publish","format-standard","has-post-thumbnail","hentry","category-flamengo"],"yoast_head":"<!-- This site is optimized with the Yoast SEO Premium plugin v24.2 (Yoast SEO v26.9) - https:\/\/yoast.com\/product\/yoast-seo-premium-wordpress\/ -->\n<title>A declara\u00e7\u00e3o de Jos\u00e9 Boto direcionada a Arrascaeta, Rossi e Pedro, do Flamengo<\/title>\n<meta name=\"robots\" content=\"index, follow, max-snippet:-1, max-image-preview:large, max-video-preview:-1\" \/>\n<link rel=\"canonical\" href=\"https:\/\/www.gaveanews.com\/index.php\/2025\/05\/12\/a-declaracao-de-jose-boto-direcionada-a-arrascaeta-rossi-e-pedro-do-flamengo\/\" \/>\n<meta property=\"og:locale\" content=\"pt_BR\" \/>\n<meta property=\"og:type\" content=\"article\" \/>\n<meta property=\"og:title\" content=\"A declara\u00e7\u00e3o de Jos\u00e9 Boto direcionada a Arrascaeta, Rossi e Pedro, do Flamengo\" \/>\n<meta property=\"og:description\" content=\"Ap\u00f3s a vit\u00f3ria do Flamengo sobre o Bahia no Maracan\u00e3, o diretor de futebol Jos\u00e9 Boto concedeu uma breve entrevista abordando temas importantes do elenco rubro-negro. Em sua fala, o dirigente foi direto ao esclarecer que o clube ainda n\u00e3o iniciou conversas de renova\u00e7\u00e3o com tr\u00eas dos principais nomes do elenco: Arrascaeta, Pedro e Rossi. [&hellip;]\" \/>\n<meta property=\"og:url\" content=\"https:\/\/www.gaveanews.com\/index.php\/2025\/05\/12\/a-declaracao-de-jose-boto-direcionada-a-arrascaeta-rossi-e-pedro-do-flamengo\/\" \/>\n<meta property=\"og:site_name\" content=\"G\u00e1vea News\" \/>\n<meta property=\"article:publisher\" content=\"https:\/\/facebook.com\/gaveaNews\/\" \/>\n<meta property=\"article:published_time\" content=\"2025-05-13T00:45:00+00:00\" \/>\n<meta property=\"og:image\" content=\"https:\/\/www.gaveanews.com\/wp-content\/uploads\/Jose-Boto-Flamengo.webp\" \/>\n\t<meta property=\"og:image:width\" content=\"1920\" \/>\n\t<meta property=\"og:image:height\" content=\"1281\" \/>\n\t<meta property=\"og:image:type\" content=\"image\/jpeg\" \/>\n<meta name=\"author\" content=\"Paula Silva\" \/>\n<meta name=\"twitter:card\" content=\"summary_large_image\" \/>\n<meta name=\"twitter:label1\" content=\"Escrito por\" \/>\n\t<meta name=\"twitter:data1\" content=\"Paula Silva\" \/>\n\t<meta name=\"twitter:label2\" content=\"Est. tempo de leitura\" \/>\n\t<meta name=\"twitter:data2\" content=\"2 minutos\" \/>\n<script type=\"application\/ld+json\" class=\"yoast-schema-graph\">{\"@context\":\"https:\/\/schema.org\",\"@graph\":[{\"@type\":\"NewsArticle\",\"@id\":\"https:\/\/www.gaveanews.com\/index.php\/2025\/05\/12\/a-declaracao-de-jose-boto-direcionada-a-arrascaeta-rossi-e-pedro-do-flamengo\/#article\",\"isPartOf\":{\"@id\":\"https:\/\/www.gaveanews.com\/index.php\/2025\/05\/12\/a-declaracao-de-jose-boto-direcionada-a-arrascaeta-rossi-e-pedro-do-flamengo\/\"},\"author\":{\"name\":\"Paula Silva\",\"@id\":\"https:\/\/www.gaveanews.com\/#\/schema\/person\/daf63eec72e1164eb13dc35096c2b8da\"},\"headline\":\"A declara\u00e7\u00e3o de Jos\u00e9 Boto direcionada a Arrascaeta, Rossi e Pedro, do Flamengo\",\"datePublished\":\"2025-05-13T00:45:00+00:00\",\"mainEntityOfPage\":{\"@id\":\"https:\/\/www.gaveanews.com\/index.php\/2025\/05\/12\/a-declaracao-de-jose-boto-direcionada-a-arrascaeta-rossi-e-pedro-do-flamengo\/\"},\"wordCount\":350,\"commentCount\":0,\"image\":{\"@id\":\"https:\/\/www.gaveanews.com\/index.php\/2025\/05\/12\/a-declaracao-de-jose-boto-direcionada-a-arrascaeta-rossi-e-pedro-do-flamengo\/#primaryimage\"},\"thumbnailUrl\":\"https:\/\/www.gaveanews.com\/wp-content\/uploads\/Jose-Boto-Flamengo.webp\",\"articleSection\":[\"Flamengo\"],\"inLanguage\":\"pt-BR\",\"potentialAction\":[{\"@type\":\"CommentAction\",\"name\":\"Comment\",\"target\":[\"https:\/\/www.gaveanews.com\/index.php\/2025\/05\/12\/a-declaracao-de-jose-boto-direcionada-a-arrascaeta-rossi-e-pedro-do-flamengo\/#respond\"]}],\"copyrightYear\":\"2025\",\"copyrightHolder\":{\"@id\":\"https:\/\/www.gaveanews.com\/#organization\"}},{\"@type\":\"WebPage\",\"@id\":\"https:\/\/www.gaveanews.com\/index.php\/2025\/05\/12\/a-declaracao-de-jose-boto-direcionada-a-arrascaeta-rossi-e-pedro-do-flamengo\/\",\"url\":\"https:\/\/www.gaveanews.com\/index.php\/2025\/05\/12\/a-declaracao-de-jose-boto-direcionada-a-arrascaeta-rossi-e-pedro-do-flamengo\/\",\"name\":\"A declara\u00e7\u00e3o de Jos\u00e9 Boto direcionada a Arrascaeta, Rossi e Pedro, do Flamengo\",\"isPartOf\":{\"@id\":\"https:\/\/www.gaveanews.com\/#website\"},\"primaryImageOfPage\":{\"@id\":\"https:\/\/www.gaveanews.com\/index.php\/2025\/05\/12\/a-declaracao-de-jose-boto-direcionada-a-arrascaeta-rossi-e-pedro-do-flamengo\/#primaryimage\"},\"image\":{\"@id\":\"https:\/\/www.gaveanews.com\/index.php\/2025\/05\/12\/a-declaracao-de-jose-boto-direcionada-a-arrascaeta-rossi-e-pedro-do-flamengo\/#primaryimage\"},\"thumbnailUrl\":\"https:\/\/www.gaveanews.com\/wp-content\/uploads\/Jose-Boto-Flamengo.webp\",\"datePublished\":\"2025-05-13T00:45:00+00:00\",\"author\":{\"@id\":\"https:\/\/www.gaveanews.com\/#\/schema\/person\/daf63eec72e1164eb13dc35096c2b8da\"},\"breadcrumb\":{\"@id\":\"https:\/\/www.gaveanews.com\/index.php\/2025\/05\/12\/a-declaracao-de-jose-boto-direcionada-a-arrascaeta-rossi-e-pedro-do-flamengo\/#breadcrumb\"},\"inLanguage\":\"pt-BR\",\"potentialAction\":[{\"@type\":\"ReadAction\",\"target\":[\"https:\/\/www.gaveanews.com\/index.php\/2025\/05\/12\/a-declaracao-de-jose-boto-direcionada-a-arrascaeta-rossi-e-pedro-do-flamengo\/\"]}]},{\"@type\":\"ImageObject\",\"inLanguage\":\"pt-BR\",\"@id\":\"https:\/\/www.gaveanews.com\/index.php\/2025\/05\/12\/a-declaracao-de-jose-boto-direcionada-a-arrascaeta-rossi-e-pedro-do-flamengo\/#primaryimage\",\"url\":\"https:\/\/www.gaveanews.com\/wp-content\/uploads\/Jose-Boto-Flamengo.webp\",\"contentUrl\":\"https:\/\/www.gaveanews.com\/wp-content\/uploads\/Jose-Boto-Flamengo.webp\",\"width\":1920,\"height\":1281,\"caption\":\"Diretor Jos\u00e9 Boto em coletiva (Foto: Paula Reis\/Flamengo)\"},{\"@type\":\"BreadcrumbList\",\"@id\":\"https:\/\/www.gaveanews.com\/index.php\/2025\/05\/12\/a-declaracao-de-jose-boto-direcionada-a-arrascaeta-rossi-e-pedro-do-flamengo\/#breadcrumb\",\"itemListElement\":[{\"@type\":\"ListItem\",\"position\":1,\"name\":\"Home\",\"item\":\"https:\/\/www.gaveanews.com\/\"},{\"@type\":\"ListItem\",\"position\":2,\"name\":\"A declara\u00e7\u00e3o de Jos\u00e9 Boto direcionada a Arrascaeta, Rossi e Pedro, do Flamengo\"}]},{\"@type\":\"WebSite\",\"@id\":\"https:\/\/www.gaveanews.com\/#website\",\"url\":\"https:\/\/www.gaveanews.com\/\",\"name\":\"G\u00e1vea News\",\"description\":\"Veja todas as not\u00edcias sobre o Flamengo: Contrata\u00e7\u00f5es, categorias de base, resultados das partidas, tabela de classifica\u00e7\u00e3o, pr\u00f3ximos jogos!\",\"potentialAction\":[{\"@type\":\"SearchAction\",\"target\":{\"@type\":\"EntryPoint\",\"urlTemplate\":\"https:\/\/www.gaveanews.com\/?s={search_term_string}\"},\"query-input\":{\"@type\":\"PropertyValueSpecification\",\"valueRequired\":true,\"valueName\":\"search_term_string\"}}],\"inLanguage\":\"pt-BR\"},{\"@type\":\"Person\",\"@id\":\"https:\/\/www.gaveanews.com\/#\/schema\/person\/daf63eec72e1164eb13dc35096c2b8da\",\"name\":\"Paula Silva\",\"image\":{\"@type\":\"ImageObject\",\"inLanguage\":\"pt-BR\",\"@id\":\"https:\/\/www.gaveanews.com\/#\/schema\/person\/image\/\",\"url\":\"https:\/\/secure.gravatar.com\/avatar\/eda381c845527cc5d64c13b901833cda29d97500ba040d3e6461f76f51d163bb?s=96&d=mm&r=g\",\"contentUrl\":\"https:\/\/secure.gravatar.com\/avatar\/eda381c845527cc5d64c13b901833cda29d97500ba040d3e6461f76f51d163bb?s=96&d=mm&r=g\",\"caption\":\"Paula Silva\"}}]}<\/script>\n<!-- \/ Yoast SEO Premium plugin. -->","yoast_head_json":{"title":"A declara\u00e7\u00e3o de Jos\u00e9 Boto direcionada a Arrascaeta, Rossi e Pedro, do Flamengo","robots":{"index":"index","follow":"follow","max-snippet":"max-snippet:-1","max-image-preview":"max-image-preview:large","max-video-preview":"max-video-preview:-1"},"canonical":"https:\/\/www.gaveanews.com\/index.php\/2025\/05\/12\/a-declaracao-de-jose-boto-direcionada-a-arrascaeta-rossi-e-pedro-do-flamengo\/","og_locale":"pt_BR","og_type":"article","og_title":"A declara\u00e7\u00e3o de Jos\u00e9 Boto direcionada a Arrascaeta, Rossi e Pedro, do Flamengo","og_description":"Ap\u00f3s a vit\u00f3ria do Flamengo sobre o Bahia no Maracan\u00e3, o diretor de futebol Jos\u00e9 Boto concedeu uma breve entrevista abordando temas importantes do elenco rubro-negro. Em sua fala, o dirigente foi direto ao esclarecer que o clube ainda n\u00e3o iniciou conversas de renova\u00e7\u00e3o com tr\u00eas dos principais nomes do elenco: Arrascaeta, Pedro e Rossi. [&hellip;]","og_url":"https:\/\/www.gaveanews.com\/index.php\/2025\/05\/12\/a-declaracao-de-jose-boto-direcionada-a-arrascaeta-rossi-e-pedro-do-flamengo\/","og_site_name":"G\u00e1vea News","article_publisher":"https:\/\/facebook.com\/gaveaNews\/","article_published_time":"2025-05-13T00:45:00+00:00","og_image":[{"width":1920,"height":1281,"url":"https:\/\/www.gaveanews.com\/wp-content\/uploads\/Jose-Boto-Flamengo.webp","type":"image\/jpeg"}],"author":"Paula Silva","twitter_card":"summary_large_image","twitter_misc":{"Escrito por":"Paula Silva","Est. tempo de leitura":"2 minutos"},"schema":{"@context":"https:\/\/schema.org","@graph":[{"@type":"NewsArticle","@id":"https:\/\/www.gaveanews.com\/index.php\/2025\/05\/12\/a-declaracao-de-jose-boto-direcionada-a-arrascaeta-rossi-e-pedro-do-flamengo\/#article","isPartOf":{"@id":"https:\/\/www.gaveanews.com\/index.php\/2025\/05\/12\/a-declaracao-de-jose-boto-direcionada-a-arrascaeta-rossi-e-pedro-do-flamengo\/"},"author":{"name":"Paula Silva","@id":"https:\/\/www.gaveanews.com\/#\/schema\/person\/daf63eec72e1164eb13dc35096c2b8da"},"headline":"A declara\u00e7\u00e3o de Jos\u00e9 Boto direcionada a Arrascaeta, Rossi e Pedro, do Flamengo","datePublished":"2025-05-13T00:45:00+00:00","mainEntityOfPage":{"@id":"https:\/\/www.gaveanews.com\/index.php\/2025\/05\/12\/a-declaracao-de-jose-boto-direcionada-a-arrascaeta-rossi-e-pedro-do-flamengo\/"},"wordCount":350,"commentCount":0,"image":{"@id":"https:\/\/www.gaveanews.com\/index.php\/2025\/05\/12\/a-declaracao-de-jose-boto-direcionada-a-arrascaeta-rossi-e-pedro-do-flamengo\/#primaryimage"},"thumbnailUrl":"https:\/\/www.gaveanews.com\/wp-content\/uploads\/Jose-Boto-Flamengo.webp","articleSection":["Flamengo"],"inLanguage":"pt-BR","potentialAction":[{"@type":"CommentAction","name":"Comment","target":["https:\/\/www.gaveanews.com\/index.php\/2025\/05\/12\/a-declaracao-de-jose-boto-direcionada-a-arrascaeta-rossi-e-pedro-do-flamengo\/#respond"]}],"copyrightYear":"2025","copyrightHolder":{"@id":"https:\/\/www.gaveanews.com\/#organization"}},{"@type":"WebPage","@id":"https:\/\/www.gaveanews.com\/index.php\/2025\/05\/12\/a-declaracao-de-jose-boto-direcionada-a-arrascaeta-rossi-e-pedro-do-flamengo\/","url":"https:\/\/www.gaveanews.com\/index.php\/2025\/05\/12\/a-declaracao-de-jose-boto-direcionada-a-arrascaeta-rossi-e-pedro-do-flamengo\/","name":"A declara\u00e7\u00e3o de Jos\u00e9 Boto direcionada a Arrascaeta, Rossi e Pedro, do Flamengo","isPartOf":{"@id":"https:\/\/www.gaveanews.com\/#website"},"primaryImageOfPage":{"@id":"https:\/\/www.gaveanews.com\/index.php\/2025\/05\/12\/a-declaracao-de-jose-boto-direcionada-a-arrascaeta-rossi-e-pedro-do-flamengo\/#primaryimage"},"image":{"@id":"https:\/\/www.gaveanews.com\/index.php\/2025\/05\/12\/a-declaracao-de-jose-boto-direcionada-a-arrascaeta-rossi-e-pedro-do-flamengo\/#primaryimage"},"thumbnailUrl":"https:\/\/www.gaveanews.com\/wp-content\/uploads\/Jose-Boto-Flamengo.webp","datePublished":"2025-05-13T00:45:00+00:00","author":{"@id":"https:\/\/www.gaveanews.com\/#\/schema\/person\/daf63eec72e1164eb13dc35096c2b8da"},"breadcrumb":{"@id":"https:\/\/www.gaveanews.com\/index.php\/2025\/05\/12\/a-declaracao-de-jose-boto-direcionada-a-arrascaeta-rossi-e-pedro-do-flamengo\/#breadcrumb"},"inLanguage":"pt-BR","potentialAction":[{"@type":"ReadAction","target":["https:\/\/www.gaveanews.com\/index.php\/2025\/05\/12\/a-declaracao-de-jose-boto-direcionada-a-arrascaeta-rossi-e-pedro-do-flamengo\/"]}]},{"@type":"ImageObject","inLanguage":"pt-BR","@id":"https:\/\/www.gaveanews.com\/index.php\/2025\/05\/12\/a-declaracao-de-jose-boto-direcionada-a-arrascaeta-rossi-e-pedro-do-flamengo\/#primaryimage","url":"https:\/\/www.gaveanews.com\/wp-content\/uploads\/Jose-Boto-Flamengo.webp","contentUrl":"https:\/\/www.gaveanews.com\/wp-content\/uploads\/Jose-Boto-Flamengo.webp","width":1920,"height":1281,"caption":"Diretor Jos\u00e9 Boto em coletiva (Foto: Paula Reis\/Flamengo)"},{"@type":"BreadcrumbList","@id":"https:\/\/www.gaveanews.com\/index.php\/2025\/05\/12\/a-declaracao-de-jose-boto-direcionada-a-arrascaeta-rossi-e-pedro-do-flamengo\/#breadcrumb","itemListElement":[{"@type":"ListItem","position":1,"name":"Home","item":"https:\/\/www.gaveanews.com\/"},{"@type":"ListItem","position":2,"name":"A declara\u00e7\u00e3o de Jos\u00e9 Boto direcionada a Arrascaeta, Rossi e Pedro, do Flamengo"}]},{"@type":"WebSite","@id":"https:\/\/www.gaveanews.com\/#website","url":"https:\/\/www.gaveanews.com\/","name":"G\u00e1vea News","description":"Veja todas as not\u00edcias sobre o Flamengo: Contrata\u00e7\u00f5es, categorias de base, resultados das partidas, tabela de classifica\u00e7\u00e3o, pr\u00f3ximos jogos!","potentialAction":[{"@type":"SearchAction","target":{"@type":"EntryPoint","urlTemplate":"https:\/\/www.gaveanews.com\/?s={search_term_string}"},"query-input":{"@type":"PropertyValueSpecification","valueRequired":true,"valueName":"search_term_string"}}],"inLanguage":"pt-BR"},{"@type":"Person","@id":"https:\/\/www.gaveanews.com\/#\/schema\/person\/daf63eec72e1164eb13dc35096c2b8da","name":"Paula Silva","image":{"@type":"ImageObject","inLanguage":"pt-BR","@id":"https:\/\/www.gaveanews.com\/#\/schema\/person\/image\/","url":"https:\/\/secure.gravatar.com\/avatar\/eda381c845527cc5d64c13b901833cda29d97500ba040d3e6461f76f51d163bb?s=96&d=mm&r=g","contentUrl":"https:\/\/secure.gravatar.com\/avatar\/eda381c845527cc5d64c13b901833cda29d97500ba040d3e6461f76f51d163bb?s=96&d=mm&r=g","caption":"Paula Silva"}}]}},"_links":{"self":[{"href":"https:\/\/www.gaveanews.com\/index.php\/wp-json\/wp\/v2\/posts\/263081","targetHints":{"allow":["GET"]}}],"collection":[{"href":"https:\/\/www.gaveanews.com\/index.php\/wp-json\/wp\/v2\/posts"}],"about":[{"href":"https:\/\/www.gaveanews.com\/index.php\/wp-json\/wp\/v2\/types\/post"}],"author":[{"embeddable":true,"href":"https:\/\/www.gaveanews.com\/index.php\/wp-json\/wp\/v2\/users\/18"}],"replies":[{"embeddable":true,"href":"https:\/\/www.gaveanews.com\/index.php\/wp-json\/wp\/v2\/comments?post=263081"}],"version-history":[{"count":1,"href":"https:\/\/www.gaveanews.com\/index.php\/wp-json\/wp\/v2\/posts\/263081\/revisions"}],"predecessor-version":[{"id":263083,"href":"https:\/\/www.gaveanews.com\/index.php\/wp-json\/wp\/v2\/posts\/263081\/revisions\/263083"}],"wp:featuredmedia":[{"embeddable":true,"href":"https:\/\/www.gaveanews.com\/index.php\/wp-json\/wp\/v2\/media\/220980"}],"wp:attachment":[{"href":"https:\/\/www.gaveanews.com\/index.php\/wp-json\/wp\/v2\/media?parent=263081"}],"wp:term":[{"taxonomy":"category","embeddable":true,"href":"https:\/\/www.gaveanews.com\/index.php\/wp-json\/wp\/v2\/categories?post=263081"},{"taxonomy":"post_tag","embeddable":true,"href":"https:\/\/www.gaveanews.com\/index.php\/wp-json\/wp\/v2\/tags?post=263081"}],"curies":[{"name":"wp","href":"https:\/\/api.w.org\/{rel}","templated":true}]}}