{"id":263087,"date":"2025-05-12T22:00:00","date_gmt":"2025-05-13T01:00:00","guid":{"rendered":"https:\/\/www.gaveanews.com\/?p=263087"},"modified":"2025-05-12T19:09:01","modified_gmt":"2025-05-12T22:09:01","slug":"veja-qual-sera-o-salario-de-ancelotti-no-brasil","status":"publish","type":"post","link":"https:\/\/www.gaveanews.com\/index.php\/2025\/05\/12\/veja-qual-sera-o-salario-de-ancelotti-no-brasil\/","title":{"rendered":"Veja qual ser\u00e1 o sal\u00e1rio de Ancelotti no Brasil"},"content":{"rendered":"\n<p>A Confedera\u00e7\u00e3o Brasileira de Futebol oficializou a chegada de Carlo Ancelotti como novo t\u00e9cnico da Sele\u00e7\u00e3o Brasileira. O treinador italiano, de 65 anos, assinou contrato at\u00e9 o fim da Copa do Mundo de 2026. A estreia est\u00e1 prevista para a pr\u00f3xima Data Fifa, em junho, quando a equipe enfrentar\u00e1 Equador e Paraguai pelas eliminat\u00f3rias. O an\u00fancio foi conduzido por Ednaldo Rodrigues, presidente da CBF, que destacou o simbolismo da contrata\u00e7\u00e3o. \u201cTrazer Carlo Ancelotti para comandar o Brasil \u00e9 mais do que um movimento estrat\u00e9gico\u201d, afirmou.<\/p>\n\n\n\n<p>Ancelotti receber\u00e1 um sal\u00e1rio anual de 10 milh\u00f5es de euros, o que equivale a aproximadamente R$ 63,21 milh\u00f5es na cota\u00e7\u00e3o atual. Esse valor \u00e9 semelhante ao que recebia no Real Madrid, seu clube anterior. Isso significa que seu sal\u00e1rio mensal ultrapassar\u00e1 os R$ 5,3 milh\u00f5es. Al\u00e9m disso, foi inclu\u00eddo no contrato um b\u00f4nus adicional de 5 milh\u00f5es de euros (cerca de R$ 31,61 milh\u00f5es), caso ele conquiste a Copa do Mundo de 2026 com a Sele\u00e7\u00e3o.<\/p>\n\n\n\n<p>A negocia\u00e7\u00e3o entre Ancelotti e a CBF j\u00e1 havia ocorrido anteriormente, em 2023, mas n\u00e3o se concretizou na \u00e9poca. Contudo, com a iminente Data Fifa e o risco de instabilidade na entidade, a diretoria agiu com rapidez para confirmar o acerto. O treinador j\u00e1 iniciou contatos com atletas como Neymar e Casemiro, al\u00e9m de estar envolvido no processo de convoca\u00e7\u00e3o.<\/p>\n\n\n\n<p>A partir de 26 de maio, Ancelotti come\u00e7ar\u00e1 os trabalhos na CBF. Reuni\u00f5es com Rodrigo Caetano, coordenador geral das Sele\u00e7\u00f5es Masculinas, e Juan, coordenador t\u00e9cnico, est\u00e3o previstas para definir a lista dos convocados para os dois pr\u00f3ximos jogos. O confronto contra o Equador est\u00e1 marcado para o dia 5 de junho. J\u00e1 o duelo com o Paraguai ser\u00e1 no dia 10 de junho, \u00e0s 21h45 (hor\u00e1rio de Bras\u00edlia), na Neo Qu\u00edmica Arena.<\/p>\n\n\n\n<p>A Sele\u00e7\u00e3o ocupa atualmente a quarta coloca\u00e7\u00e3o nas Eliminat\u00f3rias, com 21 pontos, mesma pontua\u00e7\u00e3o do Paraguai. O Equador, advers\u00e1rio direto, est\u00e1 na vice-lideran\u00e7a com 23 pontos. Os confrontos, portanto, ganham import\u00e2ncia no cen\u00e1rio da classifica\u00e7\u00e3o.<\/p>\n\n\n\n<p>Com a chegada de Ancelotti, a CBF reafirma seu compromisso com um planejamento ambicioso. Afinal, esta ser\u00e1 apenas a quarta vez na hist\u00f3ria que a Sele\u00e7\u00e3o ser\u00e1 comandada por um t\u00e9cnico estrangeiro. O italiano, vencedor de t\u00edtulos pelos principais clubes europeus, ter\u00e1 a miss\u00e3o de conduzir o Brasil em mais uma tentativa de reconquistar o protagonismo no futebol mundial.<\/p>\n","protected":false},"excerpt":{"rendered":"<p>A Confedera\u00e7\u00e3o Brasileira de Futebol oficializou a chegada de Carlo Ancelotti como novo t\u00e9cnico da Sele\u00e7\u00e3o Brasileira. O treinador italiano, de 65 anos, assinou contrato at\u00e9 o fim da Copa do Mundo de 2026. A estreia est\u00e1 prevista para a pr\u00f3xima Data Fifa, em junho, quando a equipe enfrentar\u00e1 Equador e Paraguai pelas eliminat\u00f3rias. O [&hellip;]<\/p>\n","protected":false},"author":18,"featured_media":119629,"comment_status":"open","ping_status":"closed","sticky":false,"template":"","format":"standard","meta":{"footnotes":""},"categories":[478,477],"tags":[],"class_list":["post-263087","post","type-post","status-publish","format-standard","has-post-thumbnail","hentry","category-brasil","category-selecoes"],"yoast_head":"<!-- This site is optimized with the Yoast SEO Premium plugin v24.2 (Yoast SEO v26.9) - https:\/\/yoast.com\/product\/yoast-seo-premium-wordpress\/ -->\n<title>Veja qual ser\u00e1 o sal\u00e1rio de Ancelotti no Brasil<\/title>\n<meta name=\"robots\" content=\"index, follow, max-snippet:-1, max-image-preview:large, max-video-preview:-1\" \/>\n<link rel=\"canonical\" href=\"https:\/\/www.gaveanews.com\/index.php\/2025\/05\/12\/veja-qual-sera-o-salario-de-ancelotti-no-brasil\/\" \/>\n<meta property=\"og:locale\" content=\"pt_BR\" \/>\n<meta property=\"og:type\" content=\"article\" \/>\n<meta property=\"og:title\" content=\"Veja qual ser\u00e1 o sal\u00e1rio de Ancelotti no Brasil\" \/>\n<meta property=\"og:description\" content=\"A Confedera\u00e7\u00e3o Brasileira de Futebol oficializou a chegada de Carlo Ancelotti como novo t\u00e9cnico da Sele\u00e7\u00e3o Brasileira. O treinador italiano, de 65 anos, assinou contrato at\u00e9 o fim da Copa do Mundo de 2026. A estreia est\u00e1 prevista para a pr\u00f3xima Data Fifa, em junho, quando a equipe enfrentar\u00e1 Equador e Paraguai pelas eliminat\u00f3rias. O [&hellip;]\" \/>\n<meta property=\"og:url\" content=\"https:\/\/www.gaveanews.com\/index.php\/2025\/05\/12\/veja-qual-sera-o-salario-de-ancelotti-no-brasil\/\" \/>\n<meta property=\"og:site_name\" content=\"G\u00e1vea News\" \/>\n<meta property=\"article:publisher\" content=\"https:\/\/facebook.com\/gaveaNews\/\" \/>\n<meta property=\"article:published_time\" content=\"2025-05-13T01:00:00+00:00\" \/>\n<meta property=\"og:image\" content=\"https:\/\/www.gaveanews.com\/wp-content\/uploads\/2023-04-29t184531z-1598421574-up1ej4t1g3tth-rtrmadp-3-soccer-spain-mad-uda-report.webp\" \/>\n\t<meta property=\"og:image:width\" content=\"984\" \/>\n\t<meta property=\"og:image:height\" content=\"678\" \/>\n\t<meta property=\"og:image:type\" content=\"image\/webp\" \/>\n<meta name=\"author\" content=\"Paula Silva\" \/>\n<meta name=\"twitter:card\" content=\"summary_large_image\" \/>\n<meta name=\"twitter:label1\" content=\"Escrito por\" \/>\n\t<meta name=\"twitter:data1\" content=\"Paula Silva\" \/>\n\t<meta name=\"twitter:label2\" content=\"Est. tempo de leitura\" \/>\n\t<meta name=\"twitter:data2\" content=\"3 minutos\" \/>\n<script type=\"application\/ld+json\" class=\"yoast-schema-graph\">{\"@context\":\"https:\/\/schema.org\",\"@graph\":[{\"@type\":\"NewsArticle\",\"@id\":\"https:\/\/www.gaveanews.com\/index.php\/2025\/05\/12\/veja-qual-sera-o-salario-de-ancelotti-no-brasil\/#article\",\"isPartOf\":{\"@id\":\"https:\/\/www.gaveanews.com\/index.php\/2025\/05\/12\/veja-qual-sera-o-salario-de-ancelotti-no-brasil\/\"},\"author\":{\"name\":\"Paula Silva\",\"@id\":\"https:\/\/www.gaveanews.com\/#\/schema\/person\/daf63eec72e1164eb13dc35096c2b8da\"},\"headline\":\"Veja qual ser\u00e1 o sal\u00e1rio de Ancelotti no Brasil\",\"datePublished\":\"2025-05-13T01:00:00+00:00\",\"mainEntityOfPage\":{\"@id\":\"https:\/\/www.gaveanews.com\/index.php\/2025\/05\/12\/veja-qual-sera-o-salario-de-ancelotti-no-brasil\/\"},\"wordCount\":428,\"commentCount\":0,\"image\":{\"@id\":\"https:\/\/www.gaveanews.com\/index.php\/2025\/05\/12\/veja-qual-sera-o-salario-de-ancelotti-no-brasil\/#primaryimage\"},\"thumbnailUrl\":\"https:\/\/www.gaveanews.com\/wp-content\/uploads\/2023-04-29t184531z-1598421574-up1ej4t1g3tth-rtrmadp-3-soccer-spain-mad-uda-report.webp\",\"articleSection\":[\"Brasil\",\"Sele\u00e7\u00f5es\"],\"inLanguage\":\"pt-BR\",\"potentialAction\":[{\"@type\":\"CommentAction\",\"name\":\"Comment\",\"target\":[\"https:\/\/www.gaveanews.com\/index.php\/2025\/05\/12\/veja-qual-sera-o-salario-de-ancelotti-no-brasil\/#respond\"]}],\"copyrightYear\":\"2025\",\"copyrightHolder\":{\"@id\":\"https:\/\/www.gaveanews.com\/#organization\"}},{\"@type\":\"WebPage\",\"@id\":\"https:\/\/www.gaveanews.com\/index.php\/2025\/05\/12\/veja-qual-sera-o-salario-de-ancelotti-no-brasil\/\",\"url\":\"https:\/\/www.gaveanews.com\/index.php\/2025\/05\/12\/veja-qual-sera-o-salario-de-ancelotti-no-brasil\/\",\"name\":\"Veja qual ser\u00e1 o sal\u00e1rio de Ancelotti no Brasil\",\"isPartOf\":{\"@id\":\"https:\/\/www.gaveanews.com\/#website\"},\"primaryImageOfPage\":{\"@id\":\"https:\/\/www.gaveanews.com\/index.php\/2025\/05\/12\/veja-qual-sera-o-salario-de-ancelotti-no-brasil\/#primaryimage\"},\"image\":{\"@id\":\"https:\/\/www.gaveanews.com\/index.php\/2025\/05\/12\/veja-qual-sera-o-salario-de-ancelotti-no-brasil\/#primaryimage\"},\"thumbnailUrl\":\"https:\/\/www.gaveanews.com\/wp-content\/uploads\/2023-04-29t184531z-1598421574-up1ej4t1g3tth-rtrmadp-3-soccer-spain-mad-uda-report.webp\",\"datePublished\":\"2025-05-13T01:00:00+00:00\",\"author\":{\"@id\":\"https:\/\/www.gaveanews.com\/#\/schema\/person\/daf63eec72e1164eb13dc35096c2b8da\"},\"breadcrumb\":{\"@id\":\"https:\/\/www.gaveanews.com\/index.php\/2025\/05\/12\/veja-qual-sera-o-salario-de-ancelotti-no-brasil\/#breadcrumb\"},\"inLanguage\":\"pt-BR\",\"potentialAction\":[{\"@type\":\"ReadAction\",\"target\":[\"https:\/\/www.gaveanews.com\/index.php\/2025\/05\/12\/veja-qual-sera-o-salario-de-ancelotti-no-brasil\/\"]}]},{\"@type\":\"ImageObject\",\"inLanguage\":\"pt-BR\",\"@id\":\"https:\/\/www.gaveanews.com\/index.php\/2025\/05\/12\/veja-qual-sera-o-salario-de-ancelotti-no-brasil\/#primaryimage\",\"url\":\"https:\/\/www.gaveanews.com\/wp-content\/uploads\/2023-04-29t184531z-1598421574-up1ej4t1g3tth-rtrmadp-3-soccer-spain-mad-uda-report.webp\",\"contentUrl\":\"https:\/\/www.gaveanews.com\/wp-content\/uploads\/2023-04-29t184531z-1598421574-up1ej4t1g3tth-rtrmadp-3-soccer-spain-mad-uda-report.webp\",\"width\":984,\"height\":678,\"caption\":\"Carlo Ancelotti, t\u00e9cnico do Real Madrid (Foto: Reuters)\"},{\"@type\":\"BreadcrumbList\",\"@id\":\"https:\/\/www.gaveanews.com\/index.php\/2025\/05\/12\/veja-qual-sera-o-salario-de-ancelotti-no-brasil\/#breadcrumb\",\"itemListElement\":[{\"@type\":\"ListItem\",\"position\":1,\"name\":\"Home\",\"item\":\"https:\/\/www.gaveanews.com\/\"},{\"@type\":\"ListItem\",\"position\":2,\"name\":\"Veja qual ser\u00e1 o sal\u00e1rio de Ancelotti no Brasil\"}]},{\"@type\":\"WebSite\",\"@id\":\"https:\/\/www.gaveanews.com\/#website\",\"url\":\"https:\/\/www.gaveanews.com\/\",\"name\":\"G\u00e1vea News\",\"description\":\"Veja todas as not\u00edcias sobre o Flamengo: Contrata\u00e7\u00f5es, categorias de base, resultados das partidas, tabela de classifica\u00e7\u00e3o, pr\u00f3ximos jogos!\",\"potentialAction\":[{\"@type\":\"SearchAction\",\"target\":{\"@type\":\"EntryPoint\",\"urlTemplate\":\"https:\/\/www.gaveanews.com\/?s={search_term_string}\"},\"query-input\":{\"@type\":\"PropertyValueSpecification\",\"valueRequired\":true,\"valueName\":\"search_term_string\"}}],\"inLanguage\":\"pt-BR\"},{\"@type\":\"Person\",\"@id\":\"https:\/\/www.gaveanews.com\/#\/schema\/person\/daf63eec72e1164eb13dc35096c2b8da\",\"name\":\"Paula Silva\",\"image\":{\"@type\":\"ImageObject\",\"inLanguage\":\"pt-BR\",\"@id\":\"https:\/\/www.gaveanews.com\/#\/schema\/person\/image\/\",\"url\":\"https:\/\/secure.gravatar.com\/avatar\/eda381c845527cc5d64c13b901833cda29d97500ba040d3e6461f76f51d163bb?s=96&d=mm&r=g\",\"contentUrl\":\"https:\/\/secure.gravatar.com\/avatar\/eda381c845527cc5d64c13b901833cda29d97500ba040d3e6461f76f51d163bb?s=96&d=mm&r=g\",\"caption\":\"Paula Silva\"}}]}<\/script>\n<!-- \/ Yoast SEO Premium plugin. -->","yoast_head_json":{"title":"Veja qual ser\u00e1 o sal\u00e1rio de Ancelotti no Brasil","robots":{"index":"index","follow":"follow","max-snippet":"max-snippet:-1","max-image-preview":"max-image-preview:large","max-video-preview":"max-video-preview:-1"},"canonical":"https:\/\/www.gaveanews.com\/index.php\/2025\/05\/12\/veja-qual-sera-o-salario-de-ancelotti-no-brasil\/","og_locale":"pt_BR","og_type":"article","og_title":"Veja qual ser\u00e1 o sal\u00e1rio de Ancelotti no Brasil","og_description":"A Confedera\u00e7\u00e3o Brasileira de Futebol oficializou a chegada de Carlo Ancelotti como novo t\u00e9cnico da Sele\u00e7\u00e3o Brasileira. O treinador italiano, de 65 anos, assinou contrato at\u00e9 o fim da Copa do Mundo de 2026. A estreia est\u00e1 prevista para a pr\u00f3xima Data Fifa, em junho, quando a equipe enfrentar\u00e1 Equador e Paraguai pelas eliminat\u00f3rias. O [&hellip;]","og_url":"https:\/\/www.gaveanews.com\/index.php\/2025\/05\/12\/veja-qual-sera-o-salario-de-ancelotti-no-brasil\/","og_site_name":"G\u00e1vea News","article_publisher":"https:\/\/facebook.com\/gaveaNews\/","article_published_time":"2025-05-13T01:00:00+00:00","og_image":[{"width":984,"height":678,"url":"https:\/\/www.gaveanews.com\/wp-content\/uploads\/2023-04-29t184531z-1598421574-up1ej4t1g3tth-rtrmadp-3-soccer-spain-mad-uda-report.webp","type":"image\/webp"}],"author":"Paula Silva","twitter_card":"summary_large_image","twitter_misc":{"Escrito por":"Paula Silva","Est. tempo de leitura":"3 minutos"},"schema":{"@context":"https:\/\/schema.org","@graph":[{"@type":"NewsArticle","@id":"https:\/\/www.gaveanews.com\/index.php\/2025\/05\/12\/veja-qual-sera-o-salario-de-ancelotti-no-brasil\/#article","isPartOf":{"@id":"https:\/\/www.gaveanews.com\/index.php\/2025\/05\/12\/veja-qual-sera-o-salario-de-ancelotti-no-brasil\/"},"author":{"name":"Paula Silva","@id":"https:\/\/www.gaveanews.com\/#\/schema\/person\/daf63eec72e1164eb13dc35096c2b8da"},"headline":"Veja qual ser\u00e1 o sal\u00e1rio de Ancelotti no Brasil","datePublished":"2025-05-13T01:00:00+00:00","mainEntityOfPage":{"@id":"https:\/\/www.gaveanews.com\/index.php\/2025\/05\/12\/veja-qual-sera-o-salario-de-ancelotti-no-brasil\/"},"wordCount":428,"commentCount":0,"image":{"@id":"https:\/\/www.gaveanews.com\/index.php\/2025\/05\/12\/veja-qual-sera-o-salario-de-ancelotti-no-brasil\/#primaryimage"},"thumbnailUrl":"https:\/\/www.gaveanews.com\/wp-content\/uploads\/2023-04-29t184531z-1598421574-up1ej4t1g3tth-rtrmadp-3-soccer-spain-mad-uda-report.webp","articleSection":["Brasil","Sele\u00e7\u00f5es"],"inLanguage":"pt-BR","potentialAction":[{"@type":"CommentAction","name":"Comment","target":["https:\/\/www.gaveanews.com\/index.php\/2025\/05\/12\/veja-qual-sera-o-salario-de-ancelotti-no-brasil\/#respond"]}],"copyrightYear":"2025","copyrightHolder":{"@id":"https:\/\/www.gaveanews.com\/#organization"}},{"@type":"WebPage","@id":"https:\/\/www.gaveanews.com\/index.php\/2025\/05\/12\/veja-qual-sera-o-salario-de-ancelotti-no-brasil\/","url":"https:\/\/www.gaveanews.com\/index.php\/2025\/05\/12\/veja-qual-sera-o-salario-de-ancelotti-no-brasil\/","name":"Veja qual ser\u00e1 o sal\u00e1rio de Ancelotti no Brasil","isPartOf":{"@id":"https:\/\/www.gaveanews.com\/#website"},"primaryImageOfPage":{"@id":"https:\/\/www.gaveanews.com\/index.php\/2025\/05\/12\/veja-qual-sera-o-salario-de-ancelotti-no-brasil\/#primaryimage"},"image":{"@id":"https:\/\/www.gaveanews.com\/index.php\/2025\/05\/12\/veja-qual-sera-o-salario-de-ancelotti-no-brasil\/#primaryimage"},"thumbnailUrl":"https:\/\/www.gaveanews.com\/wp-content\/uploads\/2023-04-29t184531z-1598421574-up1ej4t1g3tth-rtrmadp-3-soccer-spain-mad-uda-report.webp","datePublished":"2025-05-13T01:00:00+00:00","author":{"@id":"https:\/\/www.gaveanews.com\/#\/schema\/person\/daf63eec72e1164eb13dc35096c2b8da"},"breadcrumb":{"@id":"https:\/\/www.gaveanews.com\/index.php\/2025\/05\/12\/veja-qual-sera-o-salario-de-ancelotti-no-brasil\/#breadcrumb"},"inLanguage":"pt-BR","potentialAction":[{"@type":"ReadAction","target":["https:\/\/www.gaveanews.com\/index.php\/2025\/05\/12\/veja-qual-sera-o-salario-de-ancelotti-no-brasil\/"]}]},{"@type":"ImageObject","inLanguage":"pt-BR","@id":"https:\/\/www.gaveanews.com\/index.php\/2025\/05\/12\/veja-qual-sera-o-salario-de-ancelotti-no-brasil\/#primaryimage","url":"https:\/\/www.gaveanews.com\/wp-content\/uploads\/2023-04-29t184531z-1598421574-up1ej4t1g3tth-rtrmadp-3-soccer-spain-mad-uda-report.webp","contentUrl":"https:\/\/www.gaveanews.com\/wp-content\/uploads\/2023-04-29t184531z-1598421574-up1ej4t1g3tth-rtrmadp-3-soccer-spain-mad-uda-report.webp","width":984,"height":678,"caption":"Carlo Ancelotti, t\u00e9cnico do Real Madrid (Foto: Reuters)"},{"@type":"BreadcrumbList","@id":"https:\/\/www.gaveanews.com\/index.php\/2025\/05\/12\/veja-qual-sera-o-salario-de-ancelotti-no-brasil\/#breadcrumb","itemListElement":[{"@type":"ListItem","position":1,"name":"Home","item":"https:\/\/www.gaveanews.com\/"},{"@type":"ListItem","position":2,"name":"Veja qual ser\u00e1 o sal\u00e1rio de Ancelotti no Brasil"}]},{"@type":"WebSite","@id":"https:\/\/www.gaveanews.com\/#website","url":"https:\/\/www.gaveanews.com\/","name":"G\u00e1vea News","description":"Veja todas as not\u00edcias sobre o Flamengo: Contrata\u00e7\u00f5es, categorias de base, resultados das partidas, tabela de classifica\u00e7\u00e3o, pr\u00f3ximos jogos!","potentialAction":[{"@type":"SearchAction","target":{"@type":"EntryPoint","urlTemplate":"https:\/\/www.gaveanews.com\/?s={search_term_string}"},"query-input":{"@type":"PropertyValueSpecification","valueRequired":true,"valueName":"search_term_string"}}],"inLanguage":"pt-BR"},{"@type":"Person","@id":"https:\/\/www.gaveanews.com\/#\/schema\/person\/daf63eec72e1164eb13dc35096c2b8da","name":"Paula Silva","image":{"@type":"ImageObject","inLanguage":"pt-BR","@id":"https:\/\/www.gaveanews.com\/#\/schema\/person\/image\/","url":"https:\/\/secure.gravatar.com\/avatar\/eda381c845527cc5d64c13b901833cda29d97500ba040d3e6461f76f51d163bb?s=96&d=mm&r=g","contentUrl":"https:\/\/secure.gravatar.com\/avatar\/eda381c845527cc5d64c13b901833cda29d97500ba040d3e6461f76f51d163bb?s=96&d=mm&r=g","caption":"Paula Silva"}}]}},"_links":{"self":[{"href":"https:\/\/www.gaveanews.com\/index.php\/wp-json\/wp\/v2\/posts\/263087","targetHints":{"allow":["GET"]}}],"collection":[{"href":"https:\/\/www.gaveanews.com\/index.php\/wp-json\/wp\/v2\/posts"}],"about":[{"href":"https:\/\/www.gaveanews.com\/index.php\/wp-json\/wp\/v2\/types\/post"}],"author":[{"embeddable":true,"href":"https:\/\/www.gaveanews.com\/index.php\/wp-json\/wp\/v2\/users\/18"}],"replies":[{"embeddable":true,"href":"https:\/\/www.gaveanews.com\/index.php\/wp-json\/wp\/v2\/comments?post=263087"}],"version-history":[{"count":1,"href":"https:\/\/www.gaveanews.com\/index.php\/wp-json\/wp\/v2\/posts\/263087\/revisions"}],"predecessor-version":[{"id":263089,"href":"https:\/\/www.gaveanews.com\/index.php\/wp-json\/wp\/v2\/posts\/263087\/revisions\/263089"}],"wp:featuredmedia":[{"embeddable":true,"href":"https:\/\/www.gaveanews.com\/index.php\/wp-json\/wp\/v2\/media\/119629"}],"wp:attachment":[{"href":"https:\/\/www.gaveanews.com\/index.php\/wp-json\/wp\/v2\/media?parent=263087"}],"wp:term":[{"taxonomy":"category","embeddable":true,"href":"https:\/\/www.gaveanews.com\/index.php\/wp-json\/wp\/v2\/categories?post=263087"},{"taxonomy":"post_tag","embeddable":true,"href":"https:\/\/www.gaveanews.com\/index.php\/wp-json\/wp\/v2\/tags?post=263087"}],"curies":[{"name":"wp","href":"https:\/\/api.w.org\/{rel}","templated":true}]}}