{"id":263103,"date":"2025-05-12T22:25:00","date_gmt":"2025-05-13T01:25:00","guid":{"rendered":"https:\/\/www.gaveanews.com\/?p=263103"},"modified":"2025-05-12T19:31:11","modified_gmt":"2025-05-12T22:31:11","slug":"sao-paulo-zubeldia-e-sincero-sobre-gramado-sintetico-em-jogo-contra-o-palmeiras","status":"publish","type":"post","link":"https:\/\/www.gaveanews.com\/index.php\/2025\/05\/12\/sao-paulo-zubeldia-e-sincero-sobre-gramado-sintetico-em-jogo-contra-o-palmeiras\/","title":{"rendered":"S\u00e3o Paulo: Zubeld\u00eda \u00e9 sincero sobre gramado sint\u00e9tico em jogo contra o Palmeiras"},"content":{"rendered":"\n<p>O t\u00e9cnico Luis Zubeld\u00eda analisou a derrota do S\u00e3o Paulo para o Palmeiras por 1 a 0 no cl\u00e1ssico realizado no domingo (11), pela oitava rodada do Campeonato Brasileiro, na Arena Barueri. O gol sofrido nos acr\u00e9scimos do segundo tempo interrompeu a sequ\u00eancia de invencibilidade do Tricolor. Mesmo com o rev\u00e9s, o comandante argentino elogiou a postura da equipe e destacou o esfor\u00e7o dos atletas diante das limita\u00e7\u00f5es atuais.<\/p>\n\n\n\n<p>\u201cJogamos bem com nossos recursos\u201d, afirmou Zubeld\u00eda, ressaltando que o gramado sint\u00e9tico favoreceu o advers\u00e1rio, mais habituado \u00e0s condi\u00e7\u00f5es da Arena Barueri. Segundo ele, a primeira etapa foi equilibrada, ainda que o S\u00e3o Paulo tenha encontrado dificuldades para manter a posse de bola e realizar transi\u00e7\u00f5es com efici\u00eancia. \u201cEles sa\u00edram r\u00e1pido, tentaram aproveitar o gramado. Para n\u00f3s, custou administrar a bola\u201d, explicou.<\/p>\n\n\n\n<p>No segundo tempo, conforme o t\u00e9cnico, ambas as equipes tiveram chances claras de gol, mas a efic\u00e1cia do Palmeiras acabou decidindo o confronto. \u201cEsses jogos s\u00e3o muito disputados. Se quer\u00edamos a vit\u00f3ria, precis\u00e1vamos converter as chances criadas\u201d, destacou. Apesar disso, valorizou o desempenho de seus comandados e apontou que o Tricolor competiu de forma equilibrada contra um dos favoritos ao t\u00edtulo.<\/p>\n\n\n\n<p>Zubeld\u00eda tamb\u00e9m comentou sobre as aus\u00eancias no elenco, especialmente a de Lucas, que est\u00e1 em processo de recupera\u00e7\u00e3o de uma les\u00e3o no joelho. Segundo o treinador, o gramado sint\u00e9tico representa um risco \u00e0 integridade f\u00edsica do jogador. \u201cEle me disse que n\u00e3o queria correr o risco de agravar a les\u00e3o\u201d, relatou.<\/p>\n\n\n\n<p>Outro ponto abordado foi o impacto das les\u00f5es e da falta de tempo para treinos, o que obriga o clube a utilizar atletas em condi\u00e7\u00f5es longe do ideal. O treinador lamentou essa limita\u00e7\u00e3o, mas enxerga potencial no grupo. \u201cHoje competimos contra o l\u00edder fora de casa. Com os jogadores se recuperando, seremos mais fortes\u201d, garantiu.<\/p>\n\n\n\n<p>Atualmente, o S\u00e3o Paulo soma nove pontos, com apenas uma vit\u00f3ria em oito partidas. Apesar disso, Zubeld\u00eda acredita que a equipe poderia ter conquistado mais pontos. \u201cO campeonato \u00e9 longo, s\u00e3o 38 rodadas. Vamos trabalhar para estarmos fortes no momento decisivo\u201d, concluiu.<\/p>\n","protected":false},"excerpt":{"rendered":"<p>O t\u00e9cnico Luis Zubeld\u00eda analisou a derrota do S\u00e3o Paulo para o Palmeiras por 1 a 0 no cl\u00e1ssico realizado no domingo (11), pela oitava rodada do Campeonato Brasileiro, na Arena Barueri. O gol sofrido nos acr\u00e9scimos do segundo tempo interrompeu a sequ\u00eancia de invencibilidade do Tricolor. Mesmo com o rev\u00e9s, o comandante argentino elogiou [&hellip;]<\/p>\n","protected":false},"author":18,"featured_media":143461,"comment_status":"open","ping_status":"closed","sticky":false,"template":"","format":"standard","meta":{"footnotes":""},"categories":[151],"tags":[],"class_list":["post-263103","post","type-post","status-publish","format-standard","has-post-thumbnail","hentry","category-sao-paulo"],"yoast_head":"<!-- This site is optimized with the Yoast SEO Premium plugin v24.2 (Yoast SEO v26.9) - https:\/\/yoast.com\/product\/yoast-seo-premium-wordpress\/ -->\n<title>S\u00e3o Paulo: Zubeld\u00eda \u00e9 sincero sobre gramado sint\u00e9tico em jogo contra o Palmeiras<\/title>\n<meta name=\"robots\" content=\"index, follow, max-snippet:-1, max-image-preview:large, max-video-preview:-1\" \/>\n<link rel=\"canonical\" href=\"https:\/\/www.gaveanews.com\/index.php\/2025\/05\/12\/sao-paulo-zubeldia-e-sincero-sobre-gramado-sintetico-em-jogo-contra-o-palmeiras\/\" \/>\n<meta property=\"og:locale\" content=\"pt_BR\" \/>\n<meta property=\"og:type\" content=\"article\" \/>\n<meta property=\"og:title\" content=\"S\u00e3o Paulo: Zubeld\u00eda \u00e9 sincero sobre gramado sint\u00e9tico em jogo contra o Palmeiras\" \/>\n<meta property=\"og:description\" content=\"O t\u00e9cnico Luis Zubeld\u00eda analisou a derrota do S\u00e3o Paulo para o Palmeiras por 1 a 0 no cl\u00e1ssico realizado no domingo (11), pela oitava rodada do Campeonato Brasileiro, na Arena Barueri. O gol sofrido nos acr\u00e9scimos do segundo tempo interrompeu a sequ\u00eancia de invencibilidade do Tricolor. Mesmo com o rev\u00e9s, o comandante argentino elogiou [&hellip;]\" \/>\n<meta property=\"og:url\" content=\"https:\/\/www.gaveanews.com\/index.php\/2025\/05\/12\/sao-paulo-zubeldia-e-sincero-sobre-gramado-sintetico-em-jogo-contra-o-palmeiras\/\" \/>\n<meta property=\"og:site_name\" content=\"G\u00e1vea News\" \/>\n<meta property=\"article:publisher\" content=\"https:\/\/facebook.com\/gaveaNews\/\" \/>\n<meta property=\"article:published_time\" content=\"2025-05-13T01:25:00+00:00\" \/>\n<meta property=\"og:image\" content=\"https:\/\/www.gaveanews.com\/wp-content\/uploads\/i-18.webp\" \/>\n\t<meta property=\"og:image:width\" content=\"570\" \/>\n\t<meta property=\"og:image:height\" content=\"321\" \/>\n\t<meta property=\"og:image:type\" content=\"image\/jpeg\" \/>\n<meta name=\"author\" content=\"Paula Silva\" \/>\n<meta name=\"twitter:card\" content=\"summary_large_image\" \/>\n<meta name=\"twitter:label1\" content=\"Escrito por\" \/>\n\t<meta name=\"twitter:data1\" content=\"Paula Silva\" \/>\n\t<meta name=\"twitter:label2\" content=\"Est. tempo de leitura\" \/>\n\t<meta name=\"twitter:data2\" content=\"3 minutos\" \/>\n<script type=\"application\/ld+json\" class=\"yoast-schema-graph\">{\"@context\":\"https:\/\/schema.org\",\"@graph\":[{\"@type\":\"NewsArticle\",\"@id\":\"https:\/\/www.gaveanews.com\/index.php\/2025\/05\/12\/sao-paulo-zubeldia-e-sincero-sobre-gramado-sintetico-em-jogo-contra-o-palmeiras\/#article\",\"isPartOf\":{\"@id\":\"https:\/\/www.gaveanews.com\/index.php\/2025\/05\/12\/sao-paulo-zubeldia-e-sincero-sobre-gramado-sintetico-em-jogo-contra-o-palmeiras\/\"},\"author\":{\"name\":\"Paula Silva\",\"@id\":\"https:\/\/www.gaveanews.com\/#\/schema\/person\/daf63eec72e1164eb13dc35096c2b8da\"},\"headline\":\"S\u00e3o Paulo: Zubeld\u00eda \u00e9 sincero sobre gramado sint\u00e9tico em jogo contra o Palmeiras\",\"datePublished\":\"2025-05-13T01:25:00+00:00\",\"mainEntityOfPage\":{\"@id\":\"https:\/\/www.gaveanews.com\/index.php\/2025\/05\/12\/sao-paulo-zubeldia-e-sincero-sobre-gramado-sintetico-em-jogo-contra-o-palmeiras\/\"},\"wordCount\":392,\"commentCount\":0,\"image\":{\"@id\":\"https:\/\/www.gaveanews.com\/index.php\/2025\/05\/12\/sao-paulo-zubeldia-e-sincero-sobre-gramado-sintetico-em-jogo-contra-o-palmeiras\/#primaryimage\"},\"thumbnailUrl\":\"https:\/\/www.gaveanews.com\/wp-content\/uploads\/i-18.webp\",\"articleSection\":[\"S\u00e3o Paulo\"],\"inLanguage\":\"pt-BR\",\"potentialAction\":[{\"@type\":\"CommentAction\",\"name\":\"Comment\",\"target\":[\"https:\/\/www.gaveanews.com\/index.php\/2025\/05\/12\/sao-paulo-zubeldia-e-sincero-sobre-gramado-sintetico-em-jogo-contra-o-palmeiras\/#respond\"]}],\"copyrightYear\":\"2025\",\"copyrightHolder\":{\"@id\":\"https:\/\/www.gaveanews.com\/#organization\"}},{\"@type\":\"WebPage\",\"@id\":\"https:\/\/www.gaveanews.com\/index.php\/2025\/05\/12\/sao-paulo-zubeldia-e-sincero-sobre-gramado-sintetico-em-jogo-contra-o-palmeiras\/\",\"url\":\"https:\/\/www.gaveanews.com\/index.php\/2025\/05\/12\/sao-paulo-zubeldia-e-sincero-sobre-gramado-sintetico-em-jogo-contra-o-palmeiras\/\",\"name\":\"S\u00e3o Paulo: Zubeld\u00eda \u00e9 sincero sobre gramado sint\u00e9tico em jogo contra o Palmeiras\",\"isPartOf\":{\"@id\":\"https:\/\/www.gaveanews.com\/#website\"},\"primaryImageOfPage\":{\"@id\":\"https:\/\/www.gaveanews.com\/index.php\/2025\/05\/12\/sao-paulo-zubeldia-e-sincero-sobre-gramado-sintetico-em-jogo-contra-o-palmeiras\/#primaryimage\"},\"image\":{\"@id\":\"https:\/\/www.gaveanews.com\/index.php\/2025\/05\/12\/sao-paulo-zubeldia-e-sincero-sobre-gramado-sintetico-em-jogo-contra-o-palmeiras\/#primaryimage\"},\"thumbnailUrl\":\"https:\/\/www.gaveanews.com\/wp-content\/uploads\/i-18.webp\",\"datePublished\":\"2025-05-13T01:25:00+00:00\",\"author\":{\"@id\":\"https:\/\/www.gaveanews.com\/#\/schema\/person\/daf63eec72e1164eb13dc35096c2b8da\"},\"breadcrumb\":{\"@id\":\"https:\/\/www.gaveanews.com\/index.php\/2025\/05\/12\/sao-paulo-zubeldia-e-sincero-sobre-gramado-sintetico-em-jogo-contra-o-palmeiras\/#breadcrumb\"},\"inLanguage\":\"pt-BR\",\"potentialAction\":[{\"@type\":\"ReadAction\",\"target\":[\"https:\/\/www.gaveanews.com\/index.php\/2025\/05\/12\/sao-paulo-zubeldia-e-sincero-sobre-gramado-sintetico-em-jogo-contra-o-palmeiras\/\"]}]},{\"@type\":\"ImageObject\",\"inLanguage\":\"pt-BR\",\"@id\":\"https:\/\/www.gaveanews.com\/index.php\/2025\/05\/12\/sao-paulo-zubeldia-e-sincero-sobre-gramado-sintetico-em-jogo-contra-o-palmeiras\/#primaryimage\",\"url\":\"https:\/\/www.gaveanews.com\/wp-content\/uploads\/i-18.webp\",\"contentUrl\":\"https:\/\/www.gaveanews.com\/wp-content\/uploads\/i-18.webp\",\"width\":570,\"height\":321,\"caption\":\"Luis Zubeld\u00eda durante S\u00e3o Paulo x Fluminense Alexandre Schneider\/Getty Images\"},{\"@type\":\"BreadcrumbList\",\"@id\":\"https:\/\/www.gaveanews.com\/index.php\/2025\/05\/12\/sao-paulo-zubeldia-e-sincero-sobre-gramado-sintetico-em-jogo-contra-o-palmeiras\/#breadcrumb\",\"itemListElement\":[{\"@type\":\"ListItem\",\"position\":1,\"name\":\"Home\",\"item\":\"https:\/\/www.gaveanews.com\/\"},{\"@type\":\"ListItem\",\"position\":2,\"name\":\"S\u00e3o Paulo: Zubeld\u00eda \u00e9 sincero sobre gramado sint\u00e9tico em jogo contra o Palmeiras\"}]},{\"@type\":\"WebSite\",\"@id\":\"https:\/\/www.gaveanews.com\/#website\",\"url\":\"https:\/\/www.gaveanews.com\/\",\"name\":\"G\u00e1vea News\",\"description\":\"Veja todas as not\u00edcias sobre o Flamengo: Contrata\u00e7\u00f5es, categorias de base, resultados das partidas, tabela de classifica\u00e7\u00e3o, pr\u00f3ximos jogos!\",\"potentialAction\":[{\"@type\":\"SearchAction\",\"target\":{\"@type\":\"EntryPoint\",\"urlTemplate\":\"https:\/\/www.gaveanews.com\/?s={search_term_string}\"},\"query-input\":{\"@type\":\"PropertyValueSpecification\",\"valueRequired\":true,\"valueName\":\"search_term_string\"}}],\"inLanguage\":\"pt-BR\"},{\"@type\":\"Person\",\"@id\":\"https:\/\/www.gaveanews.com\/#\/schema\/person\/daf63eec72e1164eb13dc35096c2b8da\",\"name\":\"Paula Silva\",\"image\":{\"@type\":\"ImageObject\",\"inLanguage\":\"pt-BR\",\"@id\":\"https:\/\/www.gaveanews.com\/#\/schema\/person\/image\/\",\"url\":\"https:\/\/secure.gravatar.com\/avatar\/eda381c845527cc5d64c13b901833cda29d97500ba040d3e6461f76f51d163bb?s=96&d=mm&r=g\",\"contentUrl\":\"https:\/\/secure.gravatar.com\/avatar\/eda381c845527cc5d64c13b901833cda29d97500ba040d3e6461f76f51d163bb?s=96&d=mm&r=g\",\"caption\":\"Paula Silva\"}}]}<\/script>\n<!-- \/ Yoast SEO Premium plugin. -->","yoast_head_json":{"title":"S\u00e3o Paulo: Zubeld\u00eda \u00e9 sincero sobre gramado sint\u00e9tico em jogo contra o Palmeiras","robots":{"index":"index","follow":"follow","max-snippet":"max-snippet:-1","max-image-preview":"max-image-preview:large","max-video-preview":"max-video-preview:-1"},"canonical":"https:\/\/www.gaveanews.com\/index.php\/2025\/05\/12\/sao-paulo-zubeldia-e-sincero-sobre-gramado-sintetico-em-jogo-contra-o-palmeiras\/","og_locale":"pt_BR","og_type":"article","og_title":"S\u00e3o Paulo: Zubeld\u00eda \u00e9 sincero sobre gramado sint\u00e9tico em jogo contra o Palmeiras","og_description":"O t\u00e9cnico Luis Zubeld\u00eda analisou a derrota do S\u00e3o Paulo para o Palmeiras por 1 a 0 no cl\u00e1ssico realizado no domingo (11), pela oitava rodada do Campeonato Brasileiro, na Arena Barueri. O gol sofrido nos acr\u00e9scimos do segundo tempo interrompeu a sequ\u00eancia de invencibilidade do Tricolor. Mesmo com o rev\u00e9s, o comandante argentino elogiou [&hellip;]","og_url":"https:\/\/www.gaveanews.com\/index.php\/2025\/05\/12\/sao-paulo-zubeldia-e-sincero-sobre-gramado-sintetico-em-jogo-contra-o-palmeiras\/","og_site_name":"G\u00e1vea News","article_publisher":"https:\/\/facebook.com\/gaveaNews\/","article_published_time":"2025-05-13T01:25:00+00:00","og_image":[{"width":570,"height":321,"url":"https:\/\/www.gaveanews.com\/wp-content\/uploads\/i-18.webp","type":"image\/jpeg"}],"author":"Paula Silva","twitter_card":"summary_large_image","twitter_misc":{"Escrito por":"Paula Silva","Est. tempo de leitura":"3 minutos"},"schema":{"@context":"https:\/\/schema.org","@graph":[{"@type":"NewsArticle","@id":"https:\/\/www.gaveanews.com\/index.php\/2025\/05\/12\/sao-paulo-zubeldia-e-sincero-sobre-gramado-sintetico-em-jogo-contra-o-palmeiras\/#article","isPartOf":{"@id":"https:\/\/www.gaveanews.com\/index.php\/2025\/05\/12\/sao-paulo-zubeldia-e-sincero-sobre-gramado-sintetico-em-jogo-contra-o-palmeiras\/"},"author":{"name":"Paula Silva","@id":"https:\/\/www.gaveanews.com\/#\/schema\/person\/daf63eec72e1164eb13dc35096c2b8da"},"headline":"S\u00e3o Paulo: Zubeld\u00eda \u00e9 sincero sobre gramado sint\u00e9tico em jogo contra o Palmeiras","datePublished":"2025-05-13T01:25:00+00:00","mainEntityOfPage":{"@id":"https:\/\/www.gaveanews.com\/index.php\/2025\/05\/12\/sao-paulo-zubeldia-e-sincero-sobre-gramado-sintetico-em-jogo-contra-o-palmeiras\/"},"wordCount":392,"commentCount":0,"image":{"@id":"https:\/\/www.gaveanews.com\/index.php\/2025\/05\/12\/sao-paulo-zubeldia-e-sincero-sobre-gramado-sintetico-em-jogo-contra-o-palmeiras\/#primaryimage"},"thumbnailUrl":"https:\/\/www.gaveanews.com\/wp-content\/uploads\/i-18.webp","articleSection":["S\u00e3o Paulo"],"inLanguage":"pt-BR","potentialAction":[{"@type":"CommentAction","name":"Comment","target":["https:\/\/www.gaveanews.com\/index.php\/2025\/05\/12\/sao-paulo-zubeldia-e-sincero-sobre-gramado-sintetico-em-jogo-contra-o-palmeiras\/#respond"]}],"copyrightYear":"2025","copyrightHolder":{"@id":"https:\/\/www.gaveanews.com\/#organization"}},{"@type":"WebPage","@id":"https:\/\/www.gaveanews.com\/index.php\/2025\/05\/12\/sao-paulo-zubeldia-e-sincero-sobre-gramado-sintetico-em-jogo-contra-o-palmeiras\/","url":"https:\/\/www.gaveanews.com\/index.php\/2025\/05\/12\/sao-paulo-zubeldia-e-sincero-sobre-gramado-sintetico-em-jogo-contra-o-palmeiras\/","name":"S\u00e3o Paulo: Zubeld\u00eda \u00e9 sincero sobre gramado sint\u00e9tico em jogo contra o Palmeiras","isPartOf":{"@id":"https:\/\/www.gaveanews.com\/#website"},"primaryImageOfPage":{"@id":"https:\/\/www.gaveanews.com\/index.php\/2025\/05\/12\/sao-paulo-zubeldia-e-sincero-sobre-gramado-sintetico-em-jogo-contra-o-palmeiras\/#primaryimage"},"image":{"@id":"https:\/\/www.gaveanews.com\/index.php\/2025\/05\/12\/sao-paulo-zubeldia-e-sincero-sobre-gramado-sintetico-em-jogo-contra-o-palmeiras\/#primaryimage"},"thumbnailUrl":"https:\/\/www.gaveanews.com\/wp-content\/uploads\/i-18.webp","datePublished":"2025-05-13T01:25:00+00:00","author":{"@id":"https:\/\/www.gaveanews.com\/#\/schema\/person\/daf63eec72e1164eb13dc35096c2b8da"},"breadcrumb":{"@id":"https:\/\/www.gaveanews.com\/index.php\/2025\/05\/12\/sao-paulo-zubeldia-e-sincero-sobre-gramado-sintetico-em-jogo-contra-o-palmeiras\/#breadcrumb"},"inLanguage":"pt-BR","potentialAction":[{"@type":"ReadAction","target":["https:\/\/www.gaveanews.com\/index.php\/2025\/05\/12\/sao-paulo-zubeldia-e-sincero-sobre-gramado-sintetico-em-jogo-contra-o-palmeiras\/"]}]},{"@type":"ImageObject","inLanguage":"pt-BR","@id":"https:\/\/www.gaveanews.com\/index.php\/2025\/05\/12\/sao-paulo-zubeldia-e-sincero-sobre-gramado-sintetico-em-jogo-contra-o-palmeiras\/#primaryimage","url":"https:\/\/www.gaveanews.com\/wp-content\/uploads\/i-18.webp","contentUrl":"https:\/\/www.gaveanews.com\/wp-content\/uploads\/i-18.webp","width":570,"height":321,"caption":"Luis Zubeld\u00eda durante S\u00e3o Paulo x Fluminense Alexandre Schneider\/Getty Images"},{"@type":"BreadcrumbList","@id":"https:\/\/www.gaveanews.com\/index.php\/2025\/05\/12\/sao-paulo-zubeldia-e-sincero-sobre-gramado-sintetico-em-jogo-contra-o-palmeiras\/#breadcrumb","itemListElement":[{"@type":"ListItem","position":1,"name":"Home","item":"https:\/\/www.gaveanews.com\/"},{"@type":"ListItem","position":2,"name":"S\u00e3o Paulo: Zubeld\u00eda \u00e9 sincero sobre gramado sint\u00e9tico em jogo contra o Palmeiras"}]},{"@type":"WebSite","@id":"https:\/\/www.gaveanews.com\/#website","url":"https:\/\/www.gaveanews.com\/","name":"G\u00e1vea News","description":"Veja todas as not\u00edcias sobre o Flamengo: Contrata\u00e7\u00f5es, categorias de base, resultados das partidas, tabela de classifica\u00e7\u00e3o, pr\u00f3ximos jogos!","potentialAction":[{"@type":"SearchAction","target":{"@type":"EntryPoint","urlTemplate":"https:\/\/www.gaveanews.com\/?s={search_term_string}"},"query-input":{"@type":"PropertyValueSpecification","valueRequired":true,"valueName":"search_term_string"}}],"inLanguage":"pt-BR"},{"@type":"Person","@id":"https:\/\/www.gaveanews.com\/#\/schema\/person\/daf63eec72e1164eb13dc35096c2b8da","name":"Paula Silva","image":{"@type":"ImageObject","inLanguage":"pt-BR","@id":"https:\/\/www.gaveanews.com\/#\/schema\/person\/image\/","url":"https:\/\/secure.gravatar.com\/avatar\/eda381c845527cc5d64c13b901833cda29d97500ba040d3e6461f76f51d163bb?s=96&d=mm&r=g","contentUrl":"https:\/\/secure.gravatar.com\/avatar\/eda381c845527cc5d64c13b901833cda29d97500ba040d3e6461f76f51d163bb?s=96&d=mm&r=g","caption":"Paula Silva"}}]}},"_links":{"self":[{"href":"https:\/\/www.gaveanews.com\/index.php\/wp-json\/wp\/v2\/posts\/263103","targetHints":{"allow":["GET"]}}],"collection":[{"href":"https:\/\/www.gaveanews.com\/index.php\/wp-json\/wp\/v2\/posts"}],"about":[{"href":"https:\/\/www.gaveanews.com\/index.php\/wp-json\/wp\/v2\/types\/post"}],"author":[{"embeddable":true,"href":"https:\/\/www.gaveanews.com\/index.php\/wp-json\/wp\/v2\/users\/18"}],"replies":[{"embeddable":true,"href":"https:\/\/www.gaveanews.com\/index.php\/wp-json\/wp\/v2\/comments?post=263103"}],"version-history":[{"count":1,"href":"https:\/\/www.gaveanews.com\/index.php\/wp-json\/wp\/v2\/posts\/263103\/revisions"}],"predecessor-version":[{"id":263105,"href":"https:\/\/www.gaveanews.com\/index.php\/wp-json\/wp\/v2\/posts\/263103\/revisions\/263105"}],"wp:featuredmedia":[{"embeddable":true,"href":"https:\/\/www.gaveanews.com\/index.php\/wp-json\/wp\/v2\/media\/143461"}],"wp:attachment":[{"href":"https:\/\/www.gaveanews.com\/index.php\/wp-json\/wp\/v2\/media?parent=263103"}],"wp:term":[{"taxonomy":"category","embeddable":true,"href":"https:\/\/www.gaveanews.com\/index.php\/wp-json\/wp\/v2\/categories?post=263103"},{"taxonomy":"post_tag","embeddable":true,"href":"https:\/\/www.gaveanews.com\/index.php\/wp-json\/wp\/v2\/tags?post=263103"}],"curies":[{"name":"wp","href":"https:\/\/api.w.org\/{rel}","templated":true}]}}