{"id":263109,"date":"2025-05-12T22:35:00","date_gmt":"2025-05-13T01:35:00","guid":{"rendered":"https:\/\/www.gaveanews.com\/?p=263109"},"modified":"2025-05-12T19:35:06","modified_gmt":"2025-05-12T22:35:06","slug":"veja-por-quanto-tempo-cuellar-deve-desfalcar-o-gremio","status":"publish","type":"post","link":"https:\/\/www.gaveanews.com\/index.php\/2025\/05\/12\/veja-por-quanto-tempo-cuellar-deve-desfalcar-o-gremio\/","title":{"rendered":"Veja por quanto tempo Cu\u00e9llar deve desfalcar o Gr\u00eamio"},"content":{"rendered":"\n<p>O volante Cu\u00e9llar, do Gr\u00eamio, enfrenta novo contratempo f\u00edsico ap\u00f3s sofrer uma les\u00e3o muscular na perna direita. O clube confirmou no s\u00e1bado (10) que o jogador teve diagnosticada uma les\u00e3o grau 2-b no m\u00fasculo solear. O problema aconteceu durante a partida contra o Atl\u00e9tico Grau, pela Copa Sul-Americana, na \u00faltima quarta-feira (07), quando o colombiano atuou como titular.<\/p>\n\n\n\n<p>Em entrevista ap\u00f3s o empate com o Bragantino, no s\u00e1bado (10), Mano Menezes comentou a situa\u00e7\u00e3o do atleta. \u201c\u00c9 um m\u00fasculo meio chato e que vai, dependendo de cada um, levar de duas a tr\u00eas semanas para a gente t\u00ea-lo de volta\u201d, explicou o treinador, refor\u00e7ando que a previs\u00e3o de retorno ainda depende da resposta do jogador ao tratamento.<\/p>\n\n\n\n<p>Ali\u00e1s, Cu\u00e9llar j\u00e1 havia enfrentado outro problema f\u00edsico recentemente. No in\u00edcio da temporada, ele ficou mais de 40 dias fora das partidas por conta de um edema na coxa esquerda. Esse hist\u00f3rico de les\u00f5es, segundo a comiss\u00e3o t\u00e9cnica, pode ter rela\u00e7\u00e3o com o per\u00edodo que passou no futebol \u00e1rabe, onde atuou em apenas 20 jogos na \u00faltima temporada, pelo Al-Shabab.<\/p>\n\n\n\n<p>Atualmente, o departamento m\u00e9dico do Gr\u00eamio monitora tamb\u00e9m a situa\u00e7\u00e3o de outros atletas. Villasanti, com les\u00e3o na coxa esquerda, e Edenilson, com problema semelhante na coxa direita, est\u00e3o em fase final de recupera\u00e7\u00e3o. A expectativa da comiss\u00e3o \u00e9 de que ambos estejam \u00e0 disposi\u00e7\u00e3o em breve.<\/p>\n\n\n\n<p>Enquanto isso, Mano deve recorrer novamente a Camilo para compor a dupla de volantes ao lado de Pep\u00ea no duelo contra o Godoy Cruz, na ter\u00e7a-feira (13), pela Sul-Americana. O treinador busca manter o equil\u00edbrio no setor mesmo com os desfalques sucessivos.<\/p>\n\n\n\n<p>Por fim, a aus\u00eancia de Cu\u00e9llar representa um desafio a mais no planejamento gremista. Afinal, o volante vinha sendo titular nas \u00faltimas partidas e havia conquistado espa\u00e7o importante na equipe principal.<\/p>\n","protected":false},"excerpt":{"rendered":"<p>O volante Cu\u00e9llar, do Gr\u00eamio, enfrenta novo contratempo f\u00edsico ap\u00f3s sofrer uma les\u00e3o muscular na perna direita. O clube confirmou no s\u00e1bado (10) que o jogador teve diagnosticada uma les\u00e3o grau 2-b no m\u00fasculo solear. O problema aconteceu durante a partida contra o Atl\u00e9tico Grau, pela Copa Sul-Americana, na \u00faltima quarta-feira (07), quando o colombiano [&hellip;]<\/p>\n","protected":false},"author":18,"featured_media":253102,"comment_status":"open","ping_status":"closed","sticky":false,"template":"","format":"standard","meta":{"footnotes":""},"categories":[147],"tags":[],"class_list":["post-263109","post","type-post","status-publish","format-standard","has-post-thumbnail","hentry","category-gremio"],"yoast_head":"<!-- This site is optimized with the Yoast SEO Premium plugin v24.2 (Yoast SEO v26.9) - https:\/\/yoast.com\/product\/yoast-seo-premium-wordpress\/ -->\n<title>Veja por quanto tempo Cu\u00e9llar deve desfalcar o Gr\u00eamio<\/title>\n<meta name=\"robots\" content=\"index, follow, max-snippet:-1, max-image-preview:large, max-video-preview:-1\" \/>\n<link rel=\"canonical\" href=\"https:\/\/www.gaveanews.com\/index.php\/2025\/05\/12\/veja-por-quanto-tempo-cuellar-deve-desfalcar-o-gremio\/\" \/>\n<meta property=\"og:locale\" content=\"pt_BR\" \/>\n<meta property=\"og:type\" content=\"article\" \/>\n<meta property=\"og:title\" content=\"Veja por quanto tempo Cu\u00e9llar deve desfalcar o Gr\u00eamio\" \/>\n<meta property=\"og:description\" content=\"O volante Cu\u00e9llar, do Gr\u00eamio, enfrenta novo contratempo f\u00edsico ap\u00f3s sofrer uma les\u00e3o muscular na perna direita. O clube confirmou no s\u00e1bado (10) que o jogador teve diagnosticada uma les\u00e3o grau 2-b no m\u00fasculo solear. O problema aconteceu durante a partida contra o Atl\u00e9tico Grau, pela Copa Sul-Americana, na \u00faltima quarta-feira (07), quando o colombiano [&hellip;]\" \/>\n<meta property=\"og:url\" content=\"https:\/\/www.gaveanews.com\/index.php\/2025\/05\/12\/veja-por-quanto-tempo-cuellar-deve-desfalcar-o-gremio\/\" \/>\n<meta property=\"og:site_name\" content=\"G\u00e1vea News\" \/>\n<meta property=\"article:publisher\" content=\"https:\/\/facebook.com\/gaveaNews\/\" \/>\n<meta property=\"article:published_time\" content=\"2025-05-13T01:35:00+00:00\" \/>\n<meta property=\"og:image\" content=\"https:\/\/www.gaveanews.com\/wp-content\/uploads\/Gustavo-Cuellar-pelo-Gremio.webp\" \/>\n\t<meta property=\"og:image:width\" content=\"1448\" \/>\n\t<meta property=\"og:image:height\" content=\"1002\" \/>\n\t<meta property=\"og:image:type\" content=\"image\/jpeg\" \/>\n<meta name=\"author\" content=\"Paula Silva\" \/>\n<meta name=\"twitter:card\" content=\"summary_large_image\" \/>\n<meta name=\"twitter:label1\" content=\"Escrito por\" \/>\n\t<meta name=\"twitter:data1\" content=\"Paula Silva\" \/>\n\t<meta name=\"twitter:label2\" content=\"Est. tempo de leitura\" \/>\n\t<meta name=\"twitter:data2\" content=\"2 minutos\" \/>\n<script type=\"application\/ld+json\" class=\"yoast-schema-graph\">{\"@context\":\"https:\/\/schema.org\",\"@graph\":[{\"@type\":\"NewsArticle\",\"@id\":\"https:\/\/www.gaveanews.com\/index.php\/2025\/05\/12\/veja-por-quanto-tempo-cuellar-deve-desfalcar-o-gremio\/#article\",\"isPartOf\":{\"@id\":\"https:\/\/www.gaveanews.com\/index.php\/2025\/05\/12\/veja-por-quanto-tempo-cuellar-deve-desfalcar-o-gremio\/\"},\"author\":{\"name\":\"Paula Silva\",\"@id\":\"https:\/\/www.gaveanews.com\/#\/schema\/person\/daf63eec72e1164eb13dc35096c2b8da\"},\"headline\":\"Veja por quanto tempo Cu\u00e9llar deve desfalcar o Gr\u00eamio\",\"datePublished\":\"2025-05-13T01:35:00+00:00\",\"mainEntityOfPage\":{\"@id\":\"https:\/\/www.gaveanews.com\/index.php\/2025\/05\/12\/veja-por-quanto-tempo-cuellar-deve-desfalcar-o-gremio\/\"},\"wordCount\":339,\"commentCount\":0,\"image\":{\"@id\":\"https:\/\/www.gaveanews.com\/index.php\/2025\/05\/12\/veja-por-quanto-tempo-cuellar-deve-desfalcar-o-gremio\/#primaryimage\"},\"thumbnailUrl\":\"https:\/\/www.gaveanews.com\/wp-content\/uploads\/Gustavo-Cuellar-pelo-Gremio.webp\",\"articleSection\":[\"Gr\u00eamio\"],\"inLanguage\":\"pt-BR\",\"potentialAction\":[{\"@type\":\"CommentAction\",\"name\":\"Comment\",\"target\":[\"https:\/\/www.gaveanews.com\/index.php\/2025\/05\/12\/veja-por-quanto-tempo-cuellar-deve-desfalcar-o-gremio\/#respond\"]}],\"copyrightYear\":\"2025\",\"copyrightHolder\":{\"@id\":\"https:\/\/www.gaveanews.com\/#organization\"}},{\"@type\":\"WebPage\",\"@id\":\"https:\/\/www.gaveanews.com\/index.php\/2025\/05\/12\/veja-por-quanto-tempo-cuellar-deve-desfalcar-o-gremio\/\",\"url\":\"https:\/\/www.gaveanews.com\/index.php\/2025\/05\/12\/veja-por-quanto-tempo-cuellar-deve-desfalcar-o-gremio\/\",\"name\":\"Veja por quanto tempo Cu\u00e9llar deve desfalcar o Gr\u00eamio\",\"isPartOf\":{\"@id\":\"https:\/\/www.gaveanews.com\/#website\"},\"primaryImageOfPage\":{\"@id\":\"https:\/\/www.gaveanews.com\/index.php\/2025\/05\/12\/veja-por-quanto-tempo-cuellar-deve-desfalcar-o-gremio\/#primaryimage\"},\"image\":{\"@id\":\"https:\/\/www.gaveanews.com\/index.php\/2025\/05\/12\/veja-por-quanto-tempo-cuellar-deve-desfalcar-o-gremio\/#primaryimage\"},\"thumbnailUrl\":\"https:\/\/www.gaveanews.com\/wp-content\/uploads\/Gustavo-Cuellar-pelo-Gremio.webp\",\"datePublished\":\"2025-05-13T01:35:00+00:00\",\"author\":{\"@id\":\"https:\/\/www.gaveanews.com\/#\/schema\/person\/daf63eec72e1164eb13dc35096c2b8da\"},\"breadcrumb\":{\"@id\":\"https:\/\/www.gaveanews.com\/index.php\/2025\/05\/12\/veja-por-quanto-tempo-cuellar-deve-desfalcar-o-gremio\/#breadcrumb\"},\"inLanguage\":\"pt-BR\",\"potentialAction\":[{\"@type\":\"ReadAction\",\"target\":[\"https:\/\/www.gaveanews.com\/index.php\/2025\/05\/12\/veja-por-quanto-tempo-cuellar-deve-desfalcar-o-gremio\/\"]}]},{\"@type\":\"ImageObject\",\"inLanguage\":\"pt-BR\",\"@id\":\"https:\/\/www.gaveanews.com\/index.php\/2025\/05\/12\/veja-por-quanto-tempo-cuellar-deve-desfalcar-o-gremio\/#primaryimage\",\"url\":\"https:\/\/www.gaveanews.com\/wp-content\/uploads\/Gustavo-Cuellar-pelo-Gremio.webp\",\"contentUrl\":\"https:\/\/www.gaveanews.com\/wp-content\/uploads\/Gustavo-Cuellar-pelo-Gremio.webp\",\"width\":1448,\"height\":1002,\"caption\":\"Gustavo Cu\u00e9llar pelo Gr\u00eamio (Foto: Lucas Uebel\/Gr\u00eamio)\"},{\"@type\":\"BreadcrumbList\",\"@id\":\"https:\/\/www.gaveanews.com\/index.php\/2025\/05\/12\/veja-por-quanto-tempo-cuellar-deve-desfalcar-o-gremio\/#breadcrumb\",\"itemListElement\":[{\"@type\":\"ListItem\",\"position\":1,\"name\":\"Home\",\"item\":\"https:\/\/www.gaveanews.com\/\"},{\"@type\":\"ListItem\",\"position\":2,\"name\":\"Veja por quanto tempo Cu\u00e9llar deve desfalcar o Gr\u00eamio\"}]},{\"@type\":\"WebSite\",\"@id\":\"https:\/\/www.gaveanews.com\/#website\",\"url\":\"https:\/\/www.gaveanews.com\/\",\"name\":\"G\u00e1vea News\",\"description\":\"Veja todas as not\u00edcias sobre o Flamengo: Contrata\u00e7\u00f5es, categorias de base, resultados das partidas, tabela de classifica\u00e7\u00e3o, pr\u00f3ximos jogos!\",\"potentialAction\":[{\"@type\":\"SearchAction\",\"target\":{\"@type\":\"EntryPoint\",\"urlTemplate\":\"https:\/\/www.gaveanews.com\/?s={search_term_string}\"},\"query-input\":{\"@type\":\"PropertyValueSpecification\",\"valueRequired\":true,\"valueName\":\"search_term_string\"}}],\"inLanguage\":\"pt-BR\"},{\"@type\":\"Person\",\"@id\":\"https:\/\/www.gaveanews.com\/#\/schema\/person\/daf63eec72e1164eb13dc35096c2b8da\",\"name\":\"Paula Silva\",\"image\":{\"@type\":\"ImageObject\",\"inLanguage\":\"pt-BR\",\"@id\":\"https:\/\/www.gaveanews.com\/#\/schema\/person\/image\/\",\"url\":\"https:\/\/secure.gravatar.com\/avatar\/eda381c845527cc5d64c13b901833cda29d97500ba040d3e6461f76f51d163bb?s=96&d=mm&r=g\",\"contentUrl\":\"https:\/\/secure.gravatar.com\/avatar\/eda381c845527cc5d64c13b901833cda29d97500ba040d3e6461f76f51d163bb?s=96&d=mm&r=g\",\"caption\":\"Paula Silva\"}}]}<\/script>\n<!-- \/ Yoast SEO Premium plugin. -->","yoast_head_json":{"title":"Veja por quanto tempo Cu\u00e9llar deve desfalcar o Gr\u00eamio","robots":{"index":"index","follow":"follow","max-snippet":"max-snippet:-1","max-image-preview":"max-image-preview:large","max-video-preview":"max-video-preview:-1"},"canonical":"https:\/\/www.gaveanews.com\/index.php\/2025\/05\/12\/veja-por-quanto-tempo-cuellar-deve-desfalcar-o-gremio\/","og_locale":"pt_BR","og_type":"article","og_title":"Veja por quanto tempo Cu\u00e9llar deve desfalcar o Gr\u00eamio","og_description":"O volante Cu\u00e9llar, do Gr\u00eamio, enfrenta novo contratempo f\u00edsico ap\u00f3s sofrer uma les\u00e3o muscular na perna direita. O clube confirmou no s\u00e1bado (10) que o jogador teve diagnosticada uma les\u00e3o grau 2-b no m\u00fasculo solear. O problema aconteceu durante a partida contra o Atl\u00e9tico Grau, pela Copa Sul-Americana, na \u00faltima quarta-feira (07), quando o colombiano [&hellip;]","og_url":"https:\/\/www.gaveanews.com\/index.php\/2025\/05\/12\/veja-por-quanto-tempo-cuellar-deve-desfalcar-o-gremio\/","og_site_name":"G\u00e1vea News","article_publisher":"https:\/\/facebook.com\/gaveaNews\/","article_published_time":"2025-05-13T01:35:00+00:00","og_image":[{"width":1448,"height":1002,"url":"https:\/\/www.gaveanews.com\/wp-content\/uploads\/Gustavo-Cuellar-pelo-Gremio.webp","type":"image\/jpeg"}],"author":"Paula Silva","twitter_card":"summary_large_image","twitter_misc":{"Escrito por":"Paula Silva","Est. tempo de leitura":"2 minutos"},"schema":{"@context":"https:\/\/schema.org","@graph":[{"@type":"NewsArticle","@id":"https:\/\/www.gaveanews.com\/index.php\/2025\/05\/12\/veja-por-quanto-tempo-cuellar-deve-desfalcar-o-gremio\/#article","isPartOf":{"@id":"https:\/\/www.gaveanews.com\/index.php\/2025\/05\/12\/veja-por-quanto-tempo-cuellar-deve-desfalcar-o-gremio\/"},"author":{"name":"Paula Silva","@id":"https:\/\/www.gaveanews.com\/#\/schema\/person\/daf63eec72e1164eb13dc35096c2b8da"},"headline":"Veja por quanto tempo Cu\u00e9llar deve desfalcar o Gr\u00eamio","datePublished":"2025-05-13T01:35:00+00:00","mainEntityOfPage":{"@id":"https:\/\/www.gaveanews.com\/index.php\/2025\/05\/12\/veja-por-quanto-tempo-cuellar-deve-desfalcar-o-gremio\/"},"wordCount":339,"commentCount":0,"image":{"@id":"https:\/\/www.gaveanews.com\/index.php\/2025\/05\/12\/veja-por-quanto-tempo-cuellar-deve-desfalcar-o-gremio\/#primaryimage"},"thumbnailUrl":"https:\/\/www.gaveanews.com\/wp-content\/uploads\/Gustavo-Cuellar-pelo-Gremio.webp","articleSection":["Gr\u00eamio"],"inLanguage":"pt-BR","potentialAction":[{"@type":"CommentAction","name":"Comment","target":["https:\/\/www.gaveanews.com\/index.php\/2025\/05\/12\/veja-por-quanto-tempo-cuellar-deve-desfalcar-o-gremio\/#respond"]}],"copyrightYear":"2025","copyrightHolder":{"@id":"https:\/\/www.gaveanews.com\/#organization"}},{"@type":"WebPage","@id":"https:\/\/www.gaveanews.com\/index.php\/2025\/05\/12\/veja-por-quanto-tempo-cuellar-deve-desfalcar-o-gremio\/","url":"https:\/\/www.gaveanews.com\/index.php\/2025\/05\/12\/veja-por-quanto-tempo-cuellar-deve-desfalcar-o-gremio\/","name":"Veja por quanto tempo Cu\u00e9llar deve desfalcar o Gr\u00eamio","isPartOf":{"@id":"https:\/\/www.gaveanews.com\/#website"},"primaryImageOfPage":{"@id":"https:\/\/www.gaveanews.com\/index.php\/2025\/05\/12\/veja-por-quanto-tempo-cuellar-deve-desfalcar-o-gremio\/#primaryimage"},"image":{"@id":"https:\/\/www.gaveanews.com\/index.php\/2025\/05\/12\/veja-por-quanto-tempo-cuellar-deve-desfalcar-o-gremio\/#primaryimage"},"thumbnailUrl":"https:\/\/www.gaveanews.com\/wp-content\/uploads\/Gustavo-Cuellar-pelo-Gremio.webp","datePublished":"2025-05-13T01:35:00+00:00","author":{"@id":"https:\/\/www.gaveanews.com\/#\/schema\/person\/daf63eec72e1164eb13dc35096c2b8da"},"breadcrumb":{"@id":"https:\/\/www.gaveanews.com\/index.php\/2025\/05\/12\/veja-por-quanto-tempo-cuellar-deve-desfalcar-o-gremio\/#breadcrumb"},"inLanguage":"pt-BR","potentialAction":[{"@type":"ReadAction","target":["https:\/\/www.gaveanews.com\/index.php\/2025\/05\/12\/veja-por-quanto-tempo-cuellar-deve-desfalcar-o-gremio\/"]}]},{"@type":"ImageObject","inLanguage":"pt-BR","@id":"https:\/\/www.gaveanews.com\/index.php\/2025\/05\/12\/veja-por-quanto-tempo-cuellar-deve-desfalcar-o-gremio\/#primaryimage","url":"https:\/\/www.gaveanews.com\/wp-content\/uploads\/Gustavo-Cuellar-pelo-Gremio.webp","contentUrl":"https:\/\/www.gaveanews.com\/wp-content\/uploads\/Gustavo-Cuellar-pelo-Gremio.webp","width":1448,"height":1002,"caption":"Gustavo Cu\u00e9llar pelo Gr\u00eamio (Foto: Lucas Uebel\/Gr\u00eamio)"},{"@type":"BreadcrumbList","@id":"https:\/\/www.gaveanews.com\/index.php\/2025\/05\/12\/veja-por-quanto-tempo-cuellar-deve-desfalcar-o-gremio\/#breadcrumb","itemListElement":[{"@type":"ListItem","position":1,"name":"Home","item":"https:\/\/www.gaveanews.com\/"},{"@type":"ListItem","position":2,"name":"Veja por quanto tempo Cu\u00e9llar deve desfalcar o Gr\u00eamio"}]},{"@type":"WebSite","@id":"https:\/\/www.gaveanews.com\/#website","url":"https:\/\/www.gaveanews.com\/","name":"G\u00e1vea News","description":"Veja todas as not\u00edcias sobre o Flamengo: Contrata\u00e7\u00f5es, categorias de base, resultados das partidas, tabela de classifica\u00e7\u00e3o, pr\u00f3ximos jogos!","potentialAction":[{"@type":"SearchAction","target":{"@type":"EntryPoint","urlTemplate":"https:\/\/www.gaveanews.com\/?s={search_term_string}"},"query-input":{"@type":"PropertyValueSpecification","valueRequired":true,"valueName":"search_term_string"}}],"inLanguage":"pt-BR"},{"@type":"Person","@id":"https:\/\/www.gaveanews.com\/#\/schema\/person\/daf63eec72e1164eb13dc35096c2b8da","name":"Paula Silva","image":{"@type":"ImageObject","inLanguage":"pt-BR","@id":"https:\/\/www.gaveanews.com\/#\/schema\/person\/image\/","url":"https:\/\/secure.gravatar.com\/avatar\/eda381c845527cc5d64c13b901833cda29d97500ba040d3e6461f76f51d163bb?s=96&d=mm&r=g","contentUrl":"https:\/\/secure.gravatar.com\/avatar\/eda381c845527cc5d64c13b901833cda29d97500ba040d3e6461f76f51d163bb?s=96&d=mm&r=g","caption":"Paula Silva"}}]}},"_links":{"self":[{"href":"https:\/\/www.gaveanews.com\/index.php\/wp-json\/wp\/v2\/posts\/263109","targetHints":{"allow":["GET"]}}],"collection":[{"href":"https:\/\/www.gaveanews.com\/index.php\/wp-json\/wp\/v2\/posts"}],"about":[{"href":"https:\/\/www.gaveanews.com\/index.php\/wp-json\/wp\/v2\/types\/post"}],"author":[{"embeddable":true,"href":"https:\/\/www.gaveanews.com\/index.php\/wp-json\/wp\/v2\/users\/18"}],"replies":[{"embeddable":true,"href":"https:\/\/www.gaveanews.com\/index.php\/wp-json\/wp\/v2\/comments?post=263109"}],"version-history":[{"count":1,"href":"https:\/\/www.gaveanews.com\/index.php\/wp-json\/wp\/v2\/posts\/263109\/revisions"}],"predecessor-version":[{"id":263111,"href":"https:\/\/www.gaveanews.com\/index.php\/wp-json\/wp\/v2\/posts\/263109\/revisions\/263111"}],"wp:featuredmedia":[{"embeddable":true,"href":"https:\/\/www.gaveanews.com\/index.php\/wp-json\/wp\/v2\/media\/253102"}],"wp:attachment":[{"href":"https:\/\/www.gaveanews.com\/index.php\/wp-json\/wp\/v2\/media?parent=263109"}],"wp:term":[{"taxonomy":"category","embeddable":true,"href":"https:\/\/www.gaveanews.com\/index.php\/wp-json\/wp\/v2\/categories?post=263109"},{"taxonomy":"post_tag","embeddable":true,"href":"https:\/\/www.gaveanews.com\/index.php\/wp-json\/wp\/v2\/tags?post=263109"}],"curies":[{"name":"wp","href":"https:\/\/api.w.org\/{rel}","templated":true}]}}