{"id":263113,"date":"2025-05-12T22:40:00","date_gmt":"2025-05-13T01:40:00","guid":{"rendered":"https:\/\/www.gaveanews.com\/?p=263113"},"modified":"2025-05-12T19:37:45","modified_gmt":"2025-05-12T22:37:45","slug":"dirigente-do-internacional-e-sincero-sobre-situacao-de-roger-machado","status":"publish","type":"post","link":"https:\/\/www.gaveanews.com\/index.php\/2025\/05\/12\/dirigente-do-internacional-e-sincero-sobre-situacao-de-roger-machado\/","title":{"rendered":"Dirigente do Internacional \u00e9 sincero sobre situa\u00e7\u00e3o de Roger Machado"},"content":{"rendered":"\n<p>Ap\u00f3s a goleada sofrida pelo Internacional diante do Botafogo, por 4 a 0 no Nilton Santos, aumentaram as cr\u00edticas em rela\u00e7\u00e3o ao desempenho do t\u00e9cnico Roger Machado. No entanto, o vice-presidente de futebol do clube, Jos\u00e9 Olavo Bisol, saiu publicamente em defesa do treinador, classificando como \u201cabsurdo\u201d qualquer debate sobre uma poss\u00edvel sa\u00edda imediata.<\/p>\n\n\n\n<p>Em entrevista concedida logo ap\u00f3s a partida, Bisol respondeu de forma incisiva a uma pergunta que mencionava a suposta rejei\u00e7\u00e3o da torcida ao comandante. \u201cA tua fala, o teu diagn\u00f3stico, n\u00e3o pode fazer uma representa\u00e7\u00e3o coletiva da torcida. N\u00f3s todos estamos indignados. Mas dizer que a maioria ou a torcida, tu n\u00e3o tem esse direito\u201d, afirmou o dirigente. Ele tamb\u00e9m enfatizou que n\u00e3o compartilha da percep\u00e7\u00e3o de que Roger deveria deixar o cargo.<\/p>\n\n\n\n<p>O dirigente recordou que, h\u00e1 poucas semanas, o mesmo treinador era amplamente elogiado. \u201cQuatro, cinco jogos atr\u00e1s fal\u00e1vamos de um modelo que estava dando certo. O Roger era considerado o melhor t\u00e9cnico do Brasil por v\u00e1rios de voc\u00eas\u201d, destacou. Essa fala remete \u00e0 fase recente em que o Inter mostrava consist\u00eancia diante de grandes advers\u00e1rios.<\/p>\n\n\n\n<p>A derrota no Rio de Janeiro representou a terceira consecutiva do time na temporada, igualando o pior momento da equipe nas \u00faltimas rodadas do Campeonato Brasileiro do ano anterior. Al\u00e9m disso, foi a maior goleada sofrida por Roger no comando colorado at\u00e9 o momento.<\/p>\n\n\n\n<p>Enquanto isso, o clube j\u00e1 volta as aten\u00e7\u00f5es para o pr\u00f3ximo desafio. Na quinta-feira (15), o Internacional enfrenta o Nacional, do Uruguai, \u00e0s 19 horas (hor\u00e1rio de Bras\u00edlia), no Parque Central, pela Conmebol Libertadores. A partida \u00e9 considerada decisiva pelo pr\u00f3prio Bisol.<\/p>\n\n\n\n<p>Apesar da press\u00e3o externa, a diretoria mostra-se alinhada ao trabalho de Roger, refor\u00e7ando que mudan\u00e7as abruptas n\u00e3o fazem parte do planejamento atual do clube.<\/p>\n","protected":false},"excerpt":{"rendered":"<p>Ap\u00f3s a goleada sofrida pelo Internacional diante do Botafogo, por 4 a 0 no Nilton Santos, aumentaram as cr\u00edticas em rela\u00e7\u00e3o ao desempenho do t\u00e9cnico Roger Machado. No entanto, o vice-presidente de futebol do clube, Jos\u00e9 Olavo Bisol, saiu publicamente em defesa do treinador, classificando como \u201cabsurdo\u201d qualquer debate sobre uma poss\u00edvel sa\u00edda imediata. Em [&hellip;]<\/p>\n","protected":false},"author":18,"featured_media":154272,"comment_status":"open","ping_status":"closed","sticky":false,"template":"","format":"standard","meta":{"footnotes":""},"categories":[148],"tags":[],"class_list":["post-263113","post","type-post","status-publish","format-standard","has-post-thumbnail","hentry","category-internacional"],"yoast_head":"<!-- This site is optimized with the Yoast SEO Premium plugin v24.2 (Yoast SEO v26.9) - https:\/\/yoast.com\/product\/yoast-seo-premium-wordpress\/ -->\n<title>Dirigente do Internacional \u00e9 sincero sobre situa\u00e7\u00e3o de Roger Machado<\/title>\n<meta name=\"robots\" content=\"index, follow, max-snippet:-1, max-image-preview:large, max-video-preview:-1\" \/>\n<link rel=\"canonical\" href=\"https:\/\/www.gaveanews.com\/index.php\/2025\/05\/12\/dirigente-do-internacional-e-sincero-sobre-situacao-de-roger-machado\/\" \/>\n<meta property=\"og:locale\" content=\"pt_BR\" \/>\n<meta property=\"og:type\" content=\"article\" \/>\n<meta property=\"og:title\" content=\"Dirigente do Internacional \u00e9 sincero sobre situa\u00e7\u00e3o de Roger Machado\" \/>\n<meta property=\"og:description\" content=\"Ap\u00f3s a goleada sofrida pelo Internacional diante do Botafogo, por 4 a 0 no Nilton Santos, aumentaram as cr\u00edticas em rela\u00e7\u00e3o ao desempenho do t\u00e9cnico Roger Machado. No entanto, o vice-presidente de futebol do clube, Jos\u00e9 Olavo Bisol, saiu publicamente em defesa do treinador, classificando como \u201cabsurdo\u201d qualquer debate sobre uma poss\u00edvel sa\u00edda imediata. Em [&hellip;]\" \/>\n<meta property=\"og:url\" content=\"https:\/\/www.gaveanews.com\/index.php\/2025\/05\/12\/dirigente-do-internacional-e-sincero-sobre-situacao-de-roger-machado\/\" \/>\n<meta property=\"og:site_name\" content=\"G\u00e1vea News\" \/>\n<meta property=\"article:publisher\" content=\"https:\/\/facebook.com\/gaveaNews\/\" \/>\n<meta property=\"article:published_time\" content=\"2025-05-13T01:40:00+00:00\" \/>\n<meta property=\"og:image\" content=\"https:\/\/www.gaveanews.com\/wp-content\/uploads\/Roger-Machado-durante-coletiva-pelo-Internacional-em-2024.webp\" \/>\n\t<meta property=\"og:image:width\" content=\"1419\" \/>\n\t<meta property=\"og:image:height\" content=\"1065\" \/>\n\t<meta property=\"og:image:type\" content=\"image\/webp\" \/>\n<meta name=\"author\" content=\"Paula Silva\" \/>\n<meta name=\"twitter:card\" content=\"summary_large_image\" \/>\n<meta name=\"twitter:label1\" content=\"Escrito por\" \/>\n\t<meta name=\"twitter:data1\" content=\"Paula Silva\" \/>\n\t<meta name=\"twitter:label2\" content=\"Est. tempo de leitura\" \/>\n\t<meta name=\"twitter:data2\" content=\"2 minutos\" \/>\n<script type=\"application\/ld+json\" class=\"yoast-schema-graph\">{\"@context\":\"https:\/\/schema.org\",\"@graph\":[{\"@type\":\"NewsArticle\",\"@id\":\"https:\/\/www.gaveanews.com\/index.php\/2025\/05\/12\/dirigente-do-internacional-e-sincero-sobre-situacao-de-roger-machado\/#article\",\"isPartOf\":{\"@id\":\"https:\/\/www.gaveanews.com\/index.php\/2025\/05\/12\/dirigente-do-internacional-e-sincero-sobre-situacao-de-roger-machado\/\"},\"author\":{\"name\":\"Paula Silva\",\"@id\":\"https:\/\/www.gaveanews.com\/#\/schema\/person\/daf63eec72e1164eb13dc35096c2b8da\"},\"headline\":\"Dirigente do Internacional \u00e9 sincero sobre situa\u00e7\u00e3o de Roger Machado\",\"datePublished\":\"2025-05-13T01:40:00+00:00\",\"mainEntityOfPage\":{\"@id\":\"https:\/\/www.gaveanews.com\/index.php\/2025\/05\/12\/dirigente-do-internacional-e-sincero-sobre-situacao-de-roger-machado\/\"},\"wordCount\":329,\"commentCount\":0,\"image\":{\"@id\":\"https:\/\/www.gaveanews.com\/index.php\/2025\/05\/12\/dirigente-do-internacional-e-sincero-sobre-situacao-de-roger-machado\/#primaryimage\"},\"thumbnailUrl\":\"https:\/\/www.gaveanews.com\/wp-content\/uploads\/Roger-Machado-durante-coletiva-pelo-Internacional-em-2024.webp\",\"articleSection\":[\"Internacional\"],\"inLanguage\":\"pt-BR\",\"potentialAction\":[{\"@type\":\"CommentAction\",\"name\":\"Comment\",\"target\":[\"https:\/\/www.gaveanews.com\/index.php\/2025\/05\/12\/dirigente-do-internacional-e-sincero-sobre-situacao-de-roger-machado\/#respond\"]}],\"copyrightYear\":\"2025\",\"copyrightHolder\":{\"@id\":\"https:\/\/www.gaveanews.com\/#organization\"}},{\"@type\":\"WebPage\",\"@id\":\"https:\/\/www.gaveanews.com\/index.php\/2025\/05\/12\/dirigente-do-internacional-e-sincero-sobre-situacao-de-roger-machado\/\",\"url\":\"https:\/\/www.gaveanews.com\/index.php\/2025\/05\/12\/dirigente-do-internacional-e-sincero-sobre-situacao-de-roger-machado\/\",\"name\":\"Dirigente do Internacional \u00e9 sincero sobre situa\u00e7\u00e3o de Roger Machado\",\"isPartOf\":{\"@id\":\"https:\/\/www.gaveanews.com\/#website\"},\"primaryImageOfPage\":{\"@id\":\"https:\/\/www.gaveanews.com\/index.php\/2025\/05\/12\/dirigente-do-internacional-e-sincero-sobre-situacao-de-roger-machado\/#primaryimage\"},\"image\":{\"@id\":\"https:\/\/www.gaveanews.com\/index.php\/2025\/05\/12\/dirigente-do-internacional-e-sincero-sobre-situacao-de-roger-machado\/#primaryimage\"},\"thumbnailUrl\":\"https:\/\/www.gaveanews.com\/wp-content\/uploads\/Roger-Machado-durante-coletiva-pelo-Internacional-em-2024.webp\",\"datePublished\":\"2025-05-13T01:40:00+00:00\",\"author\":{\"@id\":\"https:\/\/www.gaveanews.com\/#\/schema\/person\/daf63eec72e1164eb13dc35096c2b8da\"},\"breadcrumb\":{\"@id\":\"https:\/\/www.gaveanews.com\/index.php\/2025\/05\/12\/dirigente-do-internacional-e-sincero-sobre-situacao-de-roger-machado\/#breadcrumb\"},\"inLanguage\":\"pt-BR\",\"potentialAction\":[{\"@type\":\"ReadAction\",\"target\":[\"https:\/\/www.gaveanews.com\/index.php\/2025\/05\/12\/dirigente-do-internacional-e-sincero-sobre-situacao-de-roger-machado\/\"]}]},{\"@type\":\"ImageObject\",\"inLanguage\":\"pt-BR\",\"@id\":\"https:\/\/www.gaveanews.com\/index.php\/2025\/05\/12\/dirigente-do-internacional-e-sincero-sobre-situacao-de-roger-machado\/#primaryimage\",\"url\":\"https:\/\/www.gaveanews.com\/wp-content\/uploads\/Roger-Machado-durante-coletiva-pelo-Internacional-em-2024.webp\",\"contentUrl\":\"https:\/\/www.gaveanews.com\/wp-content\/uploads\/Roger-Machado-durante-coletiva-pelo-Internacional-em-2024.webp\",\"width\":1419,\"height\":1065,\"caption\":\"Roger Machado durante coletiva pelo Internacional em 2024 (Foto: Reprodu\u00e7\u00e3o\/Internacional)\"},{\"@type\":\"BreadcrumbList\",\"@id\":\"https:\/\/www.gaveanews.com\/index.php\/2025\/05\/12\/dirigente-do-internacional-e-sincero-sobre-situacao-de-roger-machado\/#breadcrumb\",\"itemListElement\":[{\"@type\":\"ListItem\",\"position\":1,\"name\":\"Home\",\"item\":\"https:\/\/www.gaveanews.com\/\"},{\"@type\":\"ListItem\",\"position\":2,\"name\":\"Dirigente do Internacional \u00e9 sincero sobre situa\u00e7\u00e3o de Roger Machado\"}]},{\"@type\":\"WebSite\",\"@id\":\"https:\/\/www.gaveanews.com\/#website\",\"url\":\"https:\/\/www.gaveanews.com\/\",\"name\":\"G\u00e1vea News\",\"description\":\"Veja todas as not\u00edcias sobre o Flamengo: Contrata\u00e7\u00f5es, categorias de base, resultados das partidas, tabela de classifica\u00e7\u00e3o, pr\u00f3ximos jogos!\",\"potentialAction\":[{\"@type\":\"SearchAction\",\"target\":{\"@type\":\"EntryPoint\",\"urlTemplate\":\"https:\/\/www.gaveanews.com\/?s={search_term_string}\"},\"query-input\":{\"@type\":\"PropertyValueSpecification\",\"valueRequired\":true,\"valueName\":\"search_term_string\"}}],\"inLanguage\":\"pt-BR\"},{\"@type\":\"Person\",\"@id\":\"https:\/\/www.gaveanews.com\/#\/schema\/person\/daf63eec72e1164eb13dc35096c2b8da\",\"name\":\"Paula Silva\",\"image\":{\"@type\":\"ImageObject\",\"inLanguage\":\"pt-BR\",\"@id\":\"https:\/\/www.gaveanews.com\/#\/schema\/person\/image\/\",\"url\":\"https:\/\/secure.gravatar.com\/avatar\/eda381c845527cc5d64c13b901833cda29d97500ba040d3e6461f76f51d163bb?s=96&d=mm&r=g\",\"contentUrl\":\"https:\/\/secure.gravatar.com\/avatar\/eda381c845527cc5d64c13b901833cda29d97500ba040d3e6461f76f51d163bb?s=96&d=mm&r=g\",\"caption\":\"Paula Silva\"}}]}<\/script>\n<!-- \/ Yoast SEO Premium plugin. -->","yoast_head_json":{"title":"Dirigente do Internacional \u00e9 sincero sobre situa\u00e7\u00e3o de Roger Machado","robots":{"index":"index","follow":"follow","max-snippet":"max-snippet:-1","max-image-preview":"max-image-preview:large","max-video-preview":"max-video-preview:-1"},"canonical":"https:\/\/www.gaveanews.com\/index.php\/2025\/05\/12\/dirigente-do-internacional-e-sincero-sobre-situacao-de-roger-machado\/","og_locale":"pt_BR","og_type":"article","og_title":"Dirigente do Internacional \u00e9 sincero sobre situa\u00e7\u00e3o de Roger Machado","og_description":"Ap\u00f3s a goleada sofrida pelo Internacional diante do Botafogo, por 4 a 0 no Nilton Santos, aumentaram as cr\u00edticas em rela\u00e7\u00e3o ao desempenho do t\u00e9cnico Roger Machado. No entanto, o vice-presidente de futebol do clube, Jos\u00e9 Olavo Bisol, saiu publicamente em defesa do treinador, classificando como \u201cabsurdo\u201d qualquer debate sobre uma poss\u00edvel sa\u00edda imediata. Em [&hellip;]","og_url":"https:\/\/www.gaveanews.com\/index.php\/2025\/05\/12\/dirigente-do-internacional-e-sincero-sobre-situacao-de-roger-machado\/","og_site_name":"G\u00e1vea News","article_publisher":"https:\/\/facebook.com\/gaveaNews\/","article_published_time":"2025-05-13T01:40:00+00:00","og_image":[{"width":1419,"height":1065,"url":"https:\/\/www.gaveanews.com\/wp-content\/uploads\/Roger-Machado-durante-coletiva-pelo-Internacional-em-2024.webp","type":"image\/webp"}],"author":"Paula Silva","twitter_card":"summary_large_image","twitter_misc":{"Escrito por":"Paula Silva","Est. tempo de leitura":"2 minutos"},"schema":{"@context":"https:\/\/schema.org","@graph":[{"@type":"NewsArticle","@id":"https:\/\/www.gaveanews.com\/index.php\/2025\/05\/12\/dirigente-do-internacional-e-sincero-sobre-situacao-de-roger-machado\/#article","isPartOf":{"@id":"https:\/\/www.gaveanews.com\/index.php\/2025\/05\/12\/dirigente-do-internacional-e-sincero-sobre-situacao-de-roger-machado\/"},"author":{"name":"Paula Silva","@id":"https:\/\/www.gaveanews.com\/#\/schema\/person\/daf63eec72e1164eb13dc35096c2b8da"},"headline":"Dirigente do Internacional \u00e9 sincero sobre situa\u00e7\u00e3o de Roger Machado","datePublished":"2025-05-13T01:40:00+00:00","mainEntityOfPage":{"@id":"https:\/\/www.gaveanews.com\/index.php\/2025\/05\/12\/dirigente-do-internacional-e-sincero-sobre-situacao-de-roger-machado\/"},"wordCount":329,"commentCount":0,"image":{"@id":"https:\/\/www.gaveanews.com\/index.php\/2025\/05\/12\/dirigente-do-internacional-e-sincero-sobre-situacao-de-roger-machado\/#primaryimage"},"thumbnailUrl":"https:\/\/www.gaveanews.com\/wp-content\/uploads\/Roger-Machado-durante-coletiva-pelo-Internacional-em-2024.webp","articleSection":["Internacional"],"inLanguage":"pt-BR","potentialAction":[{"@type":"CommentAction","name":"Comment","target":["https:\/\/www.gaveanews.com\/index.php\/2025\/05\/12\/dirigente-do-internacional-e-sincero-sobre-situacao-de-roger-machado\/#respond"]}],"copyrightYear":"2025","copyrightHolder":{"@id":"https:\/\/www.gaveanews.com\/#organization"}},{"@type":"WebPage","@id":"https:\/\/www.gaveanews.com\/index.php\/2025\/05\/12\/dirigente-do-internacional-e-sincero-sobre-situacao-de-roger-machado\/","url":"https:\/\/www.gaveanews.com\/index.php\/2025\/05\/12\/dirigente-do-internacional-e-sincero-sobre-situacao-de-roger-machado\/","name":"Dirigente do Internacional \u00e9 sincero sobre situa\u00e7\u00e3o de Roger Machado","isPartOf":{"@id":"https:\/\/www.gaveanews.com\/#website"},"primaryImageOfPage":{"@id":"https:\/\/www.gaveanews.com\/index.php\/2025\/05\/12\/dirigente-do-internacional-e-sincero-sobre-situacao-de-roger-machado\/#primaryimage"},"image":{"@id":"https:\/\/www.gaveanews.com\/index.php\/2025\/05\/12\/dirigente-do-internacional-e-sincero-sobre-situacao-de-roger-machado\/#primaryimage"},"thumbnailUrl":"https:\/\/www.gaveanews.com\/wp-content\/uploads\/Roger-Machado-durante-coletiva-pelo-Internacional-em-2024.webp","datePublished":"2025-05-13T01:40:00+00:00","author":{"@id":"https:\/\/www.gaveanews.com\/#\/schema\/person\/daf63eec72e1164eb13dc35096c2b8da"},"breadcrumb":{"@id":"https:\/\/www.gaveanews.com\/index.php\/2025\/05\/12\/dirigente-do-internacional-e-sincero-sobre-situacao-de-roger-machado\/#breadcrumb"},"inLanguage":"pt-BR","potentialAction":[{"@type":"ReadAction","target":["https:\/\/www.gaveanews.com\/index.php\/2025\/05\/12\/dirigente-do-internacional-e-sincero-sobre-situacao-de-roger-machado\/"]}]},{"@type":"ImageObject","inLanguage":"pt-BR","@id":"https:\/\/www.gaveanews.com\/index.php\/2025\/05\/12\/dirigente-do-internacional-e-sincero-sobre-situacao-de-roger-machado\/#primaryimage","url":"https:\/\/www.gaveanews.com\/wp-content\/uploads\/Roger-Machado-durante-coletiva-pelo-Internacional-em-2024.webp","contentUrl":"https:\/\/www.gaveanews.com\/wp-content\/uploads\/Roger-Machado-durante-coletiva-pelo-Internacional-em-2024.webp","width":1419,"height":1065,"caption":"Roger Machado durante coletiva pelo Internacional em 2024 (Foto: Reprodu\u00e7\u00e3o\/Internacional)"},{"@type":"BreadcrumbList","@id":"https:\/\/www.gaveanews.com\/index.php\/2025\/05\/12\/dirigente-do-internacional-e-sincero-sobre-situacao-de-roger-machado\/#breadcrumb","itemListElement":[{"@type":"ListItem","position":1,"name":"Home","item":"https:\/\/www.gaveanews.com\/"},{"@type":"ListItem","position":2,"name":"Dirigente do Internacional \u00e9 sincero sobre situa\u00e7\u00e3o de Roger Machado"}]},{"@type":"WebSite","@id":"https:\/\/www.gaveanews.com\/#website","url":"https:\/\/www.gaveanews.com\/","name":"G\u00e1vea News","description":"Veja todas as not\u00edcias sobre o Flamengo: Contrata\u00e7\u00f5es, categorias de base, resultados das partidas, tabela de classifica\u00e7\u00e3o, pr\u00f3ximos jogos!","potentialAction":[{"@type":"SearchAction","target":{"@type":"EntryPoint","urlTemplate":"https:\/\/www.gaveanews.com\/?s={search_term_string}"},"query-input":{"@type":"PropertyValueSpecification","valueRequired":true,"valueName":"search_term_string"}}],"inLanguage":"pt-BR"},{"@type":"Person","@id":"https:\/\/www.gaveanews.com\/#\/schema\/person\/daf63eec72e1164eb13dc35096c2b8da","name":"Paula Silva","image":{"@type":"ImageObject","inLanguage":"pt-BR","@id":"https:\/\/www.gaveanews.com\/#\/schema\/person\/image\/","url":"https:\/\/secure.gravatar.com\/avatar\/eda381c845527cc5d64c13b901833cda29d97500ba040d3e6461f76f51d163bb?s=96&d=mm&r=g","contentUrl":"https:\/\/secure.gravatar.com\/avatar\/eda381c845527cc5d64c13b901833cda29d97500ba040d3e6461f76f51d163bb?s=96&d=mm&r=g","caption":"Paula Silva"}}]}},"_links":{"self":[{"href":"https:\/\/www.gaveanews.com\/index.php\/wp-json\/wp\/v2\/posts\/263113","targetHints":{"allow":["GET"]}}],"collection":[{"href":"https:\/\/www.gaveanews.com\/index.php\/wp-json\/wp\/v2\/posts"}],"about":[{"href":"https:\/\/www.gaveanews.com\/index.php\/wp-json\/wp\/v2\/types\/post"}],"author":[{"embeddable":true,"href":"https:\/\/www.gaveanews.com\/index.php\/wp-json\/wp\/v2\/users\/18"}],"replies":[{"embeddable":true,"href":"https:\/\/www.gaveanews.com\/index.php\/wp-json\/wp\/v2\/comments?post=263113"}],"version-history":[{"count":1,"href":"https:\/\/www.gaveanews.com\/index.php\/wp-json\/wp\/v2\/posts\/263113\/revisions"}],"predecessor-version":[{"id":263116,"href":"https:\/\/www.gaveanews.com\/index.php\/wp-json\/wp\/v2\/posts\/263113\/revisions\/263116"}],"wp:featuredmedia":[{"embeddable":true,"href":"https:\/\/www.gaveanews.com\/index.php\/wp-json\/wp\/v2\/media\/154272"}],"wp:attachment":[{"href":"https:\/\/www.gaveanews.com\/index.php\/wp-json\/wp\/v2\/media?parent=263113"}],"wp:term":[{"taxonomy":"category","embeddable":true,"href":"https:\/\/www.gaveanews.com\/index.php\/wp-json\/wp\/v2\/categories?post=263113"},{"taxonomy":"post_tag","embeddable":true,"href":"https:\/\/www.gaveanews.com\/index.php\/wp-json\/wp\/v2\/tags?post=263113"}],"curies":[{"name":"wp","href":"https:\/\/api.w.org\/{rel}","templated":true}]}}