{"id":263133,"date":"2025-05-12T23:05:00","date_gmt":"2025-05-13T02:05:00","guid":{"rendered":"https:\/\/www.gaveanews.com\/?p=263133"},"modified":"2025-05-12T19:51:49","modified_gmt":"2025-05-12T22:51:49","slug":"ancelotti-do-real-madrid-marca-data-de-entrevista-para-falar-sobre-futuro-da-carreira-brasil-sera-assunto","status":"publish","type":"post","link":"https:\/\/www.gaveanews.com\/index.php\/2025\/05\/12\/ancelotti-do-real-madrid-marca-data-de-entrevista-para-falar-sobre-futuro-da-carreira-brasil-sera-assunto\/","title":{"rendered":"Ancelotti, do Real Madrid, marca data de entrevista para falar sobre futuro da carreira; Brasil ser\u00e1 assunto"},"content":{"rendered":"\n<p>O t\u00e9cnico Carlo Ancelotti participar\u00e1 de uma entrevista coletiva nesta ter\u00e7a-feira (13), em Madrid, v\u00e9spera do confronto entre Real Madrid e Mallorca, pelo Campeonato Espanhol. A coletiva est\u00e1 marcada para as 6h (hor\u00e1rio de Bras\u00edlia), no centro de treinamento de Valdebebas. A expectativa \u00e9 de que o treinador comente, pela primeira vez, sua futura atua\u00e7\u00e3o \u00e0 frente da sele\u00e7\u00e3o brasileira, ap\u00f3s o an\u00fancio oficial feito pela CBF.<\/p>\n\n\n\n<p>Embora a entidade brasileira j\u00e1 tenha confirmado sua contrata\u00e7\u00e3o, nem Ancelotti nem o Real Madrid se manifestaram publicamente sobre a mudan\u00e7a at\u00e9 o momento. Segundo informa\u00e7\u00f5es, o clube espanhol n\u00e3o indicou qualquer despedida oficial nesta ter\u00e7a, mas a movimenta\u00e7\u00e3o da CBF intensificou a especula\u00e7\u00e3o. Conforme o cronograma, a imprensa poder\u00e1 acompanhar os primeiros 15 minutos do treino da equipe merengue.<\/p>\n\n\n\n<p>Ali\u00e1s, integrantes da comiss\u00e3o t\u00e9cnica do Real Madrid, como o analista de dados Simone Montanaro, j\u00e1 deram sinais de despedida nas redes sociais. Apesar disso, Ancelotti segue com contrato vigente com o clube espanhol at\u00e9 30 de junho de 2026, e n\u00e3o houve nenhuma confirma\u00e7\u00e3o de rescis\u00e3o contratual at\u00e9 agora.<\/p>\n\n\n\n<p>De acordo com a CBF, Ancelotti assumir\u00e1 o comando da sele\u00e7\u00e3o na pr\u00f3xima data Fifa, quando o Brasil enfrentar\u00e1 Equador e Paraguai pelas Eliminat\u00f3rias da Copa do Mundo. A equipe ocupa atualmente a quarta coloca\u00e7\u00e3o na tabela, com 21 pontos. A previs\u00e3o \u00e9 de que o t\u00e9cnico desembarque no Brasil em 26 de maio.<\/p>\n\n\n\n<p>O Real Madrid vem de uma derrota por 4 a 3 para o Barcelona, no \u00faltimo fim de semana, resultado que manteve a equipe com 75 pontos. O cl\u00e1ssico deixou os merengues sete pontos atr\u00e1s do l\u00edder, com apenas tr\u00eas rodadas restantes no campeonato.<\/p>\n\n\n\n<p>Com o an\u00fancio, Ancelotti se tornar\u00e1 o quarto t\u00e9cnico estrangeiro a comandar a sele\u00e7\u00e3o brasileira, algo que n\u00e3o ocorria desde experi\u00eancias pontuais no s\u00e9culo passado.<\/p>\n","protected":false},"excerpt":{"rendered":"<p>O t\u00e9cnico Carlo Ancelotti participar\u00e1 de uma entrevista coletiva nesta ter\u00e7a-feira (13), em Madrid, v\u00e9spera do confronto entre Real Madrid e Mallorca, pelo Campeonato Espanhol. A coletiva est\u00e1 marcada para as 6h (hor\u00e1rio de Bras\u00edlia), no centro de treinamento de Valdebebas. A expectativa \u00e9 de que o treinador comente, pela primeira vez, sua futura atua\u00e7\u00e3o [&hellip;]<\/p>\n","protected":false},"author":18,"featured_media":119629,"comment_status":"open","ping_status":"closed","sticky":false,"template":"","format":"standard","meta":{"footnotes":""},"categories":[478,88,477],"tags":[],"class_list":["post-263133","post","type-post","status-publish","format-standard","has-post-thumbnail","hentry","category-brasil","category-real-madrid","category-selecoes"],"yoast_head":"<!-- This site is optimized with the Yoast SEO Premium plugin v24.2 (Yoast SEO v26.9) - https:\/\/yoast.com\/product\/yoast-seo-premium-wordpress\/ -->\n<title>Ancelotti, do Real Madrid, marca data de entrevista para falar sobre futuro da carreira; Brasil ser\u00e1 assunto<\/title>\n<meta name=\"robots\" content=\"index, follow, max-snippet:-1, max-image-preview:large, max-video-preview:-1\" \/>\n<link rel=\"canonical\" href=\"https:\/\/www.gaveanews.com\/index.php\/2025\/05\/12\/ancelotti-do-real-madrid-marca-data-de-entrevista-para-falar-sobre-futuro-da-carreira-brasil-sera-assunto\/\" \/>\n<meta property=\"og:locale\" content=\"pt_BR\" \/>\n<meta property=\"og:type\" content=\"article\" \/>\n<meta property=\"og:title\" content=\"Ancelotti, do Real Madrid, marca data de entrevista para falar sobre futuro da carreira; Brasil ser\u00e1 assunto\" \/>\n<meta property=\"og:description\" content=\"O t\u00e9cnico Carlo Ancelotti participar\u00e1 de uma entrevista coletiva nesta ter\u00e7a-feira (13), em Madrid, v\u00e9spera do confronto entre Real Madrid e Mallorca, pelo Campeonato Espanhol. A coletiva est\u00e1 marcada para as 6h (hor\u00e1rio de Bras\u00edlia), no centro de treinamento de Valdebebas. A expectativa \u00e9 de que o treinador comente, pela primeira vez, sua futura atua\u00e7\u00e3o [&hellip;]\" \/>\n<meta property=\"og:url\" content=\"https:\/\/www.gaveanews.com\/index.php\/2025\/05\/12\/ancelotti-do-real-madrid-marca-data-de-entrevista-para-falar-sobre-futuro-da-carreira-brasil-sera-assunto\/\" \/>\n<meta property=\"og:site_name\" content=\"G\u00e1vea News\" \/>\n<meta property=\"article:publisher\" content=\"https:\/\/facebook.com\/gaveaNews\/\" \/>\n<meta property=\"article:published_time\" content=\"2025-05-13T02:05:00+00:00\" \/>\n<meta property=\"og:image\" content=\"https:\/\/www.gaveanews.com\/wp-content\/uploads\/2023-04-29t184531z-1598421574-up1ej4t1g3tth-rtrmadp-3-soccer-spain-mad-uda-report.webp\" \/>\n\t<meta property=\"og:image:width\" content=\"984\" \/>\n\t<meta property=\"og:image:height\" content=\"678\" \/>\n\t<meta property=\"og:image:type\" content=\"image\/webp\" \/>\n<meta name=\"author\" content=\"Paula Silva\" \/>\n<meta name=\"twitter:card\" content=\"summary_large_image\" \/>\n<meta name=\"twitter:label1\" content=\"Escrito por\" \/>\n\t<meta name=\"twitter:data1\" content=\"Paula Silva\" \/>\n\t<meta name=\"twitter:label2\" content=\"Est. tempo de leitura\" \/>\n\t<meta name=\"twitter:data2\" content=\"2 minutos\" \/>\n<script type=\"application\/ld+json\" class=\"yoast-schema-graph\">{\"@context\":\"https:\/\/schema.org\",\"@graph\":[{\"@type\":\"NewsArticle\",\"@id\":\"https:\/\/www.gaveanews.com\/index.php\/2025\/05\/12\/ancelotti-do-real-madrid-marca-data-de-entrevista-para-falar-sobre-futuro-da-carreira-brasil-sera-assunto\/#article\",\"isPartOf\":{\"@id\":\"https:\/\/www.gaveanews.com\/index.php\/2025\/05\/12\/ancelotti-do-real-madrid-marca-data-de-entrevista-para-falar-sobre-futuro-da-carreira-brasil-sera-assunto\/\"},\"author\":{\"name\":\"Paula Silva\",\"@id\":\"https:\/\/www.gaveanews.com\/#\/schema\/person\/daf63eec72e1164eb13dc35096c2b8da\"},\"headline\":\"Ancelotti, do Real Madrid, marca data de entrevista para falar sobre futuro da carreira; Brasil ser\u00e1 assunto\",\"datePublished\":\"2025-05-13T02:05:00+00:00\",\"mainEntityOfPage\":{\"@id\":\"https:\/\/www.gaveanews.com\/index.php\/2025\/05\/12\/ancelotti-do-real-madrid-marca-data-de-entrevista-para-falar-sobre-futuro-da-carreira-brasil-sera-assunto\/\"},\"wordCount\":343,\"commentCount\":0,\"image\":{\"@id\":\"https:\/\/www.gaveanews.com\/index.php\/2025\/05\/12\/ancelotti-do-real-madrid-marca-data-de-entrevista-para-falar-sobre-futuro-da-carreira-brasil-sera-assunto\/#primaryimage\"},\"thumbnailUrl\":\"https:\/\/www.gaveanews.com\/wp-content\/uploads\/2023-04-29t184531z-1598421574-up1ej4t1g3tth-rtrmadp-3-soccer-spain-mad-uda-report.webp\",\"articleSection\":[\"Brasil\",\"Real Madrid\",\"Sele\u00e7\u00f5es\"],\"inLanguage\":\"pt-BR\",\"potentialAction\":[{\"@type\":\"CommentAction\",\"name\":\"Comment\",\"target\":[\"https:\/\/www.gaveanews.com\/index.php\/2025\/05\/12\/ancelotti-do-real-madrid-marca-data-de-entrevista-para-falar-sobre-futuro-da-carreira-brasil-sera-assunto\/#respond\"]}],\"copyrightYear\":\"2025\",\"copyrightHolder\":{\"@id\":\"https:\/\/www.gaveanews.com\/#organization\"}},{\"@type\":\"WebPage\",\"@id\":\"https:\/\/www.gaveanews.com\/index.php\/2025\/05\/12\/ancelotti-do-real-madrid-marca-data-de-entrevista-para-falar-sobre-futuro-da-carreira-brasil-sera-assunto\/\",\"url\":\"https:\/\/www.gaveanews.com\/index.php\/2025\/05\/12\/ancelotti-do-real-madrid-marca-data-de-entrevista-para-falar-sobre-futuro-da-carreira-brasil-sera-assunto\/\",\"name\":\"Ancelotti, do Real Madrid, marca data de entrevista para falar sobre futuro da carreira; Brasil ser\u00e1 assunto\",\"isPartOf\":{\"@id\":\"https:\/\/www.gaveanews.com\/#website\"},\"primaryImageOfPage\":{\"@id\":\"https:\/\/www.gaveanews.com\/index.php\/2025\/05\/12\/ancelotti-do-real-madrid-marca-data-de-entrevista-para-falar-sobre-futuro-da-carreira-brasil-sera-assunto\/#primaryimage\"},\"image\":{\"@id\":\"https:\/\/www.gaveanews.com\/index.php\/2025\/05\/12\/ancelotti-do-real-madrid-marca-data-de-entrevista-para-falar-sobre-futuro-da-carreira-brasil-sera-assunto\/#primaryimage\"},\"thumbnailUrl\":\"https:\/\/www.gaveanews.com\/wp-content\/uploads\/2023-04-29t184531z-1598421574-up1ej4t1g3tth-rtrmadp-3-soccer-spain-mad-uda-report.webp\",\"datePublished\":\"2025-05-13T02:05:00+00:00\",\"author\":{\"@id\":\"https:\/\/www.gaveanews.com\/#\/schema\/person\/daf63eec72e1164eb13dc35096c2b8da\"},\"breadcrumb\":{\"@id\":\"https:\/\/www.gaveanews.com\/index.php\/2025\/05\/12\/ancelotti-do-real-madrid-marca-data-de-entrevista-para-falar-sobre-futuro-da-carreira-brasil-sera-assunto\/#breadcrumb\"},\"inLanguage\":\"pt-BR\",\"potentialAction\":[{\"@type\":\"ReadAction\",\"target\":[\"https:\/\/www.gaveanews.com\/index.php\/2025\/05\/12\/ancelotti-do-real-madrid-marca-data-de-entrevista-para-falar-sobre-futuro-da-carreira-brasil-sera-assunto\/\"]}]},{\"@type\":\"ImageObject\",\"inLanguage\":\"pt-BR\",\"@id\":\"https:\/\/www.gaveanews.com\/index.php\/2025\/05\/12\/ancelotti-do-real-madrid-marca-data-de-entrevista-para-falar-sobre-futuro-da-carreira-brasil-sera-assunto\/#primaryimage\",\"url\":\"https:\/\/www.gaveanews.com\/wp-content\/uploads\/2023-04-29t184531z-1598421574-up1ej4t1g3tth-rtrmadp-3-soccer-spain-mad-uda-report.webp\",\"contentUrl\":\"https:\/\/www.gaveanews.com\/wp-content\/uploads\/2023-04-29t184531z-1598421574-up1ej4t1g3tth-rtrmadp-3-soccer-spain-mad-uda-report.webp\",\"width\":984,\"height\":678,\"caption\":\"Carlo Ancelotti, t\u00e9cnico do Real Madrid (Foto: Reuters)\"},{\"@type\":\"BreadcrumbList\",\"@id\":\"https:\/\/www.gaveanews.com\/index.php\/2025\/05\/12\/ancelotti-do-real-madrid-marca-data-de-entrevista-para-falar-sobre-futuro-da-carreira-brasil-sera-assunto\/#breadcrumb\",\"itemListElement\":[{\"@type\":\"ListItem\",\"position\":1,\"name\":\"Home\",\"item\":\"https:\/\/www.gaveanews.com\/\"},{\"@type\":\"ListItem\",\"position\":2,\"name\":\"Ancelotti, do Real Madrid, marca data de entrevista para falar sobre futuro da carreira; Brasil ser\u00e1 assunto\"}]},{\"@type\":\"WebSite\",\"@id\":\"https:\/\/www.gaveanews.com\/#website\",\"url\":\"https:\/\/www.gaveanews.com\/\",\"name\":\"G\u00e1vea News\",\"description\":\"Veja todas as not\u00edcias sobre o Flamengo: Contrata\u00e7\u00f5es, categorias de base, resultados das partidas, tabela de classifica\u00e7\u00e3o, pr\u00f3ximos jogos!\",\"potentialAction\":[{\"@type\":\"SearchAction\",\"target\":{\"@type\":\"EntryPoint\",\"urlTemplate\":\"https:\/\/www.gaveanews.com\/?s={search_term_string}\"},\"query-input\":{\"@type\":\"PropertyValueSpecification\",\"valueRequired\":true,\"valueName\":\"search_term_string\"}}],\"inLanguage\":\"pt-BR\"},{\"@type\":\"Person\",\"@id\":\"https:\/\/www.gaveanews.com\/#\/schema\/person\/daf63eec72e1164eb13dc35096c2b8da\",\"name\":\"Paula Silva\",\"image\":{\"@type\":\"ImageObject\",\"inLanguage\":\"pt-BR\",\"@id\":\"https:\/\/www.gaveanews.com\/#\/schema\/person\/image\/\",\"url\":\"https:\/\/secure.gravatar.com\/avatar\/eda381c845527cc5d64c13b901833cda29d97500ba040d3e6461f76f51d163bb?s=96&d=mm&r=g\",\"contentUrl\":\"https:\/\/secure.gravatar.com\/avatar\/eda381c845527cc5d64c13b901833cda29d97500ba040d3e6461f76f51d163bb?s=96&d=mm&r=g\",\"caption\":\"Paula Silva\"}}]}<\/script>\n<!-- \/ Yoast SEO Premium plugin. -->","yoast_head_json":{"title":"Ancelotti, do Real Madrid, marca data de entrevista para falar sobre futuro da carreira; Brasil ser\u00e1 assunto","robots":{"index":"index","follow":"follow","max-snippet":"max-snippet:-1","max-image-preview":"max-image-preview:large","max-video-preview":"max-video-preview:-1"},"canonical":"https:\/\/www.gaveanews.com\/index.php\/2025\/05\/12\/ancelotti-do-real-madrid-marca-data-de-entrevista-para-falar-sobre-futuro-da-carreira-brasil-sera-assunto\/","og_locale":"pt_BR","og_type":"article","og_title":"Ancelotti, do Real Madrid, marca data de entrevista para falar sobre futuro da carreira; Brasil ser\u00e1 assunto","og_description":"O t\u00e9cnico Carlo Ancelotti participar\u00e1 de uma entrevista coletiva nesta ter\u00e7a-feira (13), em Madrid, v\u00e9spera do confronto entre Real Madrid e Mallorca, pelo Campeonato Espanhol. A coletiva est\u00e1 marcada para as 6h (hor\u00e1rio de Bras\u00edlia), no centro de treinamento de Valdebebas. A expectativa \u00e9 de que o treinador comente, pela primeira vez, sua futura atua\u00e7\u00e3o [&hellip;]","og_url":"https:\/\/www.gaveanews.com\/index.php\/2025\/05\/12\/ancelotti-do-real-madrid-marca-data-de-entrevista-para-falar-sobre-futuro-da-carreira-brasil-sera-assunto\/","og_site_name":"G\u00e1vea News","article_publisher":"https:\/\/facebook.com\/gaveaNews\/","article_published_time":"2025-05-13T02:05:00+00:00","og_image":[{"width":984,"height":678,"url":"https:\/\/www.gaveanews.com\/wp-content\/uploads\/2023-04-29t184531z-1598421574-up1ej4t1g3tth-rtrmadp-3-soccer-spain-mad-uda-report.webp","type":"image\/webp"}],"author":"Paula Silva","twitter_card":"summary_large_image","twitter_misc":{"Escrito por":"Paula Silva","Est. tempo de leitura":"2 minutos"},"schema":{"@context":"https:\/\/schema.org","@graph":[{"@type":"NewsArticle","@id":"https:\/\/www.gaveanews.com\/index.php\/2025\/05\/12\/ancelotti-do-real-madrid-marca-data-de-entrevista-para-falar-sobre-futuro-da-carreira-brasil-sera-assunto\/#article","isPartOf":{"@id":"https:\/\/www.gaveanews.com\/index.php\/2025\/05\/12\/ancelotti-do-real-madrid-marca-data-de-entrevista-para-falar-sobre-futuro-da-carreira-brasil-sera-assunto\/"},"author":{"name":"Paula Silva","@id":"https:\/\/www.gaveanews.com\/#\/schema\/person\/daf63eec72e1164eb13dc35096c2b8da"},"headline":"Ancelotti, do Real Madrid, marca data de entrevista para falar sobre futuro da carreira; Brasil ser\u00e1 assunto","datePublished":"2025-05-13T02:05:00+00:00","mainEntityOfPage":{"@id":"https:\/\/www.gaveanews.com\/index.php\/2025\/05\/12\/ancelotti-do-real-madrid-marca-data-de-entrevista-para-falar-sobre-futuro-da-carreira-brasil-sera-assunto\/"},"wordCount":343,"commentCount":0,"image":{"@id":"https:\/\/www.gaveanews.com\/index.php\/2025\/05\/12\/ancelotti-do-real-madrid-marca-data-de-entrevista-para-falar-sobre-futuro-da-carreira-brasil-sera-assunto\/#primaryimage"},"thumbnailUrl":"https:\/\/www.gaveanews.com\/wp-content\/uploads\/2023-04-29t184531z-1598421574-up1ej4t1g3tth-rtrmadp-3-soccer-spain-mad-uda-report.webp","articleSection":["Brasil","Real Madrid","Sele\u00e7\u00f5es"],"inLanguage":"pt-BR","potentialAction":[{"@type":"CommentAction","name":"Comment","target":["https:\/\/www.gaveanews.com\/index.php\/2025\/05\/12\/ancelotti-do-real-madrid-marca-data-de-entrevista-para-falar-sobre-futuro-da-carreira-brasil-sera-assunto\/#respond"]}],"copyrightYear":"2025","copyrightHolder":{"@id":"https:\/\/www.gaveanews.com\/#organization"}},{"@type":"WebPage","@id":"https:\/\/www.gaveanews.com\/index.php\/2025\/05\/12\/ancelotti-do-real-madrid-marca-data-de-entrevista-para-falar-sobre-futuro-da-carreira-brasil-sera-assunto\/","url":"https:\/\/www.gaveanews.com\/index.php\/2025\/05\/12\/ancelotti-do-real-madrid-marca-data-de-entrevista-para-falar-sobre-futuro-da-carreira-brasil-sera-assunto\/","name":"Ancelotti, do Real Madrid, marca data de entrevista para falar sobre futuro da carreira; Brasil ser\u00e1 assunto","isPartOf":{"@id":"https:\/\/www.gaveanews.com\/#website"},"primaryImageOfPage":{"@id":"https:\/\/www.gaveanews.com\/index.php\/2025\/05\/12\/ancelotti-do-real-madrid-marca-data-de-entrevista-para-falar-sobre-futuro-da-carreira-brasil-sera-assunto\/#primaryimage"},"image":{"@id":"https:\/\/www.gaveanews.com\/index.php\/2025\/05\/12\/ancelotti-do-real-madrid-marca-data-de-entrevista-para-falar-sobre-futuro-da-carreira-brasil-sera-assunto\/#primaryimage"},"thumbnailUrl":"https:\/\/www.gaveanews.com\/wp-content\/uploads\/2023-04-29t184531z-1598421574-up1ej4t1g3tth-rtrmadp-3-soccer-spain-mad-uda-report.webp","datePublished":"2025-05-13T02:05:00+00:00","author":{"@id":"https:\/\/www.gaveanews.com\/#\/schema\/person\/daf63eec72e1164eb13dc35096c2b8da"},"breadcrumb":{"@id":"https:\/\/www.gaveanews.com\/index.php\/2025\/05\/12\/ancelotti-do-real-madrid-marca-data-de-entrevista-para-falar-sobre-futuro-da-carreira-brasil-sera-assunto\/#breadcrumb"},"inLanguage":"pt-BR","potentialAction":[{"@type":"ReadAction","target":["https:\/\/www.gaveanews.com\/index.php\/2025\/05\/12\/ancelotti-do-real-madrid-marca-data-de-entrevista-para-falar-sobre-futuro-da-carreira-brasil-sera-assunto\/"]}]},{"@type":"ImageObject","inLanguage":"pt-BR","@id":"https:\/\/www.gaveanews.com\/index.php\/2025\/05\/12\/ancelotti-do-real-madrid-marca-data-de-entrevista-para-falar-sobre-futuro-da-carreira-brasil-sera-assunto\/#primaryimage","url":"https:\/\/www.gaveanews.com\/wp-content\/uploads\/2023-04-29t184531z-1598421574-up1ej4t1g3tth-rtrmadp-3-soccer-spain-mad-uda-report.webp","contentUrl":"https:\/\/www.gaveanews.com\/wp-content\/uploads\/2023-04-29t184531z-1598421574-up1ej4t1g3tth-rtrmadp-3-soccer-spain-mad-uda-report.webp","width":984,"height":678,"caption":"Carlo Ancelotti, t\u00e9cnico do Real Madrid (Foto: Reuters)"},{"@type":"BreadcrumbList","@id":"https:\/\/www.gaveanews.com\/index.php\/2025\/05\/12\/ancelotti-do-real-madrid-marca-data-de-entrevista-para-falar-sobre-futuro-da-carreira-brasil-sera-assunto\/#breadcrumb","itemListElement":[{"@type":"ListItem","position":1,"name":"Home","item":"https:\/\/www.gaveanews.com\/"},{"@type":"ListItem","position":2,"name":"Ancelotti, do Real Madrid, marca data de entrevista para falar sobre futuro da carreira; Brasil ser\u00e1 assunto"}]},{"@type":"WebSite","@id":"https:\/\/www.gaveanews.com\/#website","url":"https:\/\/www.gaveanews.com\/","name":"G\u00e1vea News","description":"Veja todas as not\u00edcias sobre o Flamengo: Contrata\u00e7\u00f5es, categorias de base, resultados das partidas, tabela de classifica\u00e7\u00e3o, pr\u00f3ximos jogos!","potentialAction":[{"@type":"SearchAction","target":{"@type":"EntryPoint","urlTemplate":"https:\/\/www.gaveanews.com\/?s={search_term_string}"},"query-input":{"@type":"PropertyValueSpecification","valueRequired":true,"valueName":"search_term_string"}}],"inLanguage":"pt-BR"},{"@type":"Person","@id":"https:\/\/www.gaveanews.com\/#\/schema\/person\/daf63eec72e1164eb13dc35096c2b8da","name":"Paula Silva","image":{"@type":"ImageObject","inLanguage":"pt-BR","@id":"https:\/\/www.gaveanews.com\/#\/schema\/person\/image\/","url":"https:\/\/secure.gravatar.com\/avatar\/eda381c845527cc5d64c13b901833cda29d97500ba040d3e6461f76f51d163bb?s=96&d=mm&r=g","contentUrl":"https:\/\/secure.gravatar.com\/avatar\/eda381c845527cc5d64c13b901833cda29d97500ba040d3e6461f76f51d163bb?s=96&d=mm&r=g","caption":"Paula Silva"}}]}},"_links":{"self":[{"href":"https:\/\/www.gaveanews.com\/index.php\/wp-json\/wp\/v2\/posts\/263133","targetHints":{"allow":["GET"]}}],"collection":[{"href":"https:\/\/www.gaveanews.com\/index.php\/wp-json\/wp\/v2\/posts"}],"about":[{"href":"https:\/\/www.gaveanews.com\/index.php\/wp-json\/wp\/v2\/types\/post"}],"author":[{"embeddable":true,"href":"https:\/\/www.gaveanews.com\/index.php\/wp-json\/wp\/v2\/users\/18"}],"replies":[{"embeddable":true,"href":"https:\/\/www.gaveanews.com\/index.php\/wp-json\/wp\/v2\/comments?post=263133"}],"version-history":[{"count":1,"href":"https:\/\/www.gaveanews.com\/index.php\/wp-json\/wp\/v2\/posts\/263133\/revisions"}],"predecessor-version":[{"id":263134,"href":"https:\/\/www.gaveanews.com\/index.php\/wp-json\/wp\/v2\/posts\/263133\/revisions\/263134"}],"wp:featuredmedia":[{"embeddable":true,"href":"https:\/\/www.gaveanews.com\/index.php\/wp-json\/wp\/v2\/media\/119629"}],"wp:attachment":[{"href":"https:\/\/www.gaveanews.com\/index.php\/wp-json\/wp\/v2\/media?parent=263133"}],"wp:term":[{"taxonomy":"category","embeddable":true,"href":"https:\/\/www.gaveanews.com\/index.php\/wp-json\/wp\/v2\/categories?post=263133"},{"taxonomy":"post_tag","embeddable":true,"href":"https:\/\/www.gaveanews.com\/index.php\/wp-json\/wp\/v2\/tags?post=263133"}],"curies":[{"name":"wp","href":"https:\/\/api.w.org\/{rel}","templated":true}]}}