{"id":263152,"date":"2025-05-13T04:50:00","date_gmt":"2025-05-13T07:50:00","guid":{"rendered":"https:\/\/www.gaveanews.com\/?p=263152"},"modified":"2025-05-13T01:01:55","modified_gmt":"2025-05-13T04:01:55","slug":"quantia-milionaria-por-joao-felix-recado-para-danilo-e-declaracao-de-rogerio-ceni-as-ultimas-noticias-do-flamengo","status":"publish","type":"post","link":"https:\/\/www.gaveanews.com\/index.php\/2025\/05\/13\/quantia-milionaria-por-joao-felix-recado-para-danilo-e-declaracao-de-rogerio-ceni-as-ultimas-noticias-do-flamengo\/","title":{"rendered":"Quantia milion\u00e1ria por Jo\u00e3o F\u00e9lix, recado para Danilo e declara\u00e7\u00e3o de Rog\u00e9rio Ceni: as \u00faltimas not\u00edcias do Flamengo"},"content":{"rendered":"\n<p>Nas \u00faltimas horas, o foco das not\u00edcias sobre o Flamengo se concentram nos bastidores do clube, com destaques do dia a dia do time.<\/p>\n\n\n\n<p>Por conta deste contexto, leia abaixo um resumo preparado pela equipe do portal G\u00e1vea News para lhe manter muito bem informado!<\/p>\n\n\n\n<div class=\"wp-block-group\"><div class=\"wp-block-group__inner-container is-layout-constrained wp-block-group-is-layout-constrained\">\n<div class=\"wp-block-group\"><div class=\"wp-block-group__inner-container is-layout-constrained wp-block-group-is-layout-constrained\">\n<h2 class=\"wp-block-heading\" id=\"h-declaracao-de-rogerio-ceni\">Declara\u00e7\u00e3o de Rog\u00e9rio Ceni<\/h2>\n\n\n\n<p>Rog\u00e9rio Ceni se prepara para um reencontro especial contra o Flamengo no pr\u00f3ximo s\u00e1bado (10), \u00e0s 21h30, no Maracan\u00e3, pela oitava rodada do Brasileir\u00e3o. O duelo ocorre em um momento delicado para o Bahia, que vem de uma derrota para o Nacional-URU na Libertadores, aumentando a press\u00e3o sobre o time. Ceni demonstrou preocupa\u00e7\u00e3o com o desgaste f\u00edsico e mental de seus jogadores, afirmando que pode n\u00e3o utilizar for\u00e7a m\u00e1xima contra o Rubro-Negro <strong><a href=\"https:\/\/www.gaveanews.com\/index.php\/2025\/05\/08\/a-declaracao-de-rogerio-ceni-do-bahia-direcionada-ao-flamengo\/\">(leia a mat\u00e9ria completa).<\/a><\/strong><\/p>\n\n\n\n<figure class=\"wp-block-image size-full\"><img loading=\"lazy\" decoding=\"async\" width=\"888\" height=\"538\" src=\"http:\/\/www.gaveanews.com\/wp-content\/uploads\/Rogerio-Ceni-treino-Bahia.webp\" alt=\"\" class=\"wp-image-251413\"\/><figcaption class=\"wp-element-caption\">Rog\u00e9rio Ceni treino Bahia (Fotos: Let\u00edcia Martins \/ EC Bahia)<\/figcaption><\/figure>\n\n\n\n<p>Para contornar os desafios da maratona de competi\u00e7\u00f5es, o treinador defendeu a estrat\u00e9gia de rod\u00edzio no elenco, ressaltando a import\u00e2ncia de preservar os atletas para evitar les\u00f5es. Em 15 confrontos como t\u00e9cnico contra o Flamengo, Ceni ainda n\u00e3o conseguiu vencer, mas mostrou confian\u00e7a em quebrar esse tabu no Maracan\u00e3. Ele tamb\u00e9m relembrou a rela\u00e7\u00e3o pr\u00f3xima com Filipe Lu\u00eds, destacando o aprendizado m\u00fatuo e as conquistas juntos em 2020, quando foram campe\u00f5es do Brasileir\u00e3o e da Supercopa do Brasil.<\/p>\n\n\n\n<p>O confronto promete emo\u00e7\u00f5es, com o Bahia buscando se reerguer no campeonato e Ceni tentando alcan\u00e7ar sua primeira vit\u00f3ria contra o ex-clube. Enquanto isso, o desgaste f\u00edsico dos jogadores e a press\u00e3o por resultados s\u00e3o os principais desafios para o Esquadr\u00e3o de A\u00e7o, que espera mudar o hist\u00f3rico diante do Flamengo e retomar o caminho das vit\u00f3rias.<\/p>\n\n\n\n<h2 class=\"wp-block-heading\" id=\"h-recado-para-danilo\">Recado para Danilo<\/h2>\n\n\n\n<p>O Flamengo empatou em 1 a 1 com o Central C\u00f3rdoba pela quarta rodada do Grupo C da Copa Libertadores, complicando sua situa\u00e7\u00e3o na competi\u00e7\u00e3o. A equipe precisar\u00e1 vencer os dois \u00faltimos confrontos para manter chances de classifica\u00e7\u00e3o.<strong><a href=\"https:\/\/www.gaveanews.com\/index.php\/2025\/05\/08\/filipe-luis-e-sincero-ao-falar-sobre-danilo-do-flamengo\/\"> (leia a mat\u00e9ria completa)<\/a><\/strong><\/p>\n\n\n\n<figure class=\"wp-block-image size-full\"><img loading=\"lazy\" decoding=\"async\" width=\"622\" height=\"519\" src=\"http:\/\/www.gaveanews.com\/wp-content\/uploads\/Danilo-pelo-Flamengo.webp\" alt=\"\" class=\"wp-image-222093\"\/><figcaption class=\"wp-element-caption\">Danilo pelo Flamengo (Foto: Divulga\u00e7\u00e3o\/Flamengo)<\/figcaption><\/figure>\n\n\n\n<p>Um dos destaques do jogo foi a escolha de Danilo como titular, algo comentado por Filipe Lu\u00eds em entrevista. O t\u00e9cnico elogiou o desempenho do atleta, destacando sua import\u00e2ncia para o time e justificando a escolha por sua capacidade t\u00e9cnica e lideran\u00e7a em campo. Segundo Filipe Lu\u00eds, Danilo apresentou um bom rendimento, atendendo \u00e0s expectativas para o confronto decisivo.<\/p>\n\n\n\n<p>A partida iniciou com o Flamengo dominando a posse de bola, o que resultou em um gol de Arrascaeta aos 9 minutos, ap\u00f3s assist\u00eancia de Gerson. Contudo, o rubro-negro n\u00e3o conseguiu sustentar o ritmo e sofreu press\u00e3o do advers\u00e1rio. Aos 15 minutos do segundo tempo, o Central C\u00f3rdoba empatou com um gol de Ver\u00f3n, frustrando os planos do Flamengo. Arrascaeta ainda teve chance de ampliar o placar, mas desperdi\u00e7ou, o que gerou cr\u00edticas nas redes sociais sobre a falta de efici\u00eancia do time em momentos decisivos.<\/p>\n\n\n\n<p>Com o resultado, o Flamengo se v\u00ea pressionado para os pr\u00f3ximos jogos, precisando de vit\u00f3rias para buscar a classifica\u00e7\u00e3o no grupo. A declara\u00e7\u00e3o de Filipe Lu\u00eds evidencia a confian\u00e7a nos atletas, mas tamb\u00e9m deixa claro que o desempenho da equipe precisa evoluir para superar os desafios restantes da fase de grupos. A situa\u00e7\u00e3o acende um alerta sobre a necessidade de maior consist\u00eancia e aproveitamento das oportunidades para evitar novos trope\u00e7os na competi\u00e7\u00e3o.<\/p>\n\n\n\n<h2 class=\"wp-block-heading\" id=\"h-quantia-milionaria-por-joao-felix\">Quantia milion\u00e1ria por Jo\u00e3o F\u00e9lix<\/h2>\n\n\n\n<p>O Flamengo est\u00e1 em negocia\u00e7\u00f5es avan\u00e7adas para a contrata\u00e7\u00e3o do atacante portugu\u00eas Jo\u00e3o F\u00e9lix, atualmente vinculado ao Chelsea e emprestado ao Milan. As conversas s\u00e3o conduzidas por Jos\u00e9 Boto, representante do Flamengo, que mant\u00e9m contato direto com os empres\u00e1rios do jogador para viabilizar o acordo. A proposta rubro-negra envolve um empr\u00e9stimo com divis\u00e3o salarial entre as partes, e o clube estaria disposto a desembolsar at\u00e9 R$ 2 milh\u00f5es por m\u00eas para contar com o jogador em seu elenco<strong><a href=\"https:\/\/www.gaveanews.com\/index.php\/2025\/05\/08\/flamengo-aceita-pagar-quantia-milionaria-para-contratar-joao-felix\/\"> (leia a mat\u00e9ria completa).<\/a><\/strong><\/p>\n\n\n\n<figure class=\"wp-block-image size-large\"><img loading=\"lazy\" decoding=\"async\" width=\"1024\" height=\"576\" src=\"http:\/\/www.gaveanews.com\/wp-content\/uploads\/Futebol-e-dinheiro-1-1024x576.webp\" alt=\"\" class=\"wp-image-167418\" srcset=\"https:\/\/www.gaveanews.com\/wp-content\/uploads\/Futebol-e-dinheiro-1-1024x576.webp 1024w, https:\/\/www.gaveanews.com\/wp-content\/uploads\/Futebol-e-dinheiro-1-300x169.webp 300w, https:\/\/www.gaveanews.com\/wp-content\/uploads\/Futebol-e-dinheiro-1-768x432.webp 768w, https:\/\/www.gaveanews.com\/wp-content\/uploads\/Futebol-e-dinheiro-1-747x420.webp 747w, https:\/\/www.gaveanews.com\/wp-content\/uploads\/Futebol-e-dinheiro-1-640x360.webp 640w, https:\/\/www.gaveanews.com\/wp-content\/uploads\/Futebol-e-dinheiro-1-681x383.webp 681w, https:\/\/www.gaveanews.com\/wp-content\/uploads\/Futebol-e-dinheiro-1-100x56.webp 100w, https:\/\/www.gaveanews.com\/wp-content\/uploads\/Futebol-e-dinheiro-1.webp 1280w\" sizes=\"auto, (max-width: 1024px) 100vw, 1024px\" \/><figcaption class=\"wp-element-caption\">Futebol e dinheiro (Imagem: Editoria de arte\/G\u00e1vea News\/Henrique Machado)<\/figcaption><\/figure>\n\n\n\n<p>Jo\u00e3o F\u00e9lix, revelado pelo Benfica, destacou-se rapidamente nas categorias de base e foi contratado pelo Atl\u00e9tico de Madrid como uma grande promessa. Apesar do investimento milion\u00e1rio, n\u00e3o conseguiu se firmar como titular absoluto no clube espanhol, passando posteriormente por empr\u00e9stimos ao Barcelona e, mais recentemente, ao Milan. No time italiano, o atacante n\u00e3o teve o protagonismo esperado, o que abriu espa\u00e7o para o Flamengo tentar um acerto.<\/p>\n\n\n\n<p>Caso a negocia\u00e7\u00e3o seja concretizada, Jo\u00e3o F\u00e9lix representaria um grande refor\u00e7o para o elenco do Flamengo, elevando o n\u00edvel t\u00e9cnico do time, especialmente para competi\u00e7\u00f5es internacionais. O Flamengo segue confiante em um desfecho positivo, dependendo apenas do aval do Chelsea para sacramentar a transfer\u00eancia. As pr\u00f3ximas semanas ser\u00e3o decisivas para o avan\u00e7o da negocia\u00e7\u00e3o, enquanto o clube carioca mant\u00e9m cautela e otimismo em rela\u00e7\u00e3o ao acordo.<\/p>\n<\/div><\/div>\n<\/div><\/div>\n","protected":false},"excerpt":{"rendered":"<p>Nas \u00faltimas horas, o foco das not\u00edcias sobre o Flamengo se concentram nos bastidores do clube, com destaques do dia a dia do time. Por conta deste contexto, leia abaixo um resumo preparado pela equipe do portal G\u00e1vea News para lhe manter muito bem informado! Declara\u00e7\u00e3o de Rog\u00e9rio Ceni Rog\u00e9rio Ceni se prepara para um [&hellip;]<\/p>\n","protected":false},"author":33,"featured_media":124684,"comment_status":"open","ping_status":"closed","sticky":false,"template":"","format":"standard","meta":{"footnotes":""},"categories":[1],"tags":[],"class_list":["post-263152","post","type-post","status-publish","format-standard","has-post-thumbnail","hentry","category-flamengo"],"yoast_head":"<!-- This site is optimized with the Yoast SEO Premium plugin v24.2 (Yoast SEO v26.9) - https:\/\/yoast.com\/product\/yoast-seo-premium-wordpress\/ -->\n<title>Quantia milion\u00e1ria por Jo\u00e3o F\u00e9lix, recado para Danilo e declara\u00e7\u00e3o de Rog\u00e9rio Ceni: as \u00faltimas not\u00edcias do Flamengo<\/title>\n<meta name=\"robots\" content=\"index, follow, max-snippet:-1, max-image-preview:large, max-video-preview:-1\" \/>\n<link rel=\"canonical\" href=\"https:\/\/www.gaveanews.com\/index.php\/2025\/05\/13\/quantia-milionaria-por-joao-felix-recado-para-danilo-e-declaracao-de-rogerio-ceni-as-ultimas-noticias-do-flamengo\/\" \/>\n<meta property=\"og:locale\" content=\"pt_BR\" \/>\n<meta property=\"og:type\" content=\"article\" \/>\n<meta property=\"og:title\" content=\"Quantia milion\u00e1ria por Jo\u00e3o F\u00e9lix, recado para Danilo e declara\u00e7\u00e3o de Rog\u00e9rio Ceni: as \u00faltimas not\u00edcias do Flamengo\" \/>\n<meta property=\"og:description\" content=\"Nas \u00faltimas horas, o foco das not\u00edcias sobre o Flamengo se concentram nos bastidores do clube, com destaques do dia a dia do time. Por conta deste contexto, leia abaixo um resumo preparado pela equipe do portal G\u00e1vea News para lhe manter muito bem informado! Declara\u00e7\u00e3o de Rog\u00e9rio Ceni Rog\u00e9rio Ceni se prepara para um [&hellip;]\" \/>\n<meta property=\"og:url\" content=\"https:\/\/www.gaveanews.com\/index.php\/2025\/05\/13\/quantia-milionaria-por-joao-felix-recado-para-danilo-e-declaracao-de-rogerio-ceni-as-ultimas-noticias-do-flamengo\/\" \/>\n<meta property=\"og:site_name\" content=\"G\u00e1vea News\" \/>\n<meta property=\"article:publisher\" content=\"https:\/\/facebook.com\/gaveaNews\/\" \/>\n<meta property=\"article:published_time\" content=\"2025-05-13T07:50:00+00:00\" \/>\n<meta property=\"og:image\" content=\"https:\/\/www.gaveanews.com\/wp-content\/uploads\/escudoDoFlamengo.webp\" \/>\n\t<meta property=\"og:image:width\" content=\"1095\" \/>\n\t<meta property=\"og:image:height\" content=\"730\" \/>\n\t<meta property=\"og:image:type\" content=\"image\/webp\" \/>\n<meta name=\"author\" content=\"Brenda Cezillo\" \/>\n<meta name=\"twitter:card\" content=\"summary_large_image\" \/>\n<meta name=\"twitter:label1\" content=\"Escrito por\" \/>\n\t<meta name=\"twitter:data1\" content=\"Brenda Cezillo\" \/>\n\t<meta name=\"twitter:label2\" content=\"Est. tempo de leitura\" \/>\n\t<meta name=\"twitter:data2\" content=\"6 minutos\" \/>\n<script type=\"application\/ld+json\" class=\"yoast-schema-graph\">{\"@context\":\"https:\/\/schema.org\",\"@graph\":[{\"@type\":\"NewsArticle\",\"@id\":\"https:\/\/www.gaveanews.com\/index.php\/2025\/05\/13\/quantia-milionaria-por-joao-felix-recado-para-danilo-e-declaracao-de-rogerio-ceni-as-ultimas-noticias-do-flamengo\/#article\",\"isPartOf\":{\"@id\":\"https:\/\/www.gaveanews.com\/index.php\/2025\/05\/13\/quantia-milionaria-por-joao-felix-recado-para-danilo-e-declaracao-de-rogerio-ceni-as-ultimas-noticias-do-flamengo\/\"},\"author\":{\"name\":\"Brenda Cezillo\",\"@id\":\"https:\/\/www.gaveanews.com\/#\/schema\/person\/c79759ca337c40791ae8d08e2923d403\"},\"headline\":\"Quantia milion\u00e1ria por Jo\u00e3o F\u00e9lix, recado para Danilo e declara\u00e7\u00e3o de Rog\u00e9rio Ceni: as \u00faltimas not\u00edcias do Flamengo\",\"datePublished\":\"2025-05-13T07:50:00+00:00\",\"mainEntityOfPage\":{\"@id\":\"https:\/\/www.gaveanews.com\/index.php\/2025\/05\/13\/quantia-milionaria-por-joao-felix-recado-para-danilo-e-declaracao-de-rogerio-ceni-as-ultimas-noticias-do-flamengo\/\"},\"wordCount\":899,\"commentCount\":0,\"image\":{\"@id\":\"https:\/\/www.gaveanews.com\/index.php\/2025\/05\/13\/quantia-milionaria-por-joao-felix-recado-para-danilo-e-declaracao-de-rogerio-ceni-as-ultimas-noticias-do-flamengo\/#primaryimage\"},\"thumbnailUrl\":\"https:\/\/www.gaveanews.com\/wp-content\/uploads\/escudoDoFlamengo.webp\",\"articleSection\":[\"Flamengo\"],\"inLanguage\":\"pt-BR\",\"potentialAction\":[{\"@type\":\"CommentAction\",\"name\":\"Comment\",\"target\":[\"https:\/\/www.gaveanews.com\/index.php\/2025\/05\/13\/quantia-milionaria-por-joao-felix-recado-para-danilo-e-declaracao-de-rogerio-ceni-as-ultimas-noticias-do-flamengo\/#respond\"]}],\"copyrightYear\":\"2025\",\"copyrightHolder\":{\"@id\":\"https:\/\/www.gaveanews.com\/#organization\"}},{\"@type\":\"WebPage\",\"@id\":\"https:\/\/www.gaveanews.com\/index.php\/2025\/05\/13\/quantia-milionaria-por-joao-felix-recado-para-danilo-e-declaracao-de-rogerio-ceni-as-ultimas-noticias-do-flamengo\/\",\"url\":\"https:\/\/www.gaveanews.com\/index.php\/2025\/05\/13\/quantia-milionaria-por-joao-felix-recado-para-danilo-e-declaracao-de-rogerio-ceni-as-ultimas-noticias-do-flamengo\/\",\"name\":\"Quantia milion\u00e1ria por Jo\u00e3o F\u00e9lix, recado para Danilo e declara\u00e7\u00e3o de Rog\u00e9rio Ceni: as \u00faltimas not\u00edcias do Flamengo\",\"isPartOf\":{\"@id\":\"https:\/\/www.gaveanews.com\/#website\"},\"primaryImageOfPage\":{\"@id\":\"https:\/\/www.gaveanews.com\/index.php\/2025\/05\/13\/quantia-milionaria-por-joao-felix-recado-para-danilo-e-declaracao-de-rogerio-ceni-as-ultimas-noticias-do-flamengo\/#primaryimage\"},\"image\":{\"@id\":\"https:\/\/www.gaveanews.com\/index.php\/2025\/05\/13\/quantia-milionaria-por-joao-felix-recado-para-danilo-e-declaracao-de-rogerio-ceni-as-ultimas-noticias-do-flamengo\/#primaryimage\"},\"thumbnailUrl\":\"https:\/\/www.gaveanews.com\/wp-content\/uploads\/escudoDoFlamengo.webp\",\"datePublished\":\"2025-05-13T07:50:00+00:00\",\"author\":{\"@id\":\"https:\/\/www.gaveanews.com\/#\/schema\/person\/c79759ca337c40791ae8d08e2923d403\"},\"breadcrumb\":{\"@id\":\"https:\/\/www.gaveanews.com\/index.php\/2025\/05\/13\/quantia-milionaria-por-joao-felix-recado-para-danilo-e-declaracao-de-rogerio-ceni-as-ultimas-noticias-do-flamengo\/#breadcrumb\"},\"inLanguage\":\"pt-BR\",\"potentialAction\":[{\"@type\":\"ReadAction\",\"target\":[\"https:\/\/www.gaveanews.com\/index.php\/2025\/05\/13\/quantia-milionaria-por-joao-felix-recado-para-danilo-e-declaracao-de-rogerio-ceni-as-ultimas-noticias-do-flamengo\/\"]}]},{\"@type\":\"ImageObject\",\"inLanguage\":\"pt-BR\",\"@id\":\"https:\/\/www.gaveanews.com\/index.php\/2025\/05\/13\/quantia-milionaria-por-joao-felix-recado-para-danilo-e-declaracao-de-rogerio-ceni-as-ultimas-noticias-do-flamengo\/#primaryimage\",\"url\":\"https:\/\/www.gaveanews.com\/wp-content\/uploads\/escudoDoFlamengo.webp\",\"contentUrl\":\"https:\/\/www.gaveanews.com\/wp-content\/uploads\/escudoDoFlamengo.webp\",\"width\":1095,\"height\":730,\"caption\":\"Centro de treinamento do Flamengo (Foto: Reprodu\u00e7\u00e3o)\"},{\"@type\":\"BreadcrumbList\",\"@id\":\"https:\/\/www.gaveanews.com\/index.php\/2025\/05\/13\/quantia-milionaria-por-joao-felix-recado-para-danilo-e-declaracao-de-rogerio-ceni-as-ultimas-noticias-do-flamengo\/#breadcrumb\",\"itemListElement\":[{\"@type\":\"ListItem\",\"position\":1,\"name\":\"Home\",\"item\":\"https:\/\/www.gaveanews.com\/\"},{\"@type\":\"ListItem\",\"position\":2,\"name\":\"Quantia milion\u00e1ria por Jo\u00e3o F\u00e9lix, recado para Danilo e declara\u00e7\u00e3o de Rog\u00e9rio Ceni: as \u00faltimas not\u00edcias do Flamengo\"}]},{\"@type\":\"WebSite\",\"@id\":\"https:\/\/www.gaveanews.com\/#website\",\"url\":\"https:\/\/www.gaveanews.com\/\",\"name\":\"G\u00e1vea News\",\"description\":\"Veja todas as not\u00edcias sobre o Flamengo: Contrata\u00e7\u00f5es, categorias de base, resultados das partidas, tabela de classifica\u00e7\u00e3o, pr\u00f3ximos jogos!\",\"potentialAction\":[{\"@type\":\"SearchAction\",\"target\":{\"@type\":\"EntryPoint\",\"urlTemplate\":\"https:\/\/www.gaveanews.com\/?s={search_term_string}\"},\"query-input\":{\"@type\":\"PropertyValueSpecification\",\"valueRequired\":true,\"valueName\":\"search_term_string\"}}],\"inLanguage\":\"pt-BR\"},{\"@type\":\"Person\",\"@id\":\"https:\/\/www.gaveanews.com\/#\/schema\/person\/c79759ca337c40791ae8d08e2923d403\",\"name\":\"Brenda Cezillo\",\"image\":{\"@type\":\"ImageObject\",\"inLanguage\":\"pt-BR\",\"@id\":\"https:\/\/www.gaveanews.com\/#\/schema\/person\/image\/\",\"url\":\"https:\/\/secure.gravatar.com\/avatar\/1738d75cee7317f9c29ae61dd67620c5883d80a92e42a6fff88ae5d527af217a?s=96&d=mm&r=g\",\"contentUrl\":\"https:\/\/secure.gravatar.com\/avatar\/1738d75cee7317f9c29ae61dd67620c5883d80a92e42a6fff88ae5d527af217a?s=96&d=mm&r=g\",\"caption\":\"Brenda Cezillo\"}}]}<\/script>\n<!-- \/ Yoast SEO Premium plugin. -->","yoast_head_json":{"title":"Quantia milion\u00e1ria por Jo\u00e3o F\u00e9lix, recado para Danilo e declara\u00e7\u00e3o de Rog\u00e9rio Ceni: as \u00faltimas not\u00edcias do Flamengo","robots":{"index":"index","follow":"follow","max-snippet":"max-snippet:-1","max-image-preview":"max-image-preview:large","max-video-preview":"max-video-preview:-1"},"canonical":"https:\/\/www.gaveanews.com\/index.php\/2025\/05\/13\/quantia-milionaria-por-joao-felix-recado-para-danilo-e-declaracao-de-rogerio-ceni-as-ultimas-noticias-do-flamengo\/","og_locale":"pt_BR","og_type":"article","og_title":"Quantia milion\u00e1ria por Jo\u00e3o F\u00e9lix, recado para Danilo e declara\u00e7\u00e3o de Rog\u00e9rio Ceni: as \u00faltimas not\u00edcias do Flamengo","og_description":"Nas \u00faltimas horas, o foco das not\u00edcias sobre o Flamengo se concentram nos bastidores do clube, com destaques do dia a dia do time. Por conta deste contexto, leia abaixo um resumo preparado pela equipe do portal G\u00e1vea News para lhe manter muito bem informado! Declara\u00e7\u00e3o de Rog\u00e9rio Ceni Rog\u00e9rio Ceni se prepara para um [&hellip;]","og_url":"https:\/\/www.gaveanews.com\/index.php\/2025\/05\/13\/quantia-milionaria-por-joao-felix-recado-para-danilo-e-declaracao-de-rogerio-ceni-as-ultimas-noticias-do-flamengo\/","og_site_name":"G\u00e1vea News","article_publisher":"https:\/\/facebook.com\/gaveaNews\/","article_published_time":"2025-05-13T07:50:00+00:00","og_image":[{"width":1095,"height":730,"url":"https:\/\/www.gaveanews.com\/wp-content\/uploads\/escudoDoFlamengo.webp","type":"image\/webp"}],"author":"Brenda Cezillo","twitter_card":"summary_large_image","twitter_misc":{"Escrito por":"Brenda Cezillo","Est. tempo de leitura":"6 minutos"},"schema":{"@context":"https:\/\/schema.org","@graph":[{"@type":"NewsArticle","@id":"https:\/\/www.gaveanews.com\/index.php\/2025\/05\/13\/quantia-milionaria-por-joao-felix-recado-para-danilo-e-declaracao-de-rogerio-ceni-as-ultimas-noticias-do-flamengo\/#article","isPartOf":{"@id":"https:\/\/www.gaveanews.com\/index.php\/2025\/05\/13\/quantia-milionaria-por-joao-felix-recado-para-danilo-e-declaracao-de-rogerio-ceni-as-ultimas-noticias-do-flamengo\/"},"author":{"name":"Brenda Cezillo","@id":"https:\/\/www.gaveanews.com\/#\/schema\/person\/c79759ca337c40791ae8d08e2923d403"},"headline":"Quantia milion\u00e1ria por Jo\u00e3o F\u00e9lix, recado para Danilo e declara\u00e7\u00e3o de Rog\u00e9rio Ceni: as \u00faltimas not\u00edcias do Flamengo","datePublished":"2025-05-13T07:50:00+00:00","mainEntityOfPage":{"@id":"https:\/\/www.gaveanews.com\/index.php\/2025\/05\/13\/quantia-milionaria-por-joao-felix-recado-para-danilo-e-declaracao-de-rogerio-ceni-as-ultimas-noticias-do-flamengo\/"},"wordCount":899,"commentCount":0,"image":{"@id":"https:\/\/www.gaveanews.com\/index.php\/2025\/05\/13\/quantia-milionaria-por-joao-felix-recado-para-danilo-e-declaracao-de-rogerio-ceni-as-ultimas-noticias-do-flamengo\/#primaryimage"},"thumbnailUrl":"https:\/\/www.gaveanews.com\/wp-content\/uploads\/escudoDoFlamengo.webp","articleSection":["Flamengo"],"inLanguage":"pt-BR","potentialAction":[{"@type":"CommentAction","name":"Comment","target":["https:\/\/www.gaveanews.com\/index.php\/2025\/05\/13\/quantia-milionaria-por-joao-felix-recado-para-danilo-e-declaracao-de-rogerio-ceni-as-ultimas-noticias-do-flamengo\/#respond"]}],"copyrightYear":"2025","copyrightHolder":{"@id":"https:\/\/www.gaveanews.com\/#organization"}},{"@type":"WebPage","@id":"https:\/\/www.gaveanews.com\/index.php\/2025\/05\/13\/quantia-milionaria-por-joao-felix-recado-para-danilo-e-declaracao-de-rogerio-ceni-as-ultimas-noticias-do-flamengo\/","url":"https:\/\/www.gaveanews.com\/index.php\/2025\/05\/13\/quantia-milionaria-por-joao-felix-recado-para-danilo-e-declaracao-de-rogerio-ceni-as-ultimas-noticias-do-flamengo\/","name":"Quantia milion\u00e1ria por Jo\u00e3o F\u00e9lix, recado para Danilo e declara\u00e7\u00e3o de Rog\u00e9rio Ceni: as \u00faltimas not\u00edcias do Flamengo","isPartOf":{"@id":"https:\/\/www.gaveanews.com\/#website"},"primaryImageOfPage":{"@id":"https:\/\/www.gaveanews.com\/index.php\/2025\/05\/13\/quantia-milionaria-por-joao-felix-recado-para-danilo-e-declaracao-de-rogerio-ceni-as-ultimas-noticias-do-flamengo\/#primaryimage"},"image":{"@id":"https:\/\/www.gaveanews.com\/index.php\/2025\/05\/13\/quantia-milionaria-por-joao-felix-recado-para-danilo-e-declaracao-de-rogerio-ceni-as-ultimas-noticias-do-flamengo\/#primaryimage"},"thumbnailUrl":"https:\/\/www.gaveanews.com\/wp-content\/uploads\/escudoDoFlamengo.webp","datePublished":"2025-05-13T07:50:00+00:00","author":{"@id":"https:\/\/www.gaveanews.com\/#\/schema\/person\/c79759ca337c40791ae8d08e2923d403"},"breadcrumb":{"@id":"https:\/\/www.gaveanews.com\/index.php\/2025\/05\/13\/quantia-milionaria-por-joao-felix-recado-para-danilo-e-declaracao-de-rogerio-ceni-as-ultimas-noticias-do-flamengo\/#breadcrumb"},"inLanguage":"pt-BR","potentialAction":[{"@type":"ReadAction","target":["https:\/\/www.gaveanews.com\/index.php\/2025\/05\/13\/quantia-milionaria-por-joao-felix-recado-para-danilo-e-declaracao-de-rogerio-ceni-as-ultimas-noticias-do-flamengo\/"]}]},{"@type":"ImageObject","inLanguage":"pt-BR","@id":"https:\/\/www.gaveanews.com\/index.php\/2025\/05\/13\/quantia-milionaria-por-joao-felix-recado-para-danilo-e-declaracao-de-rogerio-ceni-as-ultimas-noticias-do-flamengo\/#primaryimage","url":"https:\/\/www.gaveanews.com\/wp-content\/uploads\/escudoDoFlamengo.webp","contentUrl":"https:\/\/www.gaveanews.com\/wp-content\/uploads\/escudoDoFlamengo.webp","width":1095,"height":730,"caption":"Centro de treinamento do Flamengo (Foto: Reprodu\u00e7\u00e3o)"},{"@type":"BreadcrumbList","@id":"https:\/\/www.gaveanews.com\/index.php\/2025\/05\/13\/quantia-milionaria-por-joao-felix-recado-para-danilo-e-declaracao-de-rogerio-ceni-as-ultimas-noticias-do-flamengo\/#breadcrumb","itemListElement":[{"@type":"ListItem","position":1,"name":"Home","item":"https:\/\/www.gaveanews.com\/"},{"@type":"ListItem","position":2,"name":"Quantia milion\u00e1ria por Jo\u00e3o F\u00e9lix, recado para Danilo e declara\u00e7\u00e3o de Rog\u00e9rio Ceni: as \u00faltimas not\u00edcias do Flamengo"}]},{"@type":"WebSite","@id":"https:\/\/www.gaveanews.com\/#website","url":"https:\/\/www.gaveanews.com\/","name":"G\u00e1vea News","description":"Veja todas as not\u00edcias sobre o Flamengo: Contrata\u00e7\u00f5es, categorias de base, resultados das partidas, tabela de classifica\u00e7\u00e3o, pr\u00f3ximos jogos!","potentialAction":[{"@type":"SearchAction","target":{"@type":"EntryPoint","urlTemplate":"https:\/\/www.gaveanews.com\/?s={search_term_string}"},"query-input":{"@type":"PropertyValueSpecification","valueRequired":true,"valueName":"search_term_string"}}],"inLanguage":"pt-BR"},{"@type":"Person","@id":"https:\/\/www.gaveanews.com\/#\/schema\/person\/c79759ca337c40791ae8d08e2923d403","name":"Brenda Cezillo","image":{"@type":"ImageObject","inLanguage":"pt-BR","@id":"https:\/\/www.gaveanews.com\/#\/schema\/person\/image\/","url":"https:\/\/secure.gravatar.com\/avatar\/1738d75cee7317f9c29ae61dd67620c5883d80a92e42a6fff88ae5d527af217a?s=96&d=mm&r=g","contentUrl":"https:\/\/secure.gravatar.com\/avatar\/1738d75cee7317f9c29ae61dd67620c5883d80a92e42a6fff88ae5d527af217a?s=96&d=mm&r=g","caption":"Brenda Cezillo"}}]}},"_links":{"self":[{"href":"https:\/\/www.gaveanews.com\/index.php\/wp-json\/wp\/v2\/posts\/263152","targetHints":{"allow":["GET"]}}],"collection":[{"href":"https:\/\/www.gaveanews.com\/index.php\/wp-json\/wp\/v2\/posts"}],"about":[{"href":"https:\/\/www.gaveanews.com\/index.php\/wp-json\/wp\/v2\/types\/post"}],"author":[{"embeddable":true,"href":"https:\/\/www.gaveanews.com\/index.php\/wp-json\/wp\/v2\/users\/33"}],"replies":[{"embeddable":true,"href":"https:\/\/www.gaveanews.com\/index.php\/wp-json\/wp\/v2\/comments?post=263152"}],"version-history":[{"count":1,"href":"https:\/\/www.gaveanews.com\/index.php\/wp-json\/wp\/v2\/posts\/263152\/revisions"}],"predecessor-version":[{"id":263174,"href":"https:\/\/www.gaveanews.com\/index.php\/wp-json\/wp\/v2\/posts\/263152\/revisions\/263174"}],"wp:featuredmedia":[{"embeddable":true,"href":"https:\/\/www.gaveanews.com\/index.php\/wp-json\/wp\/v2\/media\/124684"}],"wp:attachment":[{"href":"https:\/\/www.gaveanews.com\/index.php\/wp-json\/wp\/v2\/media?parent=263152"}],"wp:term":[{"taxonomy":"category","embeddable":true,"href":"https:\/\/www.gaveanews.com\/index.php\/wp-json\/wp\/v2\/categories?post=263152"},{"taxonomy":"post_tag","embeddable":true,"href":"https:\/\/www.gaveanews.com\/index.php\/wp-json\/wp\/v2\/tags?post=263152"}],"curies":[{"name":"wp","href":"https:\/\/api.w.org\/{rel}","templated":true}]}}