{"id":263180,"date":"2025-05-13T10:15:00","date_gmt":"2025-05-13T13:15:00","guid":{"rendered":"https:\/\/www.gaveanews.com\/?p=263180"},"modified":"2025-05-13T09:45:40","modified_gmt":"2025-05-13T12:45:40","slug":"a-declaracao-de-arda-guler-do-real-madrid-direcionada-a-alex-ex-palmeiras","status":"publish","type":"post","link":"https:\/\/www.gaveanews.com\/index.php\/2025\/05\/13\/a-declaracao-de-arda-guler-do-real-madrid-direcionada-a-alex-ex-palmeiras\/","title":{"rendered":"A declara\u00e7\u00e3o de Arda Guler, do Real Madrid, direcionada a Alex, ex-Palmeiras"},"content":{"rendered":"\n<p>Arda G\u00fcler, uma das principais joias do futebol turco, revelou recentemente sua profunda admira\u00e7\u00e3o por Alex, ex-jogador do Palmeiras e \u00eddolo do Fenerbah\u00e7e. Em uma carta publicada pelo portal The Players Tribune, o meia-atacante do Real Madrid descreveu com emo\u00e7\u00e3o o impacto que o brasileiro teve em sua trajet\u00f3ria at\u00e9 o futebol profissional.<\/p>\n\n\n\n<p>&#8220;Como voc\u00ea sabe, a camisa 10 \u00e9 sagrada na Turquia&#8221;, escreveu o jovem. &#8220;N\u00e3o \u00e9 apenas &#8216;o jogador criativo&#8217;. \u00c9 o nosso salvador. \u00c9 o Alex, o verdadeiro Alex&#8221;, afirmou o atleta, ao lembrar o sentimento de vestir a tradicional camisa no clube que o revelou. Arda destacou que assumir aquele n\u00famero foi como alcan\u00e7ar um de seus maiores sonhos, dada a responsabilidade simb\u00f3lica da camisa no Fenerbah\u00e7e.<\/p>\n\n\n\n<p>Ali\u00e1s, a liga\u00e7\u00e3o emocional entre Arda e o ex-camisa 10 \u00e9 antiga. Uma fotografia dele ainda crian\u00e7a, lendo a biografia de Alex com um p\u00f4ster do \u00eddolo ao fundo, circulou nas redes sociais e refor\u00e7ou a rela\u00e7\u00e3o de inspira\u00e7\u00e3o. Conforme suas palavras, vestir a mesma camisa que o brasileiro o fez sentir-se invenc\u00edvel, como se estivesse erguendo um trof\u00e9u.<\/p>\n\n\n\n<p>Atualmente no Real Madrid, G\u00fcler come\u00e7a a ganhar espa\u00e7o no elenco principal apenas na reta final da temporada. Embora tenha sido cobrado pela imprensa espanhola e pelos torcedores por maior minutagem ao longo do ano, sua participa\u00e7\u00e3o foi limitada sob o comando de Carlo Ancelotti. A situa\u00e7\u00e3o foi semelhante \u00e0 de Endrick, que tamb\u00e9m teve poucas oportunidades.<\/p>\n\n\n\n<p>Contudo, a aus\u00eancia de Rodrygo por les\u00e3o abriu espa\u00e7o para que Arda fosse mais acionado. Essa mudan\u00e7a tem despertado a expectativa de que ele possa ser melhor aproveitado no pr\u00f3ximo calend\u00e1rio europeu. Com a prov\u00e1vel chegada de Xabi Alonso ao comando t\u00e9cnico, o jovem turco pode enfim ter mais chances para demonstrar sua qualidade no Santiago Bernab\u00e9u.<\/p>\n\n\n\n<p>Em suma, Arda G\u00fcler n\u00e3o esconde a gratid\u00e3o e o respeito que sente por Alex. Sua idolatria transcende o campo e se reflete em cada oportunidade que tem de representar com orgulho o legado deixado pelo brasileiro no futebol turco.<\/p>\n","protected":false},"excerpt":{"rendered":"<p>Arda G\u00fcler, uma das principais joias do futebol turco, revelou recentemente sua profunda admira\u00e7\u00e3o por Alex, ex-jogador do Palmeiras e \u00eddolo do Fenerbah\u00e7e. Em uma carta publicada pelo portal The Players Tribune, o meia-atacante do Real Madrid descreveu com emo\u00e7\u00e3o o impacto que o brasileiro teve em sua trajet\u00f3ria at\u00e9 o futebol profissional. &#8220;Como voc\u00ea [&hellip;]<\/p>\n","protected":false},"author":27,"featured_media":155182,"comment_status":"open","ping_status":"closed","sticky":false,"template":"","format":"standard","meta":{"footnotes":""},"categories":[150],"tags":[],"class_list":["post-263180","post","type-post","status-publish","format-standard","has-post-thumbnail","hentry","category-palmeiras"],"yoast_head":"<!-- This site is optimized with the Yoast SEO Premium plugin v24.2 (Yoast SEO v26.9) - https:\/\/yoast.com\/product\/yoast-seo-premium-wordpress\/ -->\n<title>A declara\u00e7\u00e3o de Arda Guler, do Real Madrid, direcionada a Alex, ex-Palmeiras<\/title>\n<meta name=\"robots\" content=\"index, follow, max-snippet:-1, max-image-preview:large, max-video-preview:-1\" \/>\n<link rel=\"canonical\" href=\"https:\/\/www.gaveanews.com\/index.php\/2025\/05\/13\/a-declaracao-de-arda-guler-do-real-madrid-direcionada-a-alex-ex-palmeiras\/\" \/>\n<meta property=\"og:locale\" content=\"pt_BR\" \/>\n<meta property=\"og:type\" content=\"article\" \/>\n<meta property=\"og:title\" content=\"A declara\u00e7\u00e3o de Arda Guler, do Real Madrid, direcionada a Alex, ex-Palmeiras\" \/>\n<meta property=\"og:description\" content=\"Arda G\u00fcler, uma das principais joias do futebol turco, revelou recentemente sua profunda admira\u00e7\u00e3o por Alex, ex-jogador do Palmeiras e \u00eddolo do Fenerbah\u00e7e. Em uma carta publicada pelo portal The Players Tribune, o meia-atacante do Real Madrid descreveu com emo\u00e7\u00e3o o impacto que o brasileiro teve em sua trajet\u00f3ria at\u00e9 o futebol profissional. &#8220;Como voc\u00ea [&hellip;]\" \/>\n<meta property=\"og:url\" content=\"https:\/\/www.gaveanews.com\/index.php\/2025\/05\/13\/a-declaracao-de-arda-guler-do-real-madrid-direcionada-a-alex-ex-palmeiras\/\" \/>\n<meta property=\"og:site_name\" content=\"G\u00e1vea News\" \/>\n<meta property=\"article:publisher\" content=\"https:\/\/facebook.com\/gaveaNews\/\" \/>\n<meta property=\"article:published_time\" content=\"2025-05-13T13:15:00+00:00\" \/>\n<meta property=\"og:image\" content=\"https:\/\/www.gaveanews.com\/wp-content\/uploads\/Allianz-Parque-estadio-do-Palmeiras.webp\" \/>\n\t<meta property=\"og:image:width\" content=\"1023\" \/>\n\t<meta property=\"og:image:height\" content=\"767\" \/>\n\t<meta property=\"og:image:type\" content=\"image\/webp\" \/>\n<meta name=\"author\" content=\"Matheus Felipe\" \/>\n<meta name=\"twitter:card\" content=\"summary_large_image\" \/>\n<meta name=\"twitter:label1\" content=\"Escrito por\" \/>\n\t<meta name=\"twitter:data1\" content=\"Matheus Felipe\" \/>\n\t<meta name=\"twitter:label2\" content=\"Est. tempo de leitura\" \/>\n\t<meta name=\"twitter:data2\" content=\"3 minutos\" \/>\n<script type=\"application\/ld+json\" class=\"yoast-schema-graph\">{\"@context\":\"https:\/\/schema.org\",\"@graph\":[{\"@type\":\"NewsArticle\",\"@id\":\"https:\/\/www.gaveanews.com\/index.php\/2025\/05\/13\/a-declaracao-de-arda-guler-do-real-madrid-direcionada-a-alex-ex-palmeiras\/#article\",\"isPartOf\":{\"@id\":\"https:\/\/www.gaveanews.com\/index.php\/2025\/05\/13\/a-declaracao-de-arda-guler-do-real-madrid-direcionada-a-alex-ex-palmeiras\/\"},\"author\":{\"name\":\"Matheus Felipe\",\"@id\":\"https:\/\/www.gaveanews.com\/#\/schema\/person\/8207cd4627f56151707418bfc835b2fb\"},\"headline\":\"A declara\u00e7\u00e3o de Arda Guler, do Real Madrid, direcionada a Alex, ex-Palmeiras\",\"datePublished\":\"2025-05-13T13:15:00+00:00\",\"mainEntityOfPage\":{\"@id\":\"https:\/\/www.gaveanews.com\/index.php\/2025\/05\/13\/a-declaracao-de-arda-guler-do-real-madrid-direcionada-a-alex-ex-palmeiras\/\"},\"wordCount\":376,\"commentCount\":0,\"image\":{\"@id\":\"https:\/\/www.gaveanews.com\/index.php\/2025\/05\/13\/a-declaracao-de-arda-guler-do-real-madrid-direcionada-a-alex-ex-palmeiras\/#primaryimage\"},\"thumbnailUrl\":\"https:\/\/www.gaveanews.com\/wp-content\/uploads\/Allianz-Parque-estadio-do-Palmeiras.webp\",\"articleSection\":[\"Palmeiras\"],\"inLanguage\":\"pt-BR\",\"potentialAction\":[{\"@type\":\"CommentAction\",\"name\":\"Comment\",\"target\":[\"https:\/\/www.gaveanews.com\/index.php\/2025\/05\/13\/a-declaracao-de-arda-guler-do-real-madrid-direcionada-a-alex-ex-palmeiras\/#respond\"]}],\"copyrightYear\":\"2025\",\"copyrightHolder\":{\"@id\":\"https:\/\/www.gaveanews.com\/#organization\"}},{\"@type\":\"WebPage\",\"@id\":\"https:\/\/www.gaveanews.com\/index.php\/2025\/05\/13\/a-declaracao-de-arda-guler-do-real-madrid-direcionada-a-alex-ex-palmeiras\/\",\"url\":\"https:\/\/www.gaveanews.com\/index.php\/2025\/05\/13\/a-declaracao-de-arda-guler-do-real-madrid-direcionada-a-alex-ex-palmeiras\/\",\"name\":\"A declara\u00e7\u00e3o de Arda Guler, do Real Madrid, direcionada a Alex, ex-Palmeiras\",\"isPartOf\":{\"@id\":\"https:\/\/www.gaveanews.com\/#website\"},\"primaryImageOfPage\":{\"@id\":\"https:\/\/www.gaveanews.com\/index.php\/2025\/05\/13\/a-declaracao-de-arda-guler-do-real-madrid-direcionada-a-alex-ex-palmeiras\/#primaryimage\"},\"image\":{\"@id\":\"https:\/\/www.gaveanews.com\/index.php\/2025\/05\/13\/a-declaracao-de-arda-guler-do-real-madrid-direcionada-a-alex-ex-palmeiras\/#primaryimage\"},\"thumbnailUrl\":\"https:\/\/www.gaveanews.com\/wp-content\/uploads\/Allianz-Parque-estadio-do-Palmeiras.webp\",\"datePublished\":\"2025-05-13T13:15:00+00:00\",\"author\":{\"@id\":\"https:\/\/www.gaveanews.com\/#\/schema\/person\/8207cd4627f56151707418bfc835b2fb\"},\"breadcrumb\":{\"@id\":\"https:\/\/www.gaveanews.com\/index.php\/2025\/05\/13\/a-declaracao-de-arda-guler-do-real-madrid-direcionada-a-alex-ex-palmeiras\/#breadcrumb\"},\"inLanguage\":\"pt-BR\",\"potentialAction\":[{\"@type\":\"ReadAction\",\"target\":[\"https:\/\/www.gaveanews.com\/index.php\/2025\/05\/13\/a-declaracao-de-arda-guler-do-real-madrid-direcionada-a-alex-ex-palmeiras\/\"]}]},{\"@type\":\"ImageObject\",\"inLanguage\":\"pt-BR\",\"@id\":\"https:\/\/www.gaveanews.com\/index.php\/2025\/05\/13\/a-declaracao-de-arda-guler-do-real-madrid-direcionada-a-alex-ex-palmeiras\/#primaryimage\",\"url\":\"https:\/\/www.gaveanews.com\/wp-content\/uploads\/Allianz-Parque-estadio-do-Palmeiras.webp\",\"contentUrl\":\"https:\/\/www.gaveanews.com\/wp-content\/uploads\/Allianz-Parque-estadio-do-Palmeiras.webp\",\"width\":1023,\"height\":767,\"caption\":\"Allianz Parque, est\u00e1dio do Palmeiras (Foto: Reprodu\u00e7\u00e3o\/Palmeiras)\"},{\"@type\":\"BreadcrumbList\",\"@id\":\"https:\/\/www.gaveanews.com\/index.php\/2025\/05\/13\/a-declaracao-de-arda-guler-do-real-madrid-direcionada-a-alex-ex-palmeiras\/#breadcrumb\",\"itemListElement\":[{\"@type\":\"ListItem\",\"position\":1,\"name\":\"Home\",\"item\":\"https:\/\/www.gaveanews.com\/\"},{\"@type\":\"ListItem\",\"position\":2,\"name\":\"A declara\u00e7\u00e3o de Arda Guler, do Real Madrid, direcionada a Alex, ex-Palmeiras\"}]},{\"@type\":\"WebSite\",\"@id\":\"https:\/\/www.gaveanews.com\/#website\",\"url\":\"https:\/\/www.gaveanews.com\/\",\"name\":\"G\u00e1vea News\",\"description\":\"Veja todas as not\u00edcias sobre o Flamengo: Contrata\u00e7\u00f5es, categorias de base, resultados das partidas, tabela de classifica\u00e7\u00e3o, pr\u00f3ximos jogos!\",\"potentialAction\":[{\"@type\":\"SearchAction\",\"target\":{\"@type\":\"EntryPoint\",\"urlTemplate\":\"https:\/\/www.gaveanews.com\/?s={search_term_string}\"},\"query-input\":{\"@type\":\"PropertyValueSpecification\",\"valueRequired\":true,\"valueName\":\"search_term_string\"}}],\"inLanguage\":\"pt-BR\"},{\"@type\":\"Person\",\"@id\":\"https:\/\/www.gaveanews.com\/#\/schema\/person\/8207cd4627f56151707418bfc835b2fb\",\"name\":\"Matheus Felipe\",\"image\":{\"@type\":\"ImageObject\",\"inLanguage\":\"pt-BR\",\"@id\":\"https:\/\/www.gaveanews.com\/#\/schema\/person\/image\/\",\"url\":\"https:\/\/secure.gravatar.com\/avatar\/a452ffbed9130f726358b298bb3a99ce4bd3c5338411f8440e87e14d74c7c087?s=96&d=mm&r=g\",\"contentUrl\":\"https:\/\/secure.gravatar.com\/avatar\/a452ffbed9130f726358b298bb3a99ce4bd3c5338411f8440e87e14d74c7c087?s=96&d=mm&r=g\",\"caption\":\"Matheus Felipe\"}}]}<\/script>\n<!-- \/ Yoast SEO Premium plugin. -->","yoast_head_json":{"title":"A declara\u00e7\u00e3o de Arda Guler, do Real Madrid, direcionada a Alex, ex-Palmeiras","robots":{"index":"index","follow":"follow","max-snippet":"max-snippet:-1","max-image-preview":"max-image-preview:large","max-video-preview":"max-video-preview:-1"},"canonical":"https:\/\/www.gaveanews.com\/index.php\/2025\/05\/13\/a-declaracao-de-arda-guler-do-real-madrid-direcionada-a-alex-ex-palmeiras\/","og_locale":"pt_BR","og_type":"article","og_title":"A declara\u00e7\u00e3o de Arda Guler, do Real Madrid, direcionada a Alex, ex-Palmeiras","og_description":"Arda G\u00fcler, uma das principais joias do futebol turco, revelou recentemente sua profunda admira\u00e7\u00e3o por Alex, ex-jogador do Palmeiras e \u00eddolo do Fenerbah\u00e7e. Em uma carta publicada pelo portal The Players Tribune, o meia-atacante do Real Madrid descreveu com emo\u00e7\u00e3o o impacto que o brasileiro teve em sua trajet\u00f3ria at\u00e9 o futebol profissional. &#8220;Como voc\u00ea [&hellip;]","og_url":"https:\/\/www.gaveanews.com\/index.php\/2025\/05\/13\/a-declaracao-de-arda-guler-do-real-madrid-direcionada-a-alex-ex-palmeiras\/","og_site_name":"G\u00e1vea News","article_publisher":"https:\/\/facebook.com\/gaveaNews\/","article_published_time":"2025-05-13T13:15:00+00:00","og_image":[{"width":1023,"height":767,"url":"https:\/\/www.gaveanews.com\/wp-content\/uploads\/Allianz-Parque-estadio-do-Palmeiras.webp","type":"image\/webp"}],"author":"Matheus Felipe","twitter_card":"summary_large_image","twitter_misc":{"Escrito por":"Matheus Felipe","Est. tempo de leitura":"3 minutos"},"schema":{"@context":"https:\/\/schema.org","@graph":[{"@type":"NewsArticle","@id":"https:\/\/www.gaveanews.com\/index.php\/2025\/05\/13\/a-declaracao-de-arda-guler-do-real-madrid-direcionada-a-alex-ex-palmeiras\/#article","isPartOf":{"@id":"https:\/\/www.gaveanews.com\/index.php\/2025\/05\/13\/a-declaracao-de-arda-guler-do-real-madrid-direcionada-a-alex-ex-palmeiras\/"},"author":{"name":"Matheus Felipe","@id":"https:\/\/www.gaveanews.com\/#\/schema\/person\/8207cd4627f56151707418bfc835b2fb"},"headline":"A declara\u00e7\u00e3o de Arda Guler, do Real Madrid, direcionada a Alex, ex-Palmeiras","datePublished":"2025-05-13T13:15:00+00:00","mainEntityOfPage":{"@id":"https:\/\/www.gaveanews.com\/index.php\/2025\/05\/13\/a-declaracao-de-arda-guler-do-real-madrid-direcionada-a-alex-ex-palmeiras\/"},"wordCount":376,"commentCount":0,"image":{"@id":"https:\/\/www.gaveanews.com\/index.php\/2025\/05\/13\/a-declaracao-de-arda-guler-do-real-madrid-direcionada-a-alex-ex-palmeiras\/#primaryimage"},"thumbnailUrl":"https:\/\/www.gaveanews.com\/wp-content\/uploads\/Allianz-Parque-estadio-do-Palmeiras.webp","articleSection":["Palmeiras"],"inLanguage":"pt-BR","potentialAction":[{"@type":"CommentAction","name":"Comment","target":["https:\/\/www.gaveanews.com\/index.php\/2025\/05\/13\/a-declaracao-de-arda-guler-do-real-madrid-direcionada-a-alex-ex-palmeiras\/#respond"]}],"copyrightYear":"2025","copyrightHolder":{"@id":"https:\/\/www.gaveanews.com\/#organization"}},{"@type":"WebPage","@id":"https:\/\/www.gaveanews.com\/index.php\/2025\/05\/13\/a-declaracao-de-arda-guler-do-real-madrid-direcionada-a-alex-ex-palmeiras\/","url":"https:\/\/www.gaveanews.com\/index.php\/2025\/05\/13\/a-declaracao-de-arda-guler-do-real-madrid-direcionada-a-alex-ex-palmeiras\/","name":"A declara\u00e7\u00e3o de Arda Guler, do Real Madrid, direcionada a Alex, ex-Palmeiras","isPartOf":{"@id":"https:\/\/www.gaveanews.com\/#website"},"primaryImageOfPage":{"@id":"https:\/\/www.gaveanews.com\/index.php\/2025\/05\/13\/a-declaracao-de-arda-guler-do-real-madrid-direcionada-a-alex-ex-palmeiras\/#primaryimage"},"image":{"@id":"https:\/\/www.gaveanews.com\/index.php\/2025\/05\/13\/a-declaracao-de-arda-guler-do-real-madrid-direcionada-a-alex-ex-palmeiras\/#primaryimage"},"thumbnailUrl":"https:\/\/www.gaveanews.com\/wp-content\/uploads\/Allianz-Parque-estadio-do-Palmeiras.webp","datePublished":"2025-05-13T13:15:00+00:00","author":{"@id":"https:\/\/www.gaveanews.com\/#\/schema\/person\/8207cd4627f56151707418bfc835b2fb"},"breadcrumb":{"@id":"https:\/\/www.gaveanews.com\/index.php\/2025\/05\/13\/a-declaracao-de-arda-guler-do-real-madrid-direcionada-a-alex-ex-palmeiras\/#breadcrumb"},"inLanguage":"pt-BR","potentialAction":[{"@type":"ReadAction","target":["https:\/\/www.gaveanews.com\/index.php\/2025\/05\/13\/a-declaracao-de-arda-guler-do-real-madrid-direcionada-a-alex-ex-palmeiras\/"]}]},{"@type":"ImageObject","inLanguage":"pt-BR","@id":"https:\/\/www.gaveanews.com\/index.php\/2025\/05\/13\/a-declaracao-de-arda-guler-do-real-madrid-direcionada-a-alex-ex-palmeiras\/#primaryimage","url":"https:\/\/www.gaveanews.com\/wp-content\/uploads\/Allianz-Parque-estadio-do-Palmeiras.webp","contentUrl":"https:\/\/www.gaveanews.com\/wp-content\/uploads\/Allianz-Parque-estadio-do-Palmeiras.webp","width":1023,"height":767,"caption":"Allianz Parque, est\u00e1dio do Palmeiras (Foto: Reprodu\u00e7\u00e3o\/Palmeiras)"},{"@type":"BreadcrumbList","@id":"https:\/\/www.gaveanews.com\/index.php\/2025\/05\/13\/a-declaracao-de-arda-guler-do-real-madrid-direcionada-a-alex-ex-palmeiras\/#breadcrumb","itemListElement":[{"@type":"ListItem","position":1,"name":"Home","item":"https:\/\/www.gaveanews.com\/"},{"@type":"ListItem","position":2,"name":"A declara\u00e7\u00e3o de Arda Guler, do Real Madrid, direcionada a Alex, ex-Palmeiras"}]},{"@type":"WebSite","@id":"https:\/\/www.gaveanews.com\/#website","url":"https:\/\/www.gaveanews.com\/","name":"G\u00e1vea News","description":"Veja todas as not\u00edcias sobre o Flamengo: Contrata\u00e7\u00f5es, categorias de base, resultados das partidas, tabela de classifica\u00e7\u00e3o, pr\u00f3ximos jogos!","potentialAction":[{"@type":"SearchAction","target":{"@type":"EntryPoint","urlTemplate":"https:\/\/www.gaveanews.com\/?s={search_term_string}"},"query-input":{"@type":"PropertyValueSpecification","valueRequired":true,"valueName":"search_term_string"}}],"inLanguage":"pt-BR"},{"@type":"Person","@id":"https:\/\/www.gaveanews.com\/#\/schema\/person\/8207cd4627f56151707418bfc835b2fb","name":"Matheus Felipe","image":{"@type":"ImageObject","inLanguage":"pt-BR","@id":"https:\/\/www.gaveanews.com\/#\/schema\/person\/image\/","url":"https:\/\/secure.gravatar.com\/avatar\/a452ffbed9130f726358b298bb3a99ce4bd3c5338411f8440e87e14d74c7c087?s=96&d=mm&r=g","contentUrl":"https:\/\/secure.gravatar.com\/avatar\/a452ffbed9130f726358b298bb3a99ce4bd3c5338411f8440e87e14d74c7c087?s=96&d=mm&r=g","caption":"Matheus Felipe"}}]}},"_links":{"self":[{"href":"https:\/\/www.gaveanews.com\/index.php\/wp-json\/wp\/v2\/posts\/263180","targetHints":{"allow":["GET"]}}],"collection":[{"href":"https:\/\/www.gaveanews.com\/index.php\/wp-json\/wp\/v2\/posts"}],"about":[{"href":"https:\/\/www.gaveanews.com\/index.php\/wp-json\/wp\/v2\/types\/post"}],"author":[{"embeddable":true,"href":"https:\/\/www.gaveanews.com\/index.php\/wp-json\/wp\/v2\/users\/27"}],"replies":[{"embeddable":true,"href":"https:\/\/www.gaveanews.com\/index.php\/wp-json\/wp\/v2\/comments?post=263180"}],"version-history":[{"count":1,"href":"https:\/\/www.gaveanews.com\/index.php\/wp-json\/wp\/v2\/posts\/263180\/revisions"}],"predecessor-version":[{"id":263181,"href":"https:\/\/www.gaveanews.com\/index.php\/wp-json\/wp\/v2\/posts\/263180\/revisions\/263181"}],"wp:featuredmedia":[{"embeddable":true,"href":"https:\/\/www.gaveanews.com\/index.php\/wp-json\/wp\/v2\/media\/155182"}],"wp:attachment":[{"href":"https:\/\/www.gaveanews.com\/index.php\/wp-json\/wp\/v2\/media?parent=263180"}],"wp:term":[{"taxonomy":"category","embeddable":true,"href":"https:\/\/www.gaveanews.com\/index.php\/wp-json\/wp\/v2\/categories?post=263180"},{"taxonomy":"post_tag","embeddable":true,"href":"https:\/\/www.gaveanews.com\/index.php\/wp-json\/wp\/v2\/tags?post=263180"}],"curies":[{"name":"wp","href":"https:\/\/api.w.org\/{rel}","templated":true}]}}