{"id":263185,"date":"2025-05-13T09:17:47","date_gmt":"2025-05-13T12:17:47","guid":{"rendered":"https:\/\/www.gaveanews.com\/?p=263185"},"modified":"2025-05-13T09:24:22","modified_gmt":"2025-05-13T12:24:22","slug":"agora-rodrigo-caio-assina-com-o-flamengo","status":"publish","type":"post","link":"https:\/\/www.gaveanews.com\/index.php\/2025\/05\/13\/agora-rodrigo-caio-assina-com-o-flamengo\/","title":{"rendered":"Agora! Rodrigo Caio assina com o Flamengo"},"content":{"rendered":"\n<p>Rodrigo Caio est\u00e1 de volta ao Flamengo. O ex-zagueiro, multicampe\u00e3o com o clube, foi integrado \u00e0 comiss\u00e3o t\u00e9cnica liderada por Filipe Lu\u00eds para o lugar de Daniel Alegria. A reapresenta\u00e7\u00e3o no Ninho do Urubu acontece nesta ter\u00e7a-feira (13), marcando o in\u00edcio de uma nova etapa em sua trajet\u00f3ria no futebol, desta vez fora das quatro linhas.<\/p>\n\n\n\n<p>A chegada do ex-jogador ao cargo ocorre ap\u00f3s a sa\u00edda de Daniel Alegria, profissional que acompanhava Filipe Lu\u00eds desde as categorias de base e exercia fun\u00e7\u00e3o relevante nos treinos de bola parada. A mudan\u00e7a, conforme apurado, se deu por decis\u00e3o da comiss\u00e3o t\u00e9cnica, que identificou a necessidade de uma nova abordagem profissional. <\/p>\n\n\n\n<p>\u201cBuscamos algu\u00e9m com viv\u00eancia recente dentro de campo, capaz de dialogar e contribuir nas decis\u00f5es di\u00e1rias\u201d, informou um membro da equipe t\u00e9cnica.<\/p>\n\n\n\n<p>Embora n\u00e3o v\u00e1 atuar exclusivamente como respons\u00e1vel por jogadas ensaiadas, Rodrigo Caio assume uma fun\u00e7\u00e3o que, ainda de acordo com o &#8216;ge&#8217;, exige sensibilidade pr\u00e1tica e conhecimento t\u00e1tico. Ali\u00e1s, seu hist\u00f3rico pelo clube rubro-negro o credencia para essa miss\u00e3o. <\/p>\n\n\n\n<h2 class=\"wp-block-heading\" id=\"h-passagem-e-idolatria-pelo-flamengo\">Passagem e idolatria pelo Flamengo<\/h2>\n\n\n\n<p>Contratado em dezembro de 2018, defendeu o time por cinco temporadas, acumulando 151 partidas, seis gols e onze t\u00edtulos \u2014 entre eles, a Libertadores, o Campeonato Brasileiro, a Copa do Brasil, a Recopa Sul-Americana e a Supercopa do Brasil.<\/p>\n\n\n\n<p>Ap\u00f3s sua sa\u00edda do Flamengo, em dezembro de 2023, Rodrigo ainda vestiu a camisa do Gr\u00eamio antes de decidir pela aposentadoria. Agora, retorna ao clube onde viveu seu auge, n\u00e3o como atleta, mas como parte do staff t\u00e9cnico. <\/p>\n\n\n\n<figure class=\"wp-block-image size-full\"><img loading=\"lazy\" decoding=\"async\" width=\"640\" height=\"400\" src=\"http:\/\/www.gaveanews.com\/wp-content\/uploads\/rodrigo-caio-filipe-luis-flamengo.webp\" alt=\"\" class=\"wp-image-113655\" srcset=\"https:\/\/www.gaveanews.com\/wp-content\/uploads\/rodrigo-caio-filipe-luis-flamengo.webp 640w, https:\/\/www.gaveanews.com\/wp-content\/uploads\/rodrigo-caio-filipe-luis-flamengo-300x188.webp 300w, https:\/\/www.gaveanews.com\/wp-content\/uploads\/rodrigo-caio-filipe-luis-flamengo-100x63.webp 100w\" sizes=\"auto, (max-width: 640px) 100vw, 640px\" \/><figcaption class=\"wp-element-caption\">Rodrigo Caio e Filipe Lu\u00eds pelo Flamengo (Foto: Alexandre Vidal\/Flamengo)<\/figcaption><\/figure>\n\n\n\n<h2 class=\"wp-block-heading\" id=\"h-comissao-tecnica\">Comiss\u00e3o t\u00e9cnica<\/h2>\n\n\n\n<p>Filipe Lu\u00eds, por sua vez, conta com outros dois auxiliares: Ivan Palanco e M\u00e1rcio Torres. Ambos tamb\u00e9m vieram das divis\u00f5es de base, assim como o preparador f\u00edsico Diogo Linhares, promovido junto com o treinador. Completam a equipe t\u00e9cnica os preparadores Arthur Peixoto e J\u00fanior Bezerra, al\u00e9m dos treinadores de goleiros Thiago Eller e F\u00e1bio Pacobahyba.<\/p>\n","protected":false},"excerpt":{"rendered":"<p>Rodrigo Caio est\u00e1 de volta ao Flamengo. O ex-zagueiro, multicampe\u00e3o com o clube, foi integrado \u00e0 comiss\u00e3o t\u00e9cnica liderada por Filipe Lu\u00eds para o lugar de Daniel Alegria. A reapresenta\u00e7\u00e3o no Ninho do Urubu acontece nesta ter\u00e7a-feira (13), marcando o in\u00edcio de uma nova etapa em sua trajet\u00f3ria no futebol, desta vez fora das quatro [&hellip;]<\/p>\n","protected":false},"author":30,"featured_media":114097,"comment_status":"open","ping_status":"closed","sticky":false,"template":"","format":"standard","meta":{"footnotes":""},"categories":[478,1],"tags":[],"class_list":["post-263185","post","type-post","status-publish","format-standard","has-post-thumbnail","hentry","category-brasil","category-flamengo"],"yoast_head":"<!-- This site is optimized with the Yoast SEO Premium plugin v24.2 (Yoast SEO v26.9) - https:\/\/yoast.com\/product\/yoast-seo-premium-wordpress\/ -->\n<title>Agora! Rodrigo Caio assina com o Flamengo<\/title>\n<meta name=\"robots\" content=\"index, follow, max-snippet:-1, max-image-preview:large, max-video-preview:-1\" \/>\n<link rel=\"canonical\" href=\"https:\/\/www.gaveanews.com\/index.php\/2025\/05\/13\/agora-rodrigo-caio-assina-com-o-flamengo\/\" \/>\n<meta property=\"og:locale\" content=\"pt_BR\" \/>\n<meta property=\"og:type\" content=\"article\" \/>\n<meta property=\"og:title\" content=\"Agora! Rodrigo Caio assina com o Flamengo\" \/>\n<meta property=\"og:description\" content=\"Rodrigo Caio est\u00e1 de volta ao Flamengo. O ex-zagueiro, multicampe\u00e3o com o clube, foi integrado \u00e0 comiss\u00e3o t\u00e9cnica liderada por Filipe Lu\u00eds para o lugar de Daniel Alegria. A reapresenta\u00e7\u00e3o no Ninho do Urubu acontece nesta ter\u00e7a-feira (13), marcando o in\u00edcio de uma nova etapa em sua trajet\u00f3ria no futebol, desta vez fora das quatro [&hellip;]\" \/>\n<meta property=\"og:url\" content=\"https:\/\/www.gaveanews.com\/index.php\/2025\/05\/13\/agora-rodrigo-caio-assina-com-o-flamengo\/\" \/>\n<meta property=\"og:site_name\" content=\"G\u00e1vea News\" \/>\n<meta property=\"article:publisher\" content=\"https:\/\/facebook.com\/gaveaNews\/\" \/>\n<meta property=\"article:published_time\" content=\"2025-05-13T12:17:47+00:00\" \/>\n<meta property=\"article:modified_time\" content=\"2025-05-13T12:24:22+00:00\" \/>\n<meta property=\"og:image\" content=\"http:\/\/www.gaveanews.com\/wp-content\/uploads\/rodrigo-caio-bandeirao-flamengo-despedida-1.webp\" \/>\n\t<meta property=\"og:image:width\" content=\"900\" \/>\n\t<meta property=\"og:image:height\" content=\"600\" \/>\n\t<meta property=\"og:image:type\" content=\"image\/jpeg\" \/>\n<meta name=\"author\" content=\"Ana Teixeira\" \/>\n<meta name=\"twitter:card\" content=\"summary_large_image\" \/>\n<meta name=\"twitter:label1\" content=\"Escrito por\" \/>\n\t<meta name=\"twitter:data1\" content=\"Ana Teixeira\" \/>\n\t<meta name=\"twitter:label2\" content=\"Est. tempo de leitura\" \/>\n\t<meta name=\"twitter:data2\" content=\"3 minutos\" \/>\n<script type=\"application\/ld+json\" class=\"yoast-schema-graph\">{\"@context\":\"https:\/\/schema.org\",\"@graph\":[{\"@type\":\"NewsArticle\",\"@id\":\"https:\/\/www.gaveanews.com\/index.php\/2025\/05\/13\/agora-rodrigo-caio-assina-com-o-flamengo\/#article\",\"isPartOf\":{\"@id\":\"https:\/\/www.gaveanews.com\/index.php\/2025\/05\/13\/agora-rodrigo-caio-assina-com-o-flamengo\/\"},\"author\":{\"name\":\"Ana Teixeira\",\"@id\":\"https:\/\/www.gaveanews.com\/#\/schema\/person\/3b19f7288b0ce20372991275e4f2e6c2\"},\"headline\":\"Agora! Rodrigo Caio assina com o Flamengo\",\"datePublished\":\"2025-05-13T12:17:47+00:00\",\"dateModified\":\"2025-05-13T12:24:22+00:00\",\"mainEntityOfPage\":{\"@id\":\"https:\/\/www.gaveanews.com\/index.php\/2025\/05\/13\/agora-rodrigo-caio-assina-com-o-flamengo\/\"},\"wordCount\":367,\"commentCount\":0,\"image\":{\"@id\":\"https:\/\/www.gaveanews.com\/index.php\/2025\/05\/13\/agora-rodrigo-caio-assina-com-o-flamengo\/#primaryimage\"},\"thumbnailUrl\":\"https:\/\/www.gaveanews.com\/wp-content\/uploads\/rodrigo-caio-bandeirao-flamengo-despedida-1.webp\",\"articleSection\":[\"Brasil\",\"Flamengo\"],\"inLanguage\":\"pt-BR\",\"potentialAction\":[{\"@type\":\"CommentAction\",\"name\":\"Comment\",\"target\":[\"https:\/\/www.gaveanews.com\/index.php\/2025\/05\/13\/agora-rodrigo-caio-assina-com-o-flamengo\/#respond\"]}],\"copyrightYear\":\"2025\",\"copyrightHolder\":{\"@id\":\"https:\/\/www.gaveanews.com\/#organization\"}},{\"@type\":\"WebPage\",\"@id\":\"https:\/\/www.gaveanews.com\/index.php\/2025\/05\/13\/agora-rodrigo-caio-assina-com-o-flamengo\/\",\"url\":\"https:\/\/www.gaveanews.com\/index.php\/2025\/05\/13\/agora-rodrigo-caio-assina-com-o-flamengo\/\",\"name\":\"Agora! Rodrigo Caio assina com o Flamengo\",\"isPartOf\":{\"@id\":\"https:\/\/www.gaveanews.com\/#website\"},\"primaryImageOfPage\":{\"@id\":\"https:\/\/www.gaveanews.com\/index.php\/2025\/05\/13\/agora-rodrigo-caio-assina-com-o-flamengo\/#primaryimage\"},\"image\":{\"@id\":\"https:\/\/www.gaveanews.com\/index.php\/2025\/05\/13\/agora-rodrigo-caio-assina-com-o-flamengo\/#primaryimage\"},\"thumbnailUrl\":\"https:\/\/www.gaveanews.com\/wp-content\/uploads\/rodrigo-caio-bandeirao-flamengo-despedida-1.webp\",\"datePublished\":\"2025-05-13T12:17:47+00:00\",\"dateModified\":\"2025-05-13T12:24:22+00:00\",\"author\":{\"@id\":\"https:\/\/www.gaveanews.com\/#\/schema\/person\/3b19f7288b0ce20372991275e4f2e6c2\"},\"breadcrumb\":{\"@id\":\"https:\/\/www.gaveanews.com\/index.php\/2025\/05\/13\/agora-rodrigo-caio-assina-com-o-flamengo\/#breadcrumb\"},\"inLanguage\":\"pt-BR\",\"potentialAction\":[{\"@type\":\"ReadAction\",\"target\":[\"https:\/\/www.gaveanews.com\/index.php\/2025\/05\/13\/agora-rodrigo-caio-assina-com-o-flamengo\/\"]}]},{\"@type\":\"ImageObject\",\"inLanguage\":\"pt-BR\",\"@id\":\"https:\/\/www.gaveanews.com\/index.php\/2025\/05\/13\/agora-rodrigo-caio-assina-com-o-flamengo\/#primaryimage\",\"url\":\"https:\/\/www.gaveanews.com\/wp-content\/uploads\/rodrigo-caio-bandeirao-flamengo-despedida-1.webp\",\"contentUrl\":\"https:\/\/www.gaveanews.com\/wp-content\/uploads\/rodrigo-caio-bandeirao-flamengo-despedida-1.webp\",\"width\":900,\"height\":600,\"caption\":\"Rodrigo Caio assiste homenagem da torcida do Flamengo com seus filhos em despedida no Maracan\u00e3 (Foto: Gilvan de Souza\/Flamengo)\"},{\"@type\":\"BreadcrumbList\",\"@id\":\"https:\/\/www.gaveanews.com\/index.php\/2025\/05\/13\/agora-rodrigo-caio-assina-com-o-flamengo\/#breadcrumb\",\"itemListElement\":[{\"@type\":\"ListItem\",\"position\":1,\"name\":\"Home\",\"item\":\"https:\/\/www.gaveanews.com\/\"},{\"@type\":\"ListItem\",\"position\":2,\"name\":\"Agora! Rodrigo Caio assina com o Flamengo\"}]},{\"@type\":\"WebSite\",\"@id\":\"https:\/\/www.gaveanews.com\/#website\",\"url\":\"https:\/\/www.gaveanews.com\/\",\"name\":\"G\u00e1vea News\",\"description\":\"Veja todas as not\u00edcias sobre o Flamengo: Contrata\u00e7\u00f5es, categorias de base, resultados das partidas, tabela de classifica\u00e7\u00e3o, pr\u00f3ximos jogos!\",\"potentialAction\":[{\"@type\":\"SearchAction\",\"target\":{\"@type\":\"EntryPoint\",\"urlTemplate\":\"https:\/\/www.gaveanews.com\/?s={search_term_string}\"},\"query-input\":{\"@type\":\"PropertyValueSpecification\",\"valueRequired\":true,\"valueName\":\"search_term_string\"}}],\"inLanguage\":\"pt-BR\"},{\"@type\":\"Person\",\"@id\":\"https:\/\/www.gaveanews.com\/#\/schema\/person\/3b19f7288b0ce20372991275e4f2e6c2\",\"name\":\"Ana Teixeira\",\"image\":{\"@type\":\"ImageObject\",\"inLanguage\":\"pt-BR\",\"@id\":\"https:\/\/www.gaveanews.com\/#\/schema\/person\/image\/\",\"url\":\"https:\/\/secure.gravatar.com\/avatar\/0a73f5a5258f3fed37fc2fa641892f3f7a4748456d4d4792f9bc550e6c19e06c?s=96&d=mm&r=g\",\"contentUrl\":\"https:\/\/secure.gravatar.com\/avatar\/0a73f5a5258f3fed37fc2fa641892f3f7a4748456d4d4792f9bc550e6c19e06c?s=96&d=mm&r=g\",\"caption\":\"Ana Teixeira\"}}]}<\/script>\n<!-- \/ Yoast SEO Premium plugin. -->","yoast_head_json":{"title":"Agora! Rodrigo Caio assina com o Flamengo","robots":{"index":"index","follow":"follow","max-snippet":"max-snippet:-1","max-image-preview":"max-image-preview:large","max-video-preview":"max-video-preview:-1"},"canonical":"https:\/\/www.gaveanews.com\/index.php\/2025\/05\/13\/agora-rodrigo-caio-assina-com-o-flamengo\/","og_locale":"pt_BR","og_type":"article","og_title":"Agora! Rodrigo Caio assina com o Flamengo","og_description":"Rodrigo Caio est\u00e1 de volta ao Flamengo. O ex-zagueiro, multicampe\u00e3o com o clube, foi integrado \u00e0 comiss\u00e3o t\u00e9cnica liderada por Filipe Lu\u00eds para o lugar de Daniel Alegria. A reapresenta\u00e7\u00e3o no Ninho do Urubu acontece nesta ter\u00e7a-feira (13), marcando o in\u00edcio de uma nova etapa em sua trajet\u00f3ria no futebol, desta vez fora das quatro [&hellip;]","og_url":"https:\/\/www.gaveanews.com\/index.php\/2025\/05\/13\/agora-rodrigo-caio-assina-com-o-flamengo\/","og_site_name":"G\u00e1vea News","article_publisher":"https:\/\/facebook.com\/gaveaNews\/","article_published_time":"2025-05-13T12:17:47+00:00","article_modified_time":"2025-05-13T12:24:22+00:00","og_image":[{"width":900,"height":600,"url":"http:\/\/www.gaveanews.com\/wp-content\/uploads\/rodrigo-caio-bandeirao-flamengo-despedida-1.webp","type":"image\/jpeg"}],"author":"Ana Teixeira","twitter_card":"summary_large_image","twitter_misc":{"Escrito por":"Ana Teixeira","Est. tempo de leitura":"3 minutos"},"schema":{"@context":"https:\/\/schema.org","@graph":[{"@type":"NewsArticle","@id":"https:\/\/www.gaveanews.com\/index.php\/2025\/05\/13\/agora-rodrigo-caio-assina-com-o-flamengo\/#article","isPartOf":{"@id":"https:\/\/www.gaveanews.com\/index.php\/2025\/05\/13\/agora-rodrigo-caio-assina-com-o-flamengo\/"},"author":{"name":"Ana Teixeira","@id":"https:\/\/www.gaveanews.com\/#\/schema\/person\/3b19f7288b0ce20372991275e4f2e6c2"},"headline":"Agora! Rodrigo Caio assina com o Flamengo","datePublished":"2025-05-13T12:17:47+00:00","dateModified":"2025-05-13T12:24:22+00:00","mainEntityOfPage":{"@id":"https:\/\/www.gaveanews.com\/index.php\/2025\/05\/13\/agora-rodrigo-caio-assina-com-o-flamengo\/"},"wordCount":367,"commentCount":0,"image":{"@id":"https:\/\/www.gaveanews.com\/index.php\/2025\/05\/13\/agora-rodrigo-caio-assina-com-o-flamengo\/#primaryimage"},"thumbnailUrl":"https:\/\/www.gaveanews.com\/wp-content\/uploads\/rodrigo-caio-bandeirao-flamengo-despedida-1.webp","articleSection":["Brasil","Flamengo"],"inLanguage":"pt-BR","potentialAction":[{"@type":"CommentAction","name":"Comment","target":["https:\/\/www.gaveanews.com\/index.php\/2025\/05\/13\/agora-rodrigo-caio-assina-com-o-flamengo\/#respond"]}],"copyrightYear":"2025","copyrightHolder":{"@id":"https:\/\/www.gaveanews.com\/#organization"}},{"@type":"WebPage","@id":"https:\/\/www.gaveanews.com\/index.php\/2025\/05\/13\/agora-rodrigo-caio-assina-com-o-flamengo\/","url":"https:\/\/www.gaveanews.com\/index.php\/2025\/05\/13\/agora-rodrigo-caio-assina-com-o-flamengo\/","name":"Agora! Rodrigo Caio assina com o Flamengo","isPartOf":{"@id":"https:\/\/www.gaveanews.com\/#website"},"primaryImageOfPage":{"@id":"https:\/\/www.gaveanews.com\/index.php\/2025\/05\/13\/agora-rodrigo-caio-assina-com-o-flamengo\/#primaryimage"},"image":{"@id":"https:\/\/www.gaveanews.com\/index.php\/2025\/05\/13\/agora-rodrigo-caio-assina-com-o-flamengo\/#primaryimage"},"thumbnailUrl":"https:\/\/www.gaveanews.com\/wp-content\/uploads\/rodrigo-caio-bandeirao-flamengo-despedida-1.webp","datePublished":"2025-05-13T12:17:47+00:00","dateModified":"2025-05-13T12:24:22+00:00","author":{"@id":"https:\/\/www.gaveanews.com\/#\/schema\/person\/3b19f7288b0ce20372991275e4f2e6c2"},"breadcrumb":{"@id":"https:\/\/www.gaveanews.com\/index.php\/2025\/05\/13\/agora-rodrigo-caio-assina-com-o-flamengo\/#breadcrumb"},"inLanguage":"pt-BR","potentialAction":[{"@type":"ReadAction","target":["https:\/\/www.gaveanews.com\/index.php\/2025\/05\/13\/agora-rodrigo-caio-assina-com-o-flamengo\/"]}]},{"@type":"ImageObject","inLanguage":"pt-BR","@id":"https:\/\/www.gaveanews.com\/index.php\/2025\/05\/13\/agora-rodrigo-caio-assina-com-o-flamengo\/#primaryimage","url":"https:\/\/www.gaveanews.com\/wp-content\/uploads\/rodrigo-caio-bandeirao-flamengo-despedida-1.webp","contentUrl":"https:\/\/www.gaveanews.com\/wp-content\/uploads\/rodrigo-caio-bandeirao-flamengo-despedida-1.webp","width":900,"height":600,"caption":"Rodrigo Caio assiste homenagem da torcida do Flamengo com seus filhos em despedida no Maracan\u00e3 (Foto: Gilvan de Souza\/Flamengo)"},{"@type":"BreadcrumbList","@id":"https:\/\/www.gaveanews.com\/index.php\/2025\/05\/13\/agora-rodrigo-caio-assina-com-o-flamengo\/#breadcrumb","itemListElement":[{"@type":"ListItem","position":1,"name":"Home","item":"https:\/\/www.gaveanews.com\/"},{"@type":"ListItem","position":2,"name":"Agora! Rodrigo Caio assina com o Flamengo"}]},{"@type":"WebSite","@id":"https:\/\/www.gaveanews.com\/#website","url":"https:\/\/www.gaveanews.com\/","name":"G\u00e1vea News","description":"Veja todas as not\u00edcias sobre o Flamengo: Contrata\u00e7\u00f5es, categorias de base, resultados das partidas, tabela de classifica\u00e7\u00e3o, pr\u00f3ximos jogos!","potentialAction":[{"@type":"SearchAction","target":{"@type":"EntryPoint","urlTemplate":"https:\/\/www.gaveanews.com\/?s={search_term_string}"},"query-input":{"@type":"PropertyValueSpecification","valueRequired":true,"valueName":"search_term_string"}}],"inLanguage":"pt-BR"},{"@type":"Person","@id":"https:\/\/www.gaveanews.com\/#\/schema\/person\/3b19f7288b0ce20372991275e4f2e6c2","name":"Ana Teixeira","image":{"@type":"ImageObject","inLanguage":"pt-BR","@id":"https:\/\/www.gaveanews.com\/#\/schema\/person\/image\/","url":"https:\/\/secure.gravatar.com\/avatar\/0a73f5a5258f3fed37fc2fa641892f3f7a4748456d4d4792f9bc550e6c19e06c?s=96&d=mm&r=g","contentUrl":"https:\/\/secure.gravatar.com\/avatar\/0a73f5a5258f3fed37fc2fa641892f3f7a4748456d4d4792f9bc550e6c19e06c?s=96&d=mm&r=g","caption":"Ana Teixeira"}}]}},"_links":{"self":[{"href":"https:\/\/www.gaveanews.com\/index.php\/wp-json\/wp\/v2\/posts\/263185","targetHints":{"allow":["GET"]}}],"collection":[{"href":"https:\/\/www.gaveanews.com\/index.php\/wp-json\/wp\/v2\/posts"}],"about":[{"href":"https:\/\/www.gaveanews.com\/index.php\/wp-json\/wp\/v2\/types\/post"}],"author":[{"embeddable":true,"href":"https:\/\/www.gaveanews.com\/index.php\/wp-json\/wp\/v2\/users\/30"}],"replies":[{"embeddable":true,"href":"https:\/\/www.gaveanews.com\/index.php\/wp-json\/wp\/v2\/comments?post=263185"}],"version-history":[{"count":6,"href":"https:\/\/www.gaveanews.com\/index.php\/wp-json\/wp\/v2\/posts\/263185\/revisions"}],"predecessor-version":[{"id":263192,"href":"https:\/\/www.gaveanews.com\/index.php\/wp-json\/wp\/v2\/posts\/263185\/revisions\/263192"}],"wp:featuredmedia":[{"embeddable":true,"href":"https:\/\/www.gaveanews.com\/index.php\/wp-json\/wp\/v2\/media\/114097"}],"wp:attachment":[{"href":"https:\/\/www.gaveanews.com\/index.php\/wp-json\/wp\/v2\/media?parent=263185"}],"wp:term":[{"taxonomy":"category","embeddable":true,"href":"https:\/\/www.gaveanews.com\/index.php\/wp-json\/wp\/v2\/categories?post=263185"},{"taxonomy":"post_tag","embeddable":true,"href":"https:\/\/www.gaveanews.com\/index.php\/wp-json\/wp\/v2\/tags?post=263185"}],"curies":[{"name":"wp","href":"https:\/\/api.w.org\/{rel}","templated":true}]}}