{"id":263196,"date":"2025-05-13T10:55:00","date_gmt":"2025-05-13T13:55:00","guid":{"rendered":"https:\/\/www.gaveanews.com\/?p=263196"},"modified":"2025-05-13T10:52:21","modified_gmt":"2025-05-13T13:52:21","slug":"corinthians-x-santos-a-declaracao-de-luan-peres","status":"publish","type":"post","link":"https:\/\/www.gaveanews.com\/index.php\/2025\/05\/13\/corinthians-x-santos-a-declaracao-de-luan-peres\/","title":{"rendered":"Corinthians x Santos: a declara\u00e7\u00e3o de Luan Peres"},"content":{"rendered":"\n<p>O Brasileir\u00e3o Betano 2025 reserva um duelo hist\u00f3rico para o pr\u00f3ximo domingo (18), \u00e0s 16h, na Neo Qu\u00edmica Arena. Corinthians e Santos medem for\u00e7as em mais um cap\u00edtulo do cl\u00e1ssico alvinegro, v\u00e1lido pela 9\u00aa rodada da competi\u00e7\u00e3o.&nbsp;<\/p>\n\n\n\n<p>O Santos tenta encerrar um inc\u00f4modo tabu como visitante em Itaquera, enquanto o Corinthians quer se impor diante da torcida. Em meio \u00e0 tens\u00e3o pr\u00e9-jogo, uma declara\u00e7\u00e3o de Luan Peres, zagueiro do Peixe, chamou aten\u00e7\u00e3o e exp\u00f4s o clima de urg\u00eancia que ronda a Vila Belmiro.<\/p>\n\n\n\n<h2 class=\"wp-block-heading\" id=\"h-luan-peres-admite-pressao-e-reforca-confianca\">Luan Peres admite press\u00e3o e refor\u00e7a confian\u00e7a<\/h2>\n\n\n\n<p>Durante entrevista ao SporTV, o defensor foi questionado sobre o desempenho do Santos em Itaquera nos \u00faltimos anos. A pergunta foi direta:<br>&#8220;O pr\u00f3ximo jogo \u00e9 contra o Corinthians, em Itaquera, onde o Santos n\u00e3o costuma vencer nos \u00faltimos anos. Preocupa chegar a 9 jogos com 8 sem vencer?&#8221;<\/p>\n\n\n\n<p>A resposta de Luan n\u00e3o deixou d\u00favidas sobre a seriedade do momento:<br>&#8220;Qualquer jogo hoje preocupa, a gente tem que ganhar. N\u00e3o importa advers\u00e1rio, tabu \u00e9 feito para ser quebrado, a gente vai l\u00e1 dentro e vai tentar a vit\u00f3ria. Vamos conseguir, a chave tem que virar. Esse \u00e9 o momento mais importante para a gente dar essa alavancada.&#8221;<\/p>\n\n\n\n<p>Vale destacar que a fala do zagueiro evidencia o esp\u00edrito de luta do elenco santista, que v\u00ea o confronto como uma oportunidade de virar a p\u00e1gina na temporada. Al\u00e9m disso, o tom confiante refor\u00e7a a vontade de colocar fim a um jejum que incomoda h\u00e1 anos.<\/p>\n\n\n\n<h2 class=\"wp-block-heading\" id=\"h-arena-com-ingressos-liberados-e-clima-de-decisao\">Arena com ingressos liberados e clima de decis\u00e3o<\/h2>\n\n\n\n<p>O Corinthians anunciou os detalhes da opera\u00e7\u00e3o de jogo, incluindo a venda de ingressos e a log\u00edstica para receber os torcedores na Neo Qu\u00edmica Arena. Por isso, a expectativa \u00e9 de arquibancadas lotadas para apoiar o time da casa.<\/p>\n\n\n\n<p>Cabe ressaltar que, mesmo jogando como mandante, o Tim\u00e3o tamb\u00e9m tem suas pr\u00f3prias cobran\u00e7as e um trope\u00e7o pode aumentar a press\u00e3o interna. Sendo assim, o cl\u00e1ssico promete equil\u00edbrio, tens\u00e3o e imprevisibilidade.<\/p>\n\n\n\n<h2 class=\"wp-block-heading\" id=\"h-classico-com-clima-de-final\">Cl\u00e1ssico com clima de final<\/h2>\n\n\n\n<p>Dessa maneira, Corinthians x Santos re\u00fane todos os ingredientes que fazem do futebol brasileiro um espet\u00e1culo \u00e0 parte. Desse jeito, o jogo deste domingo pode marcar uma reviravolta para a equipe santista ou aprofundar ainda mais a crise.<\/p>\n","protected":false},"excerpt":{"rendered":"<p>O Brasileir\u00e3o Betano 2025 reserva um duelo hist\u00f3rico para o pr\u00f3ximo domingo (18), \u00e0s 16h, na Neo Qu\u00edmica Arena. Corinthians e Santos medem for\u00e7as em mais um cap\u00edtulo do cl\u00e1ssico alvinegro, v\u00e1lido pela 9\u00aa rodada da competi\u00e7\u00e3o.&nbsp; O Santos tenta encerrar um inc\u00f4modo tabu como visitante em Itaquera, enquanto o Corinthians quer se impor diante [&hellip;]<\/p>\n","protected":false},"author":25,"featured_media":166242,"comment_status":"open","ping_status":"closed","sticky":false,"template":"","format":"standard","meta":{"footnotes":""},"categories":[139],"tags":[],"class_list":["post-263196","post","type-post","status-publish","format-standard","has-post-thumbnail","hentry","category-santos"],"yoast_head":"<!-- This site is optimized with the Yoast SEO Premium plugin v24.2 (Yoast SEO v26.9) - https:\/\/yoast.com\/product\/yoast-seo-premium-wordpress\/ -->\n<title>Corinthians x Santos: a declara\u00e7\u00e3o de Luan Peres<\/title>\n<meta name=\"robots\" content=\"index, follow, max-snippet:-1, max-image-preview:large, max-video-preview:-1\" \/>\n<link rel=\"canonical\" href=\"https:\/\/www.gaveanews.com\/index.php\/2025\/05\/13\/corinthians-x-santos-a-declaracao-de-luan-peres\/\" \/>\n<meta property=\"og:locale\" content=\"pt_BR\" \/>\n<meta property=\"og:type\" content=\"article\" \/>\n<meta property=\"og:title\" content=\"Corinthians x Santos: a declara\u00e7\u00e3o de Luan Peres\" \/>\n<meta property=\"og:description\" content=\"O Brasileir\u00e3o Betano 2025 reserva um duelo hist\u00f3rico para o pr\u00f3ximo domingo (18), \u00e0s 16h, na Neo Qu\u00edmica Arena. Corinthians e Santos medem for\u00e7as em mais um cap\u00edtulo do cl\u00e1ssico alvinegro, v\u00e1lido pela 9\u00aa rodada da competi\u00e7\u00e3o.&nbsp; O Santos tenta encerrar um inc\u00f4modo tabu como visitante em Itaquera, enquanto o Corinthians quer se impor diante [&hellip;]\" \/>\n<meta property=\"og:url\" content=\"https:\/\/www.gaveanews.com\/index.php\/2025\/05\/13\/corinthians-x-santos-a-declaracao-de-luan-peres\/\" \/>\n<meta property=\"og:site_name\" content=\"G\u00e1vea News\" \/>\n<meta property=\"article:publisher\" content=\"https:\/\/facebook.com\/gaveaNews\/\" \/>\n<meta property=\"article:published_time\" content=\"2025-05-13T13:55:00+00:00\" \/>\n<meta property=\"og:image\" content=\"https:\/\/www.gaveanews.com\/wp-content\/uploads\/Luan-Peres-com-a-camisa-do-Santos-em-2024.webp\" \/>\n\t<meta property=\"og:image:width\" content=\"1394\" \/>\n\t<meta property=\"og:image:height\" content=\"930\" \/>\n\t<meta property=\"og:image:type\" content=\"image\/webp\" \/>\n<meta name=\"author\" content=\"Rafaela Ladeira\" \/>\n<meta name=\"twitter:card\" content=\"summary_large_image\" \/>\n<meta name=\"twitter:label1\" content=\"Escrito por\" \/>\n\t<meta name=\"twitter:data1\" content=\"Rafaela Ladeira\" \/>\n\t<meta name=\"twitter:label2\" content=\"Est. tempo de leitura\" \/>\n\t<meta name=\"twitter:data2\" content=\"3 minutos\" \/>\n<script type=\"application\/ld+json\" class=\"yoast-schema-graph\">{\"@context\":\"https:\/\/schema.org\",\"@graph\":[{\"@type\":\"NewsArticle\",\"@id\":\"https:\/\/www.gaveanews.com\/index.php\/2025\/05\/13\/corinthians-x-santos-a-declaracao-de-luan-peres\/#article\",\"isPartOf\":{\"@id\":\"https:\/\/www.gaveanews.com\/index.php\/2025\/05\/13\/corinthians-x-santos-a-declaracao-de-luan-peres\/\"},\"author\":{\"name\":\"Rafaela Ladeira\",\"@id\":\"https:\/\/www.gaveanews.com\/#\/schema\/person\/0eb3e3fe1754f0205218538adbe8f5ed\"},\"headline\":\"Corinthians x Santos: a declara\u00e7\u00e3o de Luan Peres\",\"datePublished\":\"2025-05-13T13:55:00+00:00\",\"mainEntityOfPage\":{\"@id\":\"https:\/\/www.gaveanews.com\/index.php\/2025\/05\/13\/corinthians-x-santos-a-declaracao-de-luan-peres\/\"},\"wordCount\":410,\"commentCount\":0,\"image\":{\"@id\":\"https:\/\/www.gaveanews.com\/index.php\/2025\/05\/13\/corinthians-x-santos-a-declaracao-de-luan-peres\/#primaryimage\"},\"thumbnailUrl\":\"https:\/\/www.gaveanews.com\/wp-content\/uploads\/Luan-Peres-com-a-camisa-do-Santos-em-2024.webp\",\"articleSection\":[\"Santos\"],\"inLanguage\":\"pt-BR\",\"potentialAction\":[{\"@type\":\"CommentAction\",\"name\":\"Comment\",\"target\":[\"https:\/\/www.gaveanews.com\/index.php\/2025\/05\/13\/corinthians-x-santos-a-declaracao-de-luan-peres\/#respond\"]}],\"copyrightYear\":\"2025\",\"copyrightHolder\":{\"@id\":\"https:\/\/www.gaveanews.com\/#organization\"}},{\"@type\":\"WebPage\",\"@id\":\"https:\/\/www.gaveanews.com\/index.php\/2025\/05\/13\/corinthians-x-santos-a-declaracao-de-luan-peres\/\",\"url\":\"https:\/\/www.gaveanews.com\/index.php\/2025\/05\/13\/corinthians-x-santos-a-declaracao-de-luan-peres\/\",\"name\":\"Corinthians x Santos: a declara\u00e7\u00e3o de Luan Peres\",\"isPartOf\":{\"@id\":\"https:\/\/www.gaveanews.com\/#website\"},\"primaryImageOfPage\":{\"@id\":\"https:\/\/www.gaveanews.com\/index.php\/2025\/05\/13\/corinthians-x-santos-a-declaracao-de-luan-peres\/#primaryimage\"},\"image\":{\"@id\":\"https:\/\/www.gaveanews.com\/index.php\/2025\/05\/13\/corinthians-x-santos-a-declaracao-de-luan-peres\/#primaryimage\"},\"thumbnailUrl\":\"https:\/\/www.gaveanews.com\/wp-content\/uploads\/Luan-Peres-com-a-camisa-do-Santos-em-2024.webp\",\"datePublished\":\"2025-05-13T13:55:00+00:00\",\"author\":{\"@id\":\"https:\/\/www.gaveanews.com\/#\/schema\/person\/0eb3e3fe1754f0205218538adbe8f5ed\"},\"breadcrumb\":{\"@id\":\"https:\/\/www.gaveanews.com\/index.php\/2025\/05\/13\/corinthians-x-santos-a-declaracao-de-luan-peres\/#breadcrumb\"},\"inLanguage\":\"pt-BR\",\"potentialAction\":[{\"@type\":\"ReadAction\",\"target\":[\"https:\/\/www.gaveanews.com\/index.php\/2025\/05\/13\/corinthians-x-santos-a-declaracao-de-luan-peres\/\"]}]},{\"@type\":\"ImageObject\",\"inLanguage\":\"pt-BR\",\"@id\":\"https:\/\/www.gaveanews.com\/index.php\/2025\/05\/13\/corinthians-x-santos-a-declaracao-de-luan-peres\/#primaryimage\",\"url\":\"https:\/\/www.gaveanews.com\/wp-content\/uploads\/Luan-Peres-com-a-camisa-do-Santos-em-2024.webp\",\"contentUrl\":\"https:\/\/www.gaveanews.com\/wp-content\/uploads\/Luan-Peres-com-a-camisa-do-Santos-em-2024.webp\",\"width\":1394,\"height\":930,\"caption\":\"Luan Peres com a camisa do Santos em 2024 (Foto: Raul Baretta\/Santos FC)\"},{\"@type\":\"BreadcrumbList\",\"@id\":\"https:\/\/www.gaveanews.com\/index.php\/2025\/05\/13\/corinthians-x-santos-a-declaracao-de-luan-peres\/#breadcrumb\",\"itemListElement\":[{\"@type\":\"ListItem\",\"position\":1,\"name\":\"Home\",\"item\":\"https:\/\/www.gaveanews.com\/\"},{\"@type\":\"ListItem\",\"position\":2,\"name\":\"Corinthians x Santos: a declara\u00e7\u00e3o de Luan Peres\"}]},{\"@type\":\"WebSite\",\"@id\":\"https:\/\/www.gaveanews.com\/#website\",\"url\":\"https:\/\/www.gaveanews.com\/\",\"name\":\"G\u00e1vea News\",\"description\":\"Veja todas as not\u00edcias sobre o Flamengo: Contrata\u00e7\u00f5es, categorias de base, resultados das partidas, tabela de classifica\u00e7\u00e3o, pr\u00f3ximos jogos!\",\"potentialAction\":[{\"@type\":\"SearchAction\",\"target\":{\"@type\":\"EntryPoint\",\"urlTemplate\":\"https:\/\/www.gaveanews.com\/?s={search_term_string}\"},\"query-input\":{\"@type\":\"PropertyValueSpecification\",\"valueRequired\":true,\"valueName\":\"search_term_string\"}}],\"inLanguage\":\"pt-BR\"},{\"@type\":\"Person\",\"@id\":\"https:\/\/www.gaveanews.com\/#\/schema\/person\/0eb3e3fe1754f0205218538adbe8f5ed\",\"name\":\"Rafaela Ladeira\",\"image\":{\"@type\":\"ImageObject\",\"inLanguage\":\"pt-BR\",\"@id\":\"https:\/\/www.gaveanews.com\/#\/schema\/person\/image\/\",\"url\":\"https:\/\/secure.gravatar.com\/avatar\/c31f513acffd85eacab5730cbdfdbbf59f21ba5aeada8cd890acea879fbb2455?s=96&d=mm&r=g\",\"contentUrl\":\"https:\/\/secure.gravatar.com\/avatar\/c31f513acffd85eacab5730cbdfdbbf59f21ba5aeada8cd890acea879fbb2455?s=96&d=mm&r=g\",\"caption\":\"Rafaela Ladeira\"}}]}<\/script>\n<!-- \/ Yoast SEO Premium plugin. -->","yoast_head_json":{"title":"Corinthians x Santos: a declara\u00e7\u00e3o de Luan Peres","robots":{"index":"index","follow":"follow","max-snippet":"max-snippet:-1","max-image-preview":"max-image-preview:large","max-video-preview":"max-video-preview:-1"},"canonical":"https:\/\/www.gaveanews.com\/index.php\/2025\/05\/13\/corinthians-x-santos-a-declaracao-de-luan-peres\/","og_locale":"pt_BR","og_type":"article","og_title":"Corinthians x Santos: a declara\u00e7\u00e3o de Luan Peres","og_description":"O Brasileir\u00e3o Betano 2025 reserva um duelo hist\u00f3rico para o pr\u00f3ximo domingo (18), \u00e0s 16h, na Neo Qu\u00edmica Arena. Corinthians e Santos medem for\u00e7as em mais um cap\u00edtulo do cl\u00e1ssico alvinegro, v\u00e1lido pela 9\u00aa rodada da competi\u00e7\u00e3o.&nbsp; O Santos tenta encerrar um inc\u00f4modo tabu como visitante em Itaquera, enquanto o Corinthians quer se impor diante [&hellip;]","og_url":"https:\/\/www.gaveanews.com\/index.php\/2025\/05\/13\/corinthians-x-santos-a-declaracao-de-luan-peres\/","og_site_name":"G\u00e1vea News","article_publisher":"https:\/\/facebook.com\/gaveaNews\/","article_published_time":"2025-05-13T13:55:00+00:00","og_image":[{"width":1394,"height":930,"url":"https:\/\/www.gaveanews.com\/wp-content\/uploads\/Luan-Peres-com-a-camisa-do-Santos-em-2024.webp","type":"image\/webp"}],"author":"Rafaela Ladeira","twitter_card":"summary_large_image","twitter_misc":{"Escrito por":"Rafaela Ladeira","Est. tempo de leitura":"3 minutos"},"schema":{"@context":"https:\/\/schema.org","@graph":[{"@type":"NewsArticle","@id":"https:\/\/www.gaveanews.com\/index.php\/2025\/05\/13\/corinthians-x-santos-a-declaracao-de-luan-peres\/#article","isPartOf":{"@id":"https:\/\/www.gaveanews.com\/index.php\/2025\/05\/13\/corinthians-x-santos-a-declaracao-de-luan-peres\/"},"author":{"name":"Rafaela Ladeira","@id":"https:\/\/www.gaveanews.com\/#\/schema\/person\/0eb3e3fe1754f0205218538adbe8f5ed"},"headline":"Corinthians x Santos: a declara\u00e7\u00e3o de Luan Peres","datePublished":"2025-05-13T13:55:00+00:00","mainEntityOfPage":{"@id":"https:\/\/www.gaveanews.com\/index.php\/2025\/05\/13\/corinthians-x-santos-a-declaracao-de-luan-peres\/"},"wordCount":410,"commentCount":0,"image":{"@id":"https:\/\/www.gaveanews.com\/index.php\/2025\/05\/13\/corinthians-x-santos-a-declaracao-de-luan-peres\/#primaryimage"},"thumbnailUrl":"https:\/\/www.gaveanews.com\/wp-content\/uploads\/Luan-Peres-com-a-camisa-do-Santos-em-2024.webp","articleSection":["Santos"],"inLanguage":"pt-BR","potentialAction":[{"@type":"CommentAction","name":"Comment","target":["https:\/\/www.gaveanews.com\/index.php\/2025\/05\/13\/corinthians-x-santos-a-declaracao-de-luan-peres\/#respond"]}],"copyrightYear":"2025","copyrightHolder":{"@id":"https:\/\/www.gaveanews.com\/#organization"}},{"@type":"WebPage","@id":"https:\/\/www.gaveanews.com\/index.php\/2025\/05\/13\/corinthians-x-santos-a-declaracao-de-luan-peres\/","url":"https:\/\/www.gaveanews.com\/index.php\/2025\/05\/13\/corinthians-x-santos-a-declaracao-de-luan-peres\/","name":"Corinthians x Santos: a declara\u00e7\u00e3o de Luan Peres","isPartOf":{"@id":"https:\/\/www.gaveanews.com\/#website"},"primaryImageOfPage":{"@id":"https:\/\/www.gaveanews.com\/index.php\/2025\/05\/13\/corinthians-x-santos-a-declaracao-de-luan-peres\/#primaryimage"},"image":{"@id":"https:\/\/www.gaveanews.com\/index.php\/2025\/05\/13\/corinthians-x-santos-a-declaracao-de-luan-peres\/#primaryimage"},"thumbnailUrl":"https:\/\/www.gaveanews.com\/wp-content\/uploads\/Luan-Peres-com-a-camisa-do-Santos-em-2024.webp","datePublished":"2025-05-13T13:55:00+00:00","author":{"@id":"https:\/\/www.gaveanews.com\/#\/schema\/person\/0eb3e3fe1754f0205218538adbe8f5ed"},"breadcrumb":{"@id":"https:\/\/www.gaveanews.com\/index.php\/2025\/05\/13\/corinthians-x-santos-a-declaracao-de-luan-peres\/#breadcrumb"},"inLanguage":"pt-BR","potentialAction":[{"@type":"ReadAction","target":["https:\/\/www.gaveanews.com\/index.php\/2025\/05\/13\/corinthians-x-santos-a-declaracao-de-luan-peres\/"]}]},{"@type":"ImageObject","inLanguage":"pt-BR","@id":"https:\/\/www.gaveanews.com\/index.php\/2025\/05\/13\/corinthians-x-santos-a-declaracao-de-luan-peres\/#primaryimage","url":"https:\/\/www.gaveanews.com\/wp-content\/uploads\/Luan-Peres-com-a-camisa-do-Santos-em-2024.webp","contentUrl":"https:\/\/www.gaveanews.com\/wp-content\/uploads\/Luan-Peres-com-a-camisa-do-Santos-em-2024.webp","width":1394,"height":930,"caption":"Luan Peres com a camisa do Santos em 2024 (Foto: Raul Baretta\/Santos FC)"},{"@type":"BreadcrumbList","@id":"https:\/\/www.gaveanews.com\/index.php\/2025\/05\/13\/corinthians-x-santos-a-declaracao-de-luan-peres\/#breadcrumb","itemListElement":[{"@type":"ListItem","position":1,"name":"Home","item":"https:\/\/www.gaveanews.com\/"},{"@type":"ListItem","position":2,"name":"Corinthians x Santos: a declara\u00e7\u00e3o de Luan Peres"}]},{"@type":"WebSite","@id":"https:\/\/www.gaveanews.com\/#website","url":"https:\/\/www.gaveanews.com\/","name":"G\u00e1vea News","description":"Veja todas as not\u00edcias sobre o Flamengo: Contrata\u00e7\u00f5es, categorias de base, resultados das partidas, tabela de classifica\u00e7\u00e3o, pr\u00f3ximos jogos!","potentialAction":[{"@type":"SearchAction","target":{"@type":"EntryPoint","urlTemplate":"https:\/\/www.gaveanews.com\/?s={search_term_string}"},"query-input":{"@type":"PropertyValueSpecification","valueRequired":true,"valueName":"search_term_string"}}],"inLanguage":"pt-BR"},{"@type":"Person","@id":"https:\/\/www.gaveanews.com\/#\/schema\/person\/0eb3e3fe1754f0205218538adbe8f5ed","name":"Rafaela Ladeira","image":{"@type":"ImageObject","inLanguage":"pt-BR","@id":"https:\/\/www.gaveanews.com\/#\/schema\/person\/image\/","url":"https:\/\/secure.gravatar.com\/avatar\/c31f513acffd85eacab5730cbdfdbbf59f21ba5aeada8cd890acea879fbb2455?s=96&d=mm&r=g","contentUrl":"https:\/\/secure.gravatar.com\/avatar\/c31f513acffd85eacab5730cbdfdbbf59f21ba5aeada8cd890acea879fbb2455?s=96&d=mm&r=g","caption":"Rafaela Ladeira"}}]}},"_links":{"self":[{"href":"https:\/\/www.gaveanews.com\/index.php\/wp-json\/wp\/v2\/posts\/263196","targetHints":{"allow":["GET"]}}],"collection":[{"href":"https:\/\/www.gaveanews.com\/index.php\/wp-json\/wp\/v2\/posts"}],"about":[{"href":"https:\/\/www.gaveanews.com\/index.php\/wp-json\/wp\/v2\/types\/post"}],"author":[{"embeddable":true,"href":"https:\/\/www.gaveanews.com\/index.php\/wp-json\/wp\/v2\/users\/25"}],"replies":[{"embeddable":true,"href":"https:\/\/www.gaveanews.com\/index.php\/wp-json\/wp\/v2\/comments?post=263196"}],"version-history":[{"count":1,"href":"https:\/\/www.gaveanews.com\/index.php\/wp-json\/wp\/v2\/posts\/263196\/revisions"}],"predecessor-version":[{"id":263197,"href":"https:\/\/www.gaveanews.com\/index.php\/wp-json\/wp\/v2\/posts\/263196\/revisions\/263197"}],"wp:featuredmedia":[{"embeddable":true,"href":"https:\/\/www.gaveanews.com\/index.php\/wp-json\/wp\/v2\/media\/166242"}],"wp:attachment":[{"href":"https:\/\/www.gaveanews.com\/index.php\/wp-json\/wp\/v2\/media?parent=263196"}],"wp:term":[{"taxonomy":"category","embeddable":true,"href":"https:\/\/www.gaveanews.com\/index.php\/wp-json\/wp\/v2\/categories?post=263196"},{"taxonomy":"post_tag","embeddable":true,"href":"https:\/\/www.gaveanews.com\/index.php\/wp-json\/wp\/v2\/tags?post=263196"}],"curies":[{"name":"wp","href":"https:\/\/api.w.org\/{rel}","templated":true}]}}