{"id":263200,"date":"2025-05-13T11:05:00","date_gmt":"2025-05-13T14:05:00","guid":{"rendered":"https:\/\/www.gaveanews.com\/?p=263200"},"modified":"2025-05-13T11:05:18","modified_gmt":"2025-05-13T14:05:18","slug":"a-declaracao-de-cleber-xavier-sobre-o-rebaixamento-do-santos","status":"publish","type":"post","link":"https:\/\/www.gaveanews.com\/index.php\/2025\/05\/13\/a-declaracao-de-cleber-xavier-sobre-o-rebaixamento-do-santos\/","title":{"rendered":"A declara\u00e7\u00e3o de Cleber Xavier sobre o rebaixamento do Santos"},"content":{"rendered":"\n<p>O torcedor santista recebeu, neste fim de semana, uma declara\u00e7\u00e3o que caiu como um balde de \u00e1gua fria. Ap\u00f3s mais um resultado frustrante no Brasileir\u00e3o Betano 2025, o t\u00e9cnico Cleber Xavier foi direto ao ser questionado sobre a situa\u00e7\u00e3o do Santos na tabela.&nbsp;<\/p>\n\n\n\n<p>Em meio a um in\u00edcio preocupante de campeonato, a resposta do treinador deixou claro o momento delicado vivido pelo clube da Baixada.<\/p>\n\n\n\n<h2 class=\"wp-block-heading\" id=\"h-tecnico-admite-essa-e-a-realidade\">T\u00e9cnico admite: \u201cEssa \u00e9 a realidade\u201d<\/h2>\n\n\n\n<p>Durante a coletiva, um rep\u00f3rter perguntou:<br>&#8220;S\u00e3o 5 pontos em 8 rodadas. Eu sei que ainda est\u00e1 cedo, mas esse time do Santos, neste momento, briga contra o rebaixamento?&#8221;<\/p>\n\n\n\n<p>Sem rodeios, Cleber Xavier respondeu:<br>&#8220;No momento, essa \u00e9 a realidade.&#8221;<\/p>\n\n\n\n<p>Essa afirma\u00e7\u00e3o sincera escancara o clima de urg\u00eancia no clube. Vale destacar que o Peixe soma apenas cinco pontos em oito jogos, desempenho que, historicamente, \u00e9 compat\u00edvel com equipes que lutam contra o rebaixamento.&nbsp;<\/p>\n\n\n\n<p>Cabe ressaltar que o treinador n\u00e3o buscou desculpas e preferiu reconhecer a situa\u00e7\u00e3o como ela \u00e9, atitude que pode ser vista como sinal de seriedade e transpar\u00eancia.<\/p>\n\n\n\n<blockquote class=\"twitter-tweet\"><p lang=\"pt\" dir=\"ltr\">Rep\u00f3rter para Cleber Xavier, t\u00e9cnico do Santos: &quot;S\u00e3o 5 pontos em 8 rodadas. Eu sei que ainda est\u00e1 cedo, mas esse time do Santos, neste momento, briga contra o rebaixamento?&quot;<br><br>Cleber Xavier: &quot;No momento, essa \u00e9 a realidade.&quot;<br><br>\ud83d\udcf8 Reprodu\u00e7\u00e3o\/TNT Sports <a href=\"https:\/\/t.co\/5afJhAAucN\">pic.twitter.com\/5afJhAAucN<\/a><\/p>&mdash; Planeta do Futebol \ud83c\udf0e (@futebol_info) <a href=\"https:\/\/twitter.com\/futebol_info\/status\/1922117768675262602?ref_src=twsrc%5Etfw\">May 13, 2025<\/a><\/blockquote> <script async src=\"https:\/\/platform.twitter.com\/widgets.js\" charset=\"utf-8\"><\/script>\n\n\n\n<h2 class=\"wp-block-heading\" id=\"h-pressao-cresce-e-reacoes-sao-cobradas\">Press\u00e3o cresce e rea\u00e7\u00f5es s\u00e3o cobradas<\/h2>\n\n\n\n<p>A declara\u00e7\u00e3o tamb\u00e9m coloca press\u00e3o sobre a diretoria e os jogadores. Por isso, a cobran\u00e7a por resultados deve se intensificar nas pr\u00f3ximas rodadas. A torcida, j\u00e1 impaciente, espera mudan\u00e7as urgentes, seja na postura dentro de campo ou nas decis\u00f5es fora dele.<\/p>\n\n\n\n<p>Sendo assim, o Santos precisar\u00e1 reagir o quanto antes para evitar que essa \u201crealidade\u201d se torne definitiva ao longo do campeonato. Isso porque o Brasileir\u00e3o \u00e9 longo, mas o hist\u00f3rico mostra que arrancadas tardias nem sempre s\u00e3o suficientes para salvar equipes em crise.<\/p>\n\n\n\n<h2 class=\"wp-block-heading\" id=\"h-o-momento-exige-respostas\">O momento exige respostas<\/h2>\n\n\n\n<p>Dessa maneira, o clube precisa tratar cada rodada como uma decis\u00e3o. Desse jeito, a recupera\u00e7\u00e3o n\u00e3o ser\u00e1 apenas t\u00e9cnica, mas tamb\u00e9m emocional. Com isso, a declara\u00e7\u00e3o de Cleber Xavier serve como um ponto de virada, o momento \u00e9 de encarar os fatos e agir, antes que seja tarde demais.<\/p>\n","protected":false},"excerpt":{"rendered":"<p>O torcedor santista recebeu, neste fim de semana, uma declara\u00e7\u00e3o que caiu como um balde de \u00e1gua fria. Ap\u00f3s mais um resultado frustrante no Brasileir\u00e3o Betano 2025, o t\u00e9cnico Cleber Xavier foi direto ao ser questionado sobre a situa\u00e7\u00e3o do Santos na tabela.&nbsp; Em meio a um in\u00edcio preocupante de campeonato, a resposta do treinador [&hellip;]<\/p>\n","protected":false},"author":25,"featured_media":152156,"comment_status":"open","ping_status":"closed","sticky":false,"template":"","format":"standard","meta":{"footnotes":""},"categories":[139],"tags":[],"class_list":["post-263200","post","type-post","status-publish","format-standard","has-post-thumbnail","hentry","category-santos"],"yoast_head":"<!-- This site is optimized with the Yoast SEO Premium plugin v24.2 (Yoast SEO v26.9) - https:\/\/yoast.com\/product\/yoast-seo-premium-wordpress\/ -->\n<title>A declara\u00e7\u00e3o de Cleber Xavier sobre o rebaixamento do Santos<\/title>\n<meta name=\"robots\" content=\"index, follow, max-snippet:-1, max-image-preview:large, max-video-preview:-1\" \/>\n<link rel=\"canonical\" href=\"https:\/\/www.gaveanews.com\/index.php\/2025\/05\/13\/a-declaracao-de-cleber-xavier-sobre-o-rebaixamento-do-santos\/\" \/>\n<meta property=\"og:locale\" content=\"pt_BR\" \/>\n<meta property=\"og:type\" content=\"article\" \/>\n<meta property=\"og:title\" content=\"A declara\u00e7\u00e3o de Cleber Xavier sobre o rebaixamento do Santos\" \/>\n<meta property=\"og:description\" content=\"O torcedor santista recebeu, neste fim de semana, uma declara\u00e7\u00e3o que caiu como um balde de \u00e1gua fria. Ap\u00f3s mais um resultado frustrante no Brasileir\u00e3o Betano 2025, o t\u00e9cnico Cleber Xavier foi direto ao ser questionado sobre a situa\u00e7\u00e3o do Santos na tabela.&nbsp; Em meio a um in\u00edcio preocupante de campeonato, a resposta do treinador [&hellip;]\" \/>\n<meta property=\"og:url\" content=\"https:\/\/www.gaveanews.com\/index.php\/2025\/05\/13\/a-declaracao-de-cleber-xavier-sobre-o-rebaixamento-do-santos\/\" \/>\n<meta property=\"og:site_name\" content=\"G\u00e1vea News\" \/>\n<meta property=\"article:publisher\" content=\"https:\/\/facebook.com\/gaveaNews\/\" \/>\n<meta property=\"article:published_time\" content=\"2025-05-13T14:05:00+00:00\" \/>\n<meta property=\"article:modified_time\" content=\"2025-05-13T14:05:18+00:00\" \/>\n<meta property=\"og:image\" content=\"http:\/\/www.gaveanews.com\/wp-content\/uploads\/Escudo-do-Santos-1.webp\" \/>\n\t<meta property=\"og:image:width\" content=\"1300\" \/>\n\t<meta property=\"og:image:height\" content=\"1056\" \/>\n\t<meta property=\"og:image:type\" content=\"image\/webp\" \/>\n<meta name=\"author\" content=\"Rafaela Ladeira\" \/>\n<meta name=\"twitter:card\" content=\"summary_large_image\" \/>\n<meta name=\"twitter:label1\" content=\"Escrito por\" \/>\n\t<meta name=\"twitter:data1\" content=\"Rafaela Ladeira\" \/>\n\t<meta name=\"twitter:label2\" content=\"Est. tempo de leitura\" \/>\n\t<meta name=\"twitter:data2\" content=\"2 minutos\" \/>\n<script type=\"application\/ld+json\" class=\"yoast-schema-graph\">{\"@context\":\"https:\/\/schema.org\",\"@graph\":[{\"@type\":\"NewsArticle\",\"@id\":\"https:\/\/www.gaveanews.com\/index.php\/2025\/05\/13\/a-declaracao-de-cleber-xavier-sobre-o-rebaixamento-do-santos\/#article\",\"isPartOf\":{\"@id\":\"https:\/\/www.gaveanews.com\/index.php\/2025\/05\/13\/a-declaracao-de-cleber-xavier-sobre-o-rebaixamento-do-santos\/\"},\"author\":{\"name\":\"Rafaela Ladeira\",\"@id\":\"https:\/\/www.gaveanews.com\/#\/schema\/person\/0eb3e3fe1754f0205218538adbe8f5ed\"},\"headline\":\"A declara\u00e7\u00e3o de Cleber Xavier sobre o rebaixamento do Santos\",\"datePublished\":\"2025-05-13T14:05:00+00:00\",\"dateModified\":\"2025-05-13T14:05:18+00:00\",\"mainEntityOfPage\":{\"@id\":\"https:\/\/www.gaveanews.com\/index.php\/2025\/05\/13\/a-declaracao-de-cleber-xavier-sobre-o-rebaixamento-do-santos\/\"},\"wordCount\":410,\"commentCount\":0,\"image\":{\"@id\":\"https:\/\/www.gaveanews.com\/index.php\/2025\/05\/13\/a-declaracao-de-cleber-xavier-sobre-o-rebaixamento-do-santos\/#primaryimage\"},\"thumbnailUrl\":\"https:\/\/www.gaveanews.com\/wp-content\/uploads\/Escudo-do-Santos-1.webp\",\"articleSection\":[\"Santos\"],\"inLanguage\":\"pt-BR\",\"potentialAction\":[{\"@type\":\"CommentAction\",\"name\":\"Comment\",\"target\":[\"https:\/\/www.gaveanews.com\/index.php\/2025\/05\/13\/a-declaracao-de-cleber-xavier-sobre-o-rebaixamento-do-santos\/#respond\"]}],\"copyrightYear\":\"2025\",\"copyrightHolder\":{\"@id\":\"https:\/\/www.gaveanews.com\/#organization\"}},{\"@type\":\"WebPage\",\"@id\":\"https:\/\/www.gaveanews.com\/index.php\/2025\/05\/13\/a-declaracao-de-cleber-xavier-sobre-o-rebaixamento-do-santos\/\",\"url\":\"https:\/\/www.gaveanews.com\/index.php\/2025\/05\/13\/a-declaracao-de-cleber-xavier-sobre-o-rebaixamento-do-santos\/\",\"name\":\"A declara\u00e7\u00e3o de Cleber Xavier sobre o rebaixamento do Santos\",\"isPartOf\":{\"@id\":\"https:\/\/www.gaveanews.com\/#website\"},\"primaryImageOfPage\":{\"@id\":\"https:\/\/www.gaveanews.com\/index.php\/2025\/05\/13\/a-declaracao-de-cleber-xavier-sobre-o-rebaixamento-do-santos\/#primaryimage\"},\"image\":{\"@id\":\"https:\/\/www.gaveanews.com\/index.php\/2025\/05\/13\/a-declaracao-de-cleber-xavier-sobre-o-rebaixamento-do-santos\/#primaryimage\"},\"thumbnailUrl\":\"https:\/\/www.gaveanews.com\/wp-content\/uploads\/Escudo-do-Santos-1.webp\",\"datePublished\":\"2025-05-13T14:05:00+00:00\",\"dateModified\":\"2025-05-13T14:05:18+00:00\",\"author\":{\"@id\":\"https:\/\/www.gaveanews.com\/#\/schema\/person\/0eb3e3fe1754f0205218538adbe8f5ed\"},\"breadcrumb\":{\"@id\":\"https:\/\/www.gaveanews.com\/index.php\/2025\/05\/13\/a-declaracao-de-cleber-xavier-sobre-o-rebaixamento-do-santos\/#breadcrumb\"},\"inLanguage\":\"pt-BR\",\"potentialAction\":[{\"@type\":\"ReadAction\",\"target\":[\"https:\/\/www.gaveanews.com\/index.php\/2025\/05\/13\/a-declaracao-de-cleber-xavier-sobre-o-rebaixamento-do-santos\/\"]}]},{\"@type\":\"ImageObject\",\"inLanguage\":\"pt-BR\",\"@id\":\"https:\/\/www.gaveanews.com\/index.php\/2025\/05\/13\/a-declaracao-de-cleber-xavier-sobre-o-rebaixamento-do-santos\/#primaryimage\",\"url\":\"https:\/\/www.gaveanews.com\/wp-content\/uploads\/Escudo-do-Santos-1.webp\",\"contentUrl\":\"https:\/\/www.gaveanews.com\/wp-content\/uploads\/Escudo-do-Santos-1.webp\",\"width\":1300,\"height\":1056,\"caption\":\"Escudo do Santos (Foto: Reprodu\u00e7\u00e3o\/Instagram)\"},{\"@type\":\"BreadcrumbList\",\"@id\":\"https:\/\/www.gaveanews.com\/index.php\/2025\/05\/13\/a-declaracao-de-cleber-xavier-sobre-o-rebaixamento-do-santos\/#breadcrumb\",\"itemListElement\":[{\"@type\":\"ListItem\",\"position\":1,\"name\":\"Home\",\"item\":\"https:\/\/www.gaveanews.com\/\"},{\"@type\":\"ListItem\",\"position\":2,\"name\":\"A declara\u00e7\u00e3o de Cleber Xavier sobre o rebaixamento do Santos\"}]},{\"@type\":\"WebSite\",\"@id\":\"https:\/\/www.gaveanews.com\/#website\",\"url\":\"https:\/\/www.gaveanews.com\/\",\"name\":\"G\u00e1vea News\",\"description\":\"Veja todas as not\u00edcias sobre o Flamengo: Contrata\u00e7\u00f5es, categorias de base, resultados das partidas, tabela de classifica\u00e7\u00e3o, pr\u00f3ximos jogos!\",\"potentialAction\":[{\"@type\":\"SearchAction\",\"target\":{\"@type\":\"EntryPoint\",\"urlTemplate\":\"https:\/\/www.gaveanews.com\/?s={search_term_string}\"},\"query-input\":{\"@type\":\"PropertyValueSpecification\",\"valueRequired\":true,\"valueName\":\"search_term_string\"}}],\"inLanguage\":\"pt-BR\"},{\"@type\":\"Person\",\"@id\":\"https:\/\/www.gaveanews.com\/#\/schema\/person\/0eb3e3fe1754f0205218538adbe8f5ed\",\"name\":\"Rafaela Ladeira\",\"image\":{\"@type\":\"ImageObject\",\"inLanguage\":\"pt-BR\",\"@id\":\"https:\/\/www.gaveanews.com\/#\/schema\/person\/image\/\",\"url\":\"https:\/\/secure.gravatar.com\/avatar\/c31f513acffd85eacab5730cbdfdbbf59f21ba5aeada8cd890acea879fbb2455?s=96&d=mm&r=g\",\"contentUrl\":\"https:\/\/secure.gravatar.com\/avatar\/c31f513acffd85eacab5730cbdfdbbf59f21ba5aeada8cd890acea879fbb2455?s=96&d=mm&r=g\",\"caption\":\"Rafaela Ladeira\"}}]}<\/script>\n<!-- \/ Yoast SEO Premium plugin. -->","yoast_head_json":{"title":"A declara\u00e7\u00e3o de Cleber Xavier sobre o rebaixamento do Santos","robots":{"index":"index","follow":"follow","max-snippet":"max-snippet:-1","max-image-preview":"max-image-preview:large","max-video-preview":"max-video-preview:-1"},"canonical":"https:\/\/www.gaveanews.com\/index.php\/2025\/05\/13\/a-declaracao-de-cleber-xavier-sobre-o-rebaixamento-do-santos\/","og_locale":"pt_BR","og_type":"article","og_title":"A declara\u00e7\u00e3o de Cleber Xavier sobre o rebaixamento do Santos","og_description":"O torcedor santista recebeu, neste fim de semana, uma declara\u00e7\u00e3o que caiu como um balde de \u00e1gua fria. Ap\u00f3s mais um resultado frustrante no Brasileir\u00e3o Betano 2025, o t\u00e9cnico Cleber Xavier foi direto ao ser questionado sobre a situa\u00e7\u00e3o do Santos na tabela.&nbsp; Em meio a um in\u00edcio preocupante de campeonato, a resposta do treinador [&hellip;]","og_url":"https:\/\/www.gaveanews.com\/index.php\/2025\/05\/13\/a-declaracao-de-cleber-xavier-sobre-o-rebaixamento-do-santos\/","og_site_name":"G\u00e1vea News","article_publisher":"https:\/\/facebook.com\/gaveaNews\/","article_published_time":"2025-05-13T14:05:00+00:00","article_modified_time":"2025-05-13T14:05:18+00:00","og_image":[{"width":1300,"height":1056,"url":"http:\/\/www.gaveanews.com\/wp-content\/uploads\/Escudo-do-Santos-1.webp","type":"image\/webp"}],"author":"Rafaela Ladeira","twitter_card":"summary_large_image","twitter_misc":{"Escrito por":"Rafaela Ladeira","Est. tempo de leitura":"2 minutos"},"schema":{"@context":"https:\/\/schema.org","@graph":[{"@type":"NewsArticle","@id":"https:\/\/www.gaveanews.com\/index.php\/2025\/05\/13\/a-declaracao-de-cleber-xavier-sobre-o-rebaixamento-do-santos\/#article","isPartOf":{"@id":"https:\/\/www.gaveanews.com\/index.php\/2025\/05\/13\/a-declaracao-de-cleber-xavier-sobre-o-rebaixamento-do-santos\/"},"author":{"name":"Rafaela Ladeira","@id":"https:\/\/www.gaveanews.com\/#\/schema\/person\/0eb3e3fe1754f0205218538adbe8f5ed"},"headline":"A declara\u00e7\u00e3o de Cleber Xavier sobre o rebaixamento do Santos","datePublished":"2025-05-13T14:05:00+00:00","dateModified":"2025-05-13T14:05:18+00:00","mainEntityOfPage":{"@id":"https:\/\/www.gaveanews.com\/index.php\/2025\/05\/13\/a-declaracao-de-cleber-xavier-sobre-o-rebaixamento-do-santos\/"},"wordCount":410,"commentCount":0,"image":{"@id":"https:\/\/www.gaveanews.com\/index.php\/2025\/05\/13\/a-declaracao-de-cleber-xavier-sobre-o-rebaixamento-do-santos\/#primaryimage"},"thumbnailUrl":"https:\/\/www.gaveanews.com\/wp-content\/uploads\/Escudo-do-Santos-1.webp","articleSection":["Santos"],"inLanguage":"pt-BR","potentialAction":[{"@type":"CommentAction","name":"Comment","target":["https:\/\/www.gaveanews.com\/index.php\/2025\/05\/13\/a-declaracao-de-cleber-xavier-sobre-o-rebaixamento-do-santos\/#respond"]}],"copyrightYear":"2025","copyrightHolder":{"@id":"https:\/\/www.gaveanews.com\/#organization"}},{"@type":"WebPage","@id":"https:\/\/www.gaveanews.com\/index.php\/2025\/05\/13\/a-declaracao-de-cleber-xavier-sobre-o-rebaixamento-do-santos\/","url":"https:\/\/www.gaveanews.com\/index.php\/2025\/05\/13\/a-declaracao-de-cleber-xavier-sobre-o-rebaixamento-do-santos\/","name":"A declara\u00e7\u00e3o de Cleber Xavier sobre o rebaixamento do Santos","isPartOf":{"@id":"https:\/\/www.gaveanews.com\/#website"},"primaryImageOfPage":{"@id":"https:\/\/www.gaveanews.com\/index.php\/2025\/05\/13\/a-declaracao-de-cleber-xavier-sobre-o-rebaixamento-do-santos\/#primaryimage"},"image":{"@id":"https:\/\/www.gaveanews.com\/index.php\/2025\/05\/13\/a-declaracao-de-cleber-xavier-sobre-o-rebaixamento-do-santos\/#primaryimage"},"thumbnailUrl":"https:\/\/www.gaveanews.com\/wp-content\/uploads\/Escudo-do-Santos-1.webp","datePublished":"2025-05-13T14:05:00+00:00","dateModified":"2025-05-13T14:05:18+00:00","author":{"@id":"https:\/\/www.gaveanews.com\/#\/schema\/person\/0eb3e3fe1754f0205218538adbe8f5ed"},"breadcrumb":{"@id":"https:\/\/www.gaveanews.com\/index.php\/2025\/05\/13\/a-declaracao-de-cleber-xavier-sobre-o-rebaixamento-do-santos\/#breadcrumb"},"inLanguage":"pt-BR","potentialAction":[{"@type":"ReadAction","target":["https:\/\/www.gaveanews.com\/index.php\/2025\/05\/13\/a-declaracao-de-cleber-xavier-sobre-o-rebaixamento-do-santos\/"]}]},{"@type":"ImageObject","inLanguage":"pt-BR","@id":"https:\/\/www.gaveanews.com\/index.php\/2025\/05\/13\/a-declaracao-de-cleber-xavier-sobre-o-rebaixamento-do-santos\/#primaryimage","url":"https:\/\/www.gaveanews.com\/wp-content\/uploads\/Escudo-do-Santos-1.webp","contentUrl":"https:\/\/www.gaveanews.com\/wp-content\/uploads\/Escudo-do-Santos-1.webp","width":1300,"height":1056,"caption":"Escudo do Santos (Foto: Reprodu\u00e7\u00e3o\/Instagram)"},{"@type":"BreadcrumbList","@id":"https:\/\/www.gaveanews.com\/index.php\/2025\/05\/13\/a-declaracao-de-cleber-xavier-sobre-o-rebaixamento-do-santos\/#breadcrumb","itemListElement":[{"@type":"ListItem","position":1,"name":"Home","item":"https:\/\/www.gaveanews.com\/"},{"@type":"ListItem","position":2,"name":"A declara\u00e7\u00e3o de Cleber Xavier sobre o rebaixamento do Santos"}]},{"@type":"WebSite","@id":"https:\/\/www.gaveanews.com\/#website","url":"https:\/\/www.gaveanews.com\/","name":"G\u00e1vea News","description":"Veja todas as not\u00edcias sobre o Flamengo: Contrata\u00e7\u00f5es, categorias de base, resultados das partidas, tabela de classifica\u00e7\u00e3o, pr\u00f3ximos jogos!","potentialAction":[{"@type":"SearchAction","target":{"@type":"EntryPoint","urlTemplate":"https:\/\/www.gaveanews.com\/?s={search_term_string}"},"query-input":{"@type":"PropertyValueSpecification","valueRequired":true,"valueName":"search_term_string"}}],"inLanguage":"pt-BR"},{"@type":"Person","@id":"https:\/\/www.gaveanews.com\/#\/schema\/person\/0eb3e3fe1754f0205218538adbe8f5ed","name":"Rafaela Ladeira","image":{"@type":"ImageObject","inLanguage":"pt-BR","@id":"https:\/\/www.gaveanews.com\/#\/schema\/person\/image\/","url":"https:\/\/secure.gravatar.com\/avatar\/c31f513acffd85eacab5730cbdfdbbf59f21ba5aeada8cd890acea879fbb2455?s=96&d=mm&r=g","contentUrl":"https:\/\/secure.gravatar.com\/avatar\/c31f513acffd85eacab5730cbdfdbbf59f21ba5aeada8cd890acea879fbb2455?s=96&d=mm&r=g","caption":"Rafaela Ladeira"}}]}},"_links":{"self":[{"href":"https:\/\/www.gaveanews.com\/index.php\/wp-json\/wp\/v2\/posts\/263200","targetHints":{"allow":["GET"]}}],"collection":[{"href":"https:\/\/www.gaveanews.com\/index.php\/wp-json\/wp\/v2\/posts"}],"about":[{"href":"https:\/\/www.gaveanews.com\/index.php\/wp-json\/wp\/v2\/types\/post"}],"author":[{"embeddable":true,"href":"https:\/\/www.gaveanews.com\/index.php\/wp-json\/wp\/v2\/users\/25"}],"replies":[{"embeddable":true,"href":"https:\/\/www.gaveanews.com\/index.php\/wp-json\/wp\/v2\/comments?post=263200"}],"version-history":[{"count":1,"href":"https:\/\/www.gaveanews.com\/index.php\/wp-json\/wp\/v2\/posts\/263200\/revisions"}],"predecessor-version":[{"id":263201,"href":"https:\/\/www.gaveanews.com\/index.php\/wp-json\/wp\/v2\/posts\/263200\/revisions\/263201"}],"wp:featuredmedia":[{"embeddable":true,"href":"https:\/\/www.gaveanews.com\/index.php\/wp-json\/wp\/v2\/media\/152156"}],"wp:attachment":[{"href":"https:\/\/www.gaveanews.com\/index.php\/wp-json\/wp\/v2\/media?parent=263200"}],"wp:term":[{"taxonomy":"category","embeddable":true,"href":"https:\/\/www.gaveanews.com\/index.php\/wp-json\/wp\/v2\/categories?post=263200"},{"taxonomy":"post_tag","embeddable":true,"href":"https:\/\/www.gaveanews.com\/index.php\/wp-json\/wp\/v2\/tags?post=263200"}],"curies":[{"name":"wp","href":"https:\/\/api.w.org\/{rel}","templated":true}]}}