{"id":263212,"date":"2025-05-13T11:35:00","date_gmt":"2025-05-13T14:35:00","guid":{"rendered":"https:\/\/www.gaveanews.com\/?p=263212"},"modified":"2025-05-13T11:34:40","modified_gmt":"2025-05-13T14:34:40","slug":"mundial-de-clubes-atacante-do-esperance-e-sincero-ao-falar-sobre-o-flamengo","status":"publish","type":"post","link":"https:\/\/www.gaveanews.com\/index.php\/2025\/05\/13\/mundial-de-clubes-atacante-do-esperance-e-sincero-ao-falar-sobre-o-flamengo\/","title":{"rendered":"Mundial de Clubes: atacante do Esp\u00e9rance \u00e9 sincero ao falar sobre o Flamengo"},"content":{"rendered":"\n<p>Com a aproxima\u00e7\u00e3o do Super Mundial de Clubes, a torcida rubro-negra j\u00e1 come\u00e7a a contar os dias para a estreia do Flamengo, marcada para o dia 16 de junho contra o Esp\u00e9rance de Tunis. A competi\u00e7\u00e3o promete grandes confrontos, e o atacante Rodrigo Rodrigues, do time tunisiano, se mostrou confiante para o embate.&nbsp;<\/p>\n\n\n\n<h2 class=\"wp-block-heading\" id=\"h-rodrigo-rodrigues-fala-sobre-o-estilo-do-flamengo-e-sua-estrategia-de-ataque\">Rodrigo Rodrigues fala sobre o estilo do Flamengo e sua estrat\u00e9gia de ataque<\/h2>\n\n\n\n<p>&#8220;Todos os jogadores s\u00e3o de muita qualidade no Flamengo e aqui tamb\u00e9m temos bastante jogadores de qualidade&#8221;, disse Rodrigo, destacando o potencial ofensivo de seu time.&nbsp;<\/p>\n\n\n\n<p>Ele mencionou o ataque do Esp\u00e9rance, que conta com dois brasileiros, ele pr\u00f3prio e Yan Sasse, al\u00e9m do argelino Belaili. O atacante ressaltou que, por ser uma equipe que joga de forma ofensiva, o Flamengo pode oferecer oportunidades para contra-ataques:&nbsp;<\/p>\n\n\n\n<p>&#8220;Quando o time quer atacar assim, oferece espa\u00e7os e a gente pode aproveitar esses espa\u00e7os&#8221;, completou.<\/p>\n\n\n\n<h2 class=\"wp-block-heading\" id=\"h-esperance-de-tunis-chega-ao-mundial-com-moral-elevado\">Esp\u00e9rance de Tunis chega ao Mundial com moral elevado<\/h2>\n\n\n\n<p>Al\u00e9m disso, o Esp\u00e9rance de Tunis chega ao Mundial com moral elevado, ap\u00f3s conquistar o Campeonato Tunisiano de forma antecipada.&nbsp;<\/p>\n\n\n\n<p>No \u00faltimo domingo (11), a equipe de Rodrigo Rodrigues goleou o Olympique B\u00e9ja por 5 a 0 e garantiu o t\u00edtulo com uma rodada de anteced\u00eancia. Com a vit\u00f3ria, a equipe se mostrou ainda mais motivada para o grande desafio contra o Flamengo no torneio internacional.&nbsp;<\/p>\n\n\n\n<p>Sendo assim, o time tunisiano chega confiante, pronto para brigar por uma vaga nas fases seguintes.<\/p>\n\n\n\n<h2 class=\"wp-block-heading\" id=\"h-flamengo-em-busca-da-gloria-internacional\">Flamengo em busca da gl\u00f3ria internacional<\/h2>\n\n\n\n<p>Cabe ressaltar que o Flamengo, ap\u00f3s enfrentar o Esp\u00e9rance, ainda tem outro grande desafio pela frente: o Chelsea, da Inglaterra, quatro dias depois. O Rubro-Negro encerra a fase inicial contra uma equipe que ainda ser\u00e1 definida pela FIFA.&nbsp;<\/p>\n\n\n\n<p>Desse jeito, a chave do Flamengo no Mundial promete ser recheada de grandes duelos, e a torcida est\u00e1 ansiosa para ver o time lutar por mais um t\u00edtulo internacional.<\/p>\n","protected":false},"excerpt":{"rendered":"<p>Com a aproxima\u00e7\u00e3o do Super Mundial de Clubes, a torcida rubro-negra j\u00e1 come\u00e7a a contar os dias para a estreia do Flamengo, marcada para o dia 16 de junho contra o Esp\u00e9rance de Tunis. A competi\u00e7\u00e3o promete grandes confrontos, e o atacante Rodrigo Rodrigues, do time tunisiano, se mostrou confiante para o embate.&nbsp; Rodrigo Rodrigues [&hellip;]<\/p>\n","protected":false},"author":25,"featured_media":124684,"comment_status":"open","ping_status":"closed","sticky":false,"template":"","format":"standard","meta":{"footnotes":""},"categories":[1],"tags":[],"class_list":["post-263212","post","type-post","status-publish","format-standard","has-post-thumbnail","hentry","category-flamengo"],"yoast_head":"<!-- This site is optimized with the Yoast SEO Premium plugin v24.2 (Yoast SEO v26.9) - https:\/\/yoast.com\/product\/yoast-seo-premium-wordpress\/ -->\n<title>Mundial de Clubes: atacante do Esp\u00e9rance \u00e9 sincero ao falar sobre o Flamengo<\/title>\n<meta name=\"robots\" content=\"index, follow, max-snippet:-1, max-image-preview:large, max-video-preview:-1\" \/>\n<link rel=\"canonical\" href=\"https:\/\/www.gaveanews.com\/index.php\/2025\/05\/13\/mundial-de-clubes-atacante-do-esperance-e-sincero-ao-falar-sobre-o-flamengo\/\" \/>\n<meta property=\"og:locale\" content=\"pt_BR\" \/>\n<meta property=\"og:type\" content=\"article\" \/>\n<meta property=\"og:title\" content=\"Mundial de Clubes: atacante do Esp\u00e9rance \u00e9 sincero ao falar sobre o Flamengo\" \/>\n<meta property=\"og:description\" content=\"Com a aproxima\u00e7\u00e3o do Super Mundial de Clubes, a torcida rubro-negra j\u00e1 come\u00e7a a contar os dias para a estreia do Flamengo, marcada para o dia 16 de junho contra o Esp\u00e9rance de Tunis. A competi\u00e7\u00e3o promete grandes confrontos, e o atacante Rodrigo Rodrigues, do time tunisiano, se mostrou confiante para o embate.&nbsp; Rodrigo Rodrigues [&hellip;]\" \/>\n<meta property=\"og:url\" content=\"https:\/\/www.gaveanews.com\/index.php\/2025\/05\/13\/mundial-de-clubes-atacante-do-esperance-e-sincero-ao-falar-sobre-o-flamengo\/\" \/>\n<meta property=\"og:site_name\" content=\"G\u00e1vea News\" \/>\n<meta property=\"article:publisher\" content=\"https:\/\/facebook.com\/gaveaNews\/\" \/>\n<meta property=\"article:published_time\" content=\"2025-05-13T14:35:00+00:00\" \/>\n<meta property=\"og:image\" content=\"http:\/\/www.gaveanews.com\/wp-content\/uploads\/escudoDoFlamengo.webp\" \/>\n\t<meta property=\"og:image:width\" content=\"1095\" \/>\n\t<meta property=\"og:image:height\" content=\"730\" \/>\n\t<meta property=\"og:image:type\" content=\"image\/webp\" \/>\n<meta name=\"author\" content=\"Rafaela Ladeira\" \/>\n<meta name=\"twitter:card\" content=\"summary_large_image\" \/>\n<meta name=\"twitter:label1\" content=\"Escrito por\" \/>\n\t<meta name=\"twitter:data1\" content=\"Rafaela Ladeira\" \/>\n\t<meta name=\"twitter:label2\" content=\"Est. tempo de leitura\" \/>\n\t<meta name=\"twitter:data2\" content=\"2 minutos\" \/>\n<script type=\"application\/ld+json\" class=\"yoast-schema-graph\">{\"@context\":\"https:\/\/schema.org\",\"@graph\":[{\"@type\":\"NewsArticle\",\"@id\":\"https:\/\/www.gaveanews.com\/index.php\/2025\/05\/13\/mundial-de-clubes-atacante-do-esperance-e-sincero-ao-falar-sobre-o-flamengo\/#article\",\"isPartOf\":{\"@id\":\"https:\/\/www.gaveanews.com\/index.php\/2025\/05\/13\/mundial-de-clubes-atacante-do-esperance-e-sincero-ao-falar-sobre-o-flamengo\/\"},\"author\":{\"name\":\"Rafaela Ladeira\",\"@id\":\"https:\/\/www.gaveanews.com\/#\/schema\/person\/0eb3e3fe1754f0205218538adbe8f5ed\"},\"headline\":\"Mundial de Clubes: atacante do Esp\u00e9rance \u00e9 sincero ao falar sobre o Flamengo\",\"datePublished\":\"2025-05-13T14:35:00+00:00\",\"mainEntityOfPage\":{\"@id\":\"https:\/\/www.gaveanews.com\/index.php\/2025\/05\/13\/mundial-de-clubes-atacante-do-esperance-e-sincero-ao-falar-sobre-o-flamengo\/\"},\"wordCount\":351,\"commentCount\":0,\"image\":{\"@id\":\"https:\/\/www.gaveanews.com\/index.php\/2025\/05\/13\/mundial-de-clubes-atacante-do-esperance-e-sincero-ao-falar-sobre-o-flamengo\/#primaryimage\"},\"thumbnailUrl\":\"https:\/\/www.gaveanews.com\/wp-content\/uploads\/escudoDoFlamengo.webp\",\"articleSection\":[\"Flamengo\"],\"inLanguage\":\"pt-BR\",\"potentialAction\":[{\"@type\":\"CommentAction\",\"name\":\"Comment\",\"target\":[\"https:\/\/www.gaveanews.com\/index.php\/2025\/05\/13\/mundial-de-clubes-atacante-do-esperance-e-sincero-ao-falar-sobre-o-flamengo\/#respond\"]}],\"copyrightYear\":\"2025\",\"copyrightHolder\":{\"@id\":\"https:\/\/www.gaveanews.com\/#organization\"}},{\"@type\":\"WebPage\",\"@id\":\"https:\/\/www.gaveanews.com\/index.php\/2025\/05\/13\/mundial-de-clubes-atacante-do-esperance-e-sincero-ao-falar-sobre-o-flamengo\/\",\"url\":\"https:\/\/www.gaveanews.com\/index.php\/2025\/05\/13\/mundial-de-clubes-atacante-do-esperance-e-sincero-ao-falar-sobre-o-flamengo\/\",\"name\":\"Mundial de Clubes: atacante do Esp\u00e9rance \u00e9 sincero ao falar sobre o Flamengo\",\"isPartOf\":{\"@id\":\"https:\/\/www.gaveanews.com\/#website\"},\"primaryImageOfPage\":{\"@id\":\"https:\/\/www.gaveanews.com\/index.php\/2025\/05\/13\/mundial-de-clubes-atacante-do-esperance-e-sincero-ao-falar-sobre-o-flamengo\/#primaryimage\"},\"image\":{\"@id\":\"https:\/\/www.gaveanews.com\/index.php\/2025\/05\/13\/mundial-de-clubes-atacante-do-esperance-e-sincero-ao-falar-sobre-o-flamengo\/#primaryimage\"},\"thumbnailUrl\":\"https:\/\/www.gaveanews.com\/wp-content\/uploads\/escudoDoFlamengo.webp\",\"datePublished\":\"2025-05-13T14:35:00+00:00\",\"author\":{\"@id\":\"https:\/\/www.gaveanews.com\/#\/schema\/person\/0eb3e3fe1754f0205218538adbe8f5ed\"},\"breadcrumb\":{\"@id\":\"https:\/\/www.gaveanews.com\/index.php\/2025\/05\/13\/mundial-de-clubes-atacante-do-esperance-e-sincero-ao-falar-sobre-o-flamengo\/#breadcrumb\"},\"inLanguage\":\"pt-BR\",\"potentialAction\":[{\"@type\":\"ReadAction\",\"target\":[\"https:\/\/www.gaveanews.com\/index.php\/2025\/05\/13\/mundial-de-clubes-atacante-do-esperance-e-sincero-ao-falar-sobre-o-flamengo\/\"]}]},{\"@type\":\"ImageObject\",\"inLanguage\":\"pt-BR\",\"@id\":\"https:\/\/www.gaveanews.com\/index.php\/2025\/05\/13\/mundial-de-clubes-atacante-do-esperance-e-sincero-ao-falar-sobre-o-flamengo\/#primaryimage\",\"url\":\"https:\/\/www.gaveanews.com\/wp-content\/uploads\/escudoDoFlamengo.webp\",\"contentUrl\":\"https:\/\/www.gaveanews.com\/wp-content\/uploads\/escudoDoFlamengo.webp\",\"width\":1095,\"height\":730,\"caption\":\"Centro de treinamento do Flamengo (Foto: Reprodu\u00e7\u00e3o)\"},{\"@type\":\"BreadcrumbList\",\"@id\":\"https:\/\/www.gaveanews.com\/index.php\/2025\/05\/13\/mundial-de-clubes-atacante-do-esperance-e-sincero-ao-falar-sobre-o-flamengo\/#breadcrumb\",\"itemListElement\":[{\"@type\":\"ListItem\",\"position\":1,\"name\":\"Home\",\"item\":\"https:\/\/www.gaveanews.com\/\"},{\"@type\":\"ListItem\",\"position\":2,\"name\":\"Mundial de Clubes: atacante do Esp\u00e9rance \u00e9 sincero ao falar sobre o Flamengo\"}]},{\"@type\":\"WebSite\",\"@id\":\"https:\/\/www.gaveanews.com\/#website\",\"url\":\"https:\/\/www.gaveanews.com\/\",\"name\":\"G\u00e1vea News\",\"description\":\"Veja todas as not\u00edcias sobre o Flamengo: Contrata\u00e7\u00f5es, categorias de base, resultados das partidas, tabela de classifica\u00e7\u00e3o, pr\u00f3ximos jogos!\",\"potentialAction\":[{\"@type\":\"SearchAction\",\"target\":{\"@type\":\"EntryPoint\",\"urlTemplate\":\"https:\/\/www.gaveanews.com\/?s={search_term_string}\"},\"query-input\":{\"@type\":\"PropertyValueSpecification\",\"valueRequired\":true,\"valueName\":\"search_term_string\"}}],\"inLanguage\":\"pt-BR\"},{\"@type\":\"Person\",\"@id\":\"https:\/\/www.gaveanews.com\/#\/schema\/person\/0eb3e3fe1754f0205218538adbe8f5ed\",\"name\":\"Rafaela Ladeira\",\"image\":{\"@type\":\"ImageObject\",\"inLanguage\":\"pt-BR\",\"@id\":\"https:\/\/www.gaveanews.com\/#\/schema\/person\/image\/\",\"url\":\"https:\/\/secure.gravatar.com\/avatar\/c31f513acffd85eacab5730cbdfdbbf59f21ba5aeada8cd890acea879fbb2455?s=96&d=mm&r=g\",\"contentUrl\":\"https:\/\/secure.gravatar.com\/avatar\/c31f513acffd85eacab5730cbdfdbbf59f21ba5aeada8cd890acea879fbb2455?s=96&d=mm&r=g\",\"caption\":\"Rafaela Ladeira\"}}]}<\/script>\n<!-- \/ Yoast SEO Premium plugin. -->","yoast_head_json":{"title":"Mundial de Clubes: atacante do Esp\u00e9rance \u00e9 sincero ao falar sobre o Flamengo","robots":{"index":"index","follow":"follow","max-snippet":"max-snippet:-1","max-image-preview":"max-image-preview:large","max-video-preview":"max-video-preview:-1"},"canonical":"https:\/\/www.gaveanews.com\/index.php\/2025\/05\/13\/mundial-de-clubes-atacante-do-esperance-e-sincero-ao-falar-sobre-o-flamengo\/","og_locale":"pt_BR","og_type":"article","og_title":"Mundial de Clubes: atacante do Esp\u00e9rance \u00e9 sincero ao falar sobre o Flamengo","og_description":"Com a aproxima\u00e7\u00e3o do Super Mundial de Clubes, a torcida rubro-negra j\u00e1 come\u00e7a a contar os dias para a estreia do Flamengo, marcada para o dia 16 de junho contra o Esp\u00e9rance de Tunis. A competi\u00e7\u00e3o promete grandes confrontos, e o atacante Rodrigo Rodrigues, do time tunisiano, se mostrou confiante para o embate.&nbsp; Rodrigo Rodrigues [&hellip;]","og_url":"https:\/\/www.gaveanews.com\/index.php\/2025\/05\/13\/mundial-de-clubes-atacante-do-esperance-e-sincero-ao-falar-sobre-o-flamengo\/","og_site_name":"G\u00e1vea News","article_publisher":"https:\/\/facebook.com\/gaveaNews\/","article_published_time":"2025-05-13T14:35:00+00:00","og_image":[{"width":1095,"height":730,"url":"http:\/\/www.gaveanews.com\/wp-content\/uploads\/escudoDoFlamengo.webp","type":"image\/webp"}],"author":"Rafaela Ladeira","twitter_card":"summary_large_image","twitter_misc":{"Escrito por":"Rafaela Ladeira","Est. tempo de leitura":"2 minutos"},"schema":{"@context":"https:\/\/schema.org","@graph":[{"@type":"NewsArticle","@id":"https:\/\/www.gaveanews.com\/index.php\/2025\/05\/13\/mundial-de-clubes-atacante-do-esperance-e-sincero-ao-falar-sobre-o-flamengo\/#article","isPartOf":{"@id":"https:\/\/www.gaveanews.com\/index.php\/2025\/05\/13\/mundial-de-clubes-atacante-do-esperance-e-sincero-ao-falar-sobre-o-flamengo\/"},"author":{"name":"Rafaela Ladeira","@id":"https:\/\/www.gaveanews.com\/#\/schema\/person\/0eb3e3fe1754f0205218538adbe8f5ed"},"headline":"Mundial de Clubes: atacante do Esp\u00e9rance \u00e9 sincero ao falar sobre o Flamengo","datePublished":"2025-05-13T14:35:00+00:00","mainEntityOfPage":{"@id":"https:\/\/www.gaveanews.com\/index.php\/2025\/05\/13\/mundial-de-clubes-atacante-do-esperance-e-sincero-ao-falar-sobre-o-flamengo\/"},"wordCount":351,"commentCount":0,"image":{"@id":"https:\/\/www.gaveanews.com\/index.php\/2025\/05\/13\/mundial-de-clubes-atacante-do-esperance-e-sincero-ao-falar-sobre-o-flamengo\/#primaryimage"},"thumbnailUrl":"https:\/\/www.gaveanews.com\/wp-content\/uploads\/escudoDoFlamengo.webp","articleSection":["Flamengo"],"inLanguage":"pt-BR","potentialAction":[{"@type":"CommentAction","name":"Comment","target":["https:\/\/www.gaveanews.com\/index.php\/2025\/05\/13\/mundial-de-clubes-atacante-do-esperance-e-sincero-ao-falar-sobre-o-flamengo\/#respond"]}],"copyrightYear":"2025","copyrightHolder":{"@id":"https:\/\/www.gaveanews.com\/#organization"}},{"@type":"WebPage","@id":"https:\/\/www.gaveanews.com\/index.php\/2025\/05\/13\/mundial-de-clubes-atacante-do-esperance-e-sincero-ao-falar-sobre-o-flamengo\/","url":"https:\/\/www.gaveanews.com\/index.php\/2025\/05\/13\/mundial-de-clubes-atacante-do-esperance-e-sincero-ao-falar-sobre-o-flamengo\/","name":"Mundial de Clubes: atacante do Esp\u00e9rance \u00e9 sincero ao falar sobre o Flamengo","isPartOf":{"@id":"https:\/\/www.gaveanews.com\/#website"},"primaryImageOfPage":{"@id":"https:\/\/www.gaveanews.com\/index.php\/2025\/05\/13\/mundial-de-clubes-atacante-do-esperance-e-sincero-ao-falar-sobre-o-flamengo\/#primaryimage"},"image":{"@id":"https:\/\/www.gaveanews.com\/index.php\/2025\/05\/13\/mundial-de-clubes-atacante-do-esperance-e-sincero-ao-falar-sobre-o-flamengo\/#primaryimage"},"thumbnailUrl":"https:\/\/www.gaveanews.com\/wp-content\/uploads\/escudoDoFlamengo.webp","datePublished":"2025-05-13T14:35:00+00:00","author":{"@id":"https:\/\/www.gaveanews.com\/#\/schema\/person\/0eb3e3fe1754f0205218538adbe8f5ed"},"breadcrumb":{"@id":"https:\/\/www.gaveanews.com\/index.php\/2025\/05\/13\/mundial-de-clubes-atacante-do-esperance-e-sincero-ao-falar-sobre-o-flamengo\/#breadcrumb"},"inLanguage":"pt-BR","potentialAction":[{"@type":"ReadAction","target":["https:\/\/www.gaveanews.com\/index.php\/2025\/05\/13\/mundial-de-clubes-atacante-do-esperance-e-sincero-ao-falar-sobre-o-flamengo\/"]}]},{"@type":"ImageObject","inLanguage":"pt-BR","@id":"https:\/\/www.gaveanews.com\/index.php\/2025\/05\/13\/mundial-de-clubes-atacante-do-esperance-e-sincero-ao-falar-sobre-o-flamengo\/#primaryimage","url":"https:\/\/www.gaveanews.com\/wp-content\/uploads\/escudoDoFlamengo.webp","contentUrl":"https:\/\/www.gaveanews.com\/wp-content\/uploads\/escudoDoFlamengo.webp","width":1095,"height":730,"caption":"Centro de treinamento do Flamengo (Foto: Reprodu\u00e7\u00e3o)"},{"@type":"BreadcrumbList","@id":"https:\/\/www.gaveanews.com\/index.php\/2025\/05\/13\/mundial-de-clubes-atacante-do-esperance-e-sincero-ao-falar-sobre-o-flamengo\/#breadcrumb","itemListElement":[{"@type":"ListItem","position":1,"name":"Home","item":"https:\/\/www.gaveanews.com\/"},{"@type":"ListItem","position":2,"name":"Mundial de Clubes: atacante do Esp\u00e9rance \u00e9 sincero ao falar sobre o Flamengo"}]},{"@type":"WebSite","@id":"https:\/\/www.gaveanews.com\/#website","url":"https:\/\/www.gaveanews.com\/","name":"G\u00e1vea News","description":"Veja todas as not\u00edcias sobre o Flamengo: Contrata\u00e7\u00f5es, categorias de base, resultados das partidas, tabela de classifica\u00e7\u00e3o, pr\u00f3ximos jogos!","potentialAction":[{"@type":"SearchAction","target":{"@type":"EntryPoint","urlTemplate":"https:\/\/www.gaveanews.com\/?s={search_term_string}"},"query-input":{"@type":"PropertyValueSpecification","valueRequired":true,"valueName":"search_term_string"}}],"inLanguage":"pt-BR"},{"@type":"Person","@id":"https:\/\/www.gaveanews.com\/#\/schema\/person\/0eb3e3fe1754f0205218538adbe8f5ed","name":"Rafaela Ladeira","image":{"@type":"ImageObject","inLanguage":"pt-BR","@id":"https:\/\/www.gaveanews.com\/#\/schema\/person\/image\/","url":"https:\/\/secure.gravatar.com\/avatar\/c31f513acffd85eacab5730cbdfdbbf59f21ba5aeada8cd890acea879fbb2455?s=96&d=mm&r=g","contentUrl":"https:\/\/secure.gravatar.com\/avatar\/c31f513acffd85eacab5730cbdfdbbf59f21ba5aeada8cd890acea879fbb2455?s=96&d=mm&r=g","caption":"Rafaela Ladeira"}}]}},"_links":{"self":[{"href":"https:\/\/www.gaveanews.com\/index.php\/wp-json\/wp\/v2\/posts\/263212","targetHints":{"allow":["GET"]}}],"collection":[{"href":"https:\/\/www.gaveanews.com\/index.php\/wp-json\/wp\/v2\/posts"}],"about":[{"href":"https:\/\/www.gaveanews.com\/index.php\/wp-json\/wp\/v2\/types\/post"}],"author":[{"embeddable":true,"href":"https:\/\/www.gaveanews.com\/index.php\/wp-json\/wp\/v2\/users\/25"}],"replies":[{"embeddable":true,"href":"https:\/\/www.gaveanews.com\/index.php\/wp-json\/wp\/v2\/comments?post=263212"}],"version-history":[{"count":1,"href":"https:\/\/www.gaveanews.com\/index.php\/wp-json\/wp\/v2\/posts\/263212\/revisions"}],"predecessor-version":[{"id":263214,"href":"https:\/\/www.gaveanews.com\/index.php\/wp-json\/wp\/v2\/posts\/263212\/revisions\/263214"}],"wp:featuredmedia":[{"embeddable":true,"href":"https:\/\/www.gaveanews.com\/index.php\/wp-json\/wp\/v2\/media\/124684"}],"wp:attachment":[{"href":"https:\/\/www.gaveanews.com\/index.php\/wp-json\/wp\/v2\/media?parent=263212"}],"wp:term":[{"taxonomy":"category","embeddable":true,"href":"https:\/\/www.gaveanews.com\/index.php\/wp-json\/wp\/v2\/categories?post=263212"},{"taxonomy":"post_tag","embeddable":true,"href":"https:\/\/www.gaveanews.com\/index.php\/wp-json\/wp\/v2\/tags?post=263212"}],"curies":[{"name":"wp","href":"https:\/\/api.w.org\/{rel}","templated":true}]}}