{"id":263223,"date":"2025-05-13T11:55:00","date_gmt":"2025-05-13T14:55:00","guid":{"rendered":"https:\/\/www.gaveanews.com\/?p=263223"},"modified":"2025-05-13T11:54:37","modified_gmt":"2025-05-13T14:54:37","slug":"torcida-organizada-do-corinthians-emite-nota-oficial-sobre-vaquinha","status":"publish","type":"post","link":"https:\/\/www.gaveanews.com\/index.php\/2025\/05\/13\/torcida-organizada-do-corinthians-emite-nota-oficial-sobre-vaquinha\/","title":{"rendered":"Torcida organizada do Corinthians emite nota oficial sobre vaquinha"},"content":{"rendered":"\n<p>Se voc\u00ea \u00e9 torcedor do Corinthians e pretende contribuir com a campanha de quita\u00e7\u00e3o da Neo Qu\u00edmica Arena, \u00e9 hora de redobrar a aten\u00e7\u00e3o. A Gavi\u00f5es da Fiel, principal torcida organizada do clube, emitiu uma nota oficial alertando para o retorno de p\u00e1ginas falsas ligadas \u00e0 campanha Doe Arena Corinthians. Essas p\u00e1ginas est\u00e3o sendo utilizadas por golpistas que tentam se aproveitar da paix\u00e3o da torcida para aplicar fraudes.<\/p>\n\n\n\n<p>Em publica\u00e7\u00e3o nas redes sociais, os Gavi\u00f5es enfatizaram:&nbsp;<\/p>\n\n\n\n<p>\u201cAten\u00e7\u00e3o total, Fiel Torcida! Ainda estamos recebendo den\u00fancias de p\u00e1ginas falsas da campanha, feitas por pessoas mal-intencionadas tentando se aproveitar da paix\u00e3o da torcida!\u201d.&nbsp;<\/p>\n\n\n\n<p>Portanto, fique atento! As doa\u00e7\u00f5es devem ser feitas exclusivamente pelo link oficial<a href=\"http:\/\/www.doearenacorinthians.com.br\"> www.doearenacorinthians.com.br<\/a>.<\/p>\n\n\n\n<h2 class=\"wp-block-heading\" id=\"h-verifique-antes-de-doar\">Verifique antes de doar<\/h2>\n\n\n\n<p>Para evitar cair em golpes, \u00e9 fundamental checar alguns detalhes na hora de doar. Segundo a pr\u00f3pria organizada, \u00e9 preciso observar o link e, principalmente, o destino do valor. Antes de concluir a transa\u00e7\u00e3o, o torcedor deve confirmar se o banco destinat\u00e1rio \u00e9 a Caixa Econ\u00f4mica Federal e se o receptor da doa\u00e7\u00e3o \u00e9 a Arena Itaquera SA.<\/p>\n\n\n\n<p>Vale destacar que os Gavi\u00f5es optaram por n\u00e3o divulgar os links falsos para evitar dar visibilidade a essas p\u00e1ginas e, com isso, n\u00e3o atrair mais v\u00edtimas. Isso porque a estrat\u00e9gia \u00e9 preservar a integridade da campanha e manter o foco na arrecada\u00e7\u00e3o leg\u00edtima.<\/p>\n\n\n\n<blockquote class=\"twitter-tweet\"><p lang=\"pt\" dir=\"ltr\">\u26a0\ufe0f Aten\u00e7\u00e3o total, Fiel Torcida!<br><br>Ainda estamos recebendo den\u00fancias de p\u00e1ginas falsas da campanha, feitas por pessoas mal-intencionadas tentando se aproveitar da paix\u00e3o da torcida!<br><br>\ud83d\udcac As doa\u00e7\u00f5es oficiais do Doe Arena Corinthians devem ser feitas somente pelo link oficial\u2026 <a href=\"https:\/\/t.co\/UlKuaVWv7o\">pic.twitter.com\/UlKuaVWv7o<\/a><\/p>&mdash; GAVI\u00d5ES DA FIEL (@gavioesoficial) <a href=\"https:\/\/twitter.com\/gavioesoficial\/status\/1921695170757578933?ref_src=twsrc%5Etfw\">May 11, 2025<\/a><\/blockquote> <script async src=\"https:\/\/platform.twitter.com\/widgets.js\" charset=\"utf-8\"><\/script>\n\n\n\n<h2 class=\"wp-block-heading\" id=\"h-campanha-ja-ultrapassa-r-40-milhoes-em-arrecadacao\">Campanha j\u00e1 ultrapassa R$ 40 milh\u00f5es em arrecada\u00e7\u00e3o<\/h2>\n\n\n\n<p>Lan\u00e7ada em novembro, a campanha Doe Arena Corinthians j\u00e1 arrecadou mais de R$ 40 milh\u00f5es. Na \u00e9poca, a d\u00edvida do clube com a Caixa pela constru\u00e7\u00e3o do est\u00e1dio girava em torno de R$ 700 milh\u00f5es. Cabe ressaltar que, mesmo no in\u00edcio, j\u00e1 havia registros de instabilidade no site e tentativas de golpe.<\/p>\n\n\n\n<p>Sendo assim, o torcedor interessado em colaborar deve acessar o site oficial, preencher um breve cadastro e gerar a chave Pix com seguran\u00e7a. Dessa maneira, a vaquinha segue firme rumo \u00e0 quita\u00e7\u00e3o da casa corinthiana com o apoio leg\u00edtimo da Fiel.<\/p>\n","protected":false},"excerpt":{"rendered":"<p>Se voc\u00ea \u00e9 torcedor do Corinthians e pretende contribuir com a campanha de quita\u00e7\u00e3o da Neo Qu\u00edmica Arena, \u00e9 hora de redobrar a aten\u00e7\u00e3o. A Gavi\u00f5es da Fiel, principal torcida organizada do clube, emitiu uma nota oficial alertando para o retorno de p\u00e1ginas falsas ligadas \u00e0 campanha Doe Arena Corinthians. Essas p\u00e1ginas est\u00e3o sendo utilizadas [&hellip;]<\/p>\n","protected":false},"author":25,"featured_media":154473,"comment_status":"open","ping_status":"closed","sticky":false,"template":"","format":"standard","meta":{"footnotes":""},"categories":[141],"tags":[],"class_list":["post-263223","post","type-post","status-publish","format-standard","has-post-thumbnail","hentry","category-corinthians"],"yoast_head":"<!-- This site is optimized with the Yoast SEO Premium plugin v24.2 (Yoast SEO v26.9) - https:\/\/yoast.com\/product\/yoast-seo-premium-wordpress\/ -->\n<title>Torcida organizada do Corinthians emite nota oficial sobre vaquinha<\/title>\n<meta name=\"robots\" content=\"index, follow, max-snippet:-1, max-image-preview:large, max-video-preview:-1\" \/>\n<link rel=\"canonical\" href=\"https:\/\/www.gaveanews.com\/index.php\/2025\/05\/13\/torcida-organizada-do-corinthians-emite-nota-oficial-sobre-vaquinha\/\" \/>\n<meta property=\"og:locale\" content=\"pt_BR\" \/>\n<meta property=\"og:type\" content=\"article\" \/>\n<meta property=\"og:title\" content=\"Torcida organizada do Corinthians emite nota oficial sobre vaquinha\" \/>\n<meta property=\"og:description\" content=\"Se voc\u00ea \u00e9 torcedor do Corinthians e pretende contribuir com a campanha de quita\u00e7\u00e3o da Neo Qu\u00edmica Arena, \u00e9 hora de redobrar a aten\u00e7\u00e3o. A Gavi\u00f5es da Fiel, principal torcida organizada do clube, emitiu uma nota oficial alertando para o retorno de p\u00e1ginas falsas ligadas \u00e0 campanha Doe Arena Corinthians. Essas p\u00e1ginas est\u00e3o sendo utilizadas [&hellip;]\" \/>\n<meta property=\"og:url\" content=\"https:\/\/www.gaveanews.com\/index.php\/2025\/05\/13\/torcida-organizada-do-corinthians-emite-nota-oficial-sobre-vaquinha\/\" \/>\n<meta property=\"og:site_name\" content=\"G\u00e1vea News\" \/>\n<meta property=\"article:publisher\" content=\"https:\/\/facebook.com\/gaveaNews\/\" \/>\n<meta property=\"article:published_time\" content=\"2025-05-13T14:55:00+00:00\" \/>\n<meta property=\"og:image\" content=\"http:\/\/www.gaveanews.com\/wp-content\/uploads\/Escudo-do-Corinthians-na-Neo-Quimica-Arena.webp\" \/>\n\t<meta property=\"og:image:width\" content=\"1440\" \/>\n\t<meta property=\"og:image:height\" content=\"959\" \/>\n\t<meta property=\"og:image:type\" content=\"image\/jpeg\" \/>\n<meta name=\"author\" content=\"Rafaela Ladeira\" \/>\n<meta name=\"twitter:card\" content=\"summary_large_image\" \/>\n<meta name=\"twitter:label1\" content=\"Escrito por\" \/>\n\t<meta name=\"twitter:data1\" content=\"Rafaela Ladeira\" \/>\n\t<meta name=\"twitter:label2\" content=\"Est. tempo de leitura\" \/>\n\t<meta name=\"twitter:data2\" content=\"2 minutos\" \/>\n<script type=\"application\/ld+json\" class=\"yoast-schema-graph\">{\"@context\":\"https:\/\/schema.org\",\"@graph\":[{\"@type\":\"NewsArticle\",\"@id\":\"https:\/\/www.gaveanews.com\/index.php\/2025\/05\/13\/torcida-organizada-do-corinthians-emite-nota-oficial-sobre-vaquinha\/#article\",\"isPartOf\":{\"@id\":\"https:\/\/www.gaveanews.com\/index.php\/2025\/05\/13\/torcida-organizada-do-corinthians-emite-nota-oficial-sobre-vaquinha\/\"},\"author\":{\"name\":\"Rafaela Ladeira\",\"@id\":\"https:\/\/www.gaveanews.com\/#\/schema\/person\/0eb3e3fe1754f0205218538adbe8f5ed\"},\"headline\":\"Torcida organizada do Corinthians emite nota oficial sobre vaquinha\",\"datePublished\":\"2025-05-13T14:55:00+00:00\",\"mainEntityOfPage\":{\"@id\":\"https:\/\/www.gaveanews.com\/index.php\/2025\/05\/13\/torcida-organizada-do-corinthians-emite-nota-oficial-sobre-vaquinha\/\"},\"wordCount\":416,\"commentCount\":0,\"image\":{\"@id\":\"https:\/\/www.gaveanews.com\/index.php\/2025\/05\/13\/torcida-organizada-do-corinthians-emite-nota-oficial-sobre-vaquinha\/#primaryimage\"},\"thumbnailUrl\":\"https:\/\/www.gaveanews.com\/wp-content\/uploads\/Escudo-do-Corinthians-na-Neo-Quimica-Arena.webp\",\"articleSection\":[\"Corinthians\"],\"inLanguage\":\"pt-BR\",\"potentialAction\":[{\"@type\":\"CommentAction\",\"name\":\"Comment\",\"target\":[\"https:\/\/www.gaveanews.com\/index.php\/2025\/05\/13\/torcida-organizada-do-corinthians-emite-nota-oficial-sobre-vaquinha\/#respond\"]}],\"copyrightYear\":\"2025\",\"copyrightHolder\":{\"@id\":\"https:\/\/www.gaveanews.com\/#organization\"}},{\"@type\":\"WebPage\",\"@id\":\"https:\/\/www.gaveanews.com\/index.php\/2025\/05\/13\/torcida-organizada-do-corinthians-emite-nota-oficial-sobre-vaquinha\/\",\"url\":\"https:\/\/www.gaveanews.com\/index.php\/2025\/05\/13\/torcida-organizada-do-corinthians-emite-nota-oficial-sobre-vaquinha\/\",\"name\":\"Torcida organizada do Corinthians emite nota oficial sobre vaquinha\",\"isPartOf\":{\"@id\":\"https:\/\/www.gaveanews.com\/#website\"},\"primaryImageOfPage\":{\"@id\":\"https:\/\/www.gaveanews.com\/index.php\/2025\/05\/13\/torcida-organizada-do-corinthians-emite-nota-oficial-sobre-vaquinha\/#primaryimage\"},\"image\":{\"@id\":\"https:\/\/www.gaveanews.com\/index.php\/2025\/05\/13\/torcida-organizada-do-corinthians-emite-nota-oficial-sobre-vaquinha\/#primaryimage\"},\"thumbnailUrl\":\"https:\/\/www.gaveanews.com\/wp-content\/uploads\/Escudo-do-Corinthians-na-Neo-Quimica-Arena.webp\",\"datePublished\":\"2025-05-13T14:55:00+00:00\",\"author\":{\"@id\":\"https:\/\/www.gaveanews.com\/#\/schema\/person\/0eb3e3fe1754f0205218538adbe8f5ed\"},\"breadcrumb\":{\"@id\":\"https:\/\/www.gaveanews.com\/index.php\/2025\/05\/13\/torcida-organizada-do-corinthians-emite-nota-oficial-sobre-vaquinha\/#breadcrumb\"},\"inLanguage\":\"pt-BR\",\"potentialAction\":[{\"@type\":\"ReadAction\",\"target\":[\"https:\/\/www.gaveanews.com\/index.php\/2025\/05\/13\/torcida-organizada-do-corinthians-emite-nota-oficial-sobre-vaquinha\/\"]}]},{\"@type\":\"ImageObject\",\"inLanguage\":\"pt-BR\",\"@id\":\"https:\/\/www.gaveanews.com\/index.php\/2025\/05\/13\/torcida-organizada-do-corinthians-emite-nota-oficial-sobre-vaquinha\/#primaryimage\",\"url\":\"https:\/\/www.gaveanews.com\/wp-content\/uploads\/Escudo-do-Corinthians-na-Neo-Quimica-Arena.webp\",\"contentUrl\":\"https:\/\/www.gaveanews.com\/wp-content\/uploads\/Escudo-do-Corinthians-na-Neo-Quimica-Arena.webp\",\"width\":1440,\"height\":959,\"caption\":\"Escudo do Corinthians na N\u00e9o Qu\u00edmica Arena (Foto Reprodu\u00e7\u00e3o\/Instagram)\"},{\"@type\":\"BreadcrumbList\",\"@id\":\"https:\/\/www.gaveanews.com\/index.php\/2025\/05\/13\/torcida-organizada-do-corinthians-emite-nota-oficial-sobre-vaquinha\/#breadcrumb\",\"itemListElement\":[{\"@type\":\"ListItem\",\"position\":1,\"name\":\"Home\",\"item\":\"https:\/\/www.gaveanews.com\/\"},{\"@type\":\"ListItem\",\"position\":2,\"name\":\"Torcida organizada do Corinthians emite nota oficial sobre vaquinha\"}]},{\"@type\":\"WebSite\",\"@id\":\"https:\/\/www.gaveanews.com\/#website\",\"url\":\"https:\/\/www.gaveanews.com\/\",\"name\":\"G\u00e1vea News\",\"description\":\"Veja todas as not\u00edcias sobre o Flamengo: Contrata\u00e7\u00f5es, categorias de base, resultados das partidas, tabela de classifica\u00e7\u00e3o, pr\u00f3ximos jogos!\",\"potentialAction\":[{\"@type\":\"SearchAction\",\"target\":{\"@type\":\"EntryPoint\",\"urlTemplate\":\"https:\/\/www.gaveanews.com\/?s={search_term_string}\"},\"query-input\":{\"@type\":\"PropertyValueSpecification\",\"valueRequired\":true,\"valueName\":\"search_term_string\"}}],\"inLanguage\":\"pt-BR\"},{\"@type\":\"Person\",\"@id\":\"https:\/\/www.gaveanews.com\/#\/schema\/person\/0eb3e3fe1754f0205218538adbe8f5ed\",\"name\":\"Rafaela Ladeira\",\"image\":{\"@type\":\"ImageObject\",\"inLanguage\":\"pt-BR\",\"@id\":\"https:\/\/www.gaveanews.com\/#\/schema\/person\/image\/\",\"url\":\"https:\/\/secure.gravatar.com\/avatar\/c31f513acffd85eacab5730cbdfdbbf59f21ba5aeada8cd890acea879fbb2455?s=96&d=mm&r=g\",\"contentUrl\":\"https:\/\/secure.gravatar.com\/avatar\/c31f513acffd85eacab5730cbdfdbbf59f21ba5aeada8cd890acea879fbb2455?s=96&d=mm&r=g\",\"caption\":\"Rafaela Ladeira\"}}]}<\/script>\n<!-- \/ Yoast SEO Premium plugin. -->","yoast_head_json":{"title":"Torcida organizada do Corinthians emite nota oficial sobre vaquinha","robots":{"index":"index","follow":"follow","max-snippet":"max-snippet:-1","max-image-preview":"max-image-preview:large","max-video-preview":"max-video-preview:-1"},"canonical":"https:\/\/www.gaveanews.com\/index.php\/2025\/05\/13\/torcida-organizada-do-corinthians-emite-nota-oficial-sobre-vaquinha\/","og_locale":"pt_BR","og_type":"article","og_title":"Torcida organizada do Corinthians emite nota oficial sobre vaquinha","og_description":"Se voc\u00ea \u00e9 torcedor do Corinthians e pretende contribuir com a campanha de quita\u00e7\u00e3o da Neo Qu\u00edmica Arena, \u00e9 hora de redobrar a aten\u00e7\u00e3o. A Gavi\u00f5es da Fiel, principal torcida organizada do clube, emitiu uma nota oficial alertando para o retorno de p\u00e1ginas falsas ligadas \u00e0 campanha Doe Arena Corinthians. Essas p\u00e1ginas est\u00e3o sendo utilizadas [&hellip;]","og_url":"https:\/\/www.gaveanews.com\/index.php\/2025\/05\/13\/torcida-organizada-do-corinthians-emite-nota-oficial-sobre-vaquinha\/","og_site_name":"G\u00e1vea News","article_publisher":"https:\/\/facebook.com\/gaveaNews\/","article_published_time":"2025-05-13T14:55:00+00:00","og_image":[{"width":1440,"height":959,"url":"http:\/\/www.gaveanews.com\/wp-content\/uploads\/Escudo-do-Corinthians-na-Neo-Quimica-Arena.webp","type":"image\/jpeg"}],"author":"Rafaela Ladeira","twitter_card":"summary_large_image","twitter_misc":{"Escrito por":"Rafaela Ladeira","Est. tempo de leitura":"2 minutos"},"schema":{"@context":"https:\/\/schema.org","@graph":[{"@type":"NewsArticle","@id":"https:\/\/www.gaveanews.com\/index.php\/2025\/05\/13\/torcida-organizada-do-corinthians-emite-nota-oficial-sobre-vaquinha\/#article","isPartOf":{"@id":"https:\/\/www.gaveanews.com\/index.php\/2025\/05\/13\/torcida-organizada-do-corinthians-emite-nota-oficial-sobre-vaquinha\/"},"author":{"name":"Rafaela Ladeira","@id":"https:\/\/www.gaveanews.com\/#\/schema\/person\/0eb3e3fe1754f0205218538adbe8f5ed"},"headline":"Torcida organizada do Corinthians emite nota oficial sobre vaquinha","datePublished":"2025-05-13T14:55:00+00:00","mainEntityOfPage":{"@id":"https:\/\/www.gaveanews.com\/index.php\/2025\/05\/13\/torcida-organizada-do-corinthians-emite-nota-oficial-sobre-vaquinha\/"},"wordCount":416,"commentCount":0,"image":{"@id":"https:\/\/www.gaveanews.com\/index.php\/2025\/05\/13\/torcida-organizada-do-corinthians-emite-nota-oficial-sobre-vaquinha\/#primaryimage"},"thumbnailUrl":"https:\/\/www.gaveanews.com\/wp-content\/uploads\/Escudo-do-Corinthians-na-Neo-Quimica-Arena.webp","articleSection":["Corinthians"],"inLanguage":"pt-BR","potentialAction":[{"@type":"CommentAction","name":"Comment","target":["https:\/\/www.gaveanews.com\/index.php\/2025\/05\/13\/torcida-organizada-do-corinthians-emite-nota-oficial-sobre-vaquinha\/#respond"]}],"copyrightYear":"2025","copyrightHolder":{"@id":"https:\/\/www.gaveanews.com\/#organization"}},{"@type":"WebPage","@id":"https:\/\/www.gaveanews.com\/index.php\/2025\/05\/13\/torcida-organizada-do-corinthians-emite-nota-oficial-sobre-vaquinha\/","url":"https:\/\/www.gaveanews.com\/index.php\/2025\/05\/13\/torcida-organizada-do-corinthians-emite-nota-oficial-sobre-vaquinha\/","name":"Torcida organizada do Corinthians emite nota oficial sobre vaquinha","isPartOf":{"@id":"https:\/\/www.gaveanews.com\/#website"},"primaryImageOfPage":{"@id":"https:\/\/www.gaveanews.com\/index.php\/2025\/05\/13\/torcida-organizada-do-corinthians-emite-nota-oficial-sobre-vaquinha\/#primaryimage"},"image":{"@id":"https:\/\/www.gaveanews.com\/index.php\/2025\/05\/13\/torcida-organizada-do-corinthians-emite-nota-oficial-sobre-vaquinha\/#primaryimage"},"thumbnailUrl":"https:\/\/www.gaveanews.com\/wp-content\/uploads\/Escudo-do-Corinthians-na-Neo-Quimica-Arena.webp","datePublished":"2025-05-13T14:55:00+00:00","author":{"@id":"https:\/\/www.gaveanews.com\/#\/schema\/person\/0eb3e3fe1754f0205218538adbe8f5ed"},"breadcrumb":{"@id":"https:\/\/www.gaveanews.com\/index.php\/2025\/05\/13\/torcida-organizada-do-corinthians-emite-nota-oficial-sobre-vaquinha\/#breadcrumb"},"inLanguage":"pt-BR","potentialAction":[{"@type":"ReadAction","target":["https:\/\/www.gaveanews.com\/index.php\/2025\/05\/13\/torcida-organizada-do-corinthians-emite-nota-oficial-sobre-vaquinha\/"]}]},{"@type":"ImageObject","inLanguage":"pt-BR","@id":"https:\/\/www.gaveanews.com\/index.php\/2025\/05\/13\/torcida-organizada-do-corinthians-emite-nota-oficial-sobre-vaquinha\/#primaryimage","url":"https:\/\/www.gaveanews.com\/wp-content\/uploads\/Escudo-do-Corinthians-na-Neo-Quimica-Arena.webp","contentUrl":"https:\/\/www.gaveanews.com\/wp-content\/uploads\/Escudo-do-Corinthians-na-Neo-Quimica-Arena.webp","width":1440,"height":959,"caption":"Escudo do Corinthians na N\u00e9o Qu\u00edmica Arena (Foto Reprodu\u00e7\u00e3o\/Instagram)"},{"@type":"BreadcrumbList","@id":"https:\/\/www.gaveanews.com\/index.php\/2025\/05\/13\/torcida-organizada-do-corinthians-emite-nota-oficial-sobre-vaquinha\/#breadcrumb","itemListElement":[{"@type":"ListItem","position":1,"name":"Home","item":"https:\/\/www.gaveanews.com\/"},{"@type":"ListItem","position":2,"name":"Torcida organizada do Corinthians emite nota oficial sobre vaquinha"}]},{"@type":"WebSite","@id":"https:\/\/www.gaveanews.com\/#website","url":"https:\/\/www.gaveanews.com\/","name":"G\u00e1vea News","description":"Veja todas as not\u00edcias sobre o Flamengo: Contrata\u00e7\u00f5es, categorias de base, resultados das partidas, tabela de classifica\u00e7\u00e3o, pr\u00f3ximos jogos!","potentialAction":[{"@type":"SearchAction","target":{"@type":"EntryPoint","urlTemplate":"https:\/\/www.gaveanews.com\/?s={search_term_string}"},"query-input":{"@type":"PropertyValueSpecification","valueRequired":true,"valueName":"search_term_string"}}],"inLanguage":"pt-BR"},{"@type":"Person","@id":"https:\/\/www.gaveanews.com\/#\/schema\/person\/0eb3e3fe1754f0205218538adbe8f5ed","name":"Rafaela Ladeira","image":{"@type":"ImageObject","inLanguage":"pt-BR","@id":"https:\/\/www.gaveanews.com\/#\/schema\/person\/image\/","url":"https:\/\/secure.gravatar.com\/avatar\/c31f513acffd85eacab5730cbdfdbbf59f21ba5aeada8cd890acea879fbb2455?s=96&d=mm&r=g","contentUrl":"https:\/\/secure.gravatar.com\/avatar\/c31f513acffd85eacab5730cbdfdbbf59f21ba5aeada8cd890acea879fbb2455?s=96&d=mm&r=g","caption":"Rafaela Ladeira"}}]}},"_links":{"self":[{"href":"https:\/\/www.gaveanews.com\/index.php\/wp-json\/wp\/v2\/posts\/263223","targetHints":{"allow":["GET"]}}],"collection":[{"href":"https:\/\/www.gaveanews.com\/index.php\/wp-json\/wp\/v2\/posts"}],"about":[{"href":"https:\/\/www.gaveanews.com\/index.php\/wp-json\/wp\/v2\/types\/post"}],"author":[{"embeddable":true,"href":"https:\/\/www.gaveanews.com\/index.php\/wp-json\/wp\/v2\/users\/25"}],"replies":[{"embeddable":true,"href":"https:\/\/www.gaveanews.com\/index.php\/wp-json\/wp\/v2\/comments?post=263223"}],"version-history":[{"count":1,"href":"https:\/\/www.gaveanews.com\/index.php\/wp-json\/wp\/v2\/posts\/263223\/revisions"}],"predecessor-version":[{"id":263224,"href":"https:\/\/www.gaveanews.com\/index.php\/wp-json\/wp\/v2\/posts\/263223\/revisions\/263224"}],"wp:featuredmedia":[{"embeddable":true,"href":"https:\/\/www.gaveanews.com\/index.php\/wp-json\/wp\/v2\/media\/154473"}],"wp:attachment":[{"href":"https:\/\/www.gaveanews.com\/index.php\/wp-json\/wp\/v2\/media?parent=263223"}],"wp:term":[{"taxonomy":"category","embeddable":true,"href":"https:\/\/www.gaveanews.com\/index.php\/wp-json\/wp\/v2\/categories?post=263223"},{"taxonomy":"post_tag","embeddable":true,"href":"https:\/\/www.gaveanews.com\/index.php\/wp-json\/wp\/v2\/tags?post=263223"}],"curies":[{"name":"wp","href":"https:\/\/api.w.org\/{rel}","templated":true}]}}