{"id":263231,"date":"2025-05-13T12:20:00","date_gmt":"2025-05-13T15:20:00","guid":{"rendered":"https:\/\/www.gaveanews.com\/?p=263231"},"modified":"2025-05-13T12:16:47","modified_gmt":"2025-05-13T15:16:47","slug":"sao-paulo-revela-situacao-de-lucas-oscar-e-pablo-maia-para-o-jogo-contra-o-libertad","status":"publish","type":"post","link":"https:\/\/www.gaveanews.com\/index.php\/2025\/05\/13\/sao-paulo-revela-situacao-de-lucas-oscar-e-pablo-maia-para-o-jogo-contra-o-libertad\/","title":{"rendered":"S\u00e3o Paulo revela situa\u00e7\u00e3o de Lucas, Oscar e Pablo Maia para o jogo contra o Libertad"},"content":{"rendered":"\n<p>O S\u00e3o Paulo voltar\u00e1 a contar com tr\u00eas jogadores considerados titulares para o duelo contra o Libertad-PAR, v\u00e1lido pela quinta rodada da fase de grupos da Copa Libertadores. O jogo ser\u00e1 disputado na quarta-feira (14), no Morumbis, e pode assegurar a classifica\u00e7\u00e3o do Tricolor para as oitavas de final da competi\u00e7\u00e3o continental.<\/p>\n\n\n\n<p>A principal novidade est\u00e1 na presen\u00e7a simult\u00e2nea de Lucas, Oscar e Pablo Maia. Os tr\u00eas atletas estavam entregues ao departamento m\u00e9dico em momentos diferentes da temporada e, apesar de j\u00e1 terem atuado desde suas respectivas recupera\u00e7\u00f5es, ainda n\u00e3o haviam sido relacionados ao mesmo tempo. Dessa forma, o t\u00e9cnico Luis Zubeld\u00eda ter\u00e1 mais op\u00e7\u00f5es para montar o time titular diante do clube paraguaio.<\/p>\n\n\n\n<figure class=\"wp-block-image size-large\"><img loading=\"lazy\" decoding=\"async\" width=\"820\" height=\"1024\" src=\"http:\/\/www.gaveanews.com\/wp-content\/uploads\/Lucas-Moura-vibra-apos-marcar-um-gol-pelo-Sao-Paulo-no-estadio-do-Morumbi-820x1024.webp\" alt=\"\" class=\"wp-image-157846\" srcset=\"https:\/\/www.gaveanews.com\/wp-content\/uploads\/Lucas-Moura-vibra-apos-marcar-um-gol-pelo-Sao-Paulo-no-estadio-do-Morumbi-820x1024.webp 820w, https:\/\/www.gaveanews.com\/wp-content\/uploads\/Lucas-Moura-vibra-apos-marcar-um-gol-pelo-Sao-Paulo-no-estadio-do-Morumbi-240x300.webp 240w, https:\/\/www.gaveanews.com\/wp-content\/uploads\/Lucas-Moura-vibra-apos-marcar-um-gol-pelo-Sao-Paulo-no-estadio-do-Morumbi-768x959.webp 768w, https:\/\/www.gaveanews.com\/wp-content\/uploads\/Lucas-Moura-vibra-apos-marcar-um-gol-pelo-Sao-Paulo-no-estadio-do-Morumbi-336x420.webp 336w, https:\/\/www.gaveanews.com\/wp-content\/uploads\/Lucas-Moura-vibra-apos-marcar-um-gol-pelo-Sao-Paulo-no-estadio-do-Morumbi-672x840.webp 672w, https:\/\/www.gaveanews.com\/wp-content\/uploads\/Lucas-Moura-vibra-apos-marcar-um-gol-pelo-Sao-Paulo-no-estadio-do-Morumbi-640x799.webp 640w, https:\/\/www.gaveanews.com\/wp-content\/uploads\/Lucas-Moura-vibra-apos-marcar-um-gol-pelo-Sao-Paulo-no-estadio-do-Morumbi-681x851.webp 681w, https:\/\/www.gaveanews.com\/wp-content\/uploads\/Lucas-Moura-vibra-apos-marcar-um-gol-pelo-Sao-Paulo-no-estadio-do-Morumbi-100x125.webp 100w, https:\/\/www.gaveanews.com\/wp-content\/uploads\/Lucas-Moura-vibra-apos-marcar-um-gol-pelo-Sao-Paulo-no-estadio-do-Morumbi.webp 1080w\" sizes=\"auto, (max-width: 820px) 100vw, 820px\" \/><figcaption class=\"wp-element-caption\">Lucas Moura vibra ap\u00f3s marcar um gol pelo S\u00e3o Paulo no est\u00e1dio do Morumbi (Foto: Paulo Pinto\/S\u00e3o Paulo)<\/figcaption><\/figure>\n\n\n\n<p>Lucas, recuperado de um trauma no joelho direito, ficou fora do cl\u00e1ssico contra o Palmeiras por decis\u00e3o da comiss\u00e3o t\u00e9cnica. O atacante, contudo, j\u00e1 disputou duas partidas desde seu retorno aos gramados. Oscar, por sua vez, enfrentou o Palmeiras no segundo tempo ap\u00f3s se recuperar de uma les\u00e3o muscular na coxa esquerda. Antes disso, ele n\u00e3o jogava desde o confronto com o Talleres-ARG, no in\u00edcio de abril.<\/p>\n\n\n\n<p>Pablo Maia tamb\u00e9m reapareceu entre os relacionados e foi utilizado na etapa final do Choque-Rei. O volante passou por cirurgia no tornozelo direito e voltou aos gramados antes do prazo inicialmente estimado para a sua recupera\u00e7\u00e3o. Anteriormente, ele ficou no banco de reservas contra o Talleres, mas n\u00e3o foi acionado naquela ocasi\u00e3o.<\/p>\n\n\n\n<p>O retorno dos tr\u00eas atletas aumenta as op\u00e7\u00f5es de Zubeld\u00eda para o confronto decisivo. Afinal, o S\u00e3o Paulo precisa de um bom resultado para confirmar sua vaga na pr\u00f3xima fase da Libertadores. Al\u00e9m disso, o jogo no Morumbis representa uma oportunidade importante para o clube retomar o caminho das vit\u00f3rias ap\u00f3s a derrota no cl\u00e1ssico contra o Palmeiras.<\/p>\n\n\n\n<p>Empolgado com o reencontro com a torcida s\u00e3o-paulina, Oscar destacou a import\u00e2ncia da partida. \u201cA gente tem voltado a jogar depois de quase um m\u00eas a\u00ed. Trabalhei bastante, treinei bastante pra voltar e espero voltar cada vez melhor. Sabemos que o S\u00e3o Paulo na Libertadores \u00e9 diferente, que o torcedor s\u00e3o-paulino tamb\u00e9m gosta muito de Libertadores. Contamos muito com a presen\u00e7a de voc\u00eas, e a gente espera mostrar o nosso melhor\u201d, afirmou o meia.<\/p>\n","protected":false},"excerpt":{"rendered":"<p>O S\u00e3o Paulo voltar\u00e1 a contar com tr\u00eas jogadores considerados titulares para o duelo contra o Libertad-PAR, v\u00e1lido pela quinta rodada da fase de grupos da Copa Libertadores. O jogo ser\u00e1 disputado na quarta-feira (14), no Morumbis, e pode assegurar a classifica\u00e7\u00e3o do Tricolor para as oitavas de final da competi\u00e7\u00e3o continental. A principal novidade [&hellip;]<\/p>\n","protected":false},"author":27,"featured_media":157847,"comment_status":"open","ping_status":"closed","sticky":false,"template":"","format":"standard","meta":{"footnotes":""},"categories":[151],"tags":[],"class_list":["post-263231","post","type-post","status-publish","format-standard","has-post-thumbnail","hentry","category-sao-paulo"],"yoast_head":"<!-- This site is optimized with the Yoast SEO Premium plugin v24.2 (Yoast SEO v26.9) - https:\/\/yoast.com\/product\/yoast-seo-premium-wordpress\/ -->\n<title>S\u00e3o Paulo revela situa\u00e7\u00e3o de Lucas, Oscar e Pablo Maia para o jogo contra o Libertad<\/title>\n<meta name=\"robots\" content=\"index, follow, max-snippet:-1, max-image-preview:large, max-video-preview:-1\" \/>\n<link rel=\"canonical\" href=\"https:\/\/www.gaveanews.com\/index.php\/2025\/05\/13\/sao-paulo-revela-situacao-de-lucas-oscar-e-pablo-maia-para-o-jogo-contra-o-libertad\/\" \/>\n<meta property=\"og:locale\" content=\"pt_BR\" \/>\n<meta property=\"og:type\" content=\"article\" \/>\n<meta property=\"og:title\" content=\"S\u00e3o Paulo revela situa\u00e7\u00e3o de Lucas, Oscar e Pablo Maia para o jogo contra o Libertad\" \/>\n<meta property=\"og:description\" content=\"O S\u00e3o Paulo voltar\u00e1 a contar com tr\u00eas jogadores considerados titulares para o duelo contra o Libertad-PAR, v\u00e1lido pela quinta rodada da fase de grupos da Copa Libertadores. O jogo ser\u00e1 disputado na quarta-feira (14), no Morumbis, e pode assegurar a classifica\u00e7\u00e3o do Tricolor para as oitavas de final da competi\u00e7\u00e3o continental. A principal novidade [&hellip;]\" \/>\n<meta property=\"og:url\" content=\"https:\/\/www.gaveanews.com\/index.php\/2025\/05\/13\/sao-paulo-revela-situacao-de-lucas-oscar-e-pablo-maia-para-o-jogo-contra-o-libertad\/\" \/>\n<meta property=\"og:site_name\" content=\"G\u00e1vea News\" \/>\n<meta property=\"article:publisher\" content=\"https:\/\/facebook.com\/gaveaNews\/\" \/>\n<meta property=\"article:published_time\" content=\"2025-05-13T15:20:00+00:00\" \/>\n<meta property=\"og:image\" content=\"https:\/\/www.gaveanews.com\/wp-content\/uploads\/Lucas-Moura-durante-um-treinamento-do-time-do-Sao-Paulo.webp\" \/>\n\t<meta property=\"og:image:width\" content=\"1080\" \/>\n\t<meta property=\"og:image:height\" content=\"1350\" \/>\n\t<meta property=\"og:image:type\" content=\"image\/jpeg\" \/>\n<meta name=\"author\" content=\"Matheus Felipe\" \/>\n<meta name=\"twitter:card\" content=\"summary_large_image\" \/>\n<meta name=\"twitter:label1\" content=\"Escrito por\" \/>\n\t<meta name=\"twitter:data1\" content=\"Matheus Felipe\" \/>\n\t<meta name=\"twitter:label2\" content=\"Est. tempo de leitura\" \/>\n\t<meta name=\"twitter:data2\" content=\"3 minutos\" \/>\n<script type=\"application\/ld+json\" class=\"yoast-schema-graph\">{\"@context\":\"https:\/\/schema.org\",\"@graph\":[{\"@type\":\"NewsArticle\",\"@id\":\"https:\/\/www.gaveanews.com\/index.php\/2025\/05\/13\/sao-paulo-revela-situacao-de-lucas-oscar-e-pablo-maia-para-o-jogo-contra-o-libertad\/#article\",\"isPartOf\":{\"@id\":\"https:\/\/www.gaveanews.com\/index.php\/2025\/05\/13\/sao-paulo-revela-situacao-de-lucas-oscar-e-pablo-maia-para-o-jogo-contra-o-libertad\/\"},\"author\":{\"name\":\"Matheus Felipe\",\"@id\":\"https:\/\/www.gaveanews.com\/#\/schema\/person\/8207cd4627f56151707418bfc835b2fb\"},\"headline\":\"S\u00e3o Paulo revela situa\u00e7\u00e3o de Lucas, Oscar e Pablo Maia para o jogo contra o Libertad\",\"datePublished\":\"2025-05-13T15:20:00+00:00\",\"mainEntityOfPage\":{\"@id\":\"https:\/\/www.gaveanews.com\/index.php\/2025\/05\/13\/sao-paulo-revela-situacao-de-lucas-oscar-e-pablo-maia-para-o-jogo-contra-o-libertad\/\"},\"wordCount\":447,\"commentCount\":0,\"image\":{\"@id\":\"https:\/\/www.gaveanews.com\/index.php\/2025\/05\/13\/sao-paulo-revela-situacao-de-lucas-oscar-e-pablo-maia-para-o-jogo-contra-o-libertad\/#primaryimage\"},\"thumbnailUrl\":\"https:\/\/www.gaveanews.com\/wp-content\/uploads\/Lucas-Moura-durante-um-treinamento-do-time-do-Sao-Paulo.webp\",\"articleSection\":[\"S\u00e3o Paulo\"],\"inLanguage\":\"pt-BR\",\"potentialAction\":[{\"@type\":\"CommentAction\",\"name\":\"Comment\",\"target\":[\"https:\/\/www.gaveanews.com\/index.php\/2025\/05\/13\/sao-paulo-revela-situacao-de-lucas-oscar-e-pablo-maia-para-o-jogo-contra-o-libertad\/#respond\"]}],\"copyrightYear\":\"2025\",\"copyrightHolder\":{\"@id\":\"https:\/\/www.gaveanews.com\/#organization\"}},{\"@type\":\"WebPage\",\"@id\":\"https:\/\/www.gaveanews.com\/index.php\/2025\/05\/13\/sao-paulo-revela-situacao-de-lucas-oscar-e-pablo-maia-para-o-jogo-contra-o-libertad\/\",\"url\":\"https:\/\/www.gaveanews.com\/index.php\/2025\/05\/13\/sao-paulo-revela-situacao-de-lucas-oscar-e-pablo-maia-para-o-jogo-contra-o-libertad\/\",\"name\":\"S\u00e3o Paulo revela situa\u00e7\u00e3o de Lucas, Oscar e Pablo Maia para o jogo contra o Libertad\",\"isPartOf\":{\"@id\":\"https:\/\/www.gaveanews.com\/#website\"},\"primaryImageOfPage\":{\"@id\":\"https:\/\/www.gaveanews.com\/index.php\/2025\/05\/13\/sao-paulo-revela-situacao-de-lucas-oscar-e-pablo-maia-para-o-jogo-contra-o-libertad\/#primaryimage\"},\"image\":{\"@id\":\"https:\/\/www.gaveanews.com\/index.php\/2025\/05\/13\/sao-paulo-revela-situacao-de-lucas-oscar-e-pablo-maia-para-o-jogo-contra-o-libertad\/#primaryimage\"},\"thumbnailUrl\":\"https:\/\/www.gaveanews.com\/wp-content\/uploads\/Lucas-Moura-durante-um-treinamento-do-time-do-Sao-Paulo.webp\",\"datePublished\":\"2025-05-13T15:20:00+00:00\",\"author\":{\"@id\":\"https:\/\/www.gaveanews.com\/#\/schema\/person\/8207cd4627f56151707418bfc835b2fb\"},\"breadcrumb\":{\"@id\":\"https:\/\/www.gaveanews.com\/index.php\/2025\/05\/13\/sao-paulo-revela-situacao-de-lucas-oscar-e-pablo-maia-para-o-jogo-contra-o-libertad\/#breadcrumb\"},\"inLanguage\":\"pt-BR\",\"potentialAction\":[{\"@type\":\"ReadAction\",\"target\":[\"https:\/\/www.gaveanews.com\/index.php\/2025\/05\/13\/sao-paulo-revela-situacao-de-lucas-oscar-e-pablo-maia-para-o-jogo-contra-o-libertad\/\"]}]},{\"@type\":\"ImageObject\",\"inLanguage\":\"pt-BR\",\"@id\":\"https:\/\/www.gaveanews.com\/index.php\/2025\/05\/13\/sao-paulo-revela-situacao-de-lucas-oscar-e-pablo-maia-para-o-jogo-contra-o-libertad\/#primaryimage\",\"url\":\"https:\/\/www.gaveanews.com\/wp-content\/uploads\/Lucas-Moura-durante-um-treinamento-do-time-do-Sao-Paulo.webp\",\"contentUrl\":\"https:\/\/www.gaveanews.com\/wp-content\/uploads\/Lucas-Moura-durante-um-treinamento-do-time-do-Sao-Paulo.webp\",\"width\":1080,\"height\":1350,\"caption\":\"Lucas Moura durante um treinamento do S\u00e3o Paulo (Foto: Reprodu\u00e7\u00e3o\/Instagram)\"},{\"@type\":\"BreadcrumbList\",\"@id\":\"https:\/\/www.gaveanews.com\/index.php\/2025\/05\/13\/sao-paulo-revela-situacao-de-lucas-oscar-e-pablo-maia-para-o-jogo-contra-o-libertad\/#breadcrumb\",\"itemListElement\":[{\"@type\":\"ListItem\",\"position\":1,\"name\":\"Home\",\"item\":\"https:\/\/www.gaveanews.com\/\"},{\"@type\":\"ListItem\",\"position\":2,\"name\":\"S\u00e3o Paulo revela situa\u00e7\u00e3o de Lucas, Oscar e Pablo Maia para o jogo contra o Libertad\"}]},{\"@type\":\"WebSite\",\"@id\":\"https:\/\/www.gaveanews.com\/#website\",\"url\":\"https:\/\/www.gaveanews.com\/\",\"name\":\"G\u00e1vea News\",\"description\":\"Veja todas as not\u00edcias sobre o Flamengo: Contrata\u00e7\u00f5es, categorias de base, resultados das partidas, tabela de classifica\u00e7\u00e3o, pr\u00f3ximos jogos!\",\"potentialAction\":[{\"@type\":\"SearchAction\",\"target\":{\"@type\":\"EntryPoint\",\"urlTemplate\":\"https:\/\/www.gaveanews.com\/?s={search_term_string}\"},\"query-input\":{\"@type\":\"PropertyValueSpecification\",\"valueRequired\":true,\"valueName\":\"search_term_string\"}}],\"inLanguage\":\"pt-BR\"},{\"@type\":\"Person\",\"@id\":\"https:\/\/www.gaveanews.com\/#\/schema\/person\/8207cd4627f56151707418bfc835b2fb\",\"name\":\"Matheus Felipe\",\"image\":{\"@type\":\"ImageObject\",\"inLanguage\":\"pt-BR\",\"@id\":\"https:\/\/www.gaveanews.com\/#\/schema\/person\/image\/\",\"url\":\"https:\/\/secure.gravatar.com\/avatar\/a452ffbed9130f726358b298bb3a99ce4bd3c5338411f8440e87e14d74c7c087?s=96&d=mm&r=g\",\"contentUrl\":\"https:\/\/secure.gravatar.com\/avatar\/a452ffbed9130f726358b298bb3a99ce4bd3c5338411f8440e87e14d74c7c087?s=96&d=mm&r=g\",\"caption\":\"Matheus Felipe\"}}]}<\/script>\n<!-- \/ Yoast SEO Premium plugin. -->","yoast_head_json":{"title":"S\u00e3o Paulo revela situa\u00e7\u00e3o de Lucas, Oscar e Pablo Maia para o jogo contra o Libertad","robots":{"index":"index","follow":"follow","max-snippet":"max-snippet:-1","max-image-preview":"max-image-preview:large","max-video-preview":"max-video-preview:-1"},"canonical":"https:\/\/www.gaveanews.com\/index.php\/2025\/05\/13\/sao-paulo-revela-situacao-de-lucas-oscar-e-pablo-maia-para-o-jogo-contra-o-libertad\/","og_locale":"pt_BR","og_type":"article","og_title":"S\u00e3o Paulo revela situa\u00e7\u00e3o de Lucas, Oscar e Pablo Maia para o jogo contra o Libertad","og_description":"O S\u00e3o Paulo voltar\u00e1 a contar com tr\u00eas jogadores considerados titulares para o duelo contra o Libertad-PAR, v\u00e1lido pela quinta rodada da fase de grupos da Copa Libertadores. O jogo ser\u00e1 disputado na quarta-feira (14), no Morumbis, e pode assegurar a classifica\u00e7\u00e3o do Tricolor para as oitavas de final da competi\u00e7\u00e3o continental. A principal novidade [&hellip;]","og_url":"https:\/\/www.gaveanews.com\/index.php\/2025\/05\/13\/sao-paulo-revela-situacao-de-lucas-oscar-e-pablo-maia-para-o-jogo-contra-o-libertad\/","og_site_name":"G\u00e1vea News","article_publisher":"https:\/\/facebook.com\/gaveaNews\/","article_published_time":"2025-05-13T15:20:00+00:00","og_image":[{"width":1080,"height":1350,"url":"https:\/\/www.gaveanews.com\/wp-content\/uploads\/Lucas-Moura-durante-um-treinamento-do-time-do-Sao-Paulo.webp","type":"image\/jpeg"}],"author":"Matheus Felipe","twitter_card":"summary_large_image","twitter_misc":{"Escrito por":"Matheus Felipe","Est. tempo de leitura":"3 minutos"},"schema":{"@context":"https:\/\/schema.org","@graph":[{"@type":"NewsArticle","@id":"https:\/\/www.gaveanews.com\/index.php\/2025\/05\/13\/sao-paulo-revela-situacao-de-lucas-oscar-e-pablo-maia-para-o-jogo-contra-o-libertad\/#article","isPartOf":{"@id":"https:\/\/www.gaveanews.com\/index.php\/2025\/05\/13\/sao-paulo-revela-situacao-de-lucas-oscar-e-pablo-maia-para-o-jogo-contra-o-libertad\/"},"author":{"name":"Matheus Felipe","@id":"https:\/\/www.gaveanews.com\/#\/schema\/person\/8207cd4627f56151707418bfc835b2fb"},"headline":"S\u00e3o Paulo revela situa\u00e7\u00e3o de Lucas, Oscar e Pablo Maia para o jogo contra o Libertad","datePublished":"2025-05-13T15:20:00+00:00","mainEntityOfPage":{"@id":"https:\/\/www.gaveanews.com\/index.php\/2025\/05\/13\/sao-paulo-revela-situacao-de-lucas-oscar-e-pablo-maia-para-o-jogo-contra-o-libertad\/"},"wordCount":447,"commentCount":0,"image":{"@id":"https:\/\/www.gaveanews.com\/index.php\/2025\/05\/13\/sao-paulo-revela-situacao-de-lucas-oscar-e-pablo-maia-para-o-jogo-contra-o-libertad\/#primaryimage"},"thumbnailUrl":"https:\/\/www.gaveanews.com\/wp-content\/uploads\/Lucas-Moura-durante-um-treinamento-do-time-do-Sao-Paulo.webp","articleSection":["S\u00e3o Paulo"],"inLanguage":"pt-BR","potentialAction":[{"@type":"CommentAction","name":"Comment","target":["https:\/\/www.gaveanews.com\/index.php\/2025\/05\/13\/sao-paulo-revela-situacao-de-lucas-oscar-e-pablo-maia-para-o-jogo-contra-o-libertad\/#respond"]}],"copyrightYear":"2025","copyrightHolder":{"@id":"https:\/\/www.gaveanews.com\/#organization"}},{"@type":"WebPage","@id":"https:\/\/www.gaveanews.com\/index.php\/2025\/05\/13\/sao-paulo-revela-situacao-de-lucas-oscar-e-pablo-maia-para-o-jogo-contra-o-libertad\/","url":"https:\/\/www.gaveanews.com\/index.php\/2025\/05\/13\/sao-paulo-revela-situacao-de-lucas-oscar-e-pablo-maia-para-o-jogo-contra-o-libertad\/","name":"S\u00e3o Paulo revela situa\u00e7\u00e3o de Lucas, Oscar e Pablo Maia para o jogo contra o Libertad","isPartOf":{"@id":"https:\/\/www.gaveanews.com\/#website"},"primaryImageOfPage":{"@id":"https:\/\/www.gaveanews.com\/index.php\/2025\/05\/13\/sao-paulo-revela-situacao-de-lucas-oscar-e-pablo-maia-para-o-jogo-contra-o-libertad\/#primaryimage"},"image":{"@id":"https:\/\/www.gaveanews.com\/index.php\/2025\/05\/13\/sao-paulo-revela-situacao-de-lucas-oscar-e-pablo-maia-para-o-jogo-contra-o-libertad\/#primaryimage"},"thumbnailUrl":"https:\/\/www.gaveanews.com\/wp-content\/uploads\/Lucas-Moura-durante-um-treinamento-do-time-do-Sao-Paulo.webp","datePublished":"2025-05-13T15:20:00+00:00","author":{"@id":"https:\/\/www.gaveanews.com\/#\/schema\/person\/8207cd4627f56151707418bfc835b2fb"},"breadcrumb":{"@id":"https:\/\/www.gaveanews.com\/index.php\/2025\/05\/13\/sao-paulo-revela-situacao-de-lucas-oscar-e-pablo-maia-para-o-jogo-contra-o-libertad\/#breadcrumb"},"inLanguage":"pt-BR","potentialAction":[{"@type":"ReadAction","target":["https:\/\/www.gaveanews.com\/index.php\/2025\/05\/13\/sao-paulo-revela-situacao-de-lucas-oscar-e-pablo-maia-para-o-jogo-contra-o-libertad\/"]}]},{"@type":"ImageObject","inLanguage":"pt-BR","@id":"https:\/\/www.gaveanews.com\/index.php\/2025\/05\/13\/sao-paulo-revela-situacao-de-lucas-oscar-e-pablo-maia-para-o-jogo-contra-o-libertad\/#primaryimage","url":"https:\/\/www.gaveanews.com\/wp-content\/uploads\/Lucas-Moura-durante-um-treinamento-do-time-do-Sao-Paulo.webp","contentUrl":"https:\/\/www.gaveanews.com\/wp-content\/uploads\/Lucas-Moura-durante-um-treinamento-do-time-do-Sao-Paulo.webp","width":1080,"height":1350,"caption":"Lucas Moura durante um treinamento do S\u00e3o Paulo (Foto: Reprodu\u00e7\u00e3o\/Instagram)"},{"@type":"BreadcrumbList","@id":"https:\/\/www.gaveanews.com\/index.php\/2025\/05\/13\/sao-paulo-revela-situacao-de-lucas-oscar-e-pablo-maia-para-o-jogo-contra-o-libertad\/#breadcrumb","itemListElement":[{"@type":"ListItem","position":1,"name":"Home","item":"https:\/\/www.gaveanews.com\/"},{"@type":"ListItem","position":2,"name":"S\u00e3o Paulo revela situa\u00e7\u00e3o de Lucas, Oscar e Pablo Maia para o jogo contra o Libertad"}]},{"@type":"WebSite","@id":"https:\/\/www.gaveanews.com\/#website","url":"https:\/\/www.gaveanews.com\/","name":"G\u00e1vea News","description":"Veja todas as not\u00edcias sobre o Flamengo: Contrata\u00e7\u00f5es, categorias de base, resultados das partidas, tabela de classifica\u00e7\u00e3o, pr\u00f3ximos jogos!","potentialAction":[{"@type":"SearchAction","target":{"@type":"EntryPoint","urlTemplate":"https:\/\/www.gaveanews.com\/?s={search_term_string}"},"query-input":{"@type":"PropertyValueSpecification","valueRequired":true,"valueName":"search_term_string"}}],"inLanguage":"pt-BR"},{"@type":"Person","@id":"https:\/\/www.gaveanews.com\/#\/schema\/person\/8207cd4627f56151707418bfc835b2fb","name":"Matheus Felipe","image":{"@type":"ImageObject","inLanguage":"pt-BR","@id":"https:\/\/www.gaveanews.com\/#\/schema\/person\/image\/","url":"https:\/\/secure.gravatar.com\/avatar\/a452ffbed9130f726358b298bb3a99ce4bd3c5338411f8440e87e14d74c7c087?s=96&d=mm&r=g","contentUrl":"https:\/\/secure.gravatar.com\/avatar\/a452ffbed9130f726358b298bb3a99ce4bd3c5338411f8440e87e14d74c7c087?s=96&d=mm&r=g","caption":"Matheus Felipe"}}]}},"_links":{"self":[{"href":"https:\/\/www.gaveanews.com\/index.php\/wp-json\/wp\/v2\/posts\/263231","targetHints":{"allow":["GET"]}}],"collection":[{"href":"https:\/\/www.gaveanews.com\/index.php\/wp-json\/wp\/v2\/posts"}],"about":[{"href":"https:\/\/www.gaveanews.com\/index.php\/wp-json\/wp\/v2\/types\/post"}],"author":[{"embeddable":true,"href":"https:\/\/www.gaveanews.com\/index.php\/wp-json\/wp\/v2\/users\/27"}],"replies":[{"embeddable":true,"href":"https:\/\/www.gaveanews.com\/index.php\/wp-json\/wp\/v2\/comments?post=263231"}],"version-history":[{"count":1,"href":"https:\/\/www.gaveanews.com\/index.php\/wp-json\/wp\/v2\/posts\/263231\/revisions"}],"predecessor-version":[{"id":263233,"href":"https:\/\/www.gaveanews.com\/index.php\/wp-json\/wp\/v2\/posts\/263231\/revisions\/263233"}],"wp:featuredmedia":[{"embeddable":true,"href":"https:\/\/www.gaveanews.com\/index.php\/wp-json\/wp\/v2\/media\/157847"}],"wp:attachment":[{"href":"https:\/\/www.gaveanews.com\/index.php\/wp-json\/wp\/v2\/media?parent=263231"}],"wp:term":[{"taxonomy":"category","embeddable":true,"href":"https:\/\/www.gaveanews.com\/index.php\/wp-json\/wp\/v2\/categories?post=263231"},{"taxonomy":"post_tag","embeddable":true,"href":"https:\/\/www.gaveanews.com\/index.php\/wp-json\/wp\/v2\/tags?post=263231"}],"curies":[{"name":"wp","href":"https:\/\/api.w.org\/{rel}","templated":true}]}}