{"id":263235,"date":"2025-05-13T12:25:00","date_gmt":"2025-05-13T15:25:00","guid":{"rendered":"https:\/\/www.gaveanews.com\/?p=263235"},"modified":"2025-05-13T12:22:01","modified_gmt":"2025-05-13T15:22:01","slug":"a-declaracao-de-muller-direcionada-a-ancelotti-tecnico-da-selecao-brasileira","status":"publish","type":"post","link":"https:\/\/www.gaveanews.com\/index.php\/2025\/05\/13\/a-declaracao-de-muller-direcionada-a-ancelotti-tecnico-da-selecao-brasileira\/","title":{"rendered":"A declara\u00e7\u00e3o de Muller direcionada a Ancelotti, t\u00e9cnico da Sele\u00e7\u00e3o Brasileira"},"content":{"rendered":"\n<p>A chegada de Carlo Ancelotti ao comando da Sele\u00e7\u00e3o Brasileira tem gerado expectativas diversas entre os torcedores e especialistas. Entre os que analisaram o novo momento do time nacional est\u00e1 Muller. O ex-jogador reconheceu a compet\u00eancia do t\u00e9cnico italiano, mas demonstrou cautela quanto \u00e0s reais possibilidades de sucesso do Brasil na pr\u00f3xima Copa do Mundo.<\/p>\n\n\n\n<p>Durante sua participa\u00e7\u00e3o no programa \u201cGazeta Esportiva\u201d, Muller destacou que a equipe brasileira conta com nomes talentosos, contudo, ainda carece de um entrosamento s\u00f3lido. Segundo ele, o conjunto segue desajustado, e isso pode pesar no desempenho em torneios mais exigentes. \u201cO Brasil n\u00e3o tem um time. O Ancelotti n\u00e3o tem um tempo para formar o time em clube, como ele teve. \u00c9 muito peso de um treinador, mas para um time leve\u201d, afirmou.<\/p>\n\n\n\n<figure class=\"wp-block-image size-large\"><img loading=\"lazy\" decoding=\"async\" width=\"1024\" height=\"576\" src=\"http:\/\/www.gaveanews.com\/wp-content\/uploads\/Muller-durante-a-programacao-da-ESPN-1024x576.webp\" alt=\"\" class=\"wp-image-212474\" srcset=\"https:\/\/www.gaveanews.com\/wp-content\/uploads\/Muller-durante-a-programacao-da-ESPN-1024x576.webp 1024w, https:\/\/www.gaveanews.com\/wp-content\/uploads\/Muller-durante-a-programacao-da-ESPN-300x169.webp 300w, https:\/\/www.gaveanews.com\/wp-content\/uploads\/Muller-durante-a-programacao-da-ESPN-768x432.webp 768w, https:\/\/www.gaveanews.com\/wp-content\/uploads\/Muller-durante-a-programacao-da-ESPN-747x420.webp 747w, https:\/\/www.gaveanews.com\/wp-content\/uploads\/Muller-durante-a-programacao-da-ESPN-1493x840.webp 1493w, https:\/\/www.gaveanews.com\/wp-content\/uploads\/Muller-durante-a-programacao-da-ESPN-640x360.webp 640w, https:\/\/www.gaveanews.com\/wp-content\/uploads\/Muller-durante-a-programacao-da-ESPN-1280x720.webp 1280w, https:\/\/www.gaveanews.com\/wp-content\/uploads\/Muller-durante-a-programacao-da-ESPN-681x383.webp 681w, https:\/\/www.gaveanews.com\/wp-content\/uploads\/Muller-durante-a-programacao-da-ESPN-1362x766.webp 1362w, https:\/\/www.gaveanews.com\/wp-content\/uploads\/Muller-durante-a-programacao-da-ESPN-100x56.webp 100w, https:\/\/www.gaveanews.com\/wp-content\/uploads\/Muller-durante-a-programacao-da-ESPN.webp 1536w\" sizes=\"auto, (max-width: 1024px) 100vw, 1024px\" \/><figcaption class=\"wp-element-caption\">Muller durante a programa\u00e7\u00e3o da ESPN (Foto: Reprodu\u00e7\u00e3o\/ESPN)<\/figcaption><\/figure>\n\n\n\n<p>O ex-atacante tamb\u00e9m chamou aten\u00e7\u00e3o para o impacto que a figura de Ancelotti pode causar dentro do grupo. Conforme avaliou, o treinador italiano hoje se sobressai at\u00e9 mesmo aos principais atletas da Sele\u00e7\u00e3o, o que pode gerar um desequil\u00edbrio de protagonismo. \u201cAt\u00e9 ent\u00e3o, a prima-dona \u00e9 o Ancelotti, e ele est\u00e1 fora de campo. Ele \u00e9 maior do que os jogadores\u201d, analisou Muller, expressando d\u00favidas sobre como isso influenciar\u00e1 o rendimento coletivo.<\/p>\n\n\n\n<p>Embora veja a possibilidade do Brasil superar a fase de grupos, Muller n\u00e3o cr\u00ea em uma campanha longa no mata-mata. \u201cSempre passou na fase de grupos, e vai passar (em 2026). No mata-mata, a\u00ed fica pelo caminho\u201d, indicou. A declara\u00e7\u00e3o reflete a falta de confian\u00e7a no desenvolvimento t\u00e1tico da equipe a tempo de enfrentar advers\u00e1rios mais fortes nas fases decisivas.<\/p>\n\n\n\n<p>Ali\u00e1s, Muller tamb\u00e9m comentou poss\u00edveis altera\u00e7\u00f5es no elenco com a chegada de Ancelotti. Nomes como Savinho e Bruno Guimar\u00e3es, que vinham sendo utilizados com frequ\u00eancia, podem perder espa\u00e7o. Em contrapartida, ele apontou que novos jogadores devem surgir nas pr\u00f3ximas convoca\u00e7\u00f5es, como o zagueiro L\u00e9o Ortiz, atualmente no Flamengo.<\/p>\n\n\n\n<p>A Sele\u00e7\u00e3o volta a campo nos dias 5 e 10 de junho, quando enfrentar\u00e1 Equador, em Guayaquil, e Paraguai, na Neo Qu\u00edmica Arena, pelas Eliminat\u00f3rias. Atualmente, o Brasil ocupa a quarta posi\u00e7\u00e3o na tabela, com 21 pontos, e mant\u00e9m boas chances de garantir sua vaga antecipada na Copa. Ancelotti, que ainda finaliza seu trabalho no Real Madrid, estar\u00e1 \u00e0 beira do campo nessas partidas.<\/p>\n","protected":false},"excerpt":{"rendered":"<p>A chegada de Carlo Ancelotti ao comando da Sele\u00e7\u00e3o Brasileira tem gerado expectativas diversas entre os torcedores e especialistas. Entre os que analisaram o novo momento do time nacional est\u00e1 Muller. O ex-jogador reconheceu a compet\u00eancia do t\u00e9cnico italiano, mas demonstrou cautela quanto \u00e0s reais possibilidades de sucesso do Brasil na pr\u00f3xima Copa do Mundo. [&hellip;]<\/p>\n","protected":false},"author":27,"featured_media":119629,"comment_status":"open","ping_status":"closed","sticky":false,"template":"","format":"standard","meta":{"footnotes":""},"categories":[478],"tags":[],"class_list":["post-263235","post","type-post","status-publish","format-standard","has-post-thumbnail","hentry","category-brasil"],"yoast_head":"<!-- This site is optimized with the Yoast SEO Premium plugin v24.2 (Yoast SEO v26.9) - https:\/\/yoast.com\/product\/yoast-seo-premium-wordpress\/ -->\n<title>A declara\u00e7\u00e3o de Muller direcionada a Ancelotti, t\u00e9cnico da Sele\u00e7\u00e3o Brasileira<\/title>\n<meta name=\"robots\" content=\"index, follow, max-snippet:-1, max-image-preview:large, max-video-preview:-1\" \/>\n<link rel=\"canonical\" href=\"https:\/\/www.gaveanews.com\/index.php\/2025\/05\/13\/a-declaracao-de-muller-direcionada-a-ancelotti-tecnico-da-selecao-brasileira\/\" \/>\n<meta property=\"og:locale\" content=\"pt_BR\" \/>\n<meta property=\"og:type\" content=\"article\" \/>\n<meta property=\"og:title\" content=\"A declara\u00e7\u00e3o de Muller direcionada a Ancelotti, t\u00e9cnico da Sele\u00e7\u00e3o Brasileira\" \/>\n<meta property=\"og:description\" content=\"A chegada de Carlo Ancelotti ao comando da Sele\u00e7\u00e3o Brasileira tem gerado expectativas diversas entre os torcedores e especialistas. Entre os que analisaram o novo momento do time nacional est\u00e1 Muller. O ex-jogador reconheceu a compet\u00eancia do t\u00e9cnico italiano, mas demonstrou cautela quanto \u00e0s reais possibilidades de sucesso do Brasil na pr\u00f3xima Copa do Mundo. [&hellip;]\" \/>\n<meta property=\"og:url\" content=\"https:\/\/www.gaveanews.com\/index.php\/2025\/05\/13\/a-declaracao-de-muller-direcionada-a-ancelotti-tecnico-da-selecao-brasileira\/\" \/>\n<meta property=\"og:site_name\" content=\"G\u00e1vea News\" \/>\n<meta property=\"article:publisher\" content=\"https:\/\/facebook.com\/gaveaNews\/\" \/>\n<meta property=\"article:published_time\" content=\"2025-05-13T15:25:00+00:00\" \/>\n<meta property=\"og:image\" content=\"https:\/\/www.gaveanews.com\/wp-content\/uploads\/2023-04-29t184531z-1598421574-up1ej4t1g3tth-rtrmadp-3-soccer-spain-mad-uda-report.webp\" \/>\n\t<meta property=\"og:image:width\" content=\"984\" \/>\n\t<meta property=\"og:image:height\" content=\"678\" \/>\n\t<meta property=\"og:image:type\" content=\"image\/webp\" \/>\n<meta name=\"author\" content=\"Matheus Felipe\" \/>\n<meta name=\"twitter:card\" content=\"summary_large_image\" \/>\n<meta name=\"twitter:label1\" content=\"Escrito por\" \/>\n\t<meta name=\"twitter:data1\" content=\"Matheus Felipe\" \/>\n\t<meta name=\"twitter:label2\" content=\"Est. tempo de leitura\" \/>\n\t<meta name=\"twitter:data2\" content=\"3 minutos\" \/>\n<script type=\"application\/ld+json\" class=\"yoast-schema-graph\">{\"@context\":\"https:\/\/schema.org\",\"@graph\":[{\"@type\":\"NewsArticle\",\"@id\":\"https:\/\/www.gaveanews.com\/index.php\/2025\/05\/13\/a-declaracao-de-muller-direcionada-a-ancelotti-tecnico-da-selecao-brasileira\/#article\",\"isPartOf\":{\"@id\":\"https:\/\/www.gaveanews.com\/index.php\/2025\/05\/13\/a-declaracao-de-muller-direcionada-a-ancelotti-tecnico-da-selecao-brasileira\/\"},\"author\":{\"name\":\"Matheus Felipe\",\"@id\":\"https:\/\/www.gaveanews.com\/#\/schema\/person\/8207cd4627f56151707418bfc835b2fb\"},\"headline\":\"A declara\u00e7\u00e3o de Muller direcionada a Ancelotti, t\u00e9cnico da Sele\u00e7\u00e3o Brasileira\",\"datePublished\":\"2025-05-13T15:25:00+00:00\",\"mainEntityOfPage\":{\"@id\":\"https:\/\/www.gaveanews.com\/index.php\/2025\/05\/13\/a-declaracao-de-muller-direcionada-a-ancelotti-tecnico-da-selecao-brasileira\/\"},\"wordCount\":423,\"commentCount\":0,\"image\":{\"@id\":\"https:\/\/www.gaveanews.com\/index.php\/2025\/05\/13\/a-declaracao-de-muller-direcionada-a-ancelotti-tecnico-da-selecao-brasileira\/#primaryimage\"},\"thumbnailUrl\":\"https:\/\/www.gaveanews.com\/wp-content\/uploads\/2023-04-29t184531z-1598421574-up1ej4t1g3tth-rtrmadp-3-soccer-spain-mad-uda-report.webp\",\"articleSection\":[\"Brasil\"],\"inLanguage\":\"pt-BR\",\"potentialAction\":[{\"@type\":\"CommentAction\",\"name\":\"Comment\",\"target\":[\"https:\/\/www.gaveanews.com\/index.php\/2025\/05\/13\/a-declaracao-de-muller-direcionada-a-ancelotti-tecnico-da-selecao-brasileira\/#respond\"]}],\"copyrightYear\":\"2025\",\"copyrightHolder\":{\"@id\":\"https:\/\/www.gaveanews.com\/#organization\"}},{\"@type\":\"WebPage\",\"@id\":\"https:\/\/www.gaveanews.com\/index.php\/2025\/05\/13\/a-declaracao-de-muller-direcionada-a-ancelotti-tecnico-da-selecao-brasileira\/\",\"url\":\"https:\/\/www.gaveanews.com\/index.php\/2025\/05\/13\/a-declaracao-de-muller-direcionada-a-ancelotti-tecnico-da-selecao-brasileira\/\",\"name\":\"A declara\u00e7\u00e3o de Muller direcionada a Ancelotti, t\u00e9cnico da Sele\u00e7\u00e3o Brasileira\",\"isPartOf\":{\"@id\":\"https:\/\/www.gaveanews.com\/#website\"},\"primaryImageOfPage\":{\"@id\":\"https:\/\/www.gaveanews.com\/index.php\/2025\/05\/13\/a-declaracao-de-muller-direcionada-a-ancelotti-tecnico-da-selecao-brasileira\/#primaryimage\"},\"image\":{\"@id\":\"https:\/\/www.gaveanews.com\/index.php\/2025\/05\/13\/a-declaracao-de-muller-direcionada-a-ancelotti-tecnico-da-selecao-brasileira\/#primaryimage\"},\"thumbnailUrl\":\"https:\/\/www.gaveanews.com\/wp-content\/uploads\/2023-04-29t184531z-1598421574-up1ej4t1g3tth-rtrmadp-3-soccer-spain-mad-uda-report.webp\",\"datePublished\":\"2025-05-13T15:25:00+00:00\",\"author\":{\"@id\":\"https:\/\/www.gaveanews.com\/#\/schema\/person\/8207cd4627f56151707418bfc835b2fb\"},\"breadcrumb\":{\"@id\":\"https:\/\/www.gaveanews.com\/index.php\/2025\/05\/13\/a-declaracao-de-muller-direcionada-a-ancelotti-tecnico-da-selecao-brasileira\/#breadcrumb\"},\"inLanguage\":\"pt-BR\",\"potentialAction\":[{\"@type\":\"ReadAction\",\"target\":[\"https:\/\/www.gaveanews.com\/index.php\/2025\/05\/13\/a-declaracao-de-muller-direcionada-a-ancelotti-tecnico-da-selecao-brasileira\/\"]}]},{\"@type\":\"ImageObject\",\"inLanguage\":\"pt-BR\",\"@id\":\"https:\/\/www.gaveanews.com\/index.php\/2025\/05\/13\/a-declaracao-de-muller-direcionada-a-ancelotti-tecnico-da-selecao-brasileira\/#primaryimage\",\"url\":\"https:\/\/www.gaveanews.com\/wp-content\/uploads\/2023-04-29t184531z-1598421574-up1ej4t1g3tth-rtrmadp-3-soccer-spain-mad-uda-report.webp\",\"contentUrl\":\"https:\/\/www.gaveanews.com\/wp-content\/uploads\/2023-04-29t184531z-1598421574-up1ej4t1g3tth-rtrmadp-3-soccer-spain-mad-uda-report.webp\",\"width\":984,\"height\":678,\"caption\":\"Carlo Ancelotti, t\u00e9cnico do Real Madrid (Foto: Reuters)\"},{\"@type\":\"BreadcrumbList\",\"@id\":\"https:\/\/www.gaveanews.com\/index.php\/2025\/05\/13\/a-declaracao-de-muller-direcionada-a-ancelotti-tecnico-da-selecao-brasileira\/#breadcrumb\",\"itemListElement\":[{\"@type\":\"ListItem\",\"position\":1,\"name\":\"Home\",\"item\":\"https:\/\/www.gaveanews.com\/\"},{\"@type\":\"ListItem\",\"position\":2,\"name\":\"A declara\u00e7\u00e3o de Muller direcionada a Ancelotti, t\u00e9cnico da Sele\u00e7\u00e3o Brasileira\"}]},{\"@type\":\"WebSite\",\"@id\":\"https:\/\/www.gaveanews.com\/#website\",\"url\":\"https:\/\/www.gaveanews.com\/\",\"name\":\"G\u00e1vea News\",\"description\":\"Veja todas as not\u00edcias sobre o Flamengo: Contrata\u00e7\u00f5es, categorias de base, resultados das partidas, tabela de classifica\u00e7\u00e3o, pr\u00f3ximos jogos!\",\"potentialAction\":[{\"@type\":\"SearchAction\",\"target\":{\"@type\":\"EntryPoint\",\"urlTemplate\":\"https:\/\/www.gaveanews.com\/?s={search_term_string}\"},\"query-input\":{\"@type\":\"PropertyValueSpecification\",\"valueRequired\":true,\"valueName\":\"search_term_string\"}}],\"inLanguage\":\"pt-BR\"},{\"@type\":\"Person\",\"@id\":\"https:\/\/www.gaveanews.com\/#\/schema\/person\/8207cd4627f56151707418bfc835b2fb\",\"name\":\"Matheus Felipe\",\"image\":{\"@type\":\"ImageObject\",\"inLanguage\":\"pt-BR\",\"@id\":\"https:\/\/www.gaveanews.com\/#\/schema\/person\/image\/\",\"url\":\"https:\/\/secure.gravatar.com\/avatar\/a452ffbed9130f726358b298bb3a99ce4bd3c5338411f8440e87e14d74c7c087?s=96&d=mm&r=g\",\"contentUrl\":\"https:\/\/secure.gravatar.com\/avatar\/a452ffbed9130f726358b298bb3a99ce4bd3c5338411f8440e87e14d74c7c087?s=96&d=mm&r=g\",\"caption\":\"Matheus Felipe\"}}]}<\/script>\n<!-- \/ Yoast SEO Premium plugin. -->","yoast_head_json":{"title":"A declara\u00e7\u00e3o de Muller direcionada a Ancelotti, t\u00e9cnico da Sele\u00e7\u00e3o Brasileira","robots":{"index":"index","follow":"follow","max-snippet":"max-snippet:-1","max-image-preview":"max-image-preview:large","max-video-preview":"max-video-preview:-1"},"canonical":"https:\/\/www.gaveanews.com\/index.php\/2025\/05\/13\/a-declaracao-de-muller-direcionada-a-ancelotti-tecnico-da-selecao-brasileira\/","og_locale":"pt_BR","og_type":"article","og_title":"A declara\u00e7\u00e3o de Muller direcionada a Ancelotti, t\u00e9cnico da Sele\u00e7\u00e3o Brasileira","og_description":"A chegada de Carlo Ancelotti ao comando da Sele\u00e7\u00e3o Brasileira tem gerado expectativas diversas entre os torcedores e especialistas. Entre os que analisaram o novo momento do time nacional est\u00e1 Muller. O ex-jogador reconheceu a compet\u00eancia do t\u00e9cnico italiano, mas demonstrou cautela quanto \u00e0s reais possibilidades de sucesso do Brasil na pr\u00f3xima Copa do Mundo. [&hellip;]","og_url":"https:\/\/www.gaveanews.com\/index.php\/2025\/05\/13\/a-declaracao-de-muller-direcionada-a-ancelotti-tecnico-da-selecao-brasileira\/","og_site_name":"G\u00e1vea News","article_publisher":"https:\/\/facebook.com\/gaveaNews\/","article_published_time":"2025-05-13T15:25:00+00:00","og_image":[{"width":984,"height":678,"url":"https:\/\/www.gaveanews.com\/wp-content\/uploads\/2023-04-29t184531z-1598421574-up1ej4t1g3tth-rtrmadp-3-soccer-spain-mad-uda-report.webp","type":"image\/webp"}],"author":"Matheus Felipe","twitter_card":"summary_large_image","twitter_misc":{"Escrito por":"Matheus Felipe","Est. tempo de leitura":"3 minutos"},"schema":{"@context":"https:\/\/schema.org","@graph":[{"@type":"NewsArticle","@id":"https:\/\/www.gaveanews.com\/index.php\/2025\/05\/13\/a-declaracao-de-muller-direcionada-a-ancelotti-tecnico-da-selecao-brasileira\/#article","isPartOf":{"@id":"https:\/\/www.gaveanews.com\/index.php\/2025\/05\/13\/a-declaracao-de-muller-direcionada-a-ancelotti-tecnico-da-selecao-brasileira\/"},"author":{"name":"Matheus Felipe","@id":"https:\/\/www.gaveanews.com\/#\/schema\/person\/8207cd4627f56151707418bfc835b2fb"},"headline":"A declara\u00e7\u00e3o de Muller direcionada a Ancelotti, t\u00e9cnico da Sele\u00e7\u00e3o Brasileira","datePublished":"2025-05-13T15:25:00+00:00","mainEntityOfPage":{"@id":"https:\/\/www.gaveanews.com\/index.php\/2025\/05\/13\/a-declaracao-de-muller-direcionada-a-ancelotti-tecnico-da-selecao-brasileira\/"},"wordCount":423,"commentCount":0,"image":{"@id":"https:\/\/www.gaveanews.com\/index.php\/2025\/05\/13\/a-declaracao-de-muller-direcionada-a-ancelotti-tecnico-da-selecao-brasileira\/#primaryimage"},"thumbnailUrl":"https:\/\/www.gaveanews.com\/wp-content\/uploads\/2023-04-29t184531z-1598421574-up1ej4t1g3tth-rtrmadp-3-soccer-spain-mad-uda-report.webp","articleSection":["Brasil"],"inLanguage":"pt-BR","potentialAction":[{"@type":"CommentAction","name":"Comment","target":["https:\/\/www.gaveanews.com\/index.php\/2025\/05\/13\/a-declaracao-de-muller-direcionada-a-ancelotti-tecnico-da-selecao-brasileira\/#respond"]}],"copyrightYear":"2025","copyrightHolder":{"@id":"https:\/\/www.gaveanews.com\/#organization"}},{"@type":"WebPage","@id":"https:\/\/www.gaveanews.com\/index.php\/2025\/05\/13\/a-declaracao-de-muller-direcionada-a-ancelotti-tecnico-da-selecao-brasileira\/","url":"https:\/\/www.gaveanews.com\/index.php\/2025\/05\/13\/a-declaracao-de-muller-direcionada-a-ancelotti-tecnico-da-selecao-brasileira\/","name":"A declara\u00e7\u00e3o de Muller direcionada a Ancelotti, t\u00e9cnico da Sele\u00e7\u00e3o Brasileira","isPartOf":{"@id":"https:\/\/www.gaveanews.com\/#website"},"primaryImageOfPage":{"@id":"https:\/\/www.gaveanews.com\/index.php\/2025\/05\/13\/a-declaracao-de-muller-direcionada-a-ancelotti-tecnico-da-selecao-brasileira\/#primaryimage"},"image":{"@id":"https:\/\/www.gaveanews.com\/index.php\/2025\/05\/13\/a-declaracao-de-muller-direcionada-a-ancelotti-tecnico-da-selecao-brasileira\/#primaryimage"},"thumbnailUrl":"https:\/\/www.gaveanews.com\/wp-content\/uploads\/2023-04-29t184531z-1598421574-up1ej4t1g3tth-rtrmadp-3-soccer-spain-mad-uda-report.webp","datePublished":"2025-05-13T15:25:00+00:00","author":{"@id":"https:\/\/www.gaveanews.com\/#\/schema\/person\/8207cd4627f56151707418bfc835b2fb"},"breadcrumb":{"@id":"https:\/\/www.gaveanews.com\/index.php\/2025\/05\/13\/a-declaracao-de-muller-direcionada-a-ancelotti-tecnico-da-selecao-brasileira\/#breadcrumb"},"inLanguage":"pt-BR","potentialAction":[{"@type":"ReadAction","target":["https:\/\/www.gaveanews.com\/index.php\/2025\/05\/13\/a-declaracao-de-muller-direcionada-a-ancelotti-tecnico-da-selecao-brasileira\/"]}]},{"@type":"ImageObject","inLanguage":"pt-BR","@id":"https:\/\/www.gaveanews.com\/index.php\/2025\/05\/13\/a-declaracao-de-muller-direcionada-a-ancelotti-tecnico-da-selecao-brasileira\/#primaryimage","url":"https:\/\/www.gaveanews.com\/wp-content\/uploads\/2023-04-29t184531z-1598421574-up1ej4t1g3tth-rtrmadp-3-soccer-spain-mad-uda-report.webp","contentUrl":"https:\/\/www.gaveanews.com\/wp-content\/uploads\/2023-04-29t184531z-1598421574-up1ej4t1g3tth-rtrmadp-3-soccer-spain-mad-uda-report.webp","width":984,"height":678,"caption":"Carlo Ancelotti, t\u00e9cnico do Real Madrid (Foto: Reuters)"},{"@type":"BreadcrumbList","@id":"https:\/\/www.gaveanews.com\/index.php\/2025\/05\/13\/a-declaracao-de-muller-direcionada-a-ancelotti-tecnico-da-selecao-brasileira\/#breadcrumb","itemListElement":[{"@type":"ListItem","position":1,"name":"Home","item":"https:\/\/www.gaveanews.com\/"},{"@type":"ListItem","position":2,"name":"A declara\u00e7\u00e3o de Muller direcionada a Ancelotti, t\u00e9cnico da Sele\u00e7\u00e3o Brasileira"}]},{"@type":"WebSite","@id":"https:\/\/www.gaveanews.com\/#website","url":"https:\/\/www.gaveanews.com\/","name":"G\u00e1vea News","description":"Veja todas as not\u00edcias sobre o Flamengo: Contrata\u00e7\u00f5es, categorias de base, resultados das partidas, tabela de classifica\u00e7\u00e3o, pr\u00f3ximos jogos!","potentialAction":[{"@type":"SearchAction","target":{"@type":"EntryPoint","urlTemplate":"https:\/\/www.gaveanews.com\/?s={search_term_string}"},"query-input":{"@type":"PropertyValueSpecification","valueRequired":true,"valueName":"search_term_string"}}],"inLanguage":"pt-BR"},{"@type":"Person","@id":"https:\/\/www.gaveanews.com\/#\/schema\/person\/8207cd4627f56151707418bfc835b2fb","name":"Matheus Felipe","image":{"@type":"ImageObject","inLanguage":"pt-BR","@id":"https:\/\/www.gaveanews.com\/#\/schema\/person\/image\/","url":"https:\/\/secure.gravatar.com\/avatar\/a452ffbed9130f726358b298bb3a99ce4bd3c5338411f8440e87e14d74c7c087?s=96&d=mm&r=g","contentUrl":"https:\/\/secure.gravatar.com\/avatar\/a452ffbed9130f726358b298bb3a99ce4bd3c5338411f8440e87e14d74c7c087?s=96&d=mm&r=g","caption":"Matheus Felipe"}}]}},"_links":{"self":[{"href":"https:\/\/www.gaveanews.com\/index.php\/wp-json\/wp\/v2\/posts\/263235","targetHints":{"allow":["GET"]}}],"collection":[{"href":"https:\/\/www.gaveanews.com\/index.php\/wp-json\/wp\/v2\/posts"}],"about":[{"href":"https:\/\/www.gaveanews.com\/index.php\/wp-json\/wp\/v2\/types\/post"}],"author":[{"embeddable":true,"href":"https:\/\/www.gaveanews.com\/index.php\/wp-json\/wp\/v2\/users\/27"}],"replies":[{"embeddable":true,"href":"https:\/\/www.gaveanews.com\/index.php\/wp-json\/wp\/v2\/comments?post=263235"}],"version-history":[{"count":1,"href":"https:\/\/www.gaveanews.com\/index.php\/wp-json\/wp\/v2\/posts\/263235\/revisions"}],"predecessor-version":[{"id":263237,"href":"https:\/\/www.gaveanews.com\/index.php\/wp-json\/wp\/v2\/posts\/263235\/revisions\/263237"}],"wp:featuredmedia":[{"embeddable":true,"href":"https:\/\/www.gaveanews.com\/index.php\/wp-json\/wp\/v2\/media\/119629"}],"wp:attachment":[{"href":"https:\/\/www.gaveanews.com\/index.php\/wp-json\/wp\/v2\/media?parent=263235"}],"wp:term":[{"taxonomy":"category","embeddable":true,"href":"https:\/\/www.gaveanews.com\/index.php\/wp-json\/wp\/v2\/categories?post=263235"},{"taxonomy":"post_tag","embeddable":true,"href":"https:\/\/www.gaveanews.com\/index.php\/wp-json\/wp\/v2\/tags?post=263235"}],"curies":[{"name":"wp","href":"https:\/\/api.w.org\/{rel}","templated":true}]}}