{"id":263238,"date":"2025-05-13T12:35:00","date_gmt":"2025-05-13T15:35:00","guid":{"rendered":"https:\/\/www.gaveanews.com\/?p=263238"},"modified":"2025-05-13T12:23:38","modified_gmt":"2025-05-13T15:23:38","slug":"longe-do-ideal-palmeiras-toma-decisao-envolvendo-paulinho","status":"publish","type":"post","link":"https:\/\/www.gaveanews.com\/index.php\/2025\/05\/13\/longe-do-ideal-palmeiras-toma-decisao-envolvendo-paulinho\/","title":{"rendered":"Longe do ideal! Palmeiras toma decis\u00e3o envolvendo Paulinho"},"content":{"rendered":"\n<p>A primeira titularidade de Paulinho com a camisa do Palmeiras, no cl\u00e1ssico contra o S\u00e3o Paulo, marcou um passo importante no retorno do jogador aos gramados. No entanto, o clube adota cautela: o atacante ainda est\u00e1 longe do seu auge f\u00edsico e, por isso, seguir\u00e1 um planejamento espec\u00edfico elaborado por Abel Ferreira e sua comiss\u00e3o.&nbsp;<\/p>\n\n\n\n<p>A prioridade \u00e9 garantir que ele atinja o n\u00edvel ideal para contribuir com intensidade nas fases mais importantes da temporada.<\/p>\n\n\n\n<h2 class=\"wp-block-heading\" id=\"h-caminho-gradual-ate-o-melhor-rendimento\">Caminho gradual at\u00e9 o melhor rendimento<\/h2>\n\n\n\n<p>Paulinho \u00e9 considerado um dos jogadores mais potentes fisicamente no elenco alviverde. Vale destacar que essa caracter\u00edstica \u00e9 vista como fundamental para que ele desempenhe da forma exigida pelo treinador.&nbsp;<\/p>\n\n\n\n<p>Sendo assim, o clube mant\u00e9m um cronograma de treinos individualizados e monitoramento rigoroso da minutagem em campo. Al\u00e9m disso, o objetivo \u00e9 deix\u00e1-lo em totais condi\u00e7\u00f5es para o Mundial de Clubes e os confrontos decisivos do Brasileir\u00e3o e da Libertadores.<\/p>\n\n\n\n<h2 class=\"wp-block-heading\" id=\"h-superacao-apos-cirurgia-delicada\">Supera\u00e7\u00e3o ap\u00f3s cirurgia delicada<\/h2>\n\n\n\n<p>O atacante foi contratado no final de 2024, mas precisou de meses de recupera\u00e7\u00e3o ap\u00f3s uma cirurgia antes de fazer sua estreia oficial em abril, na vit\u00f3ria contra o Corinthians. Ap\u00f3s o jogo, ele falou sobre os desafios enfrentados:<\/p>\n\n\n\n<p>\u201cValeu o sacrif\u00edcio, o esfor\u00e7o. Foi um desafio muito grande. Joguei oito meses machucado, com a perna fraturada. Estava insuport\u00e1vel. Est\u00e1vamos disputando muitas coisas. Tive que operar e chegar ao novo clube precisando me recuperar. Foi um pouco atrasado, mas necess\u00e1rio\u201d, relatou.<\/p>\n\n\n\n<p>Dessa maneira, Paulinho atuou em sete partidas desde ent\u00e3o, com m\u00e9dia inferior a 30 minutos por jogo. O atacante ainda busca seu primeiro gol com a camisa do Verd\u00e3o, mas j\u00e1 deu sua primeira assist\u00eancia diante do Cerro Porte\u00f1o, pela Libertadores.<\/p>\n\n\n\n<p>Portanto, o Palmeiras trata com seriedade o processo de recupera\u00e7\u00e3o do atleta, porque acredita que, com o tempo certo, ele ser\u00e1 pe\u00e7a fundamental. Com isso, o clube espera colher os frutos desse planejamento em momentos decisivos.<\/p>\n","protected":false},"excerpt":{"rendered":"<p>A primeira titularidade de Paulinho com a camisa do Palmeiras, no cl\u00e1ssico contra o S\u00e3o Paulo, marcou um passo importante no retorno do jogador aos gramados. No entanto, o clube adota cautela: o atacante ainda est\u00e1 longe do seu auge f\u00edsico e, por isso, seguir\u00e1 um planejamento espec\u00edfico elaborado por Abel Ferreira e sua comiss\u00e3o.&nbsp; [&hellip;]<\/p>\n","protected":false},"author":25,"featured_media":157845,"comment_status":"open","ping_status":"closed","sticky":false,"template":"","format":"standard","meta":{"footnotes":""},"categories":[150],"tags":[],"class_list":["post-263238","post","type-post","status-publish","format-standard","has-post-thumbnail","hentry","category-palmeiras"],"yoast_head":"<!-- This site is optimized with the Yoast SEO Premium plugin v24.2 (Yoast SEO v26.9) - https:\/\/yoast.com\/product\/yoast-seo-premium-wordpress\/ -->\n<title>Longe do ideal! Palmeiras toma decis\u00e3o envolvendo Paulinho<\/title>\n<meta name=\"robots\" content=\"index, follow, max-snippet:-1, max-image-preview:large, max-video-preview:-1\" \/>\n<link rel=\"canonical\" href=\"https:\/\/www.gaveanews.com\/index.php\/2025\/05\/13\/longe-do-ideal-palmeiras-toma-decisao-envolvendo-paulinho\/\" \/>\n<meta property=\"og:locale\" content=\"pt_BR\" \/>\n<meta property=\"og:type\" content=\"article\" \/>\n<meta property=\"og:title\" content=\"Longe do ideal! Palmeiras toma decis\u00e3o envolvendo Paulinho\" \/>\n<meta property=\"og:description\" content=\"A primeira titularidade de Paulinho com a camisa do Palmeiras, no cl\u00e1ssico contra o S\u00e3o Paulo, marcou um passo importante no retorno do jogador aos gramados. No entanto, o clube adota cautela: o atacante ainda est\u00e1 longe do seu auge f\u00edsico e, por isso, seguir\u00e1 um planejamento espec\u00edfico elaborado por Abel Ferreira e sua comiss\u00e3o.&nbsp; [&hellip;]\" \/>\n<meta property=\"og:url\" content=\"https:\/\/www.gaveanews.com\/index.php\/2025\/05\/13\/longe-do-ideal-palmeiras-toma-decisao-envolvendo-paulinho\/\" \/>\n<meta property=\"og:site_name\" content=\"G\u00e1vea News\" \/>\n<meta property=\"article:publisher\" content=\"https:\/\/facebook.com\/gaveaNews\/\" \/>\n<meta property=\"article:published_time\" content=\"2025-05-13T15:35:00+00:00\" \/>\n<meta property=\"og:image\" content=\"https:\/\/www.gaveanews.com\/wp-content\/uploads\/Abel-Ferreira-e-fotografado-passando-instrucoes-durante-um-jogo-do-Palmeiras.webp\" \/>\n\t<meta property=\"og:image:width\" content=\"1500\" \/>\n\t<meta property=\"og:image:height\" content=\"844\" \/>\n\t<meta property=\"og:image:type\" content=\"image\/jpeg\" \/>\n<meta name=\"author\" content=\"Rafaela Ladeira\" \/>\n<meta name=\"twitter:card\" content=\"summary_large_image\" \/>\n<meta name=\"twitter:label1\" content=\"Escrito por\" \/>\n\t<meta name=\"twitter:data1\" content=\"Rafaela Ladeira\" \/>\n\t<meta name=\"twitter:label2\" content=\"Est. tempo de leitura\" \/>\n\t<meta name=\"twitter:data2\" content=\"2 minutos\" \/>\n<script type=\"application\/ld+json\" class=\"yoast-schema-graph\">{\"@context\":\"https:\/\/schema.org\",\"@graph\":[{\"@type\":\"NewsArticle\",\"@id\":\"https:\/\/www.gaveanews.com\/index.php\/2025\/05\/13\/longe-do-ideal-palmeiras-toma-decisao-envolvendo-paulinho\/#article\",\"isPartOf\":{\"@id\":\"https:\/\/www.gaveanews.com\/index.php\/2025\/05\/13\/longe-do-ideal-palmeiras-toma-decisao-envolvendo-paulinho\/\"},\"author\":{\"name\":\"Rafaela Ladeira\",\"@id\":\"https:\/\/www.gaveanews.com\/#\/schema\/person\/0eb3e3fe1754f0205218538adbe8f5ed\"},\"headline\":\"Longe do ideal! Palmeiras toma decis\u00e3o envolvendo Paulinho\",\"datePublished\":\"2025-05-13T15:35:00+00:00\",\"mainEntityOfPage\":{\"@id\":\"https:\/\/www.gaveanews.com\/index.php\/2025\/05\/13\/longe-do-ideal-palmeiras-toma-decisao-envolvendo-paulinho\/\"},\"wordCount\":348,\"commentCount\":0,\"image\":{\"@id\":\"https:\/\/www.gaveanews.com\/index.php\/2025\/05\/13\/longe-do-ideal-palmeiras-toma-decisao-envolvendo-paulinho\/#primaryimage\"},\"thumbnailUrl\":\"https:\/\/www.gaveanews.com\/wp-content\/uploads\/Abel-Ferreira-e-fotografado-passando-instrucoes-durante-um-jogo-do-Palmeiras.webp\",\"articleSection\":[\"Palmeiras\"],\"inLanguage\":\"pt-BR\",\"potentialAction\":[{\"@type\":\"CommentAction\",\"name\":\"Comment\",\"target\":[\"https:\/\/www.gaveanews.com\/index.php\/2025\/05\/13\/longe-do-ideal-palmeiras-toma-decisao-envolvendo-paulinho\/#respond\"]}],\"copyrightYear\":\"2025\",\"copyrightHolder\":{\"@id\":\"https:\/\/www.gaveanews.com\/#organization\"}},{\"@type\":\"WebPage\",\"@id\":\"https:\/\/www.gaveanews.com\/index.php\/2025\/05\/13\/longe-do-ideal-palmeiras-toma-decisao-envolvendo-paulinho\/\",\"url\":\"https:\/\/www.gaveanews.com\/index.php\/2025\/05\/13\/longe-do-ideal-palmeiras-toma-decisao-envolvendo-paulinho\/\",\"name\":\"Longe do ideal! Palmeiras toma decis\u00e3o envolvendo Paulinho\",\"isPartOf\":{\"@id\":\"https:\/\/www.gaveanews.com\/#website\"},\"primaryImageOfPage\":{\"@id\":\"https:\/\/www.gaveanews.com\/index.php\/2025\/05\/13\/longe-do-ideal-palmeiras-toma-decisao-envolvendo-paulinho\/#primaryimage\"},\"image\":{\"@id\":\"https:\/\/www.gaveanews.com\/index.php\/2025\/05\/13\/longe-do-ideal-palmeiras-toma-decisao-envolvendo-paulinho\/#primaryimage\"},\"thumbnailUrl\":\"https:\/\/www.gaveanews.com\/wp-content\/uploads\/Abel-Ferreira-e-fotografado-passando-instrucoes-durante-um-jogo-do-Palmeiras.webp\",\"datePublished\":\"2025-05-13T15:35:00+00:00\",\"author\":{\"@id\":\"https:\/\/www.gaveanews.com\/#\/schema\/person\/0eb3e3fe1754f0205218538adbe8f5ed\"},\"breadcrumb\":{\"@id\":\"https:\/\/www.gaveanews.com\/index.php\/2025\/05\/13\/longe-do-ideal-palmeiras-toma-decisao-envolvendo-paulinho\/#breadcrumb\"},\"inLanguage\":\"pt-BR\",\"potentialAction\":[{\"@type\":\"ReadAction\",\"target\":[\"https:\/\/www.gaveanews.com\/index.php\/2025\/05\/13\/longe-do-ideal-palmeiras-toma-decisao-envolvendo-paulinho\/\"]}]},{\"@type\":\"ImageObject\",\"inLanguage\":\"pt-BR\",\"@id\":\"https:\/\/www.gaveanews.com\/index.php\/2025\/05\/13\/longe-do-ideal-palmeiras-toma-decisao-envolvendo-paulinho\/#primaryimage\",\"url\":\"https:\/\/www.gaveanews.com\/wp-content\/uploads\/Abel-Ferreira-e-fotografado-passando-instrucoes-durante-um-jogo-do-Palmeiras.webp\",\"contentUrl\":\"https:\/\/www.gaveanews.com\/wp-content\/uploads\/Abel-Ferreira-e-fotografado-passando-instrucoes-durante-um-jogo-do-Palmeiras.webp\",\"width\":1500,\"height\":844,\"caption\":\"Abel Ferreira \u00e9 fotografado passando instru\u00e7\u00f5es durante um jogo do Palmeiras (Foto: Cesar Greco\/Palmeiras)\"},{\"@type\":\"BreadcrumbList\",\"@id\":\"https:\/\/www.gaveanews.com\/index.php\/2025\/05\/13\/longe-do-ideal-palmeiras-toma-decisao-envolvendo-paulinho\/#breadcrumb\",\"itemListElement\":[{\"@type\":\"ListItem\",\"position\":1,\"name\":\"Home\",\"item\":\"https:\/\/www.gaveanews.com\/\"},{\"@type\":\"ListItem\",\"position\":2,\"name\":\"Longe do ideal! Palmeiras toma decis\u00e3o envolvendo Paulinho\"}]},{\"@type\":\"WebSite\",\"@id\":\"https:\/\/www.gaveanews.com\/#website\",\"url\":\"https:\/\/www.gaveanews.com\/\",\"name\":\"G\u00e1vea News\",\"description\":\"Veja todas as not\u00edcias sobre o Flamengo: Contrata\u00e7\u00f5es, categorias de base, resultados das partidas, tabela de classifica\u00e7\u00e3o, pr\u00f3ximos jogos!\",\"potentialAction\":[{\"@type\":\"SearchAction\",\"target\":{\"@type\":\"EntryPoint\",\"urlTemplate\":\"https:\/\/www.gaveanews.com\/?s={search_term_string}\"},\"query-input\":{\"@type\":\"PropertyValueSpecification\",\"valueRequired\":true,\"valueName\":\"search_term_string\"}}],\"inLanguage\":\"pt-BR\"},{\"@type\":\"Person\",\"@id\":\"https:\/\/www.gaveanews.com\/#\/schema\/person\/0eb3e3fe1754f0205218538adbe8f5ed\",\"name\":\"Rafaela Ladeira\",\"image\":{\"@type\":\"ImageObject\",\"inLanguage\":\"pt-BR\",\"@id\":\"https:\/\/www.gaveanews.com\/#\/schema\/person\/image\/\",\"url\":\"https:\/\/secure.gravatar.com\/avatar\/c31f513acffd85eacab5730cbdfdbbf59f21ba5aeada8cd890acea879fbb2455?s=96&d=mm&r=g\",\"contentUrl\":\"https:\/\/secure.gravatar.com\/avatar\/c31f513acffd85eacab5730cbdfdbbf59f21ba5aeada8cd890acea879fbb2455?s=96&d=mm&r=g\",\"caption\":\"Rafaela Ladeira\"}}]}<\/script>\n<!-- \/ Yoast SEO Premium plugin. -->","yoast_head_json":{"title":"Longe do ideal! Palmeiras toma decis\u00e3o envolvendo Paulinho","robots":{"index":"index","follow":"follow","max-snippet":"max-snippet:-1","max-image-preview":"max-image-preview:large","max-video-preview":"max-video-preview:-1"},"canonical":"https:\/\/www.gaveanews.com\/index.php\/2025\/05\/13\/longe-do-ideal-palmeiras-toma-decisao-envolvendo-paulinho\/","og_locale":"pt_BR","og_type":"article","og_title":"Longe do ideal! Palmeiras toma decis\u00e3o envolvendo Paulinho","og_description":"A primeira titularidade de Paulinho com a camisa do Palmeiras, no cl\u00e1ssico contra o S\u00e3o Paulo, marcou um passo importante no retorno do jogador aos gramados. No entanto, o clube adota cautela: o atacante ainda est\u00e1 longe do seu auge f\u00edsico e, por isso, seguir\u00e1 um planejamento espec\u00edfico elaborado por Abel Ferreira e sua comiss\u00e3o.&nbsp; [&hellip;]","og_url":"https:\/\/www.gaveanews.com\/index.php\/2025\/05\/13\/longe-do-ideal-palmeiras-toma-decisao-envolvendo-paulinho\/","og_site_name":"G\u00e1vea News","article_publisher":"https:\/\/facebook.com\/gaveaNews\/","article_published_time":"2025-05-13T15:35:00+00:00","og_image":[{"width":1500,"height":844,"url":"https:\/\/www.gaveanews.com\/wp-content\/uploads\/Abel-Ferreira-e-fotografado-passando-instrucoes-durante-um-jogo-do-Palmeiras.webp","type":"image\/jpeg"}],"author":"Rafaela Ladeira","twitter_card":"summary_large_image","twitter_misc":{"Escrito por":"Rafaela Ladeira","Est. tempo de leitura":"2 minutos"},"schema":{"@context":"https:\/\/schema.org","@graph":[{"@type":"NewsArticle","@id":"https:\/\/www.gaveanews.com\/index.php\/2025\/05\/13\/longe-do-ideal-palmeiras-toma-decisao-envolvendo-paulinho\/#article","isPartOf":{"@id":"https:\/\/www.gaveanews.com\/index.php\/2025\/05\/13\/longe-do-ideal-palmeiras-toma-decisao-envolvendo-paulinho\/"},"author":{"name":"Rafaela Ladeira","@id":"https:\/\/www.gaveanews.com\/#\/schema\/person\/0eb3e3fe1754f0205218538adbe8f5ed"},"headline":"Longe do ideal! Palmeiras toma decis\u00e3o envolvendo Paulinho","datePublished":"2025-05-13T15:35:00+00:00","mainEntityOfPage":{"@id":"https:\/\/www.gaveanews.com\/index.php\/2025\/05\/13\/longe-do-ideal-palmeiras-toma-decisao-envolvendo-paulinho\/"},"wordCount":348,"commentCount":0,"image":{"@id":"https:\/\/www.gaveanews.com\/index.php\/2025\/05\/13\/longe-do-ideal-palmeiras-toma-decisao-envolvendo-paulinho\/#primaryimage"},"thumbnailUrl":"https:\/\/www.gaveanews.com\/wp-content\/uploads\/Abel-Ferreira-e-fotografado-passando-instrucoes-durante-um-jogo-do-Palmeiras.webp","articleSection":["Palmeiras"],"inLanguage":"pt-BR","potentialAction":[{"@type":"CommentAction","name":"Comment","target":["https:\/\/www.gaveanews.com\/index.php\/2025\/05\/13\/longe-do-ideal-palmeiras-toma-decisao-envolvendo-paulinho\/#respond"]}],"copyrightYear":"2025","copyrightHolder":{"@id":"https:\/\/www.gaveanews.com\/#organization"}},{"@type":"WebPage","@id":"https:\/\/www.gaveanews.com\/index.php\/2025\/05\/13\/longe-do-ideal-palmeiras-toma-decisao-envolvendo-paulinho\/","url":"https:\/\/www.gaveanews.com\/index.php\/2025\/05\/13\/longe-do-ideal-palmeiras-toma-decisao-envolvendo-paulinho\/","name":"Longe do ideal! Palmeiras toma decis\u00e3o envolvendo Paulinho","isPartOf":{"@id":"https:\/\/www.gaveanews.com\/#website"},"primaryImageOfPage":{"@id":"https:\/\/www.gaveanews.com\/index.php\/2025\/05\/13\/longe-do-ideal-palmeiras-toma-decisao-envolvendo-paulinho\/#primaryimage"},"image":{"@id":"https:\/\/www.gaveanews.com\/index.php\/2025\/05\/13\/longe-do-ideal-palmeiras-toma-decisao-envolvendo-paulinho\/#primaryimage"},"thumbnailUrl":"https:\/\/www.gaveanews.com\/wp-content\/uploads\/Abel-Ferreira-e-fotografado-passando-instrucoes-durante-um-jogo-do-Palmeiras.webp","datePublished":"2025-05-13T15:35:00+00:00","author":{"@id":"https:\/\/www.gaveanews.com\/#\/schema\/person\/0eb3e3fe1754f0205218538adbe8f5ed"},"breadcrumb":{"@id":"https:\/\/www.gaveanews.com\/index.php\/2025\/05\/13\/longe-do-ideal-palmeiras-toma-decisao-envolvendo-paulinho\/#breadcrumb"},"inLanguage":"pt-BR","potentialAction":[{"@type":"ReadAction","target":["https:\/\/www.gaveanews.com\/index.php\/2025\/05\/13\/longe-do-ideal-palmeiras-toma-decisao-envolvendo-paulinho\/"]}]},{"@type":"ImageObject","inLanguage":"pt-BR","@id":"https:\/\/www.gaveanews.com\/index.php\/2025\/05\/13\/longe-do-ideal-palmeiras-toma-decisao-envolvendo-paulinho\/#primaryimage","url":"https:\/\/www.gaveanews.com\/wp-content\/uploads\/Abel-Ferreira-e-fotografado-passando-instrucoes-durante-um-jogo-do-Palmeiras.webp","contentUrl":"https:\/\/www.gaveanews.com\/wp-content\/uploads\/Abel-Ferreira-e-fotografado-passando-instrucoes-durante-um-jogo-do-Palmeiras.webp","width":1500,"height":844,"caption":"Abel Ferreira \u00e9 fotografado passando instru\u00e7\u00f5es durante um jogo do Palmeiras (Foto: Cesar Greco\/Palmeiras)"},{"@type":"BreadcrumbList","@id":"https:\/\/www.gaveanews.com\/index.php\/2025\/05\/13\/longe-do-ideal-palmeiras-toma-decisao-envolvendo-paulinho\/#breadcrumb","itemListElement":[{"@type":"ListItem","position":1,"name":"Home","item":"https:\/\/www.gaveanews.com\/"},{"@type":"ListItem","position":2,"name":"Longe do ideal! Palmeiras toma decis\u00e3o envolvendo Paulinho"}]},{"@type":"WebSite","@id":"https:\/\/www.gaveanews.com\/#website","url":"https:\/\/www.gaveanews.com\/","name":"G\u00e1vea News","description":"Veja todas as not\u00edcias sobre o Flamengo: Contrata\u00e7\u00f5es, categorias de base, resultados das partidas, tabela de classifica\u00e7\u00e3o, pr\u00f3ximos jogos!","potentialAction":[{"@type":"SearchAction","target":{"@type":"EntryPoint","urlTemplate":"https:\/\/www.gaveanews.com\/?s={search_term_string}"},"query-input":{"@type":"PropertyValueSpecification","valueRequired":true,"valueName":"search_term_string"}}],"inLanguage":"pt-BR"},{"@type":"Person","@id":"https:\/\/www.gaveanews.com\/#\/schema\/person\/0eb3e3fe1754f0205218538adbe8f5ed","name":"Rafaela Ladeira","image":{"@type":"ImageObject","inLanguage":"pt-BR","@id":"https:\/\/www.gaveanews.com\/#\/schema\/person\/image\/","url":"https:\/\/secure.gravatar.com\/avatar\/c31f513acffd85eacab5730cbdfdbbf59f21ba5aeada8cd890acea879fbb2455?s=96&d=mm&r=g","contentUrl":"https:\/\/secure.gravatar.com\/avatar\/c31f513acffd85eacab5730cbdfdbbf59f21ba5aeada8cd890acea879fbb2455?s=96&d=mm&r=g","caption":"Rafaela Ladeira"}}]}},"_links":{"self":[{"href":"https:\/\/www.gaveanews.com\/index.php\/wp-json\/wp\/v2\/posts\/263238","targetHints":{"allow":["GET"]}}],"collection":[{"href":"https:\/\/www.gaveanews.com\/index.php\/wp-json\/wp\/v2\/posts"}],"about":[{"href":"https:\/\/www.gaveanews.com\/index.php\/wp-json\/wp\/v2\/types\/post"}],"author":[{"embeddable":true,"href":"https:\/\/www.gaveanews.com\/index.php\/wp-json\/wp\/v2\/users\/25"}],"replies":[{"embeddable":true,"href":"https:\/\/www.gaveanews.com\/index.php\/wp-json\/wp\/v2\/comments?post=263238"}],"version-history":[{"count":1,"href":"https:\/\/www.gaveanews.com\/index.php\/wp-json\/wp\/v2\/posts\/263238\/revisions"}],"predecessor-version":[{"id":263240,"href":"https:\/\/www.gaveanews.com\/index.php\/wp-json\/wp\/v2\/posts\/263238\/revisions\/263240"}],"wp:featuredmedia":[{"embeddable":true,"href":"https:\/\/www.gaveanews.com\/index.php\/wp-json\/wp\/v2\/media\/157845"}],"wp:attachment":[{"href":"https:\/\/www.gaveanews.com\/index.php\/wp-json\/wp\/v2\/media?parent=263238"}],"wp:term":[{"taxonomy":"category","embeddable":true,"href":"https:\/\/www.gaveanews.com\/index.php\/wp-json\/wp\/v2\/categories?post=263238"},{"taxonomy":"post_tag","embeddable":true,"href":"https:\/\/www.gaveanews.com\/index.php\/wp-json\/wp\/v2\/tags?post=263238"}],"curies":[{"name":"wp","href":"https:\/\/api.w.org\/{rel}","templated":true}]}}