{"id":263250,"date":"2025-05-13T13:05:00","date_gmt":"2025-05-13T16:05:00","guid":{"rendered":"https:\/\/www.gaveanews.com\/?p=263250"},"modified":"2025-05-13T12:43:19","modified_gmt":"2025-05-13T15:43:19","slug":"agora-almada-pode-retornar-ao-botafogo","status":"publish","type":"post","link":"https:\/\/www.gaveanews.com\/index.php\/2025\/05\/13\/agora-almada-pode-retornar-ao-botafogo\/","title":{"rendered":"AGORA: Almada pode retornar ao Botafogo"},"content":{"rendered":"\n<p>O Botafogo tem trabalhado nos bastidores para refor\u00e7ar seu elenco visando a Copa do Mundo de Clubes, que ser\u00e1 disputada nos Estados Unidos. Um dos principais alvos do clube \u00e9 o meia Thiago Almada, que atualmente defende o Lyon, da Fran\u00e7a. A ideia \u00e9 contar com o jogador durante a janela especial de transfer\u00eancias da competi\u00e7\u00e3o, aberta entre os dias 1\u00ba e 10 de junho (hor\u00e1rio de Bras\u00edlia).<\/p>\n\n\n\n<p>Apesar do interesse do clube carioca, o retorno de Almada \u00e9 considerado improv\u00e1vel. O jogador argentino pertence contratualmente ao Botafogo, mas est\u00e1 emprestado ao Lyon at\u00e9 o meio do ano. A movimenta\u00e7\u00e3o ocorreu porque, \u00e0 \u00e9poca, o clube franc\u00eas enfrentava um transferban imposto pela Fifa, o que impediu a realiza\u00e7\u00e3o de contrata\u00e7\u00f5es em definitivo.<\/p>\n\n\n\n<figure class=\"wp-block-image size-full\"><img loading=\"lazy\" decoding=\"async\" width=\"888\" height=\"602\" src=\"http:\/\/www.gaveanews.com\/wp-content\/uploads\/textor4.avif\" alt=\"\" class=\"wp-image-146326\"\/><figcaption class=\"wp-element-caption\">John Textor, dono da SAF do Botafogo \u2014 Foto: Reprodu\u00e7\u00e3o\n<\/figcaption><\/figure>\n\n\n\n<p>Conforme informa\u00e7\u00f5es apuradas, o empres\u00e1rio John Textor chegou a conversar diretamente com Almada e seus representantes, com o intuito de traz\u00ea-lo de volta especificamente para o torneio internacional. Entretanto, o retorno imediato n\u00e3o empolgou o atleta, que demonstrou resist\u00eancia \u00e0 proposta. \u201cEle deixou claro que prefere continuar atuando na Europa\u201d, afirmou uma fonte ligada ao clube.<\/p>\n\n\n\n<p>Almada tem apresentado sinais de desgaste f\u00edsico, pois n\u00e3o tirou f\u00e9rias nos \u00faltimos ciclos. Desde sua sa\u00edda do Atlanta United, o meia disputou os Jogos Ol\u00edmpicos, atuou pelo Botafogo na sequ\u00eancia, e ainda encerrou o ano jogando a Copa Intercontinental no Catar. Posteriormente, apresentou-se ao Lyon com apenas uma semana de descanso.<\/p>\n\n\n\n<p>A sa\u00edda definitiva do jogador na janela de transfer\u00eancias do meio do ano \u00e9 considerada muito prov\u00e1vel. O Lyon, que enfrenta dificuldades financeiras, v\u00ea na venda de Almada uma oportunidade para equilibrar suas contas. Como os clubes que fazem parte do grupo de Textor operam em sistema de finan\u00e7as compartilhadas, a negocia\u00e7\u00e3o seria ben\u00e9fica tanto para os franceses quanto para o Botafogo.<\/p>\n\n\n\n<p>Ainda que o retorno n\u00e3o esteja pr\u00f3ximo, o nome de Almada permanece vivo entre os torcedores do Glorioso. Afinal, ele teve papel decisivo nas conquistas do Campeonato Brasileiro e da Libertadores em 2024, com tr\u00eas gols e duas assist\u00eancias em 23 partidas. Seu desempenho, ali\u00e1s, \u00e9 lembrado com carinho nas arquibancadas do Est\u00e1dio Nilton Santos.<\/p>\n","protected":false},"excerpt":{"rendered":"<p>O Botafogo tem trabalhado nos bastidores para refor\u00e7ar seu elenco visando a Copa do Mundo de Clubes, que ser\u00e1 disputada nos Estados Unidos. Um dos principais alvos do clube \u00e9 o meia Thiago Almada, que atualmente defende o Lyon, da Fran\u00e7a. A ideia \u00e9 contar com o jogador durante a janela especial de transfer\u00eancias da [&hellip;]<\/p>\n","protected":false},"author":27,"featured_media":168201,"comment_status":"open","ping_status":"closed","sticky":false,"template":"","format":"standard","meta":{"footnotes":""},"categories":[138],"tags":[],"class_list":["post-263250","post","type-post","status-publish","format-standard","has-post-thumbnail","hentry","category-botafogo"],"yoast_head":"<!-- This site is optimized with the Yoast SEO Premium plugin v24.2 (Yoast SEO v26.9) - https:\/\/yoast.com\/product\/yoast-seo-premium-wordpress\/ -->\n<title>AGORA: Almada pode retornar ao Botafogo<\/title>\n<meta name=\"robots\" content=\"index, follow, max-snippet:-1, max-image-preview:large, max-video-preview:-1\" \/>\n<link rel=\"canonical\" href=\"https:\/\/www.gaveanews.com\/index.php\/2025\/05\/13\/agora-almada-pode-retornar-ao-botafogo\/\" \/>\n<meta property=\"og:locale\" content=\"pt_BR\" \/>\n<meta property=\"og:type\" content=\"article\" \/>\n<meta property=\"og:title\" content=\"AGORA: Almada pode retornar ao Botafogo\" \/>\n<meta property=\"og:description\" content=\"O Botafogo tem trabalhado nos bastidores para refor\u00e7ar seu elenco visando a Copa do Mundo de Clubes, que ser\u00e1 disputada nos Estados Unidos. Um dos principais alvos do clube \u00e9 o meia Thiago Almada, que atualmente defende o Lyon, da Fran\u00e7a. A ideia \u00e9 contar com o jogador durante a janela especial de transfer\u00eancias da [&hellip;]\" \/>\n<meta property=\"og:url\" content=\"https:\/\/www.gaveanews.com\/index.php\/2025\/05\/13\/agora-almada-pode-retornar-ao-botafogo\/\" \/>\n<meta property=\"og:site_name\" content=\"G\u00e1vea News\" \/>\n<meta property=\"article:publisher\" content=\"https:\/\/facebook.com\/gaveaNews\/\" \/>\n<meta property=\"article:published_time\" content=\"2025-05-13T16:05:00+00:00\" \/>\n<meta property=\"og:image\" content=\"https:\/\/www.gaveanews.com\/wp-content\/uploads\/Thiago-Almada-e-apresentado-pelo-Botafogo.webp\" \/>\n\t<meta property=\"og:image:width\" content=\"984\" \/>\n\t<meta property=\"og:image:height\" content=\"656\" \/>\n\t<meta property=\"og:image:type\" content=\"image\/jpeg\" \/>\n<meta name=\"author\" content=\"Matheus Felipe\" \/>\n<meta name=\"twitter:card\" content=\"summary_large_image\" \/>\n<meta name=\"twitter:label1\" content=\"Escrito por\" \/>\n\t<meta name=\"twitter:data1\" content=\"Matheus Felipe\" \/>\n\t<meta name=\"twitter:label2\" content=\"Est. tempo de leitura\" \/>\n\t<meta name=\"twitter:data2\" content=\"3 minutos\" \/>\n<script type=\"application\/ld+json\" class=\"yoast-schema-graph\">{\"@context\":\"https:\/\/schema.org\",\"@graph\":[{\"@type\":\"NewsArticle\",\"@id\":\"https:\/\/www.gaveanews.com\/index.php\/2025\/05\/13\/agora-almada-pode-retornar-ao-botafogo\/#article\",\"isPartOf\":{\"@id\":\"https:\/\/www.gaveanews.com\/index.php\/2025\/05\/13\/agora-almada-pode-retornar-ao-botafogo\/\"},\"author\":{\"name\":\"Matheus Felipe\",\"@id\":\"https:\/\/www.gaveanews.com\/#\/schema\/person\/8207cd4627f56151707418bfc835b2fb\"},\"headline\":\"AGORA: Almada pode retornar ao Botafogo\",\"datePublished\":\"2025-05-13T16:05:00+00:00\",\"mainEntityOfPage\":{\"@id\":\"https:\/\/www.gaveanews.com\/index.php\/2025\/05\/13\/agora-almada-pode-retornar-ao-botafogo\/\"},\"wordCount\":386,\"commentCount\":0,\"image\":{\"@id\":\"https:\/\/www.gaveanews.com\/index.php\/2025\/05\/13\/agora-almada-pode-retornar-ao-botafogo\/#primaryimage\"},\"thumbnailUrl\":\"https:\/\/www.gaveanews.com\/wp-content\/uploads\/Thiago-Almada-e-apresentado-pelo-Botafogo.webp\",\"articleSection\":[\"Botafogo\"],\"inLanguage\":\"pt-BR\",\"potentialAction\":[{\"@type\":\"CommentAction\",\"name\":\"Comment\",\"target\":[\"https:\/\/www.gaveanews.com\/index.php\/2025\/05\/13\/agora-almada-pode-retornar-ao-botafogo\/#respond\"]}],\"copyrightYear\":\"2025\",\"copyrightHolder\":{\"@id\":\"https:\/\/www.gaveanews.com\/#organization\"}},{\"@type\":\"WebPage\",\"@id\":\"https:\/\/www.gaveanews.com\/index.php\/2025\/05\/13\/agora-almada-pode-retornar-ao-botafogo\/\",\"url\":\"https:\/\/www.gaveanews.com\/index.php\/2025\/05\/13\/agora-almada-pode-retornar-ao-botafogo\/\",\"name\":\"AGORA: Almada pode retornar ao Botafogo\",\"isPartOf\":{\"@id\":\"https:\/\/www.gaveanews.com\/#website\"},\"primaryImageOfPage\":{\"@id\":\"https:\/\/www.gaveanews.com\/index.php\/2025\/05\/13\/agora-almada-pode-retornar-ao-botafogo\/#primaryimage\"},\"image\":{\"@id\":\"https:\/\/www.gaveanews.com\/index.php\/2025\/05\/13\/agora-almada-pode-retornar-ao-botafogo\/#primaryimage\"},\"thumbnailUrl\":\"https:\/\/www.gaveanews.com\/wp-content\/uploads\/Thiago-Almada-e-apresentado-pelo-Botafogo.webp\",\"datePublished\":\"2025-05-13T16:05:00+00:00\",\"author\":{\"@id\":\"https:\/\/www.gaveanews.com\/#\/schema\/person\/8207cd4627f56151707418bfc835b2fb\"},\"breadcrumb\":{\"@id\":\"https:\/\/www.gaveanews.com\/index.php\/2025\/05\/13\/agora-almada-pode-retornar-ao-botafogo\/#breadcrumb\"},\"inLanguage\":\"pt-BR\",\"potentialAction\":[{\"@type\":\"ReadAction\",\"target\":[\"https:\/\/www.gaveanews.com\/index.php\/2025\/05\/13\/agora-almada-pode-retornar-ao-botafogo\/\"]}]},{\"@type\":\"ImageObject\",\"inLanguage\":\"pt-BR\",\"@id\":\"https:\/\/www.gaveanews.com\/index.php\/2025\/05\/13\/agora-almada-pode-retornar-ao-botafogo\/#primaryimage\",\"url\":\"https:\/\/www.gaveanews.com\/wp-content\/uploads\/Thiago-Almada-e-apresentado-pelo-Botafogo.webp\",\"contentUrl\":\"https:\/\/www.gaveanews.com\/wp-content\/uploads\/Thiago-Almada-e-apresentado-pelo-Botafogo.webp\",\"width\":984,\"height\":656,\"caption\":\"Thiago Almada em apresenta\u00e7\u00e3o pelo Botafogo (Foto: Vitor Silva\/Botafogo)\"},{\"@type\":\"BreadcrumbList\",\"@id\":\"https:\/\/www.gaveanews.com\/index.php\/2025\/05\/13\/agora-almada-pode-retornar-ao-botafogo\/#breadcrumb\",\"itemListElement\":[{\"@type\":\"ListItem\",\"position\":1,\"name\":\"Home\",\"item\":\"https:\/\/www.gaveanews.com\/\"},{\"@type\":\"ListItem\",\"position\":2,\"name\":\"AGORA: Almada pode retornar ao Botafogo\"}]},{\"@type\":\"WebSite\",\"@id\":\"https:\/\/www.gaveanews.com\/#website\",\"url\":\"https:\/\/www.gaveanews.com\/\",\"name\":\"G\u00e1vea News\",\"description\":\"Veja todas as not\u00edcias sobre o Flamengo: Contrata\u00e7\u00f5es, categorias de base, resultados das partidas, tabela de classifica\u00e7\u00e3o, pr\u00f3ximos jogos!\",\"potentialAction\":[{\"@type\":\"SearchAction\",\"target\":{\"@type\":\"EntryPoint\",\"urlTemplate\":\"https:\/\/www.gaveanews.com\/?s={search_term_string}\"},\"query-input\":{\"@type\":\"PropertyValueSpecification\",\"valueRequired\":true,\"valueName\":\"search_term_string\"}}],\"inLanguage\":\"pt-BR\"},{\"@type\":\"Person\",\"@id\":\"https:\/\/www.gaveanews.com\/#\/schema\/person\/8207cd4627f56151707418bfc835b2fb\",\"name\":\"Matheus Felipe\",\"image\":{\"@type\":\"ImageObject\",\"inLanguage\":\"pt-BR\",\"@id\":\"https:\/\/www.gaveanews.com\/#\/schema\/person\/image\/\",\"url\":\"https:\/\/secure.gravatar.com\/avatar\/a452ffbed9130f726358b298bb3a99ce4bd3c5338411f8440e87e14d74c7c087?s=96&d=mm&r=g\",\"contentUrl\":\"https:\/\/secure.gravatar.com\/avatar\/a452ffbed9130f726358b298bb3a99ce4bd3c5338411f8440e87e14d74c7c087?s=96&d=mm&r=g\",\"caption\":\"Matheus Felipe\"}}]}<\/script>\n<!-- \/ Yoast SEO Premium plugin. -->","yoast_head_json":{"title":"AGORA: Almada pode retornar ao Botafogo","robots":{"index":"index","follow":"follow","max-snippet":"max-snippet:-1","max-image-preview":"max-image-preview:large","max-video-preview":"max-video-preview:-1"},"canonical":"https:\/\/www.gaveanews.com\/index.php\/2025\/05\/13\/agora-almada-pode-retornar-ao-botafogo\/","og_locale":"pt_BR","og_type":"article","og_title":"AGORA: Almada pode retornar ao Botafogo","og_description":"O Botafogo tem trabalhado nos bastidores para refor\u00e7ar seu elenco visando a Copa do Mundo de Clubes, que ser\u00e1 disputada nos Estados Unidos. Um dos principais alvos do clube \u00e9 o meia Thiago Almada, que atualmente defende o Lyon, da Fran\u00e7a. A ideia \u00e9 contar com o jogador durante a janela especial de transfer\u00eancias da [&hellip;]","og_url":"https:\/\/www.gaveanews.com\/index.php\/2025\/05\/13\/agora-almada-pode-retornar-ao-botafogo\/","og_site_name":"G\u00e1vea News","article_publisher":"https:\/\/facebook.com\/gaveaNews\/","article_published_time":"2025-05-13T16:05:00+00:00","og_image":[{"width":984,"height":656,"url":"https:\/\/www.gaveanews.com\/wp-content\/uploads\/Thiago-Almada-e-apresentado-pelo-Botafogo.webp","type":"image\/jpeg"}],"author":"Matheus Felipe","twitter_card":"summary_large_image","twitter_misc":{"Escrito por":"Matheus Felipe","Est. tempo de leitura":"3 minutos"},"schema":{"@context":"https:\/\/schema.org","@graph":[{"@type":"NewsArticle","@id":"https:\/\/www.gaveanews.com\/index.php\/2025\/05\/13\/agora-almada-pode-retornar-ao-botafogo\/#article","isPartOf":{"@id":"https:\/\/www.gaveanews.com\/index.php\/2025\/05\/13\/agora-almada-pode-retornar-ao-botafogo\/"},"author":{"name":"Matheus Felipe","@id":"https:\/\/www.gaveanews.com\/#\/schema\/person\/8207cd4627f56151707418bfc835b2fb"},"headline":"AGORA: Almada pode retornar ao Botafogo","datePublished":"2025-05-13T16:05:00+00:00","mainEntityOfPage":{"@id":"https:\/\/www.gaveanews.com\/index.php\/2025\/05\/13\/agora-almada-pode-retornar-ao-botafogo\/"},"wordCount":386,"commentCount":0,"image":{"@id":"https:\/\/www.gaveanews.com\/index.php\/2025\/05\/13\/agora-almada-pode-retornar-ao-botafogo\/#primaryimage"},"thumbnailUrl":"https:\/\/www.gaveanews.com\/wp-content\/uploads\/Thiago-Almada-e-apresentado-pelo-Botafogo.webp","articleSection":["Botafogo"],"inLanguage":"pt-BR","potentialAction":[{"@type":"CommentAction","name":"Comment","target":["https:\/\/www.gaveanews.com\/index.php\/2025\/05\/13\/agora-almada-pode-retornar-ao-botafogo\/#respond"]}],"copyrightYear":"2025","copyrightHolder":{"@id":"https:\/\/www.gaveanews.com\/#organization"}},{"@type":"WebPage","@id":"https:\/\/www.gaveanews.com\/index.php\/2025\/05\/13\/agora-almada-pode-retornar-ao-botafogo\/","url":"https:\/\/www.gaveanews.com\/index.php\/2025\/05\/13\/agora-almada-pode-retornar-ao-botafogo\/","name":"AGORA: Almada pode retornar ao Botafogo","isPartOf":{"@id":"https:\/\/www.gaveanews.com\/#website"},"primaryImageOfPage":{"@id":"https:\/\/www.gaveanews.com\/index.php\/2025\/05\/13\/agora-almada-pode-retornar-ao-botafogo\/#primaryimage"},"image":{"@id":"https:\/\/www.gaveanews.com\/index.php\/2025\/05\/13\/agora-almada-pode-retornar-ao-botafogo\/#primaryimage"},"thumbnailUrl":"https:\/\/www.gaveanews.com\/wp-content\/uploads\/Thiago-Almada-e-apresentado-pelo-Botafogo.webp","datePublished":"2025-05-13T16:05:00+00:00","author":{"@id":"https:\/\/www.gaveanews.com\/#\/schema\/person\/8207cd4627f56151707418bfc835b2fb"},"breadcrumb":{"@id":"https:\/\/www.gaveanews.com\/index.php\/2025\/05\/13\/agora-almada-pode-retornar-ao-botafogo\/#breadcrumb"},"inLanguage":"pt-BR","potentialAction":[{"@type":"ReadAction","target":["https:\/\/www.gaveanews.com\/index.php\/2025\/05\/13\/agora-almada-pode-retornar-ao-botafogo\/"]}]},{"@type":"ImageObject","inLanguage":"pt-BR","@id":"https:\/\/www.gaveanews.com\/index.php\/2025\/05\/13\/agora-almada-pode-retornar-ao-botafogo\/#primaryimage","url":"https:\/\/www.gaveanews.com\/wp-content\/uploads\/Thiago-Almada-e-apresentado-pelo-Botafogo.webp","contentUrl":"https:\/\/www.gaveanews.com\/wp-content\/uploads\/Thiago-Almada-e-apresentado-pelo-Botafogo.webp","width":984,"height":656,"caption":"Thiago Almada em apresenta\u00e7\u00e3o pelo Botafogo (Foto: Vitor Silva\/Botafogo)"},{"@type":"BreadcrumbList","@id":"https:\/\/www.gaveanews.com\/index.php\/2025\/05\/13\/agora-almada-pode-retornar-ao-botafogo\/#breadcrumb","itemListElement":[{"@type":"ListItem","position":1,"name":"Home","item":"https:\/\/www.gaveanews.com\/"},{"@type":"ListItem","position":2,"name":"AGORA: Almada pode retornar ao Botafogo"}]},{"@type":"WebSite","@id":"https:\/\/www.gaveanews.com\/#website","url":"https:\/\/www.gaveanews.com\/","name":"G\u00e1vea News","description":"Veja todas as not\u00edcias sobre o Flamengo: Contrata\u00e7\u00f5es, categorias de base, resultados das partidas, tabela de classifica\u00e7\u00e3o, pr\u00f3ximos jogos!","potentialAction":[{"@type":"SearchAction","target":{"@type":"EntryPoint","urlTemplate":"https:\/\/www.gaveanews.com\/?s={search_term_string}"},"query-input":{"@type":"PropertyValueSpecification","valueRequired":true,"valueName":"search_term_string"}}],"inLanguage":"pt-BR"},{"@type":"Person","@id":"https:\/\/www.gaveanews.com\/#\/schema\/person\/8207cd4627f56151707418bfc835b2fb","name":"Matheus Felipe","image":{"@type":"ImageObject","inLanguage":"pt-BR","@id":"https:\/\/www.gaveanews.com\/#\/schema\/person\/image\/","url":"https:\/\/secure.gravatar.com\/avatar\/a452ffbed9130f726358b298bb3a99ce4bd3c5338411f8440e87e14d74c7c087?s=96&d=mm&r=g","contentUrl":"https:\/\/secure.gravatar.com\/avatar\/a452ffbed9130f726358b298bb3a99ce4bd3c5338411f8440e87e14d74c7c087?s=96&d=mm&r=g","caption":"Matheus Felipe"}}]}},"_links":{"self":[{"href":"https:\/\/www.gaveanews.com\/index.php\/wp-json\/wp\/v2\/posts\/263250","targetHints":{"allow":["GET"]}}],"collection":[{"href":"https:\/\/www.gaveanews.com\/index.php\/wp-json\/wp\/v2\/posts"}],"about":[{"href":"https:\/\/www.gaveanews.com\/index.php\/wp-json\/wp\/v2\/types\/post"}],"author":[{"embeddable":true,"href":"https:\/\/www.gaveanews.com\/index.php\/wp-json\/wp\/v2\/users\/27"}],"replies":[{"embeddable":true,"href":"https:\/\/www.gaveanews.com\/index.php\/wp-json\/wp\/v2\/comments?post=263250"}],"version-history":[{"count":1,"href":"https:\/\/www.gaveanews.com\/index.php\/wp-json\/wp\/v2\/posts\/263250\/revisions"}],"predecessor-version":[{"id":263252,"href":"https:\/\/www.gaveanews.com\/index.php\/wp-json\/wp\/v2\/posts\/263250\/revisions\/263252"}],"wp:featuredmedia":[{"embeddable":true,"href":"https:\/\/www.gaveanews.com\/index.php\/wp-json\/wp\/v2\/media\/168201"}],"wp:attachment":[{"href":"https:\/\/www.gaveanews.com\/index.php\/wp-json\/wp\/v2\/media?parent=263250"}],"wp:term":[{"taxonomy":"category","embeddable":true,"href":"https:\/\/www.gaveanews.com\/index.php\/wp-json\/wp\/v2\/categories?post=263250"},{"taxonomy":"post_tag","embeddable":true,"href":"https:\/\/www.gaveanews.com\/index.php\/wp-json\/wp\/v2\/tags?post=263250"}],"curies":[{"name":"wp","href":"https:\/\/api.w.org\/{rel}","templated":true}]}}