{"id":263253,"date":"2025-05-13T13:10:00","date_gmt":"2025-05-13T16:10:00","guid":{"rendered":"https:\/\/www.gaveanews.com\/?p=263253"},"modified":"2025-05-13T12:45:18","modified_gmt":"2025-05-13T15:45:18","slug":"a-declaracao-de-renato-paiva-sobre-pressao-para-deixar-o-botafogo","status":"publish","type":"post","link":"https:\/\/www.gaveanews.com\/index.php\/2025\/05\/13\/a-declaracao-de-renato-paiva-sobre-pressao-para-deixar-o-botafogo\/","title":{"rendered":"A declara\u00e7\u00e3o de Renato Paiva sobre press\u00e3o para deixar o Botafogo"},"content":{"rendered":"\n<p>Em meio a uma semana agitada no Botafogo, com protestos da torcida nas imedia\u00e7\u00f5es do Est\u00e1dio Nilton Santos, o time se recuperou e conquistou duas vit\u00f3rias expressivas: uma sobre o Carabobo na Venezuela, pela Copa Sul-Americana, e outra sobre o Internacional pelo Campeonato Brasileiro.&nbsp;<\/p>\n\n\n\n<p>O clima tenso, no entanto, n\u00e3o abalou o t\u00e9cnico Renato Paiva, que, em entrevista, comentou sobre a press\u00e3o externa e destacou a import\u00e2ncia de se concentrar no trabalho dentro do clube.&nbsp;<\/p>\n\n\n\n<h2 class=\"wp-block-heading\" id=\"h-paiva-fala-sobre-como-lida-com-pressao-da-torcida\">Paiva fala sobre como lida com press\u00e3o da torcida<\/h2>\n\n\n\n<p>Para o treinador, o segredo para lidar com as adversidades \u00e9 manter o foco no interno, sem se deixar influenciar pelos fatores externos.<\/p>\n\n\n\n<p>\u201cSem querer tirar m\u00e9rito e import\u00e2ncia ao externo, o grande segredo \u00e9 n\u00f3s fecharmos no interno. N\u00f3s sabemos quem somos, sabemos com quem trabalhamos, eles sabem com quem trabalham, eles jogadores sabem quem s\u00e3o, eu tamb\u00e9m sei quem sou, sei com quem trabalho, n\u00e3o cheguei aqui por acaso, nem por ser amigo de ningu\u00e9m&#8221;, afirmou Paiva.&nbsp;<\/p>\n\n\n\n<p>Al\u00e9m disso, o t\u00e9cnico refor\u00e7ou a confian\u00e7a no grupo e nos profissionais ao seu redor.<\/p>\n\n\n\n<h2 class=\"wp-block-heading\" id=\"h-rotina-exaustiva-e-dedicacao-total-ao-trabalho\">Rotina exaustiva e dedica\u00e7\u00e3o total ao trabalho<\/h2>\n\n\n\n<p>A rotina do treinador tem sido intensa, especialmente por conta do calend\u00e1rio apertado e dos jogos consecutivos. Paiva detalhou como \u00e9 sua jornada di\u00e1ria, que vai desde palestras matinais at\u00e9 o acompanhamento de advers\u00e1rios como o Estudiantes, sem tempo para intera\u00e7\u00f5es externas.&nbsp;<\/p>\n\n\n\n<p>\u201cTenho redes sociais, tenho uma empresa que trabalha no meu Instagram, mas sabe h\u00e1 quanto tempo eu n\u00e3o vou ao meu Instagram? H\u00e1 dois meses\u201d, revelou.&nbsp;<\/p>\n\n\n\n<h2 class=\"wp-block-heading\" id=\"h-manter-a-calma-entre-vitorias-e-derrotas\">Manter a calma entre vit\u00f3rias e derrotas<\/h2>\n\n\n\n<p>Apesar de estar em um momento positivo, com duas vit\u00f3rias seguidas, Renato Paiva se mostrou tranquilo e destacou a import\u00e2ncia do equil\u00edbrio emocional.&nbsp;<\/p>\n\n\n\n<p>\u201cEu sou sempre assim, eu n\u00e3o fico deprimido nas derrotas e n\u00e3o fico euf\u00f3rico nas vit\u00f3rias, sou assim, tento ser equilibrado\u201d, declarou o t\u00e9cnico.&nbsp;<\/p>\n\n\n\n<h2 class=\"wp-block-heading\" id=\"h-foco-na-evolucao-e-no-objetivo-de-vencer-sempre\">Foco na evolu\u00e7\u00e3o e no objetivo de vencer sempre<\/h2>\n\n\n\n<p>Por fim, Paiva ressaltou que a principal meta \u00e9 garantir a competitividade e as vit\u00f3rias consistentes.&nbsp;<\/p>\n\n\n\n<p>\u201cO que me interessa \u00e9, mesmo que n\u00e3o jogues bem, ganhes, compitas constantemente\u201d, disse, enfatizando que o trabalho deve sempre visar a evolu\u00e7\u00e3o do time, independentemente da qualidade das exibi\u00e7\u00f5es.&nbsp;<\/p>\n\n\n\n<p>Dessa maneira, o Botafogo segue firme em sua jornada, com a confian\u00e7a de que os resultados v\u00e3o continuar a vir com a dedica\u00e7\u00e3o e o trabalho constante de Renato Paiva e seus jogadores.<\/p>\n","protected":false},"excerpt":{"rendered":"<p>Em meio a uma semana agitada no Botafogo, com protestos da torcida nas imedia\u00e7\u00f5es do Est\u00e1dio Nilton Santos, o time se recuperou e conquistou duas vit\u00f3rias expressivas: uma sobre o Carabobo na Venezuela, pela Copa Sul-Americana, e outra sobre o Internacional pelo Campeonato Brasileiro.&nbsp; O clima tenso, no entanto, n\u00e3o abalou o t\u00e9cnico Renato Paiva, [&hellip;]<\/p>\n","protected":false},"author":25,"featured_media":256395,"comment_status":"open","ping_status":"closed","sticky":false,"template":"","format":"standard","meta":{"footnotes":""},"categories":[138],"tags":[],"class_list":["post-263253","post","type-post","status-publish","format-standard","has-post-thumbnail","hentry","category-botafogo"],"yoast_head":"<!-- This site is optimized with the Yoast SEO Premium plugin v24.2 (Yoast SEO v26.9) - https:\/\/yoast.com\/product\/yoast-seo-premium-wordpress\/ -->\n<title>A declara\u00e7\u00e3o de Renato Paiva sobre press\u00e3o para deixar o Botafogo<\/title>\n<meta name=\"robots\" content=\"index, follow, max-snippet:-1, max-image-preview:large, max-video-preview:-1\" \/>\n<link rel=\"canonical\" href=\"https:\/\/www.gaveanews.com\/index.php\/2025\/05\/13\/a-declaracao-de-renato-paiva-sobre-pressao-para-deixar-o-botafogo\/\" \/>\n<meta property=\"og:locale\" content=\"pt_BR\" \/>\n<meta property=\"og:type\" content=\"article\" \/>\n<meta property=\"og:title\" content=\"A declara\u00e7\u00e3o de Renato Paiva sobre press\u00e3o para deixar o Botafogo\" \/>\n<meta property=\"og:description\" content=\"Em meio a uma semana agitada no Botafogo, com protestos da torcida nas imedia\u00e7\u00f5es do Est\u00e1dio Nilton Santos, o time se recuperou e conquistou duas vit\u00f3rias expressivas: uma sobre o Carabobo na Venezuela, pela Copa Sul-Americana, e outra sobre o Internacional pelo Campeonato Brasileiro.&nbsp; O clima tenso, no entanto, n\u00e3o abalou o t\u00e9cnico Renato Paiva, [&hellip;]\" \/>\n<meta property=\"og:url\" content=\"https:\/\/www.gaveanews.com\/index.php\/2025\/05\/13\/a-declaracao-de-renato-paiva-sobre-pressao-para-deixar-o-botafogo\/\" \/>\n<meta property=\"og:site_name\" content=\"G\u00e1vea News\" \/>\n<meta property=\"article:publisher\" content=\"https:\/\/facebook.com\/gaveaNews\/\" \/>\n<meta property=\"article:published_time\" content=\"2025-05-13T16:10:00+00:00\" \/>\n<meta property=\"og:image\" content=\"https:\/\/www.gaveanews.com\/wp-content\/uploads\/Design-sem-nome-9.webp\" \/>\n\t<meta property=\"og:image:width\" content=\"1200\" \/>\n\t<meta property=\"og:image:height\" content=\"800\" \/>\n\t<meta property=\"og:image:type\" content=\"image\/webp\" \/>\n<meta name=\"author\" content=\"Rafaela Ladeira\" \/>\n<meta name=\"twitter:card\" content=\"summary_large_image\" \/>\n<meta name=\"twitter:label1\" content=\"Escrito por\" \/>\n\t<meta name=\"twitter:data1\" content=\"Rafaela Ladeira\" \/>\n\t<meta name=\"twitter:label2\" content=\"Est. tempo de leitura\" \/>\n\t<meta name=\"twitter:data2\" content=\"3 minutos\" \/>\n<script type=\"application\/ld+json\" class=\"yoast-schema-graph\">{\"@context\":\"https:\/\/schema.org\",\"@graph\":[{\"@type\":\"NewsArticle\",\"@id\":\"https:\/\/www.gaveanews.com\/index.php\/2025\/05\/13\/a-declaracao-de-renato-paiva-sobre-pressao-para-deixar-o-botafogo\/#article\",\"isPartOf\":{\"@id\":\"https:\/\/www.gaveanews.com\/index.php\/2025\/05\/13\/a-declaracao-de-renato-paiva-sobre-pressao-para-deixar-o-botafogo\/\"},\"author\":{\"name\":\"Rafaela Ladeira\",\"@id\":\"https:\/\/www.gaveanews.com\/#\/schema\/person\/0eb3e3fe1754f0205218538adbe8f5ed\"},\"headline\":\"A declara\u00e7\u00e3o de Renato Paiva sobre press\u00e3o para deixar o Botafogo\",\"datePublished\":\"2025-05-13T16:10:00+00:00\",\"mainEntityOfPage\":{\"@id\":\"https:\/\/www.gaveanews.com\/index.php\/2025\/05\/13\/a-declaracao-de-renato-paiva-sobre-pressao-para-deixar-o-botafogo\/\"},\"wordCount\":455,\"commentCount\":0,\"image\":{\"@id\":\"https:\/\/www.gaveanews.com\/index.php\/2025\/05\/13\/a-declaracao-de-renato-paiva-sobre-pressao-para-deixar-o-botafogo\/#primaryimage\"},\"thumbnailUrl\":\"https:\/\/www.gaveanews.com\/wp-content\/uploads\/Design-sem-nome-9.webp\",\"articleSection\":[\"Botafogo\"],\"inLanguage\":\"pt-BR\",\"potentialAction\":[{\"@type\":\"CommentAction\",\"name\":\"Comment\",\"target\":[\"https:\/\/www.gaveanews.com\/index.php\/2025\/05\/13\/a-declaracao-de-renato-paiva-sobre-pressao-para-deixar-o-botafogo\/#respond\"]}],\"copyrightYear\":\"2025\",\"copyrightHolder\":{\"@id\":\"https:\/\/www.gaveanews.com\/#organization\"}},{\"@type\":\"WebPage\",\"@id\":\"https:\/\/www.gaveanews.com\/index.php\/2025\/05\/13\/a-declaracao-de-renato-paiva-sobre-pressao-para-deixar-o-botafogo\/\",\"url\":\"https:\/\/www.gaveanews.com\/index.php\/2025\/05\/13\/a-declaracao-de-renato-paiva-sobre-pressao-para-deixar-o-botafogo\/\",\"name\":\"A declara\u00e7\u00e3o de Renato Paiva sobre press\u00e3o para deixar o Botafogo\",\"isPartOf\":{\"@id\":\"https:\/\/www.gaveanews.com\/#website\"},\"primaryImageOfPage\":{\"@id\":\"https:\/\/www.gaveanews.com\/index.php\/2025\/05\/13\/a-declaracao-de-renato-paiva-sobre-pressao-para-deixar-o-botafogo\/#primaryimage\"},\"image\":{\"@id\":\"https:\/\/www.gaveanews.com\/index.php\/2025\/05\/13\/a-declaracao-de-renato-paiva-sobre-pressao-para-deixar-o-botafogo\/#primaryimage\"},\"thumbnailUrl\":\"https:\/\/www.gaveanews.com\/wp-content\/uploads\/Design-sem-nome-9.webp\",\"datePublished\":\"2025-05-13T16:10:00+00:00\",\"author\":{\"@id\":\"https:\/\/www.gaveanews.com\/#\/schema\/person\/0eb3e3fe1754f0205218538adbe8f5ed\"},\"breadcrumb\":{\"@id\":\"https:\/\/www.gaveanews.com\/index.php\/2025\/05\/13\/a-declaracao-de-renato-paiva-sobre-pressao-para-deixar-o-botafogo\/#breadcrumb\"},\"inLanguage\":\"pt-BR\",\"potentialAction\":[{\"@type\":\"ReadAction\",\"target\":[\"https:\/\/www.gaveanews.com\/index.php\/2025\/05\/13\/a-declaracao-de-renato-paiva-sobre-pressao-para-deixar-o-botafogo\/\"]}]},{\"@type\":\"ImageObject\",\"inLanguage\":\"pt-BR\",\"@id\":\"https:\/\/www.gaveanews.com\/index.php\/2025\/05\/13\/a-declaracao-de-renato-paiva-sobre-pressao-para-deixar-o-botafogo\/#primaryimage\",\"url\":\"https:\/\/www.gaveanews.com\/wp-content\/uploads\/Design-sem-nome-9.webp\",\"contentUrl\":\"https:\/\/www.gaveanews.com\/wp-content\/uploads\/Design-sem-nome-9.webp\",\"width\":1200,\"height\":800,\"caption\":\"T\u00e9cnico do Botafogo, Renato Paiva - Foto: Vitor Silva\/Botafogo\"},{\"@type\":\"BreadcrumbList\",\"@id\":\"https:\/\/www.gaveanews.com\/index.php\/2025\/05\/13\/a-declaracao-de-renato-paiva-sobre-pressao-para-deixar-o-botafogo\/#breadcrumb\",\"itemListElement\":[{\"@type\":\"ListItem\",\"position\":1,\"name\":\"Home\",\"item\":\"https:\/\/www.gaveanews.com\/\"},{\"@type\":\"ListItem\",\"position\":2,\"name\":\"A declara\u00e7\u00e3o de Renato Paiva sobre press\u00e3o para deixar o Botafogo\"}]},{\"@type\":\"WebSite\",\"@id\":\"https:\/\/www.gaveanews.com\/#website\",\"url\":\"https:\/\/www.gaveanews.com\/\",\"name\":\"G\u00e1vea News\",\"description\":\"Veja todas as not\u00edcias sobre o Flamengo: Contrata\u00e7\u00f5es, categorias de base, resultados das partidas, tabela de classifica\u00e7\u00e3o, pr\u00f3ximos jogos!\",\"potentialAction\":[{\"@type\":\"SearchAction\",\"target\":{\"@type\":\"EntryPoint\",\"urlTemplate\":\"https:\/\/www.gaveanews.com\/?s={search_term_string}\"},\"query-input\":{\"@type\":\"PropertyValueSpecification\",\"valueRequired\":true,\"valueName\":\"search_term_string\"}}],\"inLanguage\":\"pt-BR\"},{\"@type\":\"Person\",\"@id\":\"https:\/\/www.gaveanews.com\/#\/schema\/person\/0eb3e3fe1754f0205218538adbe8f5ed\",\"name\":\"Rafaela Ladeira\",\"image\":{\"@type\":\"ImageObject\",\"inLanguage\":\"pt-BR\",\"@id\":\"https:\/\/www.gaveanews.com\/#\/schema\/person\/image\/\",\"url\":\"https:\/\/secure.gravatar.com\/avatar\/c31f513acffd85eacab5730cbdfdbbf59f21ba5aeada8cd890acea879fbb2455?s=96&d=mm&r=g\",\"contentUrl\":\"https:\/\/secure.gravatar.com\/avatar\/c31f513acffd85eacab5730cbdfdbbf59f21ba5aeada8cd890acea879fbb2455?s=96&d=mm&r=g\",\"caption\":\"Rafaela Ladeira\"}}]}<\/script>\n<!-- \/ Yoast SEO Premium plugin. -->","yoast_head_json":{"title":"A declara\u00e7\u00e3o de Renato Paiva sobre press\u00e3o para deixar o Botafogo","robots":{"index":"index","follow":"follow","max-snippet":"max-snippet:-1","max-image-preview":"max-image-preview:large","max-video-preview":"max-video-preview:-1"},"canonical":"https:\/\/www.gaveanews.com\/index.php\/2025\/05\/13\/a-declaracao-de-renato-paiva-sobre-pressao-para-deixar-o-botafogo\/","og_locale":"pt_BR","og_type":"article","og_title":"A declara\u00e7\u00e3o de Renato Paiva sobre press\u00e3o para deixar o Botafogo","og_description":"Em meio a uma semana agitada no Botafogo, com protestos da torcida nas imedia\u00e7\u00f5es do Est\u00e1dio Nilton Santos, o time se recuperou e conquistou duas vit\u00f3rias expressivas: uma sobre o Carabobo na Venezuela, pela Copa Sul-Americana, e outra sobre o Internacional pelo Campeonato Brasileiro.&nbsp; O clima tenso, no entanto, n\u00e3o abalou o t\u00e9cnico Renato Paiva, [&hellip;]","og_url":"https:\/\/www.gaveanews.com\/index.php\/2025\/05\/13\/a-declaracao-de-renato-paiva-sobre-pressao-para-deixar-o-botafogo\/","og_site_name":"G\u00e1vea News","article_publisher":"https:\/\/facebook.com\/gaveaNews\/","article_published_time":"2025-05-13T16:10:00+00:00","og_image":[{"width":1200,"height":800,"url":"https:\/\/www.gaveanews.com\/wp-content\/uploads\/Design-sem-nome-9.webp","type":"image\/webp"}],"author":"Rafaela Ladeira","twitter_card":"summary_large_image","twitter_misc":{"Escrito por":"Rafaela Ladeira","Est. tempo de leitura":"3 minutos"},"schema":{"@context":"https:\/\/schema.org","@graph":[{"@type":"NewsArticle","@id":"https:\/\/www.gaveanews.com\/index.php\/2025\/05\/13\/a-declaracao-de-renato-paiva-sobre-pressao-para-deixar-o-botafogo\/#article","isPartOf":{"@id":"https:\/\/www.gaveanews.com\/index.php\/2025\/05\/13\/a-declaracao-de-renato-paiva-sobre-pressao-para-deixar-o-botafogo\/"},"author":{"name":"Rafaela Ladeira","@id":"https:\/\/www.gaveanews.com\/#\/schema\/person\/0eb3e3fe1754f0205218538adbe8f5ed"},"headline":"A declara\u00e7\u00e3o de Renato Paiva sobre press\u00e3o para deixar o Botafogo","datePublished":"2025-05-13T16:10:00+00:00","mainEntityOfPage":{"@id":"https:\/\/www.gaveanews.com\/index.php\/2025\/05\/13\/a-declaracao-de-renato-paiva-sobre-pressao-para-deixar-o-botafogo\/"},"wordCount":455,"commentCount":0,"image":{"@id":"https:\/\/www.gaveanews.com\/index.php\/2025\/05\/13\/a-declaracao-de-renato-paiva-sobre-pressao-para-deixar-o-botafogo\/#primaryimage"},"thumbnailUrl":"https:\/\/www.gaveanews.com\/wp-content\/uploads\/Design-sem-nome-9.webp","articleSection":["Botafogo"],"inLanguage":"pt-BR","potentialAction":[{"@type":"CommentAction","name":"Comment","target":["https:\/\/www.gaveanews.com\/index.php\/2025\/05\/13\/a-declaracao-de-renato-paiva-sobre-pressao-para-deixar-o-botafogo\/#respond"]}],"copyrightYear":"2025","copyrightHolder":{"@id":"https:\/\/www.gaveanews.com\/#organization"}},{"@type":"WebPage","@id":"https:\/\/www.gaveanews.com\/index.php\/2025\/05\/13\/a-declaracao-de-renato-paiva-sobre-pressao-para-deixar-o-botafogo\/","url":"https:\/\/www.gaveanews.com\/index.php\/2025\/05\/13\/a-declaracao-de-renato-paiva-sobre-pressao-para-deixar-o-botafogo\/","name":"A declara\u00e7\u00e3o de Renato Paiva sobre press\u00e3o para deixar o Botafogo","isPartOf":{"@id":"https:\/\/www.gaveanews.com\/#website"},"primaryImageOfPage":{"@id":"https:\/\/www.gaveanews.com\/index.php\/2025\/05\/13\/a-declaracao-de-renato-paiva-sobre-pressao-para-deixar-o-botafogo\/#primaryimage"},"image":{"@id":"https:\/\/www.gaveanews.com\/index.php\/2025\/05\/13\/a-declaracao-de-renato-paiva-sobre-pressao-para-deixar-o-botafogo\/#primaryimage"},"thumbnailUrl":"https:\/\/www.gaveanews.com\/wp-content\/uploads\/Design-sem-nome-9.webp","datePublished":"2025-05-13T16:10:00+00:00","author":{"@id":"https:\/\/www.gaveanews.com\/#\/schema\/person\/0eb3e3fe1754f0205218538adbe8f5ed"},"breadcrumb":{"@id":"https:\/\/www.gaveanews.com\/index.php\/2025\/05\/13\/a-declaracao-de-renato-paiva-sobre-pressao-para-deixar-o-botafogo\/#breadcrumb"},"inLanguage":"pt-BR","potentialAction":[{"@type":"ReadAction","target":["https:\/\/www.gaveanews.com\/index.php\/2025\/05\/13\/a-declaracao-de-renato-paiva-sobre-pressao-para-deixar-o-botafogo\/"]}]},{"@type":"ImageObject","inLanguage":"pt-BR","@id":"https:\/\/www.gaveanews.com\/index.php\/2025\/05\/13\/a-declaracao-de-renato-paiva-sobre-pressao-para-deixar-o-botafogo\/#primaryimage","url":"https:\/\/www.gaveanews.com\/wp-content\/uploads\/Design-sem-nome-9.webp","contentUrl":"https:\/\/www.gaveanews.com\/wp-content\/uploads\/Design-sem-nome-9.webp","width":1200,"height":800,"caption":"T\u00e9cnico do Botafogo, Renato Paiva - Foto: Vitor Silva\/Botafogo"},{"@type":"BreadcrumbList","@id":"https:\/\/www.gaveanews.com\/index.php\/2025\/05\/13\/a-declaracao-de-renato-paiva-sobre-pressao-para-deixar-o-botafogo\/#breadcrumb","itemListElement":[{"@type":"ListItem","position":1,"name":"Home","item":"https:\/\/www.gaveanews.com\/"},{"@type":"ListItem","position":2,"name":"A declara\u00e7\u00e3o de Renato Paiva sobre press\u00e3o para deixar o Botafogo"}]},{"@type":"WebSite","@id":"https:\/\/www.gaveanews.com\/#website","url":"https:\/\/www.gaveanews.com\/","name":"G\u00e1vea News","description":"Veja todas as not\u00edcias sobre o Flamengo: Contrata\u00e7\u00f5es, categorias de base, resultados das partidas, tabela de classifica\u00e7\u00e3o, pr\u00f3ximos jogos!","potentialAction":[{"@type":"SearchAction","target":{"@type":"EntryPoint","urlTemplate":"https:\/\/www.gaveanews.com\/?s={search_term_string}"},"query-input":{"@type":"PropertyValueSpecification","valueRequired":true,"valueName":"search_term_string"}}],"inLanguage":"pt-BR"},{"@type":"Person","@id":"https:\/\/www.gaveanews.com\/#\/schema\/person\/0eb3e3fe1754f0205218538adbe8f5ed","name":"Rafaela Ladeira","image":{"@type":"ImageObject","inLanguage":"pt-BR","@id":"https:\/\/www.gaveanews.com\/#\/schema\/person\/image\/","url":"https:\/\/secure.gravatar.com\/avatar\/c31f513acffd85eacab5730cbdfdbbf59f21ba5aeada8cd890acea879fbb2455?s=96&d=mm&r=g","contentUrl":"https:\/\/secure.gravatar.com\/avatar\/c31f513acffd85eacab5730cbdfdbbf59f21ba5aeada8cd890acea879fbb2455?s=96&d=mm&r=g","caption":"Rafaela Ladeira"}}]}},"_links":{"self":[{"href":"https:\/\/www.gaveanews.com\/index.php\/wp-json\/wp\/v2\/posts\/263253","targetHints":{"allow":["GET"]}}],"collection":[{"href":"https:\/\/www.gaveanews.com\/index.php\/wp-json\/wp\/v2\/posts"}],"about":[{"href":"https:\/\/www.gaveanews.com\/index.php\/wp-json\/wp\/v2\/types\/post"}],"author":[{"embeddable":true,"href":"https:\/\/www.gaveanews.com\/index.php\/wp-json\/wp\/v2\/users\/25"}],"replies":[{"embeddable":true,"href":"https:\/\/www.gaveanews.com\/index.php\/wp-json\/wp\/v2\/comments?post=263253"}],"version-history":[{"count":1,"href":"https:\/\/www.gaveanews.com\/index.php\/wp-json\/wp\/v2\/posts\/263253\/revisions"}],"predecessor-version":[{"id":263254,"href":"https:\/\/www.gaveanews.com\/index.php\/wp-json\/wp\/v2\/posts\/263253\/revisions\/263254"}],"wp:featuredmedia":[{"embeddable":true,"href":"https:\/\/www.gaveanews.com\/index.php\/wp-json\/wp\/v2\/media\/256395"}],"wp:attachment":[{"href":"https:\/\/www.gaveanews.com\/index.php\/wp-json\/wp\/v2\/media?parent=263253"}],"wp:term":[{"taxonomy":"category","embeddable":true,"href":"https:\/\/www.gaveanews.com\/index.php\/wp-json\/wp\/v2\/categories?post=263253"},{"taxonomy":"post_tag","embeddable":true,"href":"https:\/\/www.gaveanews.com\/index.php\/wp-json\/wp\/v2\/tags?post=263253"}],"curies":[{"name":"wp","href":"https:\/\/api.w.org\/{rel}","templated":true}]}}