{"id":263487,"date":"2025-05-13T22:10:00","date_gmt":"2025-05-14T01:10:00","guid":{"rendered":"https:\/\/www.gaveanews.com\/?p=263487"},"modified":"2025-05-13T19:05:27","modified_gmt":"2025-05-13T22:05:27","slug":"sao-paulo-tem-desfalque-de-peso-na-libertadores","status":"publish","type":"post","link":"https:\/\/www.gaveanews.com\/index.php\/2025\/05\/13\/sao-paulo-tem-desfalque-de-peso-na-libertadores\/","title":{"rendered":"S\u00e3o Paulo tem desfalque de peso na Libertadores"},"content":{"rendered":"\n<p>O S\u00e3o Paulo ter\u00e1 um importante desfalque para o duelo contra o Libertad-PAR, nesta quarta-feira (14), pela Conmebol Libertadores. O meia-atacante Lucas Moura voltou a sentir dores no joelho direito e, por isso, est\u00e1 fora da lista de relacionados. O jogador havia sido poupado do cl\u00e1ssico contra o Palmeiras, justamente para evitar maiores riscos no gramado sint\u00e9tico da Arena Barueri.<\/p>\n\n\n\n<p>A les\u00e3o de Lucas \u00e9 consequ\u00eancia de um trauma sofrido durante a semifinal do Campeonato Paulista, ap\u00f3s impacto no gramado sint\u00e9tico do Allianz Parque. Desde ent\u00e3o, o camisa 7 tem convivido com dores no local. Apesar de ter retornado aos gramados nos jogos contra Fortaleza e Alianza Lima, o atleta voltou a sentir desconforto ap\u00f3s os treinos realizados na segunda e ter\u00e7a-feira, no CT da Barra Funda.<\/p>\n\n\n\n<p>De acordo com o clube, Lucas iniciou tratamento no REFFIS Plus e passar\u00e1 por avalia\u00e7\u00f5es peri\u00f3dicas. Em nota, o S\u00e3o Paulo informou que o jogador apresentou dores durante o treino matinal e ser\u00e1 mantido em recupera\u00e7\u00e3o. O t\u00e9cnico Luis Zubeld\u00eda, em coletiva, comentou que a decis\u00e3o de preserv\u00e1-lo foi tomada em conjunto com o departamento m\u00e9dico, ressaltando que \u201ca \u00faltima coisa que quer\u00edamos era uma nova les\u00e3o no sint\u00e9tico\u201d.<\/p>\n\n\n\n<p>Ainda que tenha retornado a campo recentemente, o jogador atuou por apenas 60 minutos somados nas \u00faltimas duas partidas, ambas entrando no segundo tempo. Ap\u00f3s o confronto no Peru, ele chegou a minimizar um novo choque no joelho, afirmando: \u201cFoi s\u00f3 um susto. Estou bem e feliz por recuperar ritmo\u201d.<\/p>\n\n\n\n<p>Atualmente, Lucas participou de 15 dos 29 jogos do S\u00e3o Paulo na temporada, tendo contribu\u00eddo com tr\u00eas gols e uma assist\u00eancia. Sua aus\u00eancia compromete o setor ofensivo tricolor, que j\u00e1 conta com outros desfalques importantes, como Calleri, em recupera\u00e7\u00e3o de cirurgia no joelho.<\/p>\n\n\n\n<p>Portanto, o S\u00e3o Paulo precisar\u00e1 buscar alternativas para suprir a aus\u00eancia de Lucas em um momento decisivo da Libertadores. A expectativa \u00e9 que a comiss\u00e3o t\u00e9cnica redefina a forma\u00e7\u00e3o ofensiva diante do Libertad-PAR, a fim de manter o n\u00edvel de competitividade da equipe na competi\u00e7\u00e3o continental.<\/p>\n","protected":false},"excerpt":{"rendered":"<p>O S\u00e3o Paulo ter\u00e1 um importante desfalque para o duelo contra o Libertad-PAR, nesta quarta-feira (14), pela Conmebol Libertadores. O meia-atacante Lucas Moura voltou a sentir dores no joelho direito e, por isso, est\u00e1 fora da lista de relacionados. O jogador havia sido poupado do cl\u00e1ssico contra o Palmeiras, justamente para evitar maiores riscos no [&hellip;]<\/p>\n","protected":false},"author":18,"featured_media":154249,"comment_status":"open","ping_status":"closed","sticky":false,"template":"","format":"standard","meta":{"footnotes":""},"categories":[151],"tags":[],"class_list":["post-263487","post","type-post","status-publish","format-standard","has-post-thumbnail","hentry","category-sao-paulo"],"yoast_head":"<!-- This site is optimized with the Yoast SEO Premium plugin v24.2 (Yoast SEO v26.9) - https:\/\/yoast.com\/product\/yoast-seo-premium-wordpress\/ -->\n<title>S\u00e3o Paulo tem desfalque de peso na Libertadores<\/title>\n<meta name=\"robots\" content=\"index, follow, max-snippet:-1, max-image-preview:large, max-video-preview:-1\" \/>\n<link rel=\"canonical\" href=\"https:\/\/www.gaveanews.com\/index.php\/2025\/05\/13\/sao-paulo-tem-desfalque-de-peso-na-libertadores\/\" \/>\n<meta property=\"og:locale\" content=\"pt_BR\" \/>\n<meta property=\"og:type\" content=\"article\" \/>\n<meta property=\"og:title\" content=\"S\u00e3o Paulo tem desfalque de peso na Libertadores\" \/>\n<meta property=\"og:description\" content=\"O S\u00e3o Paulo ter\u00e1 um importante desfalque para o duelo contra o Libertad-PAR, nesta quarta-feira (14), pela Conmebol Libertadores. O meia-atacante Lucas Moura voltou a sentir dores no joelho direito e, por isso, est\u00e1 fora da lista de relacionados. O jogador havia sido poupado do cl\u00e1ssico contra o Palmeiras, justamente para evitar maiores riscos no [&hellip;]\" \/>\n<meta property=\"og:url\" content=\"https:\/\/www.gaveanews.com\/index.php\/2025\/05\/13\/sao-paulo-tem-desfalque-de-peso-na-libertadores\/\" \/>\n<meta property=\"og:site_name\" content=\"G\u00e1vea News\" \/>\n<meta property=\"article:publisher\" content=\"https:\/\/facebook.com\/gaveaNews\/\" \/>\n<meta property=\"article:published_time\" content=\"2025-05-14T01:10:00+00:00\" \/>\n<meta property=\"og:image\" content=\"https:\/\/www.gaveanews.com\/wp-content\/uploads\/Bandeira-do-Sao-Paulo-no-Morumbis-em-2024.webp\" \/>\n\t<meta property=\"og:image:width\" content=\"1000\" \/>\n\t<meta property=\"og:image:height\" content=\"667\" \/>\n\t<meta property=\"og:image:type\" content=\"image\/webp\" \/>\n<meta name=\"author\" content=\"Paula Silva\" \/>\n<meta name=\"twitter:card\" content=\"summary_large_image\" \/>\n<meta name=\"twitter:label1\" content=\"Escrito por\" \/>\n\t<meta name=\"twitter:data1\" content=\"Paula Silva\" \/>\n\t<meta name=\"twitter:label2\" content=\"Est. tempo de leitura\" \/>\n\t<meta name=\"twitter:data2\" content=\"3 minutos\" \/>\n<script type=\"application\/ld+json\" class=\"yoast-schema-graph\">{\"@context\":\"https:\/\/schema.org\",\"@graph\":[{\"@type\":\"NewsArticle\",\"@id\":\"https:\/\/www.gaveanews.com\/index.php\/2025\/05\/13\/sao-paulo-tem-desfalque-de-peso-na-libertadores\/#article\",\"isPartOf\":{\"@id\":\"https:\/\/www.gaveanews.com\/index.php\/2025\/05\/13\/sao-paulo-tem-desfalque-de-peso-na-libertadores\/\"},\"author\":{\"name\":\"Paula Silva\",\"@id\":\"https:\/\/www.gaveanews.com\/#\/schema\/person\/daf63eec72e1164eb13dc35096c2b8da\"},\"headline\":\"S\u00e3o Paulo tem desfalque de peso na Libertadores\",\"datePublished\":\"2025-05-14T01:10:00+00:00\",\"mainEntityOfPage\":{\"@id\":\"https:\/\/www.gaveanews.com\/index.php\/2025\/05\/13\/sao-paulo-tem-desfalque-de-peso-na-libertadores\/\"},\"wordCount\":373,\"commentCount\":0,\"image\":{\"@id\":\"https:\/\/www.gaveanews.com\/index.php\/2025\/05\/13\/sao-paulo-tem-desfalque-de-peso-na-libertadores\/#primaryimage\"},\"thumbnailUrl\":\"https:\/\/www.gaveanews.com\/wp-content\/uploads\/Bandeira-do-Sao-Paulo-no-Morumbis-em-2024.webp\",\"articleSection\":[\"S\u00e3o Paulo\"],\"inLanguage\":\"pt-BR\",\"potentialAction\":[{\"@type\":\"CommentAction\",\"name\":\"Comment\",\"target\":[\"https:\/\/www.gaveanews.com\/index.php\/2025\/05\/13\/sao-paulo-tem-desfalque-de-peso-na-libertadores\/#respond\"]}],\"copyrightYear\":\"2025\",\"copyrightHolder\":{\"@id\":\"https:\/\/www.gaveanews.com\/#organization\"}},{\"@type\":\"WebPage\",\"@id\":\"https:\/\/www.gaveanews.com\/index.php\/2025\/05\/13\/sao-paulo-tem-desfalque-de-peso-na-libertadores\/\",\"url\":\"https:\/\/www.gaveanews.com\/index.php\/2025\/05\/13\/sao-paulo-tem-desfalque-de-peso-na-libertadores\/\",\"name\":\"S\u00e3o Paulo tem desfalque de peso na Libertadores\",\"isPartOf\":{\"@id\":\"https:\/\/www.gaveanews.com\/#website\"},\"primaryImageOfPage\":{\"@id\":\"https:\/\/www.gaveanews.com\/index.php\/2025\/05\/13\/sao-paulo-tem-desfalque-de-peso-na-libertadores\/#primaryimage\"},\"image\":{\"@id\":\"https:\/\/www.gaveanews.com\/index.php\/2025\/05\/13\/sao-paulo-tem-desfalque-de-peso-na-libertadores\/#primaryimage\"},\"thumbnailUrl\":\"https:\/\/www.gaveanews.com\/wp-content\/uploads\/Bandeira-do-Sao-Paulo-no-Morumbis-em-2024.webp\",\"datePublished\":\"2025-05-14T01:10:00+00:00\",\"author\":{\"@id\":\"https:\/\/www.gaveanews.com\/#\/schema\/person\/daf63eec72e1164eb13dc35096c2b8da\"},\"breadcrumb\":{\"@id\":\"https:\/\/www.gaveanews.com\/index.php\/2025\/05\/13\/sao-paulo-tem-desfalque-de-peso-na-libertadores\/#breadcrumb\"},\"inLanguage\":\"pt-BR\",\"potentialAction\":[{\"@type\":\"ReadAction\",\"target\":[\"https:\/\/www.gaveanews.com\/index.php\/2025\/05\/13\/sao-paulo-tem-desfalque-de-peso-na-libertadores\/\"]}]},{\"@type\":\"ImageObject\",\"inLanguage\":\"pt-BR\",\"@id\":\"https:\/\/www.gaveanews.com\/index.php\/2025\/05\/13\/sao-paulo-tem-desfalque-de-peso-na-libertadores\/#primaryimage\",\"url\":\"https:\/\/www.gaveanews.com\/wp-content\/uploads\/Bandeira-do-Sao-Paulo-no-Morumbis-em-2024.webp\",\"contentUrl\":\"https:\/\/www.gaveanews.com\/wp-content\/uploads\/Bandeira-do-Sao-Paulo-no-Morumbis-em-2024.webp\",\"width\":1000,\"height\":667,\"caption\":\"Bandeira do S\u00e3o Paulo no Morumbis em 2024 (Foto: Reprodu\u00e7\u00e3o\/S\u00e3o Paulo)\"},{\"@type\":\"BreadcrumbList\",\"@id\":\"https:\/\/www.gaveanews.com\/index.php\/2025\/05\/13\/sao-paulo-tem-desfalque-de-peso-na-libertadores\/#breadcrumb\",\"itemListElement\":[{\"@type\":\"ListItem\",\"position\":1,\"name\":\"Home\",\"item\":\"https:\/\/www.gaveanews.com\/\"},{\"@type\":\"ListItem\",\"position\":2,\"name\":\"S\u00e3o Paulo tem desfalque de peso na Libertadores\"}]},{\"@type\":\"WebSite\",\"@id\":\"https:\/\/www.gaveanews.com\/#website\",\"url\":\"https:\/\/www.gaveanews.com\/\",\"name\":\"G\u00e1vea News\",\"description\":\"Veja todas as not\u00edcias sobre o Flamengo: Contrata\u00e7\u00f5es, categorias de base, resultados das partidas, tabela de classifica\u00e7\u00e3o, pr\u00f3ximos jogos!\",\"potentialAction\":[{\"@type\":\"SearchAction\",\"target\":{\"@type\":\"EntryPoint\",\"urlTemplate\":\"https:\/\/www.gaveanews.com\/?s={search_term_string}\"},\"query-input\":{\"@type\":\"PropertyValueSpecification\",\"valueRequired\":true,\"valueName\":\"search_term_string\"}}],\"inLanguage\":\"pt-BR\"},{\"@type\":\"Person\",\"@id\":\"https:\/\/www.gaveanews.com\/#\/schema\/person\/daf63eec72e1164eb13dc35096c2b8da\",\"name\":\"Paula Silva\",\"image\":{\"@type\":\"ImageObject\",\"inLanguage\":\"pt-BR\",\"@id\":\"https:\/\/www.gaveanews.com\/#\/schema\/person\/image\/\",\"url\":\"https:\/\/secure.gravatar.com\/avatar\/eda381c845527cc5d64c13b901833cda29d97500ba040d3e6461f76f51d163bb?s=96&d=mm&r=g\",\"contentUrl\":\"https:\/\/secure.gravatar.com\/avatar\/eda381c845527cc5d64c13b901833cda29d97500ba040d3e6461f76f51d163bb?s=96&d=mm&r=g\",\"caption\":\"Paula Silva\"}}]}<\/script>\n<!-- \/ Yoast SEO Premium plugin. -->","yoast_head_json":{"title":"S\u00e3o Paulo tem desfalque de peso na Libertadores","robots":{"index":"index","follow":"follow","max-snippet":"max-snippet:-1","max-image-preview":"max-image-preview:large","max-video-preview":"max-video-preview:-1"},"canonical":"https:\/\/www.gaveanews.com\/index.php\/2025\/05\/13\/sao-paulo-tem-desfalque-de-peso-na-libertadores\/","og_locale":"pt_BR","og_type":"article","og_title":"S\u00e3o Paulo tem desfalque de peso na Libertadores","og_description":"O S\u00e3o Paulo ter\u00e1 um importante desfalque para o duelo contra o Libertad-PAR, nesta quarta-feira (14), pela Conmebol Libertadores. O meia-atacante Lucas Moura voltou a sentir dores no joelho direito e, por isso, est\u00e1 fora da lista de relacionados. O jogador havia sido poupado do cl\u00e1ssico contra o Palmeiras, justamente para evitar maiores riscos no [&hellip;]","og_url":"https:\/\/www.gaveanews.com\/index.php\/2025\/05\/13\/sao-paulo-tem-desfalque-de-peso-na-libertadores\/","og_site_name":"G\u00e1vea News","article_publisher":"https:\/\/facebook.com\/gaveaNews\/","article_published_time":"2025-05-14T01:10:00+00:00","og_image":[{"width":1000,"height":667,"url":"https:\/\/www.gaveanews.com\/wp-content\/uploads\/Bandeira-do-Sao-Paulo-no-Morumbis-em-2024.webp","type":"image\/webp"}],"author":"Paula Silva","twitter_card":"summary_large_image","twitter_misc":{"Escrito por":"Paula Silva","Est. tempo de leitura":"3 minutos"},"schema":{"@context":"https:\/\/schema.org","@graph":[{"@type":"NewsArticle","@id":"https:\/\/www.gaveanews.com\/index.php\/2025\/05\/13\/sao-paulo-tem-desfalque-de-peso-na-libertadores\/#article","isPartOf":{"@id":"https:\/\/www.gaveanews.com\/index.php\/2025\/05\/13\/sao-paulo-tem-desfalque-de-peso-na-libertadores\/"},"author":{"name":"Paula Silva","@id":"https:\/\/www.gaveanews.com\/#\/schema\/person\/daf63eec72e1164eb13dc35096c2b8da"},"headline":"S\u00e3o Paulo tem desfalque de peso na Libertadores","datePublished":"2025-05-14T01:10:00+00:00","mainEntityOfPage":{"@id":"https:\/\/www.gaveanews.com\/index.php\/2025\/05\/13\/sao-paulo-tem-desfalque-de-peso-na-libertadores\/"},"wordCount":373,"commentCount":0,"image":{"@id":"https:\/\/www.gaveanews.com\/index.php\/2025\/05\/13\/sao-paulo-tem-desfalque-de-peso-na-libertadores\/#primaryimage"},"thumbnailUrl":"https:\/\/www.gaveanews.com\/wp-content\/uploads\/Bandeira-do-Sao-Paulo-no-Morumbis-em-2024.webp","articleSection":["S\u00e3o Paulo"],"inLanguage":"pt-BR","potentialAction":[{"@type":"CommentAction","name":"Comment","target":["https:\/\/www.gaveanews.com\/index.php\/2025\/05\/13\/sao-paulo-tem-desfalque-de-peso-na-libertadores\/#respond"]}],"copyrightYear":"2025","copyrightHolder":{"@id":"https:\/\/www.gaveanews.com\/#organization"}},{"@type":"WebPage","@id":"https:\/\/www.gaveanews.com\/index.php\/2025\/05\/13\/sao-paulo-tem-desfalque-de-peso-na-libertadores\/","url":"https:\/\/www.gaveanews.com\/index.php\/2025\/05\/13\/sao-paulo-tem-desfalque-de-peso-na-libertadores\/","name":"S\u00e3o Paulo tem desfalque de peso na Libertadores","isPartOf":{"@id":"https:\/\/www.gaveanews.com\/#website"},"primaryImageOfPage":{"@id":"https:\/\/www.gaveanews.com\/index.php\/2025\/05\/13\/sao-paulo-tem-desfalque-de-peso-na-libertadores\/#primaryimage"},"image":{"@id":"https:\/\/www.gaveanews.com\/index.php\/2025\/05\/13\/sao-paulo-tem-desfalque-de-peso-na-libertadores\/#primaryimage"},"thumbnailUrl":"https:\/\/www.gaveanews.com\/wp-content\/uploads\/Bandeira-do-Sao-Paulo-no-Morumbis-em-2024.webp","datePublished":"2025-05-14T01:10:00+00:00","author":{"@id":"https:\/\/www.gaveanews.com\/#\/schema\/person\/daf63eec72e1164eb13dc35096c2b8da"},"breadcrumb":{"@id":"https:\/\/www.gaveanews.com\/index.php\/2025\/05\/13\/sao-paulo-tem-desfalque-de-peso-na-libertadores\/#breadcrumb"},"inLanguage":"pt-BR","potentialAction":[{"@type":"ReadAction","target":["https:\/\/www.gaveanews.com\/index.php\/2025\/05\/13\/sao-paulo-tem-desfalque-de-peso-na-libertadores\/"]}]},{"@type":"ImageObject","inLanguage":"pt-BR","@id":"https:\/\/www.gaveanews.com\/index.php\/2025\/05\/13\/sao-paulo-tem-desfalque-de-peso-na-libertadores\/#primaryimage","url":"https:\/\/www.gaveanews.com\/wp-content\/uploads\/Bandeira-do-Sao-Paulo-no-Morumbis-em-2024.webp","contentUrl":"https:\/\/www.gaveanews.com\/wp-content\/uploads\/Bandeira-do-Sao-Paulo-no-Morumbis-em-2024.webp","width":1000,"height":667,"caption":"Bandeira do S\u00e3o Paulo no Morumbis em 2024 (Foto: Reprodu\u00e7\u00e3o\/S\u00e3o Paulo)"},{"@type":"BreadcrumbList","@id":"https:\/\/www.gaveanews.com\/index.php\/2025\/05\/13\/sao-paulo-tem-desfalque-de-peso-na-libertadores\/#breadcrumb","itemListElement":[{"@type":"ListItem","position":1,"name":"Home","item":"https:\/\/www.gaveanews.com\/"},{"@type":"ListItem","position":2,"name":"S\u00e3o Paulo tem desfalque de peso na Libertadores"}]},{"@type":"WebSite","@id":"https:\/\/www.gaveanews.com\/#website","url":"https:\/\/www.gaveanews.com\/","name":"G\u00e1vea News","description":"Veja todas as not\u00edcias sobre o Flamengo: Contrata\u00e7\u00f5es, categorias de base, resultados das partidas, tabela de classifica\u00e7\u00e3o, pr\u00f3ximos jogos!","potentialAction":[{"@type":"SearchAction","target":{"@type":"EntryPoint","urlTemplate":"https:\/\/www.gaveanews.com\/?s={search_term_string}"},"query-input":{"@type":"PropertyValueSpecification","valueRequired":true,"valueName":"search_term_string"}}],"inLanguage":"pt-BR"},{"@type":"Person","@id":"https:\/\/www.gaveanews.com\/#\/schema\/person\/daf63eec72e1164eb13dc35096c2b8da","name":"Paula Silva","image":{"@type":"ImageObject","inLanguage":"pt-BR","@id":"https:\/\/www.gaveanews.com\/#\/schema\/person\/image\/","url":"https:\/\/secure.gravatar.com\/avatar\/eda381c845527cc5d64c13b901833cda29d97500ba040d3e6461f76f51d163bb?s=96&d=mm&r=g","contentUrl":"https:\/\/secure.gravatar.com\/avatar\/eda381c845527cc5d64c13b901833cda29d97500ba040d3e6461f76f51d163bb?s=96&d=mm&r=g","caption":"Paula Silva"}}]}},"_links":{"self":[{"href":"https:\/\/www.gaveanews.com\/index.php\/wp-json\/wp\/v2\/posts\/263487","targetHints":{"allow":["GET"]}}],"collection":[{"href":"https:\/\/www.gaveanews.com\/index.php\/wp-json\/wp\/v2\/posts"}],"about":[{"href":"https:\/\/www.gaveanews.com\/index.php\/wp-json\/wp\/v2\/types\/post"}],"author":[{"embeddable":true,"href":"https:\/\/www.gaveanews.com\/index.php\/wp-json\/wp\/v2\/users\/18"}],"replies":[{"embeddable":true,"href":"https:\/\/www.gaveanews.com\/index.php\/wp-json\/wp\/v2\/comments?post=263487"}],"version-history":[{"count":1,"href":"https:\/\/www.gaveanews.com\/index.php\/wp-json\/wp\/v2\/posts\/263487\/revisions"}],"predecessor-version":[{"id":263498,"href":"https:\/\/www.gaveanews.com\/index.php\/wp-json\/wp\/v2\/posts\/263487\/revisions\/263498"}],"wp:featuredmedia":[{"embeddable":true,"href":"https:\/\/www.gaveanews.com\/index.php\/wp-json\/wp\/v2\/media\/154249"}],"wp:attachment":[{"href":"https:\/\/www.gaveanews.com\/index.php\/wp-json\/wp\/v2\/media?parent=263487"}],"wp:term":[{"taxonomy":"category","embeddable":true,"href":"https:\/\/www.gaveanews.com\/index.php\/wp-json\/wp\/v2\/categories?post=263487"},{"taxonomy":"post_tag","embeddable":true,"href":"https:\/\/www.gaveanews.com\/index.php\/wp-json\/wp\/v2\/tags?post=263487"}],"curies":[{"name":"wp","href":"https:\/\/api.w.org\/{rel}","templated":true}]}}