{"id":263698,"date":"2025-05-14T18:15:00","date_gmt":"2025-05-14T21:15:00","guid":{"rendered":"https:\/\/www.gaveanews.com\/?p=263698"},"modified":"2025-05-14T16:30:29","modified_gmt":"2025-05-14T19:30:29","slug":"jornalista-da-conselho-a-ancelotti-sobre-neymar-na-selecao-brasileira","status":"publish","type":"post","link":"https:\/\/www.gaveanews.com\/index.php\/2025\/05\/14\/jornalista-da-conselho-a-ancelotti-sobre-neymar-na-selecao-brasileira\/","title":{"rendered":"Jornalista d\u00e1 conselho a Ancelotti sobre Neymar na Sele\u00e7\u00e3o Brasileira"},"content":{"rendered":"\n<p>Carlo Ancelotti, rec\u00e9m-anunciado como comandante da Sele\u00e7\u00e3o Brasileira, foi diretamente aconselhado por uma coluna do UOL Esporte a ouvir o podcast documental sobre Neymar, produzido por Pedro Lopes, Thiago Arantes e Juca Kfouri. O alerta, assinado por Danilo Lavieri, n\u00e3o apenas recomenda o conte\u00fado, mas afirma que o material \u00e9 essencial para compreender os desafios que envolvem o comportamento e sua influ\u00eancia dentro e fora de campo.<\/p>\n\n\n\n<p>A sugest\u00e3o \u00e9 clara: conhecer os bastidores da trajet\u00f3ria do atacante \u00e9 vital para que Ancelotti evite repetir erros cometidos por treinadores anteriores. O colunista escreve que o t\u00e9cnico do Santos &#8220;exerceu influ\u00eancia desproporcional em praticamente todos os ambientes por onde passou&#8221;, citando desde decis\u00f5es de marketing at\u00e9 interfer\u00eancias diretas em pautas jornal\u00edsticas. <\/p>\n\n\n\n<p>\u201cN\u00e3o importa o tamanho do jogador, ningu\u00e9m deveria ter tanto poder em um ambiente como o da sele\u00e7\u00e3o brasileira\u201d, afirma Lavieri.<\/p>\n\n\n\n<h3 class=\"wp-block-heading\" id=\"h-influencia-de-neymar-moldou-bastidores-da-cbf\"><strong>Influ\u00eancia de Neymar moldou bastidores da CBF<\/strong><\/h3>\n\n\n\n<p>A contrata\u00e7\u00e3o de Ancelotti foi atravessada por in\u00fameros fatores, mas o papel de Neymar foi determinante. Conforme publicou o colunista Cosme R\u00edmoli, do R7, a possibilidade de Jorge Jesus assumir o comando t\u00e9cnico foi enfraquecida ap\u00f3s o epis\u00f3dio em que dispensou Neymar do Al-Hilal no fim de 2024. <\/p>\n\n\n\n<p>A CBF, liderada por Ednaldo Rodrigues, avaliou que uma conviv\u00eancia for\u00e7ada entre os dois seria invi\u00e1vel e optou por evitar desgastes.<\/p>\n\n\n\n<p>\u201cEdnaldo sonha com Neymar como capit\u00e3o e refer\u00eancia t\u00e9cnica da equipe no Mundial de 2026\u201d, descreve R\u00edmoli. A presen\u00e7a do atacante, portanto, tornou-se uma pe\u00e7a central no planejamento da entidade. Nesse cen\u00e1rio, Jesus perdeu for\u00e7a e o retorno \u00e0 negocia\u00e7\u00e3o com Ancelotti ganhou prioridade.<\/p>\n\n\n\n<h3 class=\"wp-block-heading\" id=\"h-relacao-entre-tecnico-e-jogador-ainda-e-superficial\"><strong>Rela\u00e7\u00e3o entre t\u00e9cnico e jogador ainda \u00e9 superficial<\/strong><\/h3>\n\n\n\n<p>Apesar de j\u00e1 ter comandado 43 atletas brasileiros ao longo da carreira, Ancelotti nunca trabalhou diretamente com Neymar. Segundo os bastidores revelados, a rela\u00e7\u00e3o entre ambos \u00e9 cordial, por\u00e9m distante. Isso aumenta a import\u00e2ncia de que o treinador entenda com profundidade a personalidade do jogador e os contextos que o cercam.<\/p>\n\n\n\n<p>A s\u00e9rie de podcasts recomendada pelo UOL ainda est\u00e1 em andamento, com seis epis\u00f3dios programados. At\u00e9 o momento, o foco recaiu majoritariamente sobre a influ\u00eancia comercial de Neymar, mas o colunista garante que os impactos dentro de campo tamb\u00e9m ser\u00e3o abordados. \u201cO podcast mostra que Neymar n\u00e3o estava preparado para as responsabilidades que seu protagonismo exigia\u201d, resume.<\/p>\n\n\n\n<h3 class=\"wp-block-heading\" id=\"h-ancelotti-e-o-desafio-de-equilibrar-autoridade-e-talento\"><strong>Ancelotti e o desafio de equilibrar autoridade e talento<\/strong><\/h3>\n\n\n\n<p>Mesmo sem experi\u00eancias anteriores ao lado do camisa 10, Carlo Ancelotti j\u00e1 demonstrou ter firmeza suficiente para administrar nomes de peso. Ao longo da carreira, enfrentou atletas de perfil forte e construiu reputa\u00e7\u00e3o como gestor de vesti\u00e1rio. A pr\u00f3pria CBF acredita que o italiano tem \u201cpersonalidade e curr\u00edculo para enfrentar qualquer jogador, quando necess\u00e1rio\u201d, conforme destacou R\u00edmoli.<\/p>\n\n\n\n<p>Ali\u00e1s, a chegada de Ancelotti ao comando t\u00e9cnico marca o rompimento definitivo com as tentativas anteriores de manuten\u00e7\u00e3o de treinadores nacionais. A escolha de um nome estrangeiro com amplo reconhecimento internacional simboliza uma guinada pragm\u00e1tica na gest\u00e3o da Sele\u00e7\u00e3o, movida por repetidos fracassos e pelo desgaste interno com alternativas anteriores, como Fernando Diniz e Dorival J\u00fanior.<\/p>\n","protected":false},"excerpt":{"rendered":"<p>Carlo Ancelotti, rec\u00e9m-anunciado como comandante da Sele\u00e7\u00e3o Brasileira, foi diretamente aconselhado por uma coluna do UOL Esporte a ouvir o podcast documental sobre Neymar, produzido por Pedro Lopes, Thiago Arantes e Juca Kfouri. O alerta, assinado por Danilo Lavieri, n\u00e3o apenas recomenda o conte\u00fado, mas afirma que o material \u00e9 essencial para compreender os desafios [&hellip;]<\/p>\n","protected":false},"author":30,"featured_media":119629,"comment_status":"open","ping_status":"closed","sticky":false,"template":"","format":"standard","meta":{"footnotes":""},"categories":[478,477],"tags":[],"class_list":["post-263698","post","type-post","status-publish","format-standard","has-post-thumbnail","hentry","category-brasil","category-selecoes"],"yoast_head":"<!-- This site is optimized with the Yoast SEO Premium plugin v24.2 (Yoast SEO v26.9) - https:\/\/yoast.com\/product\/yoast-seo-premium-wordpress\/ -->\n<title>Jornalista d\u00e1 conselho a Ancelotti sobre Neymar na Sele\u00e7\u00e3o Brasileira<\/title>\n<meta name=\"robots\" content=\"index, follow, max-snippet:-1, max-image-preview:large, max-video-preview:-1\" \/>\n<link rel=\"canonical\" href=\"https:\/\/www.gaveanews.com\/index.php\/2025\/05\/14\/jornalista-da-conselho-a-ancelotti-sobre-neymar-na-selecao-brasileira\/\" \/>\n<meta property=\"og:locale\" content=\"pt_BR\" \/>\n<meta property=\"og:type\" content=\"article\" \/>\n<meta property=\"og:title\" content=\"Jornalista d\u00e1 conselho a Ancelotti sobre Neymar na Sele\u00e7\u00e3o Brasileira\" \/>\n<meta property=\"og:description\" content=\"Carlo Ancelotti, rec\u00e9m-anunciado como comandante da Sele\u00e7\u00e3o Brasileira, foi diretamente aconselhado por uma coluna do UOL Esporte a ouvir o podcast documental sobre Neymar, produzido por Pedro Lopes, Thiago Arantes e Juca Kfouri. O alerta, assinado por Danilo Lavieri, n\u00e3o apenas recomenda o conte\u00fado, mas afirma que o material \u00e9 essencial para compreender os desafios [&hellip;]\" \/>\n<meta property=\"og:url\" content=\"https:\/\/www.gaveanews.com\/index.php\/2025\/05\/14\/jornalista-da-conselho-a-ancelotti-sobre-neymar-na-selecao-brasileira\/\" \/>\n<meta property=\"og:site_name\" content=\"G\u00e1vea News\" \/>\n<meta property=\"article:publisher\" content=\"https:\/\/facebook.com\/gaveaNews\/\" \/>\n<meta property=\"article:published_time\" content=\"2025-05-14T21:15:00+00:00\" \/>\n<meta property=\"og:image\" content=\"https:\/\/www.gaveanews.com\/wp-content\/uploads\/2023-04-29t184531z-1598421574-up1ej4t1g3tth-rtrmadp-3-soccer-spain-mad-uda-report.webp\" \/>\n\t<meta property=\"og:image:width\" content=\"984\" \/>\n\t<meta property=\"og:image:height\" content=\"678\" \/>\n\t<meta property=\"og:image:type\" content=\"image\/webp\" \/>\n<meta name=\"author\" content=\"Ana Teixeira\" \/>\n<meta name=\"twitter:card\" content=\"summary_large_image\" \/>\n<meta name=\"twitter:label1\" content=\"Escrito por\" \/>\n\t<meta name=\"twitter:data1\" content=\"Ana Teixeira\" \/>\n\t<meta name=\"twitter:label2\" content=\"Est. tempo de leitura\" \/>\n\t<meta name=\"twitter:data2\" content=\"3 minutos\" \/>\n<script type=\"application\/ld+json\" class=\"yoast-schema-graph\">{\"@context\":\"https:\/\/schema.org\",\"@graph\":[{\"@type\":\"NewsArticle\",\"@id\":\"https:\/\/www.gaveanews.com\/index.php\/2025\/05\/14\/jornalista-da-conselho-a-ancelotti-sobre-neymar-na-selecao-brasileira\/#article\",\"isPartOf\":{\"@id\":\"https:\/\/www.gaveanews.com\/index.php\/2025\/05\/14\/jornalista-da-conselho-a-ancelotti-sobre-neymar-na-selecao-brasileira\/\"},\"author\":{\"name\":\"Ana Teixeira\",\"@id\":\"https:\/\/www.gaveanews.com\/#\/schema\/person\/3b19f7288b0ce20372991275e4f2e6c2\"},\"headline\":\"Jornalista d\u00e1 conselho a Ancelotti sobre Neymar na Sele\u00e7\u00e3o Brasileira\",\"datePublished\":\"2025-05-14T21:15:00+00:00\",\"mainEntityOfPage\":{\"@id\":\"https:\/\/www.gaveanews.com\/index.php\/2025\/05\/14\/jornalista-da-conselho-a-ancelotti-sobre-neymar-na-selecao-brasileira\/\"},\"wordCount\":559,\"commentCount\":0,\"image\":{\"@id\":\"https:\/\/www.gaveanews.com\/index.php\/2025\/05\/14\/jornalista-da-conselho-a-ancelotti-sobre-neymar-na-selecao-brasileira\/#primaryimage\"},\"thumbnailUrl\":\"https:\/\/www.gaveanews.com\/wp-content\/uploads\/2023-04-29t184531z-1598421574-up1ej4t1g3tth-rtrmadp-3-soccer-spain-mad-uda-report.webp\",\"articleSection\":[\"Brasil\",\"Sele\u00e7\u00f5es\"],\"inLanguage\":\"pt-BR\",\"potentialAction\":[{\"@type\":\"CommentAction\",\"name\":\"Comment\",\"target\":[\"https:\/\/www.gaveanews.com\/index.php\/2025\/05\/14\/jornalista-da-conselho-a-ancelotti-sobre-neymar-na-selecao-brasileira\/#respond\"]}],\"copyrightYear\":\"2025\",\"copyrightHolder\":{\"@id\":\"https:\/\/www.gaveanews.com\/#organization\"}},{\"@type\":\"WebPage\",\"@id\":\"https:\/\/www.gaveanews.com\/index.php\/2025\/05\/14\/jornalista-da-conselho-a-ancelotti-sobre-neymar-na-selecao-brasileira\/\",\"url\":\"https:\/\/www.gaveanews.com\/index.php\/2025\/05\/14\/jornalista-da-conselho-a-ancelotti-sobre-neymar-na-selecao-brasileira\/\",\"name\":\"Jornalista d\u00e1 conselho a Ancelotti sobre Neymar na Sele\u00e7\u00e3o Brasileira\",\"isPartOf\":{\"@id\":\"https:\/\/www.gaveanews.com\/#website\"},\"primaryImageOfPage\":{\"@id\":\"https:\/\/www.gaveanews.com\/index.php\/2025\/05\/14\/jornalista-da-conselho-a-ancelotti-sobre-neymar-na-selecao-brasileira\/#primaryimage\"},\"image\":{\"@id\":\"https:\/\/www.gaveanews.com\/index.php\/2025\/05\/14\/jornalista-da-conselho-a-ancelotti-sobre-neymar-na-selecao-brasileira\/#primaryimage\"},\"thumbnailUrl\":\"https:\/\/www.gaveanews.com\/wp-content\/uploads\/2023-04-29t184531z-1598421574-up1ej4t1g3tth-rtrmadp-3-soccer-spain-mad-uda-report.webp\",\"datePublished\":\"2025-05-14T21:15:00+00:00\",\"author\":{\"@id\":\"https:\/\/www.gaveanews.com\/#\/schema\/person\/3b19f7288b0ce20372991275e4f2e6c2\"},\"breadcrumb\":{\"@id\":\"https:\/\/www.gaveanews.com\/index.php\/2025\/05\/14\/jornalista-da-conselho-a-ancelotti-sobre-neymar-na-selecao-brasileira\/#breadcrumb\"},\"inLanguage\":\"pt-BR\",\"potentialAction\":[{\"@type\":\"ReadAction\",\"target\":[\"https:\/\/www.gaveanews.com\/index.php\/2025\/05\/14\/jornalista-da-conselho-a-ancelotti-sobre-neymar-na-selecao-brasileira\/\"]}]},{\"@type\":\"ImageObject\",\"inLanguage\":\"pt-BR\",\"@id\":\"https:\/\/www.gaveanews.com\/index.php\/2025\/05\/14\/jornalista-da-conselho-a-ancelotti-sobre-neymar-na-selecao-brasileira\/#primaryimage\",\"url\":\"https:\/\/www.gaveanews.com\/wp-content\/uploads\/2023-04-29t184531z-1598421574-up1ej4t1g3tth-rtrmadp-3-soccer-spain-mad-uda-report.webp\",\"contentUrl\":\"https:\/\/www.gaveanews.com\/wp-content\/uploads\/2023-04-29t184531z-1598421574-up1ej4t1g3tth-rtrmadp-3-soccer-spain-mad-uda-report.webp\",\"width\":984,\"height\":678,\"caption\":\"Carlo Ancelotti, t\u00e9cnico do Real Madrid (Foto: Reuters)\"},{\"@type\":\"BreadcrumbList\",\"@id\":\"https:\/\/www.gaveanews.com\/index.php\/2025\/05\/14\/jornalista-da-conselho-a-ancelotti-sobre-neymar-na-selecao-brasileira\/#breadcrumb\",\"itemListElement\":[{\"@type\":\"ListItem\",\"position\":1,\"name\":\"Home\",\"item\":\"https:\/\/www.gaveanews.com\/\"},{\"@type\":\"ListItem\",\"position\":2,\"name\":\"Jornalista d\u00e1 conselho a Ancelotti sobre Neymar na Sele\u00e7\u00e3o Brasileira\"}]},{\"@type\":\"WebSite\",\"@id\":\"https:\/\/www.gaveanews.com\/#website\",\"url\":\"https:\/\/www.gaveanews.com\/\",\"name\":\"G\u00e1vea News\",\"description\":\"Veja todas as not\u00edcias sobre o Flamengo: Contrata\u00e7\u00f5es, categorias de base, resultados das partidas, tabela de classifica\u00e7\u00e3o, pr\u00f3ximos jogos!\",\"potentialAction\":[{\"@type\":\"SearchAction\",\"target\":{\"@type\":\"EntryPoint\",\"urlTemplate\":\"https:\/\/www.gaveanews.com\/?s={search_term_string}\"},\"query-input\":{\"@type\":\"PropertyValueSpecification\",\"valueRequired\":true,\"valueName\":\"search_term_string\"}}],\"inLanguage\":\"pt-BR\"},{\"@type\":\"Person\",\"@id\":\"https:\/\/www.gaveanews.com\/#\/schema\/person\/3b19f7288b0ce20372991275e4f2e6c2\",\"name\":\"Ana Teixeira\",\"image\":{\"@type\":\"ImageObject\",\"inLanguage\":\"pt-BR\",\"@id\":\"https:\/\/www.gaveanews.com\/#\/schema\/person\/image\/\",\"url\":\"https:\/\/secure.gravatar.com\/avatar\/0a73f5a5258f3fed37fc2fa641892f3f7a4748456d4d4792f9bc550e6c19e06c?s=96&d=mm&r=g\",\"contentUrl\":\"https:\/\/secure.gravatar.com\/avatar\/0a73f5a5258f3fed37fc2fa641892f3f7a4748456d4d4792f9bc550e6c19e06c?s=96&d=mm&r=g\",\"caption\":\"Ana Teixeira\"}}]}<\/script>\n<!-- \/ Yoast SEO Premium plugin. -->","yoast_head_json":{"title":"Jornalista d\u00e1 conselho a Ancelotti sobre Neymar na Sele\u00e7\u00e3o Brasileira","robots":{"index":"index","follow":"follow","max-snippet":"max-snippet:-1","max-image-preview":"max-image-preview:large","max-video-preview":"max-video-preview:-1"},"canonical":"https:\/\/www.gaveanews.com\/index.php\/2025\/05\/14\/jornalista-da-conselho-a-ancelotti-sobre-neymar-na-selecao-brasileira\/","og_locale":"pt_BR","og_type":"article","og_title":"Jornalista d\u00e1 conselho a Ancelotti sobre Neymar na Sele\u00e7\u00e3o Brasileira","og_description":"Carlo Ancelotti, rec\u00e9m-anunciado como comandante da Sele\u00e7\u00e3o Brasileira, foi diretamente aconselhado por uma coluna do UOL Esporte a ouvir o podcast documental sobre Neymar, produzido por Pedro Lopes, Thiago Arantes e Juca Kfouri. O alerta, assinado por Danilo Lavieri, n\u00e3o apenas recomenda o conte\u00fado, mas afirma que o material \u00e9 essencial para compreender os desafios [&hellip;]","og_url":"https:\/\/www.gaveanews.com\/index.php\/2025\/05\/14\/jornalista-da-conselho-a-ancelotti-sobre-neymar-na-selecao-brasileira\/","og_site_name":"G\u00e1vea News","article_publisher":"https:\/\/facebook.com\/gaveaNews\/","article_published_time":"2025-05-14T21:15:00+00:00","og_image":[{"width":984,"height":678,"url":"https:\/\/www.gaveanews.com\/wp-content\/uploads\/2023-04-29t184531z-1598421574-up1ej4t1g3tth-rtrmadp-3-soccer-spain-mad-uda-report.webp","type":"image\/webp"}],"author":"Ana Teixeira","twitter_card":"summary_large_image","twitter_misc":{"Escrito por":"Ana Teixeira","Est. tempo de leitura":"3 minutos"},"schema":{"@context":"https:\/\/schema.org","@graph":[{"@type":"NewsArticle","@id":"https:\/\/www.gaveanews.com\/index.php\/2025\/05\/14\/jornalista-da-conselho-a-ancelotti-sobre-neymar-na-selecao-brasileira\/#article","isPartOf":{"@id":"https:\/\/www.gaveanews.com\/index.php\/2025\/05\/14\/jornalista-da-conselho-a-ancelotti-sobre-neymar-na-selecao-brasileira\/"},"author":{"name":"Ana Teixeira","@id":"https:\/\/www.gaveanews.com\/#\/schema\/person\/3b19f7288b0ce20372991275e4f2e6c2"},"headline":"Jornalista d\u00e1 conselho a Ancelotti sobre Neymar na Sele\u00e7\u00e3o Brasileira","datePublished":"2025-05-14T21:15:00+00:00","mainEntityOfPage":{"@id":"https:\/\/www.gaveanews.com\/index.php\/2025\/05\/14\/jornalista-da-conselho-a-ancelotti-sobre-neymar-na-selecao-brasileira\/"},"wordCount":559,"commentCount":0,"image":{"@id":"https:\/\/www.gaveanews.com\/index.php\/2025\/05\/14\/jornalista-da-conselho-a-ancelotti-sobre-neymar-na-selecao-brasileira\/#primaryimage"},"thumbnailUrl":"https:\/\/www.gaveanews.com\/wp-content\/uploads\/2023-04-29t184531z-1598421574-up1ej4t1g3tth-rtrmadp-3-soccer-spain-mad-uda-report.webp","articleSection":["Brasil","Sele\u00e7\u00f5es"],"inLanguage":"pt-BR","potentialAction":[{"@type":"CommentAction","name":"Comment","target":["https:\/\/www.gaveanews.com\/index.php\/2025\/05\/14\/jornalista-da-conselho-a-ancelotti-sobre-neymar-na-selecao-brasileira\/#respond"]}],"copyrightYear":"2025","copyrightHolder":{"@id":"https:\/\/www.gaveanews.com\/#organization"}},{"@type":"WebPage","@id":"https:\/\/www.gaveanews.com\/index.php\/2025\/05\/14\/jornalista-da-conselho-a-ancelotti-sobre-neymar-na-selecao-brasileira\/","url":"https:\/\/www.gaveanews.com\/index.php\/2025\/05\/14\/jornalista-da-conselho-a-ancelotti-sobre-neymar-na-selecao-brasileira\/","name":"Jornalista d\u00e1 conselho a Ancelotti sobre Neymar na Sele\u00e7\u00e3o Brasileira","isPartOf":{"@id":"https:\/\/www.gaveanews.com\/#website"},"primaryImageOfPage":{"@id":"https:\/\/www.gaveanews.com\/index.php\/2025\/05\/14\/jornalista-da-conselho-a-ancelotti-sobre-neymar-na-selecao-brasileira\/#primaryimage"},"image":{"@id":"https:\/\/www.gaveanews.com\/index.php\/2025\/05\/14\/jornalista-da-conselho-a-ancelotti-sobre-neymar-na-selecao-brasileira\/#primaryimage"},"thumbnailUrl":"https:\/\/www.gaveanews.com\/wp-content\/uploads\/2023-04-29t184531z-1598421574-up1ej4t1g3tth-rtrmadp-3-soccer-spain-mad-uda-report.webp","datePublished":"2025-05-14T21:15:00+00:00","author":{"@id":"https:\/\/www.gaveanews.com\/#\/schema\/person\/3b19f7288b0ce20372991275e4f2e6c2"},"breadcrumb":{"@id":"https:\/\/www.gaveanews.com\/index.php\/2025\/05\/14\/jornalista-da-conselho-a-ancelotti-sobre-neymar-na-selecao-brasileira\/#breadcrumb"},"inLanguage":"pt-BR","potentialAction":[{"@type":"ReadAction","target":["https:\/\/www.gaveanews.com\/index.php\/2025\/05\/14\/jornalista-da-conselho-a-ancelotti-sobre-neymar-na-selecao-brasileira\/"]}]},{"@type":"ImageObject","inLanguage":"pt-BR","@id":"https:\/\/www.gaveanews.com\/index.php\/2025\/05\/14\/jornalista-da-conselho-a-ancelotti-sobre-neymar-na-selecao-brasileira\/#primaryimage","url":"https:\/\/www.gaveanews.com\/wp-content\/uploads\/2023-04-29t184531z-1598421574-up1ej4t1g3tth-rtrmadp-3-soccer-spain-mad-uda-report.webp","contentUrl":"https:\/\/www.gaveanews.com\/wp-content\/uploads\/2023-04-29t184531z-1598421574-up1ej4t1g3tth-rtrmadp-3-soccer-spain-mad-uda-report.webp","width":984,"height":678,"caption":"Carlo Ancelotti, t\u00e9cnico do Real Madrid (Foto: Reuters)"},{"@type":"BreadcrumbList","@id":"https:\/\/www.gaveanews.com\/index.php\/2025\/05\/14\/jornalista-da-conselho-a-ancelotti-sobre-neymar-na-selecao-brasileira\/#breadcrumb","itemListElement":[{"@type":"ListItem","position":1,"name":"Home","item":"https:\/\/www.gaveanews.com\/"},{"@type":"ListItem","position":2,"name":"Jornalista d\u00e1 conselho a Ancelotti sobre Neymar na Sele\u00e7\u00e3o Brasileira"}]},{"@type":"WebSite","@id":"https:\/\/www.gaveanews.com\/#website","url":"https:\/\/www.gaveanews.com\/","name":"G\u00e1vea News","description":"Veja todas as not\u00edcias sobre o Flamengo: Contrata\u00e7\u00f5es, categorias de base, resultados das partidas, tabela de classifica\u00e7\u00e3o, pr\u00f3ximos jogos!","potentialAction":[{"@type":"SearchAction","target":{"@type":"EntryPoint","urlTemplate":"https:\/\/www.gaveanews.com\/?s={search_term_string}"},"query-input":{"@type":"PropertyValueSpecification","valueRequired":true,"valueName":"search_term_string"}}],"inLanguage":"pt-BR"},{"@type":"Person","@id":"https:\/\/www.gaveanews.com\/#\/schema\/person\/3b19f7288b0ce20372991275e4f2e6c2","name":"Ana Teixeira","image":{"@type":"ImageObject","inLanguage":"pt-BR","@id":"https:\/\/www.gaveanews.com\/#\/schema\/person\/image\/","url":"https:\/\/secure.gravatar.com\/avatar\/0a73f5a5258f3fed37fc2fa641892f3f7a4748456d4d4792f9bc550e6c19e06c?s=96&d=mm&r=g","contentUrl":"https:\/\/secure.gravatar.com\/avatar\/0a73f5a5258f3fed37fc2fa641892f3f7a4748456d4d4792f9bc550e6c19e06c?s=96&d=mm&r=g","caption":"Ana Teixeira"}}]}},"_links":{"self":[{"href":"https:\/\/www.gaveanews.com\/index.php\/wp-json\/wp\/v2\/posts\/263698","targetHints":{"allow":["GET"]}}],"collection":[{"href":"https:\/\/www.gaveanews.com\/index.php\/wp-json\/wp\/v2\/posts"}],"about":[{"href":"https:\/\/www.gaveanews.com\/index.php\/wp-json\/wp\/v2\/types\/post"}],"author":[{"embeddable":true,"href":"https:\/\/www.gaveanews.com\/index.php\/wp-json\/wp\/v2\/users\/30"}],"replies":[{"embeddable":true,"href":"https:\/\/www.gaveanews.com\/index.php\/wp-json\/wp\/v2\/comments?post=263698"}],"version-history":[{"count":1,"href":"https:\/\/www.gaveanews.com\/index.php\/wp-json\/wp\/v2\/posts\/263698\/revisions"}],"predecessor-version":[{"id":263727,"href":"https:\/\/www.gaveanews.com\/index.php\/wp-json\/wp\/v2\/posts\/263698\/revisions\/263727"}],"wp:featuredmedia":[{"embeddable":true,"href":"https:\/\/www.gaveanews.com\/index.php\/wp-json\/wp\/v2\/media\/119629"}],"wp:attachment":[{"href":"https:\/\/www.gaveanews.com\/index.php\/wp-json\/wp\/v2\/media?parent=263698"}],"wp:term":[{"taxonomy":"category","embeddable":true,"href":"https:\/\/www.gaveanews.com\/index.php\/wp-json\/wp\/v2\/categories?post=263698"},{"taxonomy":"post_tag","embeddable":true,"href":"https:\/\/www.gaveanews.com\/index.php\/wp-json\/wp\/v2\/tags?post=263698"}],"curies":[{"name":"wp","href":"https:\/\/api.w.org\/{rel}","templated":true}]}}