{"id":263719,"date":"2025-05-14T18:20:00","date_gmt":"2025-05-14T21:20:00","guid":{"rendered":"https:\/\/www.gaveanews.com\/?p=263719"},"modified":"2025-05-14T16:24:37","modified_gmt":"2025-05-14T19:24:37","slug":"estrela-do-corinthians-e-convocada-para-selecao-brasileira","status":"publish","type":"post","link":"https:\/\/www.gaveanews.com\/index.php\/2025\/05\/14\/estrela-do-corinthians-e-convocada-para-selecao-brasileira\/","title":{"rendered":"Estrela do Corinthians \u00e9 convocada para Sele\u00e7\u00e3o Brasileira"},"content":{"rendered":"\n<p>Ap\u00f3s meses de desempenho em alta e supera\u00e7\u00e3o dentro de campo, a atacante Jhonson, do Corinthians, recebeu a primeira convoca\u00e7\u00e3o para a Sele\u00e7\u00e3o Brasileira principal. A jovem foi inclu\u00edda na lista de 26 atletas divulgada pelo t\u00e9cnico Arthur Elias para os amistosos contra o Jap\u00e3o, marcados para os dias 30 de maio e 2 de junho, em S\u00e3o Paulo.&nbsp;<\/p>\n\n\n\n<p>As partidas fazem parte do processo de prepara\u00e7\u00e3o da equipe para a Copa Am\u00e9rica Feminina, que ser\u00e1 disputada em julho, no Equador.<\/p>\n\n\n\n<h2 class=\"wp-block-heading\" id=\"h-uma-convocacao-que-coroa-a-fase-artilheira\">Uma convoca\u00e7\u00e3o que coroa a fase artilheira<\/h2>\n\n\n\n<p>A presen\u00e7a de Jhonson na lista \u00e9 simb\u00f3lica e promissora. Isso porque a atleta superou uma sequ\u00eancia de les\u00f5es que frearam seu in\u00edcio de trajet\u00f3ria no futebol profissional. Agora, recuperada e confiante, ela se destaca com seis gols marcados em 12 jogos pelo Corinthians, cinco deles anotados nas \u00faltimas seis partidas, o que evidencia sua crescente evolu\u00e7\u00e3o t\u00e9cnica e f\u00edsica.<\/p>\n\n\n\n<p>Al\u00e9m disso, a atacante refor\u00e7a a forte presen\u00e7a corinthiana na Sele\u00e7\u00e3o, juntando-se \u00e0s zagueiras Mariza e Thais Ferreira e \u00e0s meio-campistas Yaya e Duda Sampaio.&nbsp;<\/p>\n\n\n\n<p>Vale destacar que esta \u00e9 a \u00faltima convoca\u00e7\u00e3o antes da chamada final para a Copa Am\u00e9rica, sendo assim, o desempenho nas duas partidas ser\u00e1 decisivo para definir quem defender\u00e1 o Brasil no torneio continental.<\/p>\n\n\n\n<figure class=\"wp-block-embed is-type-photo is-provider-flickr wp-block-embed-flickr\"><div class=\"wp-block-embed__wrapper\">\n<a href=\"https:\/\/flic.kr\/p\/2r4JPgk\"><img loading=\"lazy\" decoding=\"async\" src=\"https:\/\/live.staticflickr.com\/65535\/54519914933_ce39b87621_z.jpg\" alt=\"jhonson_durante_aquecimento_do_corinthians_8uqs\" width=\"640\" height=\"482\" \/><\/a>\n<\/div><\/figure>\n\n\n\n<h2 class=\"wp-block-heading\" id=\"h-confianca-do-tecnico-arthur-elias\">Confian\u00e7a do t\u00e9cnico Arthur Elias<\/h2>\n\n\n\n<p>Arthur Elias, que j\u00e1 trabalhou com Jhonson no Corinthians, explicou os motivos da convoca\u00e7\u00e3o:<br>\u201cTodos n\u00f3s criamos uma expectativa muito grande em rela\u00e7\u00e3o \u00e0 Jhonson, desde a Sele\u00e7\u00e3o Sub-17. Ela teve momentos dif\u00edceis, uma sequ\u00eancia de les\u00f5es, mas agora est\u00e1 saud\u00e1vel e bem preparada pelo Corinthians (\u2026)\u201d, afirmou o treinador.<\/p>\n\n\n\n<p>Com isso, Jhonson ter\u00e1 a chance de mostrar seu valor em um novo cen\u00e1rio, e, caso mantenha o bom rendimento, poder\u00e1 consolidar sua presen\u00e7a na Sele\u00e7\u00e3o a longo prazo. Portanto, os pr\u00f3ximos amistosos ser\u00e3o a porta de entrada para um novo patamar em sua carreira.<\/p>\n","protected":false},"excerpt":{"rendered":"<p>Ap\u00f3s meses de desempenho em alta e supera\u00e7\u00e3o dentro de campo, a atacante Jhonson, do Corinthians, recebeu a primeira convoca\u00e7\u00e3o para a Sele\u00e7\u00e3o Brasileira principal. A jovem foi inclu\u00edda na lista de 26 atletas divulgada pelo t\u00e9cnico Arthur Elias para os amistosos contra o Jap\u00e3o, marcados para os dias 30 de maio e 2 de [&hellip;]<\/p>\n","protected":false},"author":24,"featured_media":154473,"comment_status":"open","ping_status":"closed","sticky":false,"template":"","format":"standard","meta":{"footnotes":""},"categories":[141],"tags":[],"class_list":["post-263719","post","type-post","status-publish","format-standard","has-post-thumbnail","hentry","category-corinthians"],"yoast_head":"<!-- This site is optimized with the Yoast SEO Premium plugin v24.2 (Yoast SEO v26.9) - https:\/\/yoast.com\/product\/yoast-seo-premium-wordpress\/ -->\n<title>Estrela do Corinthians \u00e9 convocada para Sele\u00e7\u00e3o Brasileira<\/title>\n<meta name=\"robots\" content=\"index, follow, max-snippet:-1, max-image-preview:large, max-video-preview:-1\" \/>\n<link rel=\"canonical\" href=\"https:\/\/www.gaveanews.com\/index.php\/2025\/05\/14\/estrela-do-corinthians-e-convocada-para-selecao-brasileira\/\" \/>\n<meta property=\"og:locale\" content=\"pt_BR\" \/>\n<meta property=\"og:type\" content=\"article\" \/>\n<meta property=\"og:title\" content=\"Estrela do Corinthians \u00e9 convocada para Sele\u00e7\u00e3o Brasileira\" \/>\n<meta property=\"og:description\" content=\"Ap\u00f3s meses de desempenho em alta e supera\u00e7\u00e3o dentro de campo, a atacante Jhonson, do Corinthians, recebeu a primeira convoca\u00e7\u00e3o para a Sele\u00e7\u00e3o Brasileira principal. A jovem foi inclu\u00edda na lista de 26 atletas divulgada pelo t\u00e9cnico Arthur Elias para os amistosos contra o Jap\u00e3o, marcados para os dias 30 de maio e 2 de [&hellip;]\" \/>\n<meta property=\"og:url\" content=\"https:\/\/www.gaveanews.com\/index.php\/2025\/05\/14\/estrela-do-corinthians-e-convocada-para-selecao-brasileira\/\" \/>\n<meta property=\"og:site_name\" content=\"G\u00e1vea News\" \/>\n<meta property=\"article:publisher\" content=\"https:\/\/facebook.com\/gaveaNews\/\" \/>\n<meta property=\"article:published_time\" content=\"2025-05-14T21:20:00+00:00\" \/>\n<meta property=\"og:image\" content=\"https:\/\/www.gaveanews.com\/wp-content\/uploads\/Escudo-do-Corinthians-na-Neo-Quimica-Arena.webp\" \/>\n\t<meta property=\"og:image:width\" content=\"1440\" \/>\n\t<meta property=\"og:image:height\" content=\"959\" \/>\n\t<meta property=\"og:image:type\" content=\"image\/jpeg\" \/>\n<meta name=\"author\" content=\"Leandro Cardoso\" \/>\n<meta name=\"twitter:card\" content=\"summary_large_image\" \/>\n<meta name=\"twitter:label1\" content=\"Escrito por\" \/>\n\t<meta name=\"twitter:data1\" content=\"Leandro Cardoso\" \/>\n\t<meta name=\"twitter:label2\" content=\"Est. tempo de leitura\" \/>\n\t<meta name=\"twitter:data2\" content=\"2 minutos\" \/>\n<script type=\"application\/ld+json\" class=\"yoast-schema-graph\">{\"@context\":\"https:\/\/schema.org\",\"@graph\":[{\"@type\":\"NewsArticle\",\"@id\":\"https:\/\/www.gaveanews.com\/index.php\/2025\/05\/14\/estrela-do-corinthians-e-convocada-para-selecao-brasileira\/#article\",\"isPartOf\":{\"@id\":\"https:\/\/www.gaveanews.com\/index.php\/2025\/05\/14\/estrela-do-corinthians-e-convocada-para-selecao-brasileira\/\"},\"author\":{\"name\":\"Leandro Cardoso\",\"@id\":\"https:\/\/www.gaveanews.com\/#\/schema\/person\/2424ec6409bc3f068411fc5e4e9b6168\"},\"headline\":\"Estrela do Corinthians \u00e9 convocada para Sele\u00e7\u00e3o Brasileira\",\"datePublished\":\"2025-05-14T21:20:00+00:00\",\"mainEntityOfPage\":{\"@id\":\"https:\/\/www.gaveanews.com\/index.php\/2025\/05\/14\/estrela-do-corinthians-e-convocada-para-selecao-brasileira\/\"},\"wordCount\":356,\"commentCount\":0,\"image\":{\"@id\":\"https:\/\/www.gaveanews.com\/index.php\/2025\/05\/14\/estrela-do-corinthians-e-convocada-para-selecao-brasileira\/#primaryimage\"},\"thumbnailUrl\":\"https:\/\/www.gaveanews.com\/wp-content\/uploads\/Escudo-do-Corinthians-na-Neo-Quimica-Arena.webp\",\"articleSection\":[\"Corinthians\"],\"inLanguage\":\"pt-BR\",\"potentialAction\":[{\"@type\":\"CommentAction\",\"name\":\"Comment\",\"target\":[\"https:\/\/www.gaveanews.com\/index.php\/2025\/05\/14\/estrela-do-corinthians-e-convocada-para-selecao-brasileira\/#respond\"]}],\"copyrightYear\":\"2025\",\"copyrightHolder\":{\"@id\":\"https:\/\/www.gaveanews.com\/#organization\"}},{\"@type\":\"WebPage\",\"@id\":\"https:\/\/www.gaveanews.com\/index.php\/2025\/05\/14\/estrela-do-corinthians-e-convocada-para-selecao-brasileira\/\",\"url\":\"https:\/\/www.gaveanews.com\/index.php\/2025\/05\/14\/estrela-do-corinthians-e-convocada-para-selecao-brasileira\/\",\"name\":\"Estrela do Corinthians \u00e9 convocada para Sele\u00e7\u00e3o Brasileira\",\"isPartOf\":{\"@id\":\"https:\/\/www.gaveanews.com\/#website\"},\"primaryImageOfPage\":{\"@id\":\"https:\/\/www.gaveanews.com\/index.php\/2025\/05\/14\/estrela-do-corinthians-e-convocada-para-selecao-brasileira\/#primaryimage\"},\"image\":{\"@id\":\"https:\/\/www.gaveanews.com\/index.php\/2025\/05\/14\/estrela-do-corinthians-e-convocada-para-selecao-brasileira\/#primaryimage\"},\"thumbnailUrl\":\"https:\/\/www.gaveanews.com\/wp-content\/uploads\/Escudo-do-Corinthians-na-Neo-Quimica-Arena.webp\",\"datePublished\":\"2025-05-14T21:20:00+00:00\",\"author\":{\"@id\":\"https:\/\/www.gaveanews.com\/#\/schema\/person\/2424ec6409bc3f068411fc5e4e9b6168\"},\"breadcrumb\":{\"@id\":\"https:\/\/www.gaveanews.com\/index.php\/2025\/05\/14\/estrela-do-corinthians-e-convocada-para-selecao-brasileira\/#breadcrumb\"},\"inLanguage\":\"pt-BR\",\"potentialAction\":[{\"@type\":\"ReadAction\",\"target\":[\"https:\/\/www.gaveanews.com\/index.php\/2025\/05\/14\/estrela-do-corinthians-e-convocada-para-selecao-brasileira\/\"]}]},{\"@type\":\"ImageObject\",\"inLanguage\":\"pt-BR\",\"@id\":\"https:\/\/www.gaveanews.com\/index.php\/2025\/05\/14\/estrela-do-corinthians-e-convocada-para-selecao-brasileira\/#primaryimage\",\"url\":\"https:\/\/www.gaveanews.com\/wp-content\/uploads\/Escudo-do-Corinthians-na-Neo-Quimica-Arena.webp\",\"contentUrl\":\"https:\/\/www.gaveanews.com\/wp-content\/uploads\/Escudo-do-Corinthians-na-Neo-Quimica-Arena.webp\",\"width\":1440,\"height\":959,\"caption\":\"Escudo do Corinthians na N\u00e9o Qu\u00edmica Arena (Foto Reprodu\u00e7\u00e3o\/Instagram)\"},{\"@type\":\"BreadcrumbList\",\"@id\":\"https:\/\/www.gaveanews.com\/index.php\/2025\/05\/14\/estrela-do-corinthians-e-convocada-para-selecao-brasileira\/#breadcrumb\",\"itemListElement\":[{\"@type\":\"ListItem\",\"position\":1,\"name\":\"Home\",\"item\":\"https:\/\/www.gaveanews.com\/\"},{\"@type\":\"ListItem\",\"position\":2,\"name\":\"Estrela do Corinthians \u00e9 convocada para Sele\u00e7\u00e3o Brasileira\"}]},{\"@type\":\"WebSite\",\"@id\":\"https:\/\/www.gaveanews.com\/#website\",\"url\":\"https:\/\/www.gaveanews.com\/\",\"name\":\"G\u00e1vea News\",\"description\":\"Veja todas as not\u00edcias sobre o Flamengo: Contrata\u00e7\u00f5es, categorias de base, resultados das partidas, tabela de classifica\u00e7\u00e3o, pr\u00f3ximos jogos!\",\"potentialAction\":[{\"@type\":\"SearchAction\",\"target\":{\"@type\":\"EntryPoint\",\"urlTemplate\":\"https:\/\/www.gaveanews.com\/?s={search_term_string}\"},\"query-input\":{\"@type\":\"PropertyValueSpecification\",\"valueRequired\":true,\"valueName\":\"search_term_string\"}}],\"inLanguage\":\"pt-BR\"},{\"@type\":\"Person\",\"@id\":\"https:\/\/www.gaveanews.com\/#\/schema\/person\/2424ec6409bc3f068411fc5e4e9b6168\",\"name\":\"Leandro Cardoso\",\"image\":{\"@type\":\"ImageObject\",\"inLanguage\":\"pt-BR\",\"@id\":\"https:\/\/www.gaveanews.com\/#\/schema\/person\/image\/\",\"url\":\"https:\/\/secure.gravatar.com\/avatar\/8ca179f9b55eefe9f376f5493ef25475bfa59fbc28ce937f6076ce20e523098f?s=96&d=mm&r=g\",\"contentUrl\":\"https:\/\/secure.gravatar.com\/avatar\/8ca179f9b55eefe9f376f5493ef25475bfa59fbc28ce937f6076ce20e523098f?s=96&d=mm&r=g\",\"caption\":\"Leandro Cardoso\"}}]}<\/script>\n<!-- \/ Yoast SEO Premium plugin. -->","yoast_head_json":{"title":"Estrela do Corinthians \u00e9 convocada para Sele\u00e7\u00e3o Brasileira","robots":{"index":"index","follow":"follow","max-snippet":"max-snippet:-1","max-image-preview":"max-image-preview:large","max-video-preview":"max-video-preview:-1"},"canonical":"https:\/\/www.gaveanews.com\/index.php\/2025\/05\/14\/estrela-do-corinthians-e-convocada-para-selecao-brasileira\/","og_locale":"pt_BR","og_type":"article","og_title":"Estrela do Corinthians \u00e9 convocada para Sele\u00e7\u00e3o Brasileira","og_description":"Ap\u00f3s meses de desempenho em alta e supera\u00e7\u00e3o dentro de campo, a atacante Jhonson, do Corinthians, recebeu a primeira convoca\u00e7\u00e3o para a Sele\u00e7\u00e3o Brasileira principal. A jovem foi inclu\u00edda na lista de 26 atletas divulgada pelo t\u00e9cnico Arthur Elias para os amistosos contra o Jap\u00e3o, marcados para os dias 30 de maio e 2 de [&hellip;]","og_url":"https:\/\/www.gaveanews.com\/index.php\/2025\/05\/14\/estrela-do-corinthians-e-convocada-para-selecao-brasileira\/","og_site_name":"G\u00e1vea News","article_publisher":"https:\/\/facebook.com\/gaveaNews\/","article_published_time":"2025-05-14T21:20:00+00:00","og_image":[{"width":1440,"height":959,"url":"https:\/\/www.gaveanews.com\/wp-content\/uploads\/Escudo-do-Corinthians-na-Neo-Quimica-Arena.webp","type":"image\/jpeg"}],"author":"Leandro Cardoso","twitter_card":"summary_large_image","twitter_misc":{"Escrito por":"Leandro Cardoso","Est. tempo de leitura":"2 minutos"},"schema":{"@context":"https:\/\/schema.org","@graph":[{"@type":"NewsArticle","@id":"https:\/\/www.gaveanews.com\/index.php\/2025\/05\/14\/estrela-do-corinthians-e-convocada-para-selecao-brasileira\/#article","isPartOf":{"@id":"https:\/\/www.gaveanews.com\/index.php\/2025\/05\/14\/estrela-do-corinthians-e-convocada-para-selecao-brasileira\/"},"author":{"name":"Leandro Cardoso","@id":"https:\/\/www.gaveanews.com\/#\/schema\/person\/2424ec6409bc3f068411fc5e4e9b6168"},"headline":"Estrela do Corinthians \u00e9 convocada para Sele\u00e7\u00e3o Brasileira","datePublished":"2025-05-14T21:20:00+00:00","mainEntityOfPage":{"@id":"https:\/\/www.gaveanews.com\/index.php\/2025\/05\/14\/estrela-do-corinthians-e-convocada-para-selecao-brasileira\/"},"wordCount":356,"commentCount":0,"image":{"@id":"https:\/\/www.gaveanews.com\/index.php\/2025\/05\/14\/estrela-do-corinthians-e-convocada-para-selecao-brasileira\/#primaryimage"},"thumbnailUrl":"https:\/\/www.gaveanews.com\/wp-content\/uploads\/Escudo-do-Corinthians-na-Neo-Quimica-Arena.webp","articleSection":["Corinthians"],"inLanguage":"pt-BR","potentialAction":[{"@type":"CommentAction","name":"Comment","target":["https:\/\/www.gaveanews.com\/index.php\/2025\/05\/14\/estrela-do-corinthians-e-convocada-para-selecao-brasileira\/#respond"]}],"copyrightYear":"2025","copyrightHolder":{"@id":"https:\/\/www.gaveanews.com\/#organization"}},{"@type":"WebPage","@id":"https:\/\/www.gaveanews.com\/index.php\/2025\/05\/14\/estrela-do-corinthians-e-convocada-para-selecao-brasileira\/","url":"https:\/\/www.gaveanews.com\/index.php\/2025\/05\/14\/estrela-do-corinthians-e-convocada-para-selecao-brasileira\/","name":"Estrela do Corinthians \u00e9 convocada para Sele\u00e7\u00e3o Brasileira","isPartOf":{"@id":"https:\/\/www.gaveanews.com\/#website"},"primaryImageOfPage":{"@id":"https:\/\/www.gaveanews.com\/index.php\/2025\/05\/14\/estrela-do-corinthians-e-convocada-para-selecao-brasileira\/#primaryimage"},"image":{"@id":"https:\/\/www.gaveanews.com\/index.php\/2025\/05\/14\/estrela-do-corinthians-e-convocada-para-selecao-brasileira\/#primaryimage"},"thumbnailUrl":"https:\/\/www.gaveanews.com\/wp-content\/uploads\/Escudo-do-Corinthians-na-Neo-Quimica-Arena.webp","datePublished":"2025-05-14T21:20:00+00:00","author":{"@id":"https:\/\/www.gaveanews.com\/#\/schema\/person\/2424ec6409bc3f068411fc5e4e9b6168"},"breadcrumb":{"@id":"https:\/\/www.gaveanews.com\/index.php\/2025\/05\/14\/estrela-do-corinthians-e-convocada-para-selecao-brasileira\/#breadcrumb"},"inLanguage":"pt-BR","potentialAction":[{"@type":"ReadAction","target":["https:\/\/www.gaveanews.com\/index.php\/2025\/05\/14\/estrela-do-corinthians-e-convocada-para-selecao-brasileira\/"]}]},{"@type":"ImageObject","inLanguage":"pt-BR","@id":"https:\/\/www.gaveanews.com\/index.php\/2025\/05\/14\/estrela-do-corinthians-e-convocada-para-selecao-brasileira\/#primaryimage","url":"https:\/\/www.gaveanews.com\/wp-content\/uploads\/Escudo-do-Corinthians-na-Neo-Quimica-Arena.webp","contentUrl":"https:\/\/www.gaveanews.com\/wp-content\/uploads\/Escudo-do-Corinthians-na-Neo-Quimica-Arena.webp","width":1440,"height":959,"caption":"Escudo do Corinthians na N\u00e9o Qu\u00edmica Arena (Foto Reprodu\u00e7\u00e3o\/Instagram)"},{"@type":"BreadcrumbList","@id":"https:\/\/www.gaveanews.com\/index.php\/2025\/05\/14\/estrela-do-corinthians-e-convocada-para-selecao-brasileira\/#breadcrumb","itemListElement":[{"@type":"ListItem","position":1,"name":"Home","item":"https:\/\/www.gaveanews.com\/"},{"@type":"ListItem","position":2,"name":"Estrela do Corinthians \u00e9 convocada para Sele\u00e7\u00e3o Brasileira"}]},{"@type":"WebSite","@id":"https:\/\/www.gaveanews.com\/#website","url":"https:\/\/www.gaveanews.com\/","name":"G\u00e1vea News","description":"Veja todas as not\u00edcias sobre o Flamengo: Contrata\u00e7\u00f5es, categorias de base, resultados das partidas, tabela de classifica\u00e7\u00e3o, pr\u00f3ximos jogos!","potentialAction":[{"@type":"SearchAction","target":{"@type":"EntryPoint","urlTemplate":"https:\/\/www.gaveanews.com\/?s={search_term_string}"},"query-input":{"@type":"PropertyValueSpecification","valueRequired":true,"valueName":"search_term_string"}}],"inLanguage":"pt-BR"},{"@type":"Person","@id":"https:\/\/www.gaveanews.com\/#\/schema\/person\/2424ec6409bc3f068411fc5e4e9b6168","name":"Leandro Cardoso","image":{"@type":"ImageObject","inLanguage":"pt-BR","@id":"https:\/\/www.gaveanews.com\/#\/schema\/person\/image\/","url":"https:\/\/secure.gravatar.com\/avatar\/8ca179f9b55eefe9f376f5493ef25475bfa59fbc28ce937f6076ce20e523098f?s=96&d=mm&r=g","contentUrl":"https:\/\/secure.gravatar.com\/avatar\/8ca179f9b55eefe9f376f5493ef25475bfa59fbc28ce937f6076ce20e523098f?s=96&d=mm&r=g","caption":"Leandro Cardoso"}}]}},"_links":{"self":[{"href":"https:\/\/www.gaveanews.com\/index.php\/wp-json\/wp\/v2\/posts\/263719","targetHints":{"allow":["GET"]}}],"collection":[{"href":"https:\/\/www.gaveanews.com\/index.php\/wp-json\/wp\/v2\/posts"}],"about":[{"href":"https:\/\/www.gaveanews.com\/index.php\/wp-json\/wp\/v2\/types\/post"}],"author":[{"embeddable":true,"href":"https:\/\/www.gaveanews.com\/index.php\/wp-json\/wp\/v2\/users\/24"}],"replies":[{"embeddable":true,"href":"https:\/\/www.gaveanews.com\/index.php\/wp-json\/wp\/v2\/comments?post=263719"}],"version-history":[{"count":1,"href":"https:\/\/www.gaveanews.com\/index.php\/wp-json\/wp\/v2\/posts\/263719\/revisions"}],"predecessor-version":[{"id":263720,"href":"https:\/\/www.gaveanews.com\/index.php\/wp-json\/wp\/v2\/posts\/263719\/revisions\/263720"}],"wp:featuredmedia":[{"embeddable":true,"href":"https:\/\/www.gaveanews.com\/index.php\/wp-json\/wp\/v2\/media\/154473"}],"wp:attachment":[{"href":"https:\/\/www.gaveanews.com\/index.php\/wp-json\/wp\/v2\/media?parent=263719"}],"wp:term":[{"taxonomy":"category","embeddable":true,"href":"https:\/\/www.gaveanews.com\/index.php\/wp-json\/wp\/v2\/categories?post=263719"},{"taxonomy":"post_tag","embeddable":true,"href":"https:\/\/www.gaveanews.com\/index.php\/wp-json\/wp\/v2\/tags?post=263719"}],"curies":[{"name":"wp","href":"https:\/\/api.w.org\/{rel}","templated":true}]}}