{"id":263721,"date":"2025-05-14T18:25:00","date_gmt":"2025-05-14T21:25:00","guid":{"rendered":"https:\/\/www.gaveanews.com\/?p=263721"},"modified":"2025-05-14T16:30:19","modified_gmt":"2025-05-14T19:30:19","slug":"a-declaracao-do-tecnico-da-ldu-antes-de-enfrentar-o-flamengo-obrigacao","status":"publish","type":"post","link":"https:\/\/www.gaveanews.com\/index.php\/2025\/05\/14\/a-declaracao-do-tecnico-da-ldu-antes-de-enfrentar-o-flamengo-obrigacao\/","title":{"rendered":"A declara\u00e7\u00e3o do t\u00e9cnico da LDU antes de enfrentar o Flamengo: &#8220;Obriga\u00e7\u00e3o&#8230;&#8221;"},"content":{"rendered":"\n<p>O Flamengo vive dias de tens\u00e3o \u00e0s v\u00e9speras de um confronto decisivo na Libertadores. Em situa\u00e7\u00e3o delicada no Grupo C, o time comandado por Filipe Lu\u00eds encara a LDU nesta quinta-feira (15), no Maracan\u00e3, precisando vencer para continuar sonhando com a classifica\u00e7\u00e3o \u00e0s oitavas de final.&nbsp;<\/p>\n\n\n\n<p>No entanto, antes mesmo da bola rolar, o t\u00e9cnico do time equatoriano, Pablo S\u00e1nchez, movimentou os bastidores ao transferir a press\u00e3o para o lado rubro-negro.<\/p>\n\n\n\n<h2 class=\"wp-block-heading\" id=\"h-pablo-sanchez-joga-pressao-no-flamengo\">Pablo S\u00e1nchez joga press\u00e3o no Flamengo<\/h2>\n\n\n\n<p>Em coletiva de imprensa, o comandante da LDU foi direto ao afirmar que a obriga\u00e7\u00e3o pela vit\u00f3ria \u00e9 do Flamengo. Ele citou a for\u00e7a do time carioca dentro de casa e o peso da camisa como fatores que elevam a expectativa sobre o desempenho do advers\u00e1rio.<\/p>\n\n\n\n<p>\u201cConhecemos bem o Flamengo e claramente \u00e9 um time que, dentro de casa, tenta se tornar o dono dos jogos, como marca sua hist\u00f3ria. Falei da necessidade e da obriga\u00e7\u00e3o que o Flamengo tem (&#8230;). Essa obriga\u00e7\u00e3o tem a ver com o jogo, certo?\u201d, declarou S\u00e1nchez.<\/p>\n\n\n\n<p>Al\u00e9m disso, o treinador alertou para o poss\u00edvel nervosismo do advers\u00e1rio caso o resultado n\u00e3o seja favor\u00e1vel.&nbsp;<\/p>\n\n\n\n<p>\u201cEstamos falando de um time com muita hierarquia, com muito talento e com muita experi\u00eancia (&#8230;). Se o resultado n\u00e3o for favor\u00e1vel para eles, podem entrar em certo nervosismo\u201d, completou.<\/p>\n\n\n\n<h2 class=\"wp-block-heading\" id=\"h-grupo-embolado-e-vaga-ameacada\">Grupo embolado e vaga amea\u00e7ada<\/h2>\n\n\n\n<p>O cen\u00e1rio do Grupo C deixa o torcedor rubro-negro em alerta. Isso porque o Flamengo \u00e9 apenas o terceiro colocado, com cinco pontos. A LDU soma oito e o Central C\u00f3rdoba lidera com 11. Sendo assim, o time brasileiro precisa vencer em casa para n\u00e3o depender de outros resultados na \u00faltima rodada.<\/p>\n\n\n\n<p>Vale destacar que o Deportivo T\u00e1chira ainda n\u00e3o pontuou e ocupa a lanterna. Por isso, qualquer trope\u00e7o pode custar a vaga nas oitavas. Cabe ressaltar que o Maracan\u00e3 lotado ser\u00e1 um fator importante, mas n\u00e3o decisivo se o time n\u00e3o apresentar futebol convincente.<\/p>\n\n\n\n<p>Dessa maneira, o duelo promete ser um dos mais tensos da rodada. Com isso, a expectativa \u00e9 de um jogo intenso, em que a press\u00e3o e a estrat\u00e9gia podem definir o destino do Flamengo na Libertadores.<\/p>\n","protected":false},"excerpt":{"rendered":"<p>O Flamengo vive dias de tens\u00e3o \u00e0s v\u00e9speras de um confronto decisivo na Libertadores. Em situa\u00e7\u00e3o delicada no Grupo C, o time comandado por Filipe Lu\u00eds encara a LDU nesta quinta-feira (15), no Maracan\u00e3, precisando vencer para continuar sonhando com a classifica\u00e7\u00e3o \u00e0s oitavas de final.&nbsp; No entanto, antes mesmo da bola rolar, o t\u00e9cnico [&hellip;]<\/p>\n","protected":false},"author":24,"featured_media":213513,"comment_status":"open","ping_status":"closed","sticky":false,"template":"","format":"standard","meta":{"footnotes":""},"categories":[1],"tags":[],"class_list":["post-263721","post","type-post","status-publish","format-standard","has-post-thumbnail","hentry","category-flamengo"],"yoast_head":"<!-- This site is optimized with the Yoast SEO Premium plugin v24.2 (Yoast SEO v26.9) - https:\/\/yoast.com\/product\/yoast-seo-premium-wordpress\/ -->\n<title>A declara\u00e7\u00e3o do t\u00e9cnico da LDU antes de enfrentar o Flamengo: &quot;Obriga\u00e7\u00e3o...&quot;<\/title>\n<meta name=\"robots\" content=\"index, follow, max-snippet:-1, max-image-preview:large, max-video-preview:-1\" \/>\n<link rel=\"canonical\" href=\"https:\/\/www.gaveanews.com\/index.php\/2025\/05\/14\/a-declaracao-do-tecnico-da-ldu-antes-de-enfrentar-o-flamengo-obrigacao\/\" \/>\n<meta property=\"og:locale\" content=\"pt_BR\" \/>\n<meta property=\"og:type\" content=\"article\" \/>\n<meta property=\"og:title\" content=\"A declara\u00e7\u00e3o do t\u00e9cnico da LDU antes de enfrentar o Flamengo: &quot;Obriga\u00e7\u00e3o...&quot;\" \/>\n<meta property=\"og:description\" content=\"O Flamengo vive dias de tens\u00e3o \u00e0s v\u00e9speras de um confronto decisivo na Libertadores. Em situa\u00e7\u00e3o delicada no Grupo C, o time comandado por Filipe Lu\u00eds encara a LDU nesta quinta-feira (15), no Maracan\u00e3, precisando vencer para continuar sonhando com a classifica\u00e7\u00e3o \u00e0s oitavas de final.&nbsp; No entanto, antes mesmo da bola rolar, o t\u00e9cnico [&hellip;]\" \/>\n<meta property=\"og:url\" content=\"https:\/\/www.gaveanews.com\/index.php\/2025\/05\/14\/a-declaracao-do-tecnico-da-ldu-antes-de-enfrentar-o-flamengo-obrigacao\/\" \/>\n<meta property=\"og:site_name\" content=\"G\u00e1vea News\" \/>\n<meta property=\"article:publisher\" content=\"https:\/\/facebook.com\/gaveaNews\/\" \/>\n<meta property=\"article:published_time\" content=\"2025-05-14T21:25:00+00:00\" \/>\n<meta property=\"og:image\" content=\"https:\/\/www.gaveanews.com\/wp-content\/uploads\/fachada-do-modulo-profissional-do-ninho-do-urubu-centro-de-treinamento-do-flamengo-1642444901774_v2_1x1.webp\" \/>\n\t<meta property=\"og:image:width\" content=\"1361\" \/>\n\t<meta property=\"og:image:height\" content=\"1363\" \/>\n\t<meta property=\"og:image:type\" content=\"image\/jpeg\" \/>\n<meta name=\"author\" content=\"Leandro Cardoso\" \/>\n<meta name=\"twitter:card\" content=\"summary_large_image\" \/>\n<meta name=\"twitter:label1\" content=\"Escrito por\" \/>\n\t<meta name=\"twitter:data1\" content=\"Leandro Cardoso\" \/>\n\t<meta name=\"twitter:label2\" content=\"Est. tempo de leitura\" \/>\n\t<meta name=\"twitter:data2\" content=\"3 minutos\" \/>\n<script type=\"application\/ld+json\" class=\"yoast-schema-graph\">{\"@context\":\"https:\/\/schema.org\",\"@graph\":[{\"@type\":\"NewsArticle\",\"@id\":\"https:\/\/www.gaveanews.com\/index.php\/2025\/05\/14\/a-declaracao-do-tecnico-da-ldu-antes-de-enfrentar-o-flamengo-obrigacao\/#article\",\"isPartOf\":{\"@id\":\"https:\/\/www.gaveanews.com\/index.php\/2025\/05\/14\/a-declaracao-do-tecnico-da-ldu-antes-de-enfrentar-o-flamengo-obrigacao\/\"},\"author\":{\"name\":\"Leandro Cardoso\",\"@id\":\"https:\/\/www.gaveanews.com\/#\/schema\/person\/2424ec6409bc3f068411fc5e4e9b6168\"},\"headline\":\"A declara\u00e7\u00e3o do t\u00e9cnico da LDU antes de enfrentar o Flamengo: &#8220;Obriga\u00e7\u00e3o&#8230;&#8221;\",\"datePublished\":\"2025-05-14T21:25:00+00:00\",\"mainEntityOfPage\":{\"@id\":\"https:\/\/www.gaveanews.com\/index.php\/2025\/05\/14\/a-declaracao-do-tecnico-da-ldu-antes-de-enfrentar-o-flamengo-obrigacao\/\"},\"wordCount\":398,\"commentCount\":0,\"image\":{\"@id\":\"https:\/\/www.gaveanews.com\/index.php\/2025\/05\/14\/a-declaracao-do-tecnico-da-ldu-antes-de-enfrentar-o-flamengo-obrigacao\/#primaryimage\"},\"thumbnailUrl\":\"https:\/\/www.gaveanews.com\/wp-content\/uploads\/fachada-do-modulo-profissional-do-ninho-do-urubu-centro-de-treinamento-do-flamengo-1642444901774_v2_1x1.webp\",\"articleSection\":[\"Flamengo\"],\"inLanguage\":\"pt-BR\",\"potentialAction\":[{\"@type\":\"CommentAction\",\"name\":\"Comment\",\"target\":[\"https:\/\/www.gaveanews.com\/index.php\/2025\/05\/14\/a-declaracao-do-tecnico-da-ldu-antes-de-enfrentar-o-flamengo-obrigacao\/#respond\"]}],\"copyrightYear\":\"2025\",\"copyrightHolder\":{\"@id\":\"https:\/\/www.gaveanews.com\/#organization\"}},{\"@type\":\"WebPage\",\"@id\":\"https:\/\/www.gaveanews.com\/index.php\/2025\/05\/14\/a-declaracao-do-tecnico-da-ldu-antes-de-enfrentar-o-flamengo-obrigacao\/\",\"url\":\"https:\/\/www.gaveanews.com\/index.php\/2025\/05\/14\/a-declaracao-do-tecnico-da-ldu-antes-de-enfrentar-o-flamengo-obrigacao\/\",\"name\":\"A declara\u00e7\u00e3o do t\u00e9cnico da LDU antes de enfrentar o Flamengo: \\\"Obriga\u00e7\u00e3o...\\\"\",\"isPartOf\":{\"@id\":\"https:\/\/www.gaveanews.com\/#website\"},\"primaryImageOfPage\":{\"@id\":\"https:\/\/www.gaveanews.com\/index.php\/2025\/05\/14\/a-declaracao-do-tecnico-da-ldu-antes-de-enfrentar-o-flamengo-obrigacao\/#primaryimage\"},\"image\":{\"@id\":\"https:\/\/www.gaveanews.com\/index.php\/2025\/05\/14\/a-declaracao-do-tecnico-da-ldu-antes-de-enfrentar-o-flamengo-obrigacao\/#primaryimage\"},\"thumbnailUrl\":\"https:\/\/www.gaveanews.com\/wp-content\/uploads\/fachada-do-modulo-profissional-do-ninho-do-urubu-centro-de-treinamento-do-flamengo-1642444901774_v2_1x1.webp\",\"datePublished\":\"2025-05-14T21:25:00+00:00\",\"author\":{\"@id\":\"https:\/\/www.gaveanews.com\/#\/schema\/person\/2424ec6409bc3f068411fc5e4e9b6168\"},\"breadcrumb\":{\"@id\":\"https:\/\/www.gaveanews.com\/index.php\/2025\/05\/14\/a-declaracao-do-tecnico-da-ldu-antes-de-enfrentar-o-flamengo-obrigacao\/#breadcrumb\"},\"inLanguage\":\"pt-BR\",\"potentialAction\":[{\"@type\":\"ReadAction\",\"target\":[\"https:\/\/www.gaveanews.com\/index.php\/2025\/05\/14\/a-declaracao-do-tecnico-da-ldu-antes-de-enfrentar-o-flamengo-obrigacao\/\"]}]},{\"@type\":\"ImageObject\",\"inLanguage\":\"pt-BR\",\"@id\":\"https:\/\/www.gaveanews.com\/index.php\/2025\/05\/14\/a-declaracao-do-tecnico-da-ldu-antes-de-enfrentar-o-flamengo-obrigacao\/#primaryimage\",\"url\":\"https:\/\/www.gaveanews.com\/wp-content\/uploads\/fachada-do-modulo-profissional-do-ninho-do-urubu-centro-de-treinamento-do-flamengo-1642444901774_v2_1x1.webp\",\"contentUrl\":\"https:\/\/www.gaveanews.com\/wp-content\/uploads\/fachada-do-modulo-profissional-do-ninho-do-urubu-centro-de-treinamento-do-flamengo-1642444901774_v2_1x1.webp\",\"width\":1361,\"height\":1363,\"caption\":\"CT Ninho do Urubu (Foto: Divulga\u00e7\u00e3o Flamengo)\"},{\"@type\":\"BreadcrumbList\",\"@id\":\"https:\/\/www.gaveanews.com\/index.php\/2025\/05\/14\/a-declaracao-do-tecnico-da-ldu-antes-de-enfrentar-o-flamengo-obrigacao\/#breadcrumb\",\"itemListElement\":[{\"@type\":\"ListItem\",\"position\":1,\"name\":\"Home\",\"item\":\"https:\/\/www.gaveanews.com\/\"},{\"@type\":\"ListItem\",\"position\":2,\"name\":\"A declara\u00e7\u00e3o do t\u00e9cnico da LDU antes de enfrentar o Flamengo: &#8220;Obriga\u00e7\u00e3o&#8230;&#8221;\"}]},{\"@type\":\"WebSite\",\"@id\":\"https:\/\/www.gaveanews.com\/#website\",\"url\":\"https:\/\/www.gaveanews.com\/\",\"name\":\"G\u00e1vea News\",\"description\":\"Veja todas as not\u00edcias sobre o Flamengo: Contrata\u00e7\u00f5es, categorias de base, resultados das partidas, tabela de classifica\u00e7\u00e3o, pr\u00f3ximos jogos!\",\"potentialAction\":[{\"@type\":\"SearchAction\",\"target\":{\"@type\":\"EntryPoint\",\"urlTemplate\":\"https:\/\/www.gaveanews.com\/?s={search_term_string}\"},\"query-input\":{\"@type\":\"PropertyValueSpecification\",\"valueRequired\":true,\"valueName\":\"search_term_string\"}}],\"inLanguage\":\"pt-BR\"},{\"@type\":\"Person\",\"@id\":\"https:\/\/www.gaveanews.com\/#\/schema\/person\/2424ec6409bc3f068411fc5e4e9b6168\",\"name\":\"Leandro Cardoso\",\"image\":{\"@type\":\"ImageObject\",\"inLanguage\":\"pt-BR\",\"@id\":\"https:\/\/www.gaveanews.com\/#\/schema\/person\/image\/\",\"url\":\"https:\/\/secure.gravatar.com\/avatar\/8ca179f9b55eefe9f376f5493ef25475bfa59fbc28ce937f6076ce20e523098f?s=96&d=mm&r=g\",\"contentUrl\":\"https:\/\/secure.gravatar.com\/avatar\/8ca179f9b55eefe9f376f5493ef25475bfa59fbc28ce937f6076ce20e523098f?s=96&d=mm&r=g\",\"caption\":\"Leandro Cardoso\"}}]}<\/script>\n<!-- \/ Yoast SEO Premium plugin. -->","yoast_head_json":{"title":"A declara\u00e7\u00e3o do t\u00e9cnico da LDU antes de enfrentar o Flamengo: \"Obriga\u00e7\u00e3o...\"","robots":{"index":"index","follow":"follow","max-snippet":"max-snippet:-1","max-image-preview":"max-image-preview:large","max-video-preview":"max-video-preview:-1"},"canonical":"https:\/\/www.gaveanews.com\/index.php\/2025\/05\/14\/a-declaracao-do-tecnico-da-ldu-antes-de-enfrentar-o-flamengo-obrigacao\/","og_locale":"pt_BR","og_type":"article","og_title":"A declara\u00e7\u00e3o do t\u00e9cnico da LDU antes de enfrentar o Flamengo: \"Obriga\u00e7\u00e3o...\"","og_description":"O Flamengo vive dias de tens\u00e3o \u00e0s v\u00e9speras de um confronto decisivo na Libertadores. Em situa\u00e7\u00e3o delicada no Grupo C, o time comandado por Filipe Lu\u00eds encara a LDU nesta quinta-feira (15), no Maracan\u00e3, precisando vencer para continuar sonhando com a classifica\u00e7\u00e3o \u00e0s oitavas de final.&nbsp; No entanto, antes mesmo da bola rolar, o t\u00e9cnico [&hellip;]","og_url":"https:\/\/www.gaveanews.com\/index.php\/2025\/05\/14\/a-declaracao-do-tecnico-da-ldu-antes-de-enfrentar-o-flamengo-obrigacao\/","og_site_name":"G\u00e1vea News","article_publisher":"https:\/\/facebook.com\/gaveaNews\/","article_published_time":"2025-05-14T21:25:00+00:00","og_image":[{"width":1361,"height":1363,"url":"https:\/\/www.gaveanews.com\/wp-content\/uploads\/fachada-do-modulo-profissional-do-ninho-do-urubu-centro-de-treinamento-do-flamengo-1642444901774_v2_1x1.webp","type":"image\/jpeg"}],"author":"Leandro Cardoso","twitter_card":"summary_large_image","twitter_misc":{"Escrito por":"Leandro Cardoso","Est. tempo de leitura":"3 minutos"},"schema":{"@context":"https:\/\/schema.org","@graph":[{"@type":"NewsArticle","@id":"https:\/\/www.gaveanews.com\/index.php\/2025\/05\/14\/a-declaracao-do-tecnico-da-ldu-antes-de-enfrentar-o-flamengo-obrigacao\/#article","isPartOf":{"@id":"https:\/\/www.gaveanews.com\/index.php\/2025\/05\/14\/a-declaracao-do-tecnico-da-ldu-antes-de-enfrentar-o-flamengo-obrigacao\/"},"author":{"name":"Leandro Cardoso","@id":"https:\/\/www.gaveanews.com\/#\/schema\/person\/2424ec6409bc3f068411fc5e4e9b6168"},"headline":"A declara\u00e7\u00e3o do t\u00e9cnico da LDU antes de enfrentar o Flamengo: &#8220;Obriga\u00e7\u00e3o&#8230;&#8221;","datePublished":"2025-05-14T21:25:00+00:00","mainEntityOfPage":{"@id":"https:\/\/www.gaveanews.com\/index.php\/2025\/05\/14\/a-declaracao-do-tecnico-da-ldu-antes-de-enfrentar-o-flamengo-obrigacao\/"},"wordCount":398,"commentCount":0,"image":{"@id":"https:\/\/www.gaveanews.com\/index.php\/2025\/05\/14\/a-declaracao-do-tecnico-da-ldu-antes-de-enfrentar-o-flamengo-obrigacao\/#primaryimage"},"thumbnailUrl":"https:\/\/www.gaveanews.com\/wp-content\/uploads\/fachada-do-modulo-profissional-do-ninho-do-urubu-centro-de-treinamento-do-flamengo-1642444901774_v2_1x1.webp","articleSection":["Flamengo"],"inLanguage":"pt-BR","potentialAction":[{"@type":"CommentAction","name":"Comment","target":["https:\/\/www.gaveanews.com\/index.php\/2025\/05\/14\/a-declaracao-do-tecnico-da-ldu-antes-de-enfrentar-o-flamengo-obrigacao\/#respond"]}],"copyrightYear":"2025","copyrightHolder":{"@id":"https:\/\/www.gaveanews.com\/#organization"}},{"@type":"WebPage","@id":"https:\/\/www.gaveanews.com\/index.php\/2025\/05\/14\/a-declaracao-do-tecnico-da-ldu-antes-de-enfrentar-o-flamengo-obrigacao\/","url":"https:\/\/www.gaveanews.com\/index.php\/2025\/05\/14\/a-declaracao-do-tecnico-da-ldu-antes-de-enfrentar-o-flamengo-obrigacao\/","name":"A declara\u00e7\u00e3o do t\u00e9cnico da LDU antes de enfrentar o Flamengo: \"Obriga\u00e7\u00e3o...\"","isPartOf":{"@id":"https:\/\/www.gaveanews.com\/#website"},"primaryImageOfPage":{"@id":"https:\/\/www.gaveanews.com\/index.php\/2025\/05\/14\/a-declaracao-do-tecnico-da-ldu-antes-de-enfrentar-o-flamengo-obrigacao\/#primaryimage"},"image":{"@id":"https:\/\/www.gaveanews.com\/index.php\/2025\/05\/14\/a-declaracao-do-tecnico-da-ldu-antes-de-enfrentar-o-flamengo-obrigacao\/#primaryimage"},"thumbnailUrl":"https:\/\/www.gaveanews.com\/wp-content\/uploads\/fachada-do-modulo-profissional-do-ninho-do-urubu-centro-de-treinamento-do-flamengo-1642444901774_v2_1x1.webp","datePublished":"2025-05-14T21:25:00+00:00","author":{"@id":"https:\/\/www.gaveanews.com\/#\/schema\/person\/2424ec6409bc3f068411fc5e4e9b6168"},"breadcrumb":{"@id":"https:\/\/www.gaveanews.com\/index.php\/2025\/05\/14\/a-declaracao-do-tecnico-da-ldu-antes-de-enfrentar-o-flamengo-obrigacao\/#breadcrumb"},"inLanguage":"pt-BR","potentialAction":[{"@type":"ReadAction","target":["https:\/\/www.gaveanews.com\/index.php\/2025\/05\/14\/a-declaracao-do-tecnico-da-ldu-antes-de-enfrentar-o-flamengo-obrigacao\/"]}]},{"@type":"ImageObject","inLanguage":"pt-BR","@id":"https:\/\/www.gaveanews.com\/index.php\/2025\/05\/14\/a-declaracao-do-tecnico-da-ldu-antes-de-enfrentar-o-flamengo-obrigacao\/#primaryimage","url":"https:\/\/www.gaveanews.com\/wp-content\/uploads\/fachada-do-modulo-profissional-do-ninho-do-urubu-centro-de-treinamento-do-flamengo-1642444901774_v2_1x1.webp","contentUrl":"https:\/\/www.gaveanews.com\/wp-content\/uploads\/fachada-do-modulo-profissional-do-ninho-do-urubu-centro-de-treinamento-do-flamengo-1642444901774_v2_1x1.webp","width":1361,"height":1363,"caption":"CT Ninho do Urubu (Foto: Divulga\u00e7\u00e3o Flamengo)"},{"@type":"BreadcrumbList","@id":"https:\/\/www.gaveanews.com\/index.php\/2025\/05\/14\/a-declaracao-do-tecnico-da-ldu-antes-de-enfrentar-o-flamengo-obrigacao\/#breadcrumb","itemListElement":[{"@type":"ListItem","position":1,"name":"Home","item":"https:\/\/www.gaveanews.com\/"},{"@type":"ListItem","position":2,"name":"A declara\u00e7\u00e3o do t\u00e9cnico da LDU antes de enfrentar o Flamengo: &#8220;Obriga\u00e7\u00e3o&#8230;&#8221;"}]},{"@type":"WebSite","@id":"https:\/\/www.gaveanews.com\/#website","url":"https:\/\/www.gaveanews.com\/","name":"G\u00e1vea News","description":"Veja todas as not\u00edcias sobre o Flamengo: Contrata\u00e7\u00f5es, categorias de base, resultados das partidas, tabela de classifica\u00e7\u00e3o, pr\u00f3ximos jogos!","potentialAction":[{"@type":"SearchAction","target":{"@type":"EntryPoint","urlTemplate":"https:\/\/www.gaveanews.com\/?s={search_term_string}"},"query-input":{"@type":"PropertyValueSpecification","valueRequired":true,"valueName":"search_term_string"}}],"inLanguage":"pt-BR"},{"@type":"Person","@id":"https:\/\/www.gaveanews.com\/#\/schema\/person\/2424ec6409bc3f068411fc5e4e9b6168","name":"Leandro Cardoso","image":{"@type":"ImageObject","inLanguage":"pt-BR","@id":"https:\/\/www.gaveanews.com\/#\/schema\/person\/image\/","url":"https:\/\/secure.gravatar.com\/avatar\/8ca179f9b55eefe9f376f5493ef25475bfa59fbc28ce937f6076ce20e523098f?s=96&d=mm&r=g","contentUrl":"https:\/\/secure.gravatar.com\/avatar\/8ca179f9b55eefe9f376f5493ef25475bfa59fbc28ce937f6076ce20e523098f?s=96&d=mm&r=g","caption":"Leandro Cardoso"}}]}},"_links":{"self":[{"href":"https:\/\/www.gaveanews.com\/index.php\/wp-json\/wp\/v2\/posts\/263721","targetHints":{"allow":["GET"]}}],"collection":[{"href":"https:\/\/www.gaveanews.com\/index.php\/wp-json\/wp\/v2\/posts"}],"about":[{"href":"https:\/\/www.gaveanews.com\/index.php\/wp-json\/wp\/v2\/types\/post"}],"author":[{"embeddable":true,"href":"https:\/\/www.gaveanews.com\/index.php\/wp-json\/wp\/v2\/users\/24"}],"replies":[{"embeddable":true,"href":"https:\/\/www.gaveanews.com\/index.php\/wp-json\/wp\/v2\/comments?post=263721"}],"version-history":[{"count":1,"href":"https:\/\/www.gaveanews.com\/index.php\/wp-json\/wp\/v2\/posts\/263721\/revisions"}],"predecessor-version":[{"id":263725,"href":"https:\/\/www.gaveanews.com\/index.php\/wp-json\/wp\/v2\/posts\/263721\/revisions\/263725"}],"wp:featuredmedia":[{"embeddable":true,"href":"https:\/\/www.gaveanews.com\/index.php\/wp-json\/wp\/v2\/media\/213513"}],"wp:attachment":[{"href":"https:\/\/www.gaveanews.com\/index.php\/wp-json\/wp\/v2\/media?parent=263721"}],"wp:term":[{"taxonomy":"category","embeddable":true,"href":"https:\/\/www.gaveanews.com\/index.php\/wp-json\/wp\/v2\/categories?post=263721"},{"taxonomy":"post_tag","embeddable":true,"href":"https:\/\/www.gaveanews.com\/index.php\/wp-json\/wp\/v2\/tags?post=263721"}],"curies":[{"name":"wp","href":"https:\/\/api.w.org\/{rel}","templated":true}]}}