{"id":263729,"date":"2025-05-14T18:35:00","date_gmt":"2025-05-14T21:35:00","guid":{"rendered":"https:\/\/www.gaveanews.com\/?p=263729"},"modified":"2025-05-14T16:47:44","modified_gmt":"2025-05-14T19:47:44","slug":"ele-precisou-convencer-jose-boto-para-ser-contratado-pelo-flamengo","status":"publish","type":"post","link":"https:\/\/www.gaveanews.com\/index.php\/2025\/05\/14\/ele-precisou-convencer-jose-boto-para-ser-contratado-pelo-flamengo\/","title":{"rendered":"Ele precisou convencer Jos\u00e9 Boto para ser contratado pelo Flamengo"},"content":{"rendered":"\n<p>Rodrigo Caio foi o nome selecionado pelo departamento de futebol do Flamengo para integrar a comiss\u00e3o t\u00e9cnica liderada por Filipe Lu\u00eds. A decis\u00e3o envolveu um processo seletivo conduzido pessoalmente pelo diretor Jos\u00e9 Boto, que avaliou individualmente quatro candidatos indicados pelo treinador. <\/p>\n\n\n\n<p>O ex-zagueiro superou tr\u00eas ex-jogadores que tamb\u00e9m disputavam a vaga aberta ap\u00f3s a sa\u00edda de Daniel Alegria, antigo auxiliar respons\u00e1vel por treinos de bola parada.<\/p>\n\n\n\n<p>A defini\u00e7\u00e3o ocorreu ap\u00f3s entrevistas conduzidas pelo dirigente portugu\u00eas. Conforme apurado, o aspecto determinante foi o comportamento do ex-defensor durante a conversa. Al\u00e9m da postura profissional, pesaram a identifica\u00e7\u00e3o com o clube, a boa rela\u00e7\u00e3o com funcion\u00e1rios e atletas, e a experi\u00eancia pr\u00e1tica no campo, algo que o t\u00e9cnico Filipe Lu\u00eds julgava carente em sua equipe de trabalho.<\/p>\n\n\n\n<h3 class=\"wp-block-heading\" id=\"h-perfil-valorizado-e-experiencia-no-vestiario\">Perfil valorizado e experi\u00eancia no vesti\u00e1rio<\/h3>\n\n\n\n<p>Filipe Lu\u00eds desejava um parceiro de comiss\u00e3o que tivesse passado recente pelos gramados e que compartilhasse viv\u00eancias similares \u00e0s suas. Rodrigo Caio, com passagens marcantes pelo Flamengo, foi campe\u00e3o da Libertadores, do Campeonato Brasileiro, da Supercopa do Brasil, da Copa do Brasil, do Campeonato Carioca e da Recopa Sul-Americana com a camisa rubro-negra. <\/p>\n\n\n\n<p>Essa trajet\u00f3ria colaborou diretamente para sua escolha, refor\u00e7ada por sua licen\u00e7a B da CBF para treinadores.<\/p>\n\n\n\n<p>Segundo Jos\u00e9 Boto, a comiss\u00e3o precisava de algu\u00e9m \u201ccom cheiro de vesti\u00e1rio\u201d. A declara\u00e7\u00e3o reflete o desejo de trazer uma figura capaz de dialogar com o elenco com autoridade e empatia, caracter\u00edsticas j\u00e1 reconhecidas no ex-jogador. Filipe Lu\u00eds desejava algu\u00e9m que tamb\u00e9m pudesse elevar o n\u00edvel de exig\u00eancia do grupo e atuar com lideran\u00e7a nos bastidores.<\/p>\n\n\n\n<h3 class=\"wp-block-heading\" id=\"h-primeiros-passos-e-recepcao-no-clube\">Primeiros passos e recep\u00e7\u00e3o no clube<\/h3>\n\n\n\n<p>O primeiro dia de trabalho foi marcado por uma recep\u00e7\u00e3o calorosa no Ninho do Urubu. Rodrigo Caio foi abra\u00e7ado por membros da equipe t\u00e9cnica e jogadores, al\u00e9m de ter um longo di\u00e1logo com Boto e os auxiliares Ivan Palanco e M\u00e1rcio Torres. Ele tamb\u00e9m conversou com o zagueiro Danilo, com quem j\u00e1 havia atuado pela sele\u00e7\u00e3o brasileira.<\/p>\n\n\n\n<p>No treino de ter\u00e7a-feira (13), Rodrigo j\u00e1 esteve em campo e participou do aquecimento junto ao elenco. Embora n\u00e3o v\u00e1 atuar diretamente na bola parada, \u00e1rea que era de responsabilidade do antigo auxiliar, ele ter\u00e1 papel fundamental na organiza\u00e7\u00e3o defensiva e na intera\u00e7\u00e3o cotidiana com os atletas.<\/p>\n\n\n\n<h3 class=\"wp-block-heading\" id=\"h-vaga-conquistada-com-merito-tecnico-e-comportamental\">Vaga conquistada com m\u00e9rito t\u00e9cnico e comportamental<\/h3>\n\n\n\n<p>A vaga que Rodrigo Caio assumiu faz parte da estrutura fixa do clube, ou seja, independe da perman\u00eancia de Filipe Lu\u00eds no comando t\u00e9cnico. Isso demonstra que a diretoria acredita no potencial de contribui\u00e7\u00e3o do novo auxiliar a longo prazo. A comiss\u00e3o de Filipe ainda conta com Palanco e Torres, al\u00e9m do preparador f\u00edsico Diogo Linhares, promovido do sub-20.<\/p>\n\n\n\n<p>O diretor Boto levou cerca de duas semanas avaliando os concorrentes. Mesmo sem revelar oficialmente os nomes dos outros candidatos, confirmou que todos possu\u00edam hist\u00f3rico como jogadores e v\u00ednculos com o Flamengo.<\/p>\n\n\n\n<p>Por fim, Rodrigo Caio utilizou suas redes sociais para se pronunciar: <em>\u201cNovos caminhos, novas metas, mesma ess\u00eancia. Que esse novo ciclo profissional venha com aprendizado, desafios e muitas conquistas. Vamos em frente!\u201d<\/em>.<\/p>\n\n\n\n<h3 class=\"wp-block-heading\" id=\"h-estreia-ao-lado-do-time-em-partida-decisiva\">Estreia ao lado do time em partida decisiva<\/h3>\n\n\n\n<p>O novo auxiliar estar\u00e1 \u00e0 beira do campo j\u00e1 nesta quinta-feira (15), \u00e0s 21h30, quando o Flamengo enfrenta a LDU pela Libertadores. O clube precisa de uma vit\u00f3ria para manter vivas as chances de classifica\u00e7\u00e3o \u00e0s oitavas de final.<\/p>\n","protected":false},"excerpt":{"rendered":"<p>Rodrigo Caio foi o nome selecionado pelo departamento de futebol do Flamengo para integrar a comiss\u00e3o t\u00e9cnica liderada por Filipe Lu\u00eds. A decis\u00e3o envolveu um processo seletivo conduzido pessoalmente pelo diretor Jos\u00e9 Boto, que avaliou individualmente quatro candidatos indicados pelo treinador. O ex-zagueiro superou tr\u00eas ex-jogadores que tamb\u00e9m disputavam a vaga aberta ap\u00f3s a sa\u00edda [&hellip;]<\/p>\n","protected":false},"author":30,"featured_media":205636,"comment_status":"open","ping_status":"closed","sticky":false,"template":"","format":"standard","meta":{"footnotes":""},"categories":[1],"tags":[],"class_list":["post-263729","post","type-post","status-publish","format-standard","has-post-thumbnail","hentry","category-flamengo"],"yoast_head":"<!-- This site is optimized with the Yoast SEO Premium plugin v24.2 (Yoast SEO v26.9) - https:\/\/yoast.com\/product\/yoast-seo-premium-wordpress\/ -->\n<title>Ele precisou convencer Jos\u00e9 Boto para ser contratado pelo Flamengo<\/title>\n<meta name=\"robots\" content=\"index, follow, max-snippet:-1, max-image-preview:large, max-video-preview:-1\" \/>\n<link rel=\"canonical\" href=\"https:\/\/www.gaveanews.com\/index.php\/2025\/05\/14\/ele-precisou-convencer-jose-boto-para-ser-contratado-pelo-flamengo\/\" \/>\n<meta property=\"og:locale\" content=\"pt_BR\" \/>\n<meta property=\"og:type\" content=\"article\" \/>\n<meta property=\"og:title\" content=\"Ele precisou convencer Jos\u00e9 Boto para ser contratado pelo Flamengo\" \/>\n<meta property=\"og:description\" content=\"Rodrigo Caio foi o nome selecionado pelo departamento de futebol do Flamengo para integrar a comiss\u00e3o t\u00e9cnica liderada por Filipe Lu\u00eds. A decis\u00e3o envolveu um processo seletivo conduzido pessoalmente pelo diretor Jos\u00e9 Boto, que avaliou individualmente quatro candidatos indicados pelo treinador. O ex-zagueiro superou tr\u00eas ex-jogadores que tamb\u00e9m disputavam a vaga aberta ap\u00f3s a sa\u00edda [&hellip;]\" \/>\n<meta property=\"og:url\" content=\"https:\/\/www.gaveanews.com\/index.php\/2025\/05\/14\/ele-precisou-convencer-jose-boto-para-ser-contratado-pelo-flamengo\/\" \/>\n<meta property=\"og:site_name\" content=\"G\u00e1vea News\" \/>\n<meta property=\"article:publisher\" content=\"https:\/\/facebook.com\/gaveaNews\/\" \/>\n<meta property=\"article:published_time\" content=\"2025-05-14T21:35:00+00:00\" \/>\n<meta property=\"og:image\" content=\"https:\/\/www.gaveanews.com\/wp-content\/uploads\/Apresentacao-de-Jose-Boto-no-Flamengo-Foto_-Marcelo-Cortes-_-CRF.webp\" \/>\n\t<meta property=\"og:image:width\" content=\"2048\" \/>\n\t<meta property=\"og:image:height\" content=\"1364\" \/>\n\t<meta property=\"og:image:type\" content=\"image\/webp\" \/>\n<meta name=\"author\" content=\"Ana Teixeira\" \/>\n<meta name=\"twitter:card\" content=\"summary_large_image\" \/>\n<meta name=\"twitter:label1\" content=\"Escrito por\" \/>\n\t<meta name=\"twitter:data1\" content=\"Ana Teixeira\" \/>\n\t<meta name=\"twitter:label2\" content=\"Est. tempo de leitura\" \/>\n\t<meta name=\"twitter:data2\" content=\"4 minutos\" \/>\n<script type=\"application\/ld+json\" class=\"yoast-schema-graph\">{\"@context\":\"https:\/\/schema.org\",\"@graph\":[{\"@type\":\"NewsArticle\",\"@id\":\"https:\/\/www.gaveanews.com\/index.php\/2025\/05\/14\/ele-precisou-convencer-jose-boto-para-ser-contratado-pelo-flamengo\/#article\",\"isPartOf\":{\"@id\":\"https:\/\/www.gaveanews.com\/index.php\/2025\/05\/14\/ele-precisou-convencer-jose-boto-para-ser-contratado-pelo-flamengo\/\"},\"author\":{\"name\":\"Ana Teixeira\",\"@id\":\"https:\/\/www.gaveanews.com\/#\/schema\/person\/3b19f7288b0ce20372991275e4f2e6c2\"},\"headline\":\"Ele precisou convencer Jos\u00e9 Boto para ser contratado pelo Flamengo\",\"datePublished\":\"2025-05-14T21:35:00+00:00\",\"mainEntityOfPage\":{\"@id\":\"https:\/\/www.gaveanews.com\/index.php\/2025\/05\/14\/ele-precisou-convencer-jose-boto-para-ser-contratado-pelo-flamengo\/\"},\"wordCount\":617,\"commentCount\":0,\"image\":{\"@id\":\"https:\/\/www.gaveanews.com\/index.php\/2025\/05\/14\/ele-precisou-convencer-jose-boto-para-ser-contratado-pelo-flamengo\/#primaryimage\"},\"thumbnailUrl\":\"https:\/\/www.gaveanews.com\/wp-content\/uploads\/Apresentacao-de-Jose-Boto-no-Flamengo-Foto_-Marcelo-Cortes-_-CRF.webp\",\"articleSection\":[\"Flamengo\"],\"inLanguage\":\"pt-BR\",\"potentialAction\":[{\"@type\":\"CommentAction\",\"name\":\"Comment\",\"target\":[\"https:\/\/www.gaveanews.com\/index.php\/2025\/05\/14\/ele-precisou-convencer-jose-boto-para-ser-contratado-pelo-flamengo\/#respond\"]}],\"copyrightYear\":\"2025\",\"copyrightHolder\":{\"@id\":\"https:\/\/www.gaveanews.com\/#organization\"}},{\"@type\":\"WebPage\",\"@id\":\"https:\/\/www.gaveanews.com\/index.php\/2025\/05\/14\/ele-precisou-convencer-jose-boto-para-ser-contratado-pelo-flamengo\/\",\"url\":\"https:\/\/www.gaveanews.com\/index.php\/2025\/05\/14\/ele-precisou-convencer-jose-boto-para-ser-contratado-pelo-flamengo\/\",\"name\":\"Ele precisou convencer Jos\u00e9 Boto para ser contratado pelo Flamengo\",\"isPartOf\":{\"@id\":\"https:\/\/www.gaveanews.com\/#website\"},\"primaryImageOfPage\":{\"@id\":\"https:\/\/www.gaveanews.com\/index.php\/2025\/05\/14\/ele-precisou-convencer-jose-boto-para-ser-contratado-pelo-flamengo\/#primaryimage\"},\"image\":{\"@id\":\"https:\/\/www.gaveanews.com\/index.php\/2025\/05\/14\/ele-precisou-convencer-jose-boto-para-ser-contratado-pelo-flamengo\/#primaryimage\"},\"thumbnailUrl\":\"https:\/\/www.gaveanews.com\/wp-content\/uploads\/Apresentacao-de-Jose-Boto-no-Flamengo-Foto_-Marcelo-Cortes-_-CRF.webp\",\"datePublished\":\"2025-05-14T21:35:00+00:00\",\"author\":{\"@id\":\"https:\/\/www.gaveanews.com\/#\/schema\/person\/3b19f7288b0ce20372991275e4f2e6c2\"},\"breadcrumb\":{\"@id\":\"https:\/\/www.gaveanews.com\/index.php\/2025\/05\/14\/ele-precisou-convencer-jose-boto-para-ser-contratado-pelo-flamengo\/#breadcrumb\"},\"inLanguage\":\"pt-BR\",\"potentialAction\":[{\"@type\":\"ReadAction\",\"target\":[\"https:\/\/www.gaveanews.com\/index.php\/2025\/05\/14\/ele-precisou-convencer-jose-boto-para-ser-contratado-pelo-flamengo\/\"]}]},{\"@type\":\"ImageObject\",\"inLanguage\":\"pt-BR\",\"@id\":\"https:\/\/www.gaveanews.com\/index.php\/2025\/05\/14\/ele-precisou-convencer-jose-boto-para-ser-contratado-pelo-flamengo\/#primaryimage\",\"url\":\"https:\/\/www.gaveanews.com\/wp-content\/uploads\/Apresentacao-de-Jose-Boto-no-Flamengo-Foto_-Marcelo-Cortes-_-CRF.webp\",\"contentUrl\":\"https:\/\/www.gaveanews.com\/wp-content\/uploads\/Apresentacao-de-Jose-Boto-no-Flamengo-Foto_-Marcelo-Cortes-_-CRF.webp\",\"width\":2048,\"height\":1364},{\"@type\":\"BreadcrumbList\",\"@id\":\"https:\/\/www.gaveanews.com\/index.php\/2025\/05\/14\/ele-precisou-convencer-jose-boto-para-ser-contratado-pelo-flamengo\/#breadcrumb\",\"itemListElement\":[{\"@type\":\"ListItem\",\"position\":1,\"name\":\"Home\",\"item\":\"https:\/\/www.gaveanews.com\/\"},{\"@type\":\"ListItem\",\"position\":2,\"name\":\"Ele precisou convencer Jos\u00e9 Boto para ser contratado pelo Flamengo\"}]},{\"@type\":\"WebSite\",\"@id\":\"https:\/\/www.gaveanews.com\/#website\",\"url\":\"https:\/\/www.gaveanews.com\/\",\"name\":\"G\u00e1vea News\",\"description\":\"Veja todas as not\u00edcias sobre o Flamengo: Contrata\u00e7\u00f5es, categorias de base, resultados das partidas, tabela de classifica\u00e7\u00e3o, pr\u00f3ximos jogos!\",\"potentialAction\":[{\"@type\":\"SearchAction\",\"target\":{\"@type\":\"EntryPoint\",\"urlTemplate\":\"https:\/\/www.gaveanews.com\/?s={search_term_string}\"},\"query-input\":{\"@type\":\"PropertyValueSpecification\",\"valueRequired\":true,\"valueName\":\"search_term_string\"}}],\"inLanguage\":\"pt-BR\"},{\"@type\":\"Person\",\"@id\":\"https:\/\/www.gaveanews.com\/#\/schema\/person\/3b19f7288b0ce20372991275e4f2e6c2\",\"name\":\"Ana Teixeira\",\"image\":{\"@type\":\"ImageObject\",\"inLanguage\":\"pt-BR\",\"@id\":\"https:\/\/www.gaveanews.com\/#\/schema\/person\/image\/\",\"url\":\"https:\/\/secure.gravatar.com\/avatar\/0a73f5a5258f3fed37fc2fa641892f3f7a4748456d4d4792f9bc550e6c19e06c?s=96&d=mm&r=g\",\"contentUrl\":\"https:\/\/secure.gravatar.com\/avatar\/0a73f5a5258f3fed37fc2fa641892f3f7a4748456d4d4792f9bc550e6c19e06c?s=96&d=mm&r=g\",\"caption\":\"Ana Teixeira\"}}]}<\/script>\n<!-- \/ Yoast SEO Premium plugin. -->","yoast_head_json":{"title":"Ele precisou convencer Jos\u00e9 Boto para ser contratado pelo Flamengo","robots":{"index":"index","follow":"follow","max-snippet":"max-snippet:-1","max-image-preview":"max-image-preview:large","max-video-preview":"max-video-preview:-1"},"canonical":"https:\/\/www.gaveanews.com\/index.php\/2025\/05\/14\/ele-precisou-convencer-jose-boto-para-ser-contratado-pelo-flamengo\/","og_locale":"pt_BR","og_type":"article","og_title":"Ele precisou convencer Jos\u00e9 Boto para ser contratado pelo Flamengo","og_description":"Rodrigo Caio foi o nome selecionado pelo departamento de futebol do Flamengo para integrar a comiss\u00e3o t\u00e9cnica liderada por Filipe Lu\u00eds. A decis\u00e3o envolveu um processo seletivo conduzido pessoalmente pelo diretor Jos\u00e9 Boto, que avaliou individualmente quatro candidatos indicados pelo treinador. O ex-zagueiro superou tr\u00eas ex-jogadores que tamb\u00e9m disputavam a vaga aberta ap\u00f3s a sa\u00edda [&hellip;]","og_url":"https:\/\/www.gaveanews.com\/index.php\/2025\/05\/14\/ele-precisou-convencer-jose-boto-para-ser-contratado-pelo-flamengo\/","og_site_name":"G\u00e1vea News","article_publisher":"https:\/\/facebook.com\/gaveaNews\/","article_published_time":"2025-05-14T21:35:00+00:00","og_image":[{"width":2048,"height":1364,"url":"https:\/\/www.gaveanews.com\/wp-content\/uploads\/Apresentacao-de-Jose-Boto-no-Flamengo-Foto_-Marcelo-Cortes-_-CRF.webp","type":"image\/webp"}],"author":"Ana Teixeira","twitter_card":"summary_large_image","twitter_misc":{"Escrito por":"Ana Teixeira","Est. tempo de leitura":"4 minutos"},"schema":{"@context":"https:\/\/schema.org","@graph":[{"@type":"NewsArticle","@id":"https:\/\/www.gaveanews.com\/index.php\/2025\/05\/14\/ele-precisou-convencer-jose-boto-para-ser-contratado-pelo-flamengo\/#article","isPartOf":{"@id":"https:\/\/www.gaveanews.com\/index.php\/2025\/05\/14\/ele-precisou-convencer-jose-boto-para-ser-contratado-pelo-flamengo\/"},"author":{"name":"Ana Teixeira","@id":"https:\/\/www.gaveanews.com\/#\/schema\/person\/3b19f7288b0ce20372991275e4f2e6c2"},"headline":"Ele precisou convencer Jos\u00e9 Boto para ser contratado pelo Flamengo","datePublished":"2025-05-14T21:35:00+00:00","mainEntityOfPage":{"@id":"https:\/\/www.gaveanews.com\/index.php\/2025\/05\/14\/ele-precisou-convencer-jose-boto-para-ser-contratado-pelo-flamengo\/"},"wordCount":617,"commentCount":0,"image":{"@id":"https:\/\/www.gaveanews.com\/index.php\/2025\/05\/14\/ele-precisou-convencer-jose-boto-para-ser-contratado-pelo-flamengo\/#primaryimage"},"thumbnailUrl":"https:\/\/www.gaveanews.com\/wp-content\/uploads\/Apresentacao-de-Jose-Boto-no-Flamengo-Foto_-Marcelo-Cortes-_-CRF.webp","articleSection":["Flamengo"],"inLanguage":"pt-BR","potentialAction":[{"@type":"CommentAction","name":"Comment","target":["https:\/\/www.gaveanews.com\/index.php\/2025\/05\/14\/ele-precisou-convencer-jose-boto-para-ser-contratado-pelo-flamengo\/#respond"]}],"copyrightYear":"2025","copyrightHolder":{"@id":"https:\/\/www.gaveanews.com\/#organization"}},{"@type":"WebPage","@id":"https:\/\/www.gaveanews.com\/index.php\/2025\/05\/14\/ele-precisou-convencer-jose-boto-para-ser-contratado-pelo-flamengo\/","url":"https:\/\/www.gaveanews.com\/index.php\/2025\/05\/14\/ele-precisou-convencer-jose-boto-para-ser-contratado-pelo-flamengo\/","name":"Ele precisou convencer Jos\u00e9 Boto para ser contratado pelo Flamengo","isPartOf":{"@id":"https:\/\/www.gaveanews.com\/#website"},"primaryImageOfPage":{"@id":"https:\/\/www.gaveanews.com\/index.php\/2025\/05\/14\/ele-precisou-convencer-jose-boto-para-ser-contratado-pelo-flamengo\/#primaryimage"},"image":{"@id":"https:\/\/www.gaveanews.com\/index.php\/2025\/05\/14\/ele-precisou-convencer-jose-boto-para-ser-contratado-pelo-flamengo\/#primaryimage"},"thumbnailUrl":"https:\/\/www.gaveanews.com\/wp-content\/uploads\/Apresentacao-de-Jose-Boto-no-Flamengo-Foto_-Marcelo-Cortes-_-CRF.webp","datePublished":"2025-05-14T21:35:00+00:00","author":{"@id":"https:\/\/www.gaveanews.com\/#\/schema\/person\/3b19f7288b0ce20372991275e4f2e6c2"},"breadcrumb":{"@id":"https:\/\/www.gaveanews.com\/index.php\/2025\/05\/14\/ele-precisou-convencer-jose-boto-para-ser-contratado-pelo-flamengo\/#breadcrumb"},"inLanguage":"pt-BR","potentialAction":[{"@type":"ReadAction","target":["https:\/\/www.gaveanews.com\/index.php\/2025\/05\/14\/ele-precisou-convencer-jose-boto-para-ser-contratado-pelo-flamengo\/"]}]},{"@type":"ImageObject","inLanguage":"pt-BR","@id":"https:\/\/www.gaveanews.com\/index.php\/2025\/05\/14\/ele-precisou-convencer-jose-boto-para-ser-contratado-pelo-flamengo\/#primaryimage","url":"https:\/\/www.gaveanews.com\/wp-content\/uploads\/Apresentacao-de-Jose-Boto-no-Flamengo-Foto_-Marcelo-Cortes-_-CRF.webp","contentUrl":"https:\/\/www.gaveanews.com\/wp-content\/uploads\/Apresentacao-de-Jose-Boto-no-Flamengo-Foto_-Marcelo-Cortes-_-CRF.webp","width":2048,"height":1364},{"@type":"BreadcrumbList","@id":"https:\/\/www.gaveanews.com\/index.php\/2025\/05\/14\/ele-precisou-convencer-jose-boto-para-ser-contratado-pelo-flamengo\/#breadcrumb","itemListElement":[{"@type":"ListItem","position":1,"name":"Home","item":"https:\/\/www.gaveanews.com\/"},{"@type":"ListItem","position":2,"name":"Ele precisou convencer Jos\u00e9 Boto para ser contratado pelo Flamengo"}]},{"@type":"WebSite","@id":"https:\/\/www.gaveanews.com\/#website","url":"https:\/\/www.gaveanews.com\/","name":"G\u00e1vea News","description":"Veja todas as not\u00edcias sobre o Flamengo: Contrata\u00e7\u00f5es, categorias de base, resultados das partidas, tabela de classifica\u00e7\u00e3o, pr\u00f3ximos jogos!","potentialAction":[{"@type":"SearchAction","target":{"@type":"EntryPoint","urlTemplate":"https:\/\/www.gaveanews.com\/?s={search_term_string}"},"query-input":{"@type":"PropertyValueSpecification","valueRequired":true,"valueName":"search_term_string"}}],"inLanguage":"pt-BR"},{"@type":"Person","@id":"https:\/\/www.gaveanews.com\/#\/schema\/person\/3b19f7288b0ce20372991275e4f2e6c2","name":"Ana Teixeira","image":{"@type":"ImageObject","inLanguage":"pt-BR","@id":"https:\/\/www.gaveanews.com\/#\/schema\/person\/image\/","url":"https:\/\/secure.gravatar.com\/avatar\/0a73f5a5258f3fed37fc2fa641892f3f7a4748456d4d4792f9bc550e6c19e06c?s=96&d=mm&r=g","contentUrl":"https:\/\/secure.gravatar.com\/avatar\/0a73f5a5258f3fed37fc2fa641892f3f7a4748456d4d4792f9bc550e6c19e06c?s=96&d=mm&r=g","caption":"Ana Teixeira"}}]}},"_links":{"self":[{"href":"https:\/\/www.gaveanews.com\/index.php\/wp-json\/wp\/v2\/posts\/263729","targetHints":{"allow":["GET"]}}],"collection":[{"href":"https:\/\/www.gaveanews.com\/index.php\/wp-json\/wp\/v2\/posts"}],"about":[{"href":"https:\/\/www.gaveanews.com\/index.php\/wp-json\/wp\/v2\/types\/post"}],"author":[{"embeddable":true,"href":"https:\/\/www.gaveanews.com\/index.php\/wp-json\/wp\/v2\/users\/30"}],"replies":[{"embeddable":true,"href":"https:\/\/www.gaveanews.com\/index.php\/wp-json\/wp\/v2\/comments?post=263729"}],"version-history":[{"count":1,"href":"https:\/\/www.gaveanews.com\/index.php\/wp-json\/wp\/v2\/posts\/263729\/revisions"}],"predecessor-version":[{"id":263737,"href":"https:\/\/www.gaveanews.com\/index.php\/wp-json\/wp\/v2\/posts\/263729\/revisions\/263737"}],"wp:featuredmedia":[{"embeddable":true,"href":"https:\/\/www.gaveanews.com\/index.php\/wp-json\/wp\/v2\/media\/205636"}],"wp:attachment":[{"href":"https:\/\/www.gaveanews.com\/index.php\/wp-json\/wp\/v2\/media?parent=263729"}],"wp:term":[{"taxonomy":"category","embeddable":true,"href":"https:\/\/www.gaveanews.com\/index.php\/wp-json\/wp\/v2\/categories?post=263729"},{"taxonomy":"post_tag","embeddable":true,"href":"https:\/\/www.gaveanews.com\/index.php\/wp-json\/wp\/v2\/tags?post=263729"}],"curies":[{"name":"wp","href":"https:\/\/api.w.org\/{rel}","templated":true}]}}