{"id":263730,"date":"2025-05-14T18:40:00","date_gmt":"2025-05-14T21:40:00","guid":{"rendered":"https:\/\/www.gaveanews.com\/?p=263730"},"modified":"2025-05-14T16:47:55","modified_gmt":"2025-05-14T19:47:55","slug":"neymar-ja-foi-responsavel-pela-demissao-de-carlo-ancelotti-entenda","status":"publish","type":"post","link":"https:\/\/www.gaveanews.com\/index.php\/2025\/05\/14\/neymar-ja-foi-responsavel-pela-demissao-de-carlo-ancelotti-entenda\/","title":{"rendered":"Neymar j\u00e1 foi respons\u00e1vel pela demiss\u00e3o de Carlo Ancelotti; entenda"},"content":{"rendered":"\n<p>A rela\u00e7\u00e3o entre Carlo Ancelotti e Neymar, embora nunca tenha ocorrido dentro do mesmo vesti\u00e1rio, j\u00e1 foi marcada por epis\u00f3dios intensos. Um dos momentos mais emblem\u00e1ticos dessa trajet\u00f3ria cruzada aconteceu em setembro de 2017. <\/p>\n\n\n\n<p>Na ocasi\u00e3o, o Paris Saint-Germain, liderado por Neymar, derrotou o Bayern de Munique por 3 a 0, em um confronto v\u00e1lido pela fase de grupos da Liga dos Campe\u00f5es. O brasileiro foi decisivo, com um gol, uma assist\u00eancia e uma atua\u00e7\u00e3o que dominou completamente a partida. No dia seguinte, o treinador italiano foi demitido pela diretoria alem\u00e3.<\/p>\n\n\n\n<p>Esse epis\u00f3dio ilustra como, mesmo \u00e0 dist\u00e2ncia, o impacto de Neymar influenciou diretamente o futuro de Ancelotti em uma das maiores pot\u00eancias do futebol mundial. O desempenho do atacante naquela noite no Parc des Princes foi t\u00e3o contundente que contribuiu para a mudan\u00e7a imediata no comando t\u00e9cnico do clube b\u00e1varo.<\/p>\n\n\n\n<h2 class=\"wp-block-heading\" id=\"h-um-retrospecto-incomodo\">Um retrospecto inc\u00f4modo<\/h2>\n\n\n\n<p>Ao longo da carreira, Ancelotti enfrentou equipes lideradas por Neymar em dez ocasi\u00f5es. O brasileiro saiu vitorioso em cinco dessas partidas, empatou duas e perdeu tr\u00eas. Nessas partidas, ele marcou tr\u00eas gols e deu seis assist\u00eancias. <\/p>\n\n\n\n<p>Apesar de algumas vit\u00f3rias importantes, como na final da Copa do Rei de 2014, quando seu Real Madrid bateu o Barcelona de Neymar, o retrospecto geral favorece o camisa 10.<\/p>\n\n\n\n<p>Esse hist\u00f3rico revela como o jogador foi um constante obst\u00e1culo para os planos do t\u00e9cnico italiano, influenciando n\u00e3o s\u00f3 resultados, mas tamb\u00e9m a estabilidade nos cargos que ocupava.<\/p>\n\n\n\n<h2 class=\"wp-block-heading\" id=\"h-escolha-da-cbf-passou-por-neymar\">Escolha da CBF passou por Neymar<\/h2>\n\n\n\n<p>A nomea\u00e7\u00e3o de Carlo Ancelotti como t\u00e9cnico da sele\u00e7\u00e3o brasileira foi influenciada por diversos fatores, entre eles, a figura de Neymar. Ednaldo Rodrigues, presidente da CBF, viu na contrata\u00e7\u00e3o do italiano a solu\u00e7\u00e3o ideal para reerguer o time nacional, especialmente ap\u00f3s o fracasso de Tite e a instabilidade vivida com Fernando Diniz e Dorival J\u00fanior.<\/p>\n\n\n\n<p>Entretanto, a influ\u00eancia de Neymar foi determinante para que o plano B, Jorge Jesus, fosse descartado. O portugu\u00eas, que anteriormente treinou o atacante no Al-Hilal, optou por dispens\u00e1-lo do elenco em 2024. A decis\u00e3o gerou desconforto nos bastidores, e a CBF avaliou que seria arriscado apostar em um t\u00e9cnico que tivesse atritos com o principal nome da gera\u00e7\u00e3o brasileira dos \u00faltimos anos.<\/p>\n\n\n\n<h2 class=\"wp-block-heading\" id=\"h-ancelotti-e-os-brasileiros\">Ancelotti e os brasileiros<\/h2>\n\n\n\n<p>Apesar de nunca ter treinado Neymar, Ancelotti possui vasto hist\u00f3rico com jogadores brasileiros. Ao longo da carreira, comandou 43 atletas nascidos no Brasil, incluindo nomes como Kak\u00e1, Dida, Cafu, Marcelo, Casemiro, Vinicius Jr. e Rodrygo. <\/p>\n\n\n\n<p>Essa familiaridade refor\u00e7ou a percep\u00e7\u00e3o da CBF de que o t\u00e9cnico seria capaz de gerir o ambiente da sele\u00e7\u00e3o, mesmo com personalidades fortes no elenco.<\/p>\n\n\n\n<p>A expectativa agora \u00e9 entender como o treinador lidar\u00e1 com Neymar. Aos 33 anos, o atacante se recupera de mais uma les\u00e3o muscular e n\u00e3o atua pela sele\u00e7\u00e3o desde outubro de 2023, quando rompeu os ligamentos do joelho esquerdo. Embora tenha sido convocado em mar\u00e7o por Dorival, foi cortado da lista final devido a novas complica\u00e7\u00f5es f\u00edsicas.<\/p>\n\n\n\n<h2 class=\"wp-block-heading\" id=\"h-desafio-imediato\">Desafio imediato<\/h2>\n\n\n\n<p>Ancelotti chega \u00e0 sele\u00e7\u00e3o brasileira com a miss\u00e3o de garantir a vaga para a Copa do Mundo de 2026, que ser\u00e1 disputada em Canad\u00e1, Estados Unidos e M\u00e9xico. O Brasil ocupa a quarta posi\u00e7\u00e3o nas Eliminat\u00f3rias da Conmebol e precisa vencer Equador e Paraguai, em junho, al\u00e9m de torcer por combina\u00e7\u00f5es favor\u00e1veis para confirmar a classifica\u00e7\u00e3o.<\/p>\n\n\n\n<p><\/p>\n","protected":false},"excerpt":{"rendered":"<p>A rela\u00e7\u00e3o entre Carlo Ancelotti e Neymar, embora nunca tenha ocorrido dentro do mesmo vesti\u00e1rio, j\u00e1 foi marcada por epis\u00f3dios intensos. Um dos momentos mais emblem\u00e1ticos dessa trajet\u00f3ria cruzada aconteceu em setembro de 2017. Na ocasi\u00e3o, o Paris Saint-Germain, liderado por Neymar, derrotou o Bayern de Munique por 3 a 0, em um confronto v\u00e1lido [&hellip;]<\/p>\n","protected":false},"author":30,"featured_media":254859,"comment_status":"open","ping_status":"closed","sticky":false,"template":"","format":"standard","meta":{"footnotes":""},"categories":[478,78,139,477],"tags":[],"class_list":["post-263730","post","type-post","status-publish","format-standard","has-post-thumbnail","hentry","category-brasil","category-futebol-internacional","category-santos","category-selecoes"],"yoast_head":"<!-- This site is optimized with the Yoast SEO Premium plugin v24.2 (Yoast SEO v26.9) - https:\/\/yoast.com\/product\/yoast-seo-premium-wordpress\/ -->\n<title>Neymar j\u00e1 foi respons\u00e1vel pela demiss\u00e3o de Carlo Ancelotti; entenda<\/title>\n<meta name=\"robots\" content=\"index, follow, max-snippet:-1, max-image-preview:large, max-video-preview:-1\" \/>\n<link rel=\"canonical\" href=\"https:\/\/www.gaveanews.com\/index.php\/2025\/05\/14\/neymar-ja-foi-responsavel-pela-demissao-de-carlo-ancelotti-entenda\/\" \/>\n<meta property=\"og:locale\" content=\"pt_BR\" \/>\n<meta property=\"og:type\" content=\"article\" \/>\n<meta property=\"og:title\" content=\"Neymar j\u00e1 foi respons\u00e1vel pela demiss\u00e3o de Carlo Ancelotti; entenda\" \/>\n<meta property=\"og:description\" content=\"A rela\u00e7\u00e3o entre Carlo Ancelotti e Neymar, embora nunca tenha ocorrido dentro do mesmo vesti\u00e1rio, j\u00e1 foi marcada por epis\u00f3dios intensos. Um dos momentos mais emblem\u00e1ticos dessa trajet\u00f3ria cruzada aconteceu em setembro de 2017. Na ocasi\u00e3o, o Paris Saint-Germain, liderado por Neymar, derrotou o Bayern de Munique por 3 a 0, em um confronto v\u00e1lido [&hellip;]\" \/>\n<meta property=\"og:url\" content=\"https:\/\/www.gaveanews.com\/index.php\/2025\/05\/14\/neymar-ja-foi-responsavel-pela-demissao-de-carlo-ancelotti-entenda\/\" \/>\n<meta property=\"og:site_name\" content=\"G\u00e1vea News\" \/>\n<meta property=\"article:publisher\" content=\"https:\/\/facebook.com\/gaveaNews\/\" \/>\n<meta property=\"article:published_time\" content=\"2025-05-14T21:40:00+00:00\" \/>\n<meta property=\"og:image\" content=\"https:\/\/www.gaveanews.com\/wp-content\/uploads\/Neymar-junto-com-a-delegacao-do-Santos-na-Vila-Belmiro.webp\" \/>\n\t<meta property=\"og:image:width\" content=\"1200\" \/>\n\t<meta property=\"og:image:height\" content=\"800\" \/>\n\t<meta property=\"og:image:type\" content=\"image\/png\" \/>\n<meta name=\"author\" content=\"Ana Teixeira\" \/>\n<meta name=\"twitter:card\" content=\"summary_large_image\" \/>\n<meta name=\"twitter:label1\" content=\"Escrito por\" \/>\n\t<meta name=\"twitter:data1\" content=\"Ana Teixeira\" \/>\n\t<meta name=\"twitter:label2\" content=\"Est. tempo de leitura\" \/>\n\t<meta name=\"twitter:data2\" content=\"4 minutos\" \/>\n<script type=\"application\/ld+json\" class=\"yoast-schema-graph\">{\"@context\":\"https:\/\/schema.org\",\"@graph\":[{\"@type\":\"NewsArticle\",\"@id\":\"https:\/\/www.gaveanews.com\/index.php\/2025\/05\/14\/neymar-ja-foi-responsavel-pela-demissao-de-carlo-ancelotti-entenda\/#article\",\"isPartOf\":{\"@id\":\"https:\/\/www.gaveanews.com\/index.php\/2025\/05\/14\/neymar-ja-foi-responsavel-pela-demissao-de-carlo-ancelotti-entenda\/\"},\"author\":{\"name\":\"Ana Teixeira\",\"@id\":\"https:\/\/www.gaveanews.com\/#\/schema\/person\/3b19f7288b0ce20372991275e4f2e6c2\"},\"headline\":\"Neymar j\u00e1 foi respons\u00e1vel pela demiss\u00e3o de Carlo Ancelotti; entenda\",\"datePublished\":\"2025-05-14T21:40:00+00:00\",\"mainEntityOfPage\":{\"@id\":\"https:\/\/www.gaveanews.com\/index.php\/2025\/05\/14\/neymar-ja-foi-responsavel-pela-demissao-de-carlo-ancelotti-entenda\/\"},\"wordCount\":600,\"commentCount\":0,\"image\":{\"@id\":\"https:\/\/www.gaveanews.com\/index.php\/2025\/05\/14\/neymar-ja-foi-responsavel-pela-demissao-de-carlo-ancelotti-entenda\/#primaryimage\"},\"thumbnailUrl\":\"https:\/\/www.gaveanews.com\/wp-content\/uploads\/Neymar-junto-com-a-delegacao-do-Santos-na-Vila-Belmiro.webp\",\"articleSection\":[\"Brasil\",\"Futebol Internacional\",\"Santos\",\"Sele\u00e7\u00f5es\"],\"inLanguage\":\"pt-BR\",\"potentialAction\":[{\"@type\":\"CommentAction\",\"name\":\"Comment\",\"target\":[\"https:\/\/www.gaveanews.com\/index.php\/2025\/05\/14\/neymar-ja-foi-responsavel-pela-demissao-de-carlo-ancelotti-entenda\/#respond\"]}],\"copyrightYear\":\"2025\",\"copyrightHolder\":{\"@id\":\"https:\/\/www.gaveanews.com\/#organization\"}},{\"@type\":\"WebPage\",\"@id\":\"https:\/\/www.gaveanews.com\/index.php\/2025\/05\/14\/neymar-ja-foi-responsavel-pela-demissao-de-carlo-ancelotti-entenda\/\",\"url\":\"https:\/\/www.gaveanews.com\/index.php\/2025\/05\/14\/neymar-ja-foi-responsavel-pela-demissao-de-carlo-ancelotti-entenda\/\",\"name\":\"Neymar j\u00e1 foi respons\u00e1vel pela demiss\u00e3o de Carlo Ancelotti; entenda\",\"isPartOf\":{\"@id\":\"https:\/\/www.gaveanews.com\/#website\"},\"primaryImageOfPage\":{\"@id\":\"https:\/\/www.gaveanews.com\/index.php\/2025\/05\/14\/neymar-ja-foi-responsavel-pela-demissao-de-carlo-ancelotti-entenda\/#primaryimage\"},\"image\":{\"@id\":\"https:\/\/www.gaveanews.com\/index.php\/2025\/05\/14\/neymar-ja-foi-responsavel-pela-demissao-de-carlo-ancelotti-entenda\/#primaryimage\"},\"thumbnailUrl\":\"https:\/\/www.gaveanews.com\/wp-content\/uploads\/Neymar-junto-com-a-delegacao-do-Santos-na-Vila-Belmiro.webp\",\"datePublished\":\"2025-05-14T21:40:00+00:00\",\"author\":{\"@id\":\"https:\/\/www.gaveanews.com\/#\/schema\/person\/3b19f7288b0ce20372991275e4f2e6c2\"},\"breadcrumb\":{\"@id\":\"https:\/\/www.gaveanews.com\/index.php\/2025\/05\/14\/neymar-ja-foi-responsavel-pela-demissao-de-carlo-ancelotti-entenda\/#breadcrumb\"},\"inLanguage\":\"pt-BR\",\"potentialAction\":[{\"@type\":\"ReadAction\",\"target\":[\"https:\/\/www.gaveanews.com\/index.php\/2025\/05\/14\/neymar-ja-foi-responsavel-pela-demissao-de-carlo-ancelotti-entenda\/\"]}]},{\"@type\":\"ImageObject\",\"inLanguage\":\"pt-BR\",\"@id\":\"https:\/\/www.gaveanews.com\/index.php\/2025\/05\/14\/neymar-ja-foi-responsavel-pela-demissao-de-carlo-ancelotti-entenda\/#primaryimage\",\"url\":\"https:\/\/www.gaveanews.com\/wp-content\/uploads\/Neymar-junto-com-a-delegacao-do-Santos-na-Vila-Belmiro.webp\",\"contentUrl\":\"https:\/\/www.gaveanews.com\/wp-content\/uploads\/Neymar-junto-com-a-delegacao-do-Santos-na-Vila-Belmiro.webp\",\"width\":1200,\"height\":800,\"caption\":\"Neymar chegando com a delega\u00e7\u00e3o do Santos na Vila Belmiro - Fotos: Raul Baretta\/ Santos FC.\"},{\"@type\":\"BreadcrumbList\",\"@id\":\"https:\/\/www.gaveanews.com\/index.php\/2025\/05\/14\/neymar-ja-foi-responsavel-pela-demissao-de-carlo-ancelotti-entenda\/#breadcrumb\",\"itemListElement\":[{\"@type\":\"ListItem\",\"position\":1,\"name\":\"Home\",\"item\":\"https:\/\/www.gaveanews.com\/\"},{\"@type\":\"ListItem\",\"position\":2,\"name\":\"Neymar j\u00e1 foi respons\u00e1vel pela demiss\u00e3o de Carlo Ancelotti; entenda\"}]},{\"@type\":\"WebSite\",\"@id\":\"https:\/\/www.gaveanews.com\/#website\",\"url\":\"https:\/\/www.gaveanews.com\/\",\"name\":\"G\u00e1vea News\",\"description\":\"Veja todas as not\u00edcias sobre o Flamengo: Contrata\u00e7\u00f5es, categorias de base, resultados das partidas, tabela de classifica\u00e7\u00e3o, pr\u00f3ximos jogos!\",\"potentialAction\":[{\"@type\":\"SearchAction\",\"target\":{\"@type\":\"EntryPoint\",\"urlTemplate\":\"https:\/\/www.gaveanews.com\/?s={search_term_string}\"},\"query-input\":{\"@type\":\"PropertyValueSpecification\",\"valueRequired\":true,\"valueName\":\"search_term_string\"}}],\"inLanguage\":\"pt-BR\"},{\"@type\":\"Person\",\"@id\":\"https:\/\/www.gaveanews.com\/#\/schema\/person\/3b19f7288b0ce20372991275e4f2e6c2\",\"name\":\"Ana Teixeira\",\"image\":{\"@type\":\"ImageObject\",\"inLanguage\":\"pt-BR\",\"@id\":\"https:\/\/www.gaveanews.com\/#\/schema\/person\/image\/\",\"url\":\"https:\/\/secure.gravatar.com\/avatar\/0a73f5a5258f3fed37fc2fa641892f3f7a4748456d4d4792f9bc550e6c19e06c?s=96&d=mm&r=g\",\"contentUrl\":\"https:\/\/secure.gravatar.com\/avatar\/0a73f5a5258f3fed37fc2fa641892f3f7a4748456d4d4792f9bc550e6c19e06c?s=96&d=mm&r=g\",\"caption\":\"Ana Teixeira\"}}]}<\/script>\n<!-- \/ Yoast SEO Premium plugin. -->","yoast_head_json":{"title":"Neymar j\u00e1 foi respons\u00e1vel pela demiss\u00e3o de Carlo Ancelotti; entenda","robots":{"index":"index","follow":"follow","max-snippet":"max-snippet:-1","max-image-preview":"max-image-preview:large","max-video-preview":"max-video-preview:-1"},"canonical":"https:\/\/www.gaveanews.com\/index.php\/2025\/05\/14\/neymar-ja-foi-responsavel-pela-demissao-de-carlo-ancelotti-entenda\/","og_locale":"pt_BR","og_type":"article","og_title":"Neymar j\u00e1 foi respons\u00e1vel pela demiss\u00e3o de Carlo Ancelotti; entenda","og_description":"A rela\u00e7\u00e3o entre Carlo Ancelotti e Neymar, embora nunca tenha ocorrido dentro do mesmo vesti\u00e1rio, j\u00e1 foi marcada por epis\u00f3dios intensos. Um dos momentos mais emblem\u00e1ticos dessa trajet\u00f3ria cruzada aconteceu em setembro de 2017. Na ocasi\u00e3o, o Paris Saint-Germain, liderado por Neymar, derrotou o Bayern de Munique por 3 a 0, em um confronto v\u00e1lido [&hellip;]","og_url":"https:\/\/www.gaveanews.com\/index.php\/2025\/05\/14\/neymar-ja-foi-responsavel-pela-demissao-de-carlo-ancelotti-entenda\/","og_site_name":"G\u00e1vea News","article_publisher":"https:\/\/facebook.com\/gaveaNews\/","article_published_time":"2025-05-14T21:40:00+00:00","og_image":[{"width":1200,"height":800,"url":"https:\/\/www.gaveanews.com\/wp-content\/uploads\/Neymar-junto-com-a-delegacao-do-Santos-na-Vila-Belmiro.webp","type":"image\/png"}],"author":"Ana Teixeira","twitter_card":"summary_large_image","twitter_misc":{"Escrito por":"Ana Teixeira","Est. tempo de leitura":"4 minutos"},"schema":{"@context":"https:\/\/schema.org","@graph":[{"@type":"NewsArticle","@id":"https:\/\/www.gaveanews.com\/index.php\/2025\/05\/14\/neymar-ja-foi-responsavel-pela-demissao-de-carlo-ancelotti-entenda\/#article","isPartOf":{"@id":"https:\/\/www.gaveanews.com\/index.php\/2025\/05\/14\/neymar-ja-foi-responsavel-pela-demissao-de-carlo-ancelotti-entenda\/"},"author":{"name":"Ana Teixeira","@id":"https:\/\/www.gaveanews.com\/#\/schema\/person\/3b19f7288b0ce20372991275e4f2e6c2"},"headline":"Neymar j\u00e1 foi respons\u00e1vel pela demiss\u00e3o de Carlo Ancelotti; entenda","datePublished":"2025-05-14T21:40:00+00:00","mainEntityOfPage":{"@id":"https:\/\/www.gaveanews.com\/index.php\/2025\/05\/14\/neymar-ja-foi-responsavel-pela-demissao-de-carlo-ancelotti-entenda\/"},"wordCount":600,"commentCount":0,"image":{"@id":"https:\/\/www.gaveanews.com\/index.php\/2025\/05\/14\/neymar-ja-foi-responsavel-pela-demissao-de-carlo-ancelotti-entenda\/#primaryimage"},"thumbnailUrl":"https:\/\/www.gaveanews.com\/wp-content\/uploads\/Neymar-junto-com-a-delegacao-do-Santos-na-Vila-Belmiro.webp","articleSection":["Brasil","Futebol Internacional","Santos","Sele\u00e7\u00f5es"],"inLanguage":"pt-BR","potentialAction":[{"@type":"CommentAction","name":"Comment","target":["https:\/\/www.gaveanews.com\/index.php\/2025\/05\/14\/neymar-ja-foi-responsavel-pela-demissao-de-carlo-ancelotti-entenda\/#respond"]}],"copyrightYear":"2025","copyrightHolder":{"@id":"https:\/\/www.gaveanews.com\/#organization"}},{"@type":"WebPage","@id":"https:\/\/www.gaveanews.com\/index.php\/2025\/05\/14\/neymar-ja-foi-responsavel-pela-demissao-de-carlo-ancelotti-entenda\/","url":"https:\/\/www.gaveanews.com\/index.php\/2025\/05\/14\/neymar-ja-foi-responsavel-pela-demissao-de-carlo-ancelotti-entenda\/","name":"Neymar j\u00e1 foi respons\u00e1vel pela demiss\u00e3o de Carlo Ancelotti; entenda","isPartOf":{"@id":"https:\/\/www.gaveanews.com\/#website"},"primaryImageOfPage":{"@id":"https:\/\/www.gaveanews.com\/index.php\/2025\/05\/14\/neymar-ja-foi-responsavel-pela-demissao-de-carlo-ancelotti-entenda\/#primaryimage"},"image":{"@id":"https:\/\/www.gaveanews.com\/index.php\/2025\/05\/14\/neymar-ja-foi-responsavel-pela-demissao-de-carlo-ancelotti-entenda\/#primaryimage"},"thumbnailUrl":"https:\/\/www.gaveanews.com\/wp-content\/uploads\/Neymar-junto-com-a-delegacao-do-Santos-na-Vila-Belmiro.webp","datePublished":"2025-05-14T21:40:00+00:00","author":{"@id":"https:\/\/www.gaveanews.com\/#\/schema\/person\/3b19f7288b0ce20372991275e4f2e6c2"},"breadcrumb":{"@id":"https:\/\/www.gaveanews.com\/index.php\/2025\/05\/14\/neymar-ja-foi-responsavel-pela-demissao-de-carlo-ancelotti-entenda\/#breadcrumb"},"inLanguage":"pt-BR","potentialAction":[{"@type":"ReadAction","target":["https:\/\/www.gaveanews.com\/index.php\/2025\/05\/14\/neymar-ja-foi-responsavel-pela-demissao-de-carlo-ancelotti-entenda\/"]}]},{"@type":"ImageObject","inLanguage":"pt-BR","@id":"https:\/\/www.gaveanews.com\/index.php\/2025\/05\/14\/neymar-ja-foi-responsavel-pela-demissao-de-carlo-ancelotti-entenda\/#primaryimage","url":"https:\/\/www.gaveanews.com\/wp-content\/uploads\/Neymar-junto-com-a-delegacao-do-Santos-na-Vila-Belmiro.webp","contentUrl":"https:\/\/www.gaveanews.com\/wp-content\/uploads\/Neymar-junto-com-a-delegacao-do-Santos-na-Vila-Belmiro.webp","width":1200,"height":800,"caption":"Neymar chegando com a delega\u00e7\u00e3o do Santos na Vila Belmiro - Fotos: Raul Baretta\/ Santos FC."},{"@type":"BreadcrumbList","@id":"https:\/\/www.gaveanews.com\/index.php\/2025\/05\/14\/neymar-ja-foi-responsavel-pela-demissao-de-carlo-ancelotti-entenda\/#breadcrumb","itemListElement":[{"@type":"ListItem","position":1,"name":"Home","item":"https:\/\/www.gaveanews.com\/"},{"@type":"ListItem","position":2,"name":"Neymar j\u00e1 foi respons\u00e1vel pela demiss\u00e3o de Carlo Ancelotti; entenda"}]},{"@type":"WebSite","@id":"https:\/\/www.gaveanews.com\/#website","url":"https:\/\/www.gaveanews.com\/","name":"G\u00e1vea News","description":"Veja todas as not\u00edcias sobre o Flamengo: Contrata\u00e7\u00f5es, categorias de base, resultados das partidas, tabela de classifica\u00e7\u00e3o, pr\u00f3ximos jogos!","potentialAction":[{"@type":"SearchAction","target":{"@type":"EntryPoint","urlTemplate":"https:\/\/www.gaveanews.com\/?s={search_term_string}"},"query-input":{"@type":"PropertyValueSpecification","valueRequired":true,"valueName":"search_term_string"}}],"inLanguage":"pt-BR"},{"@type":"Person","@id":"https:\/\/www.gaveanews.com\/#\/schema\/person\/3b19f7288b0ce20372991275e4f2e6c2","name":"Ana Teixeira","image":{"@type":"ImageObject","inLanguage":"pt-BR","@id":"https:\/\/www.gaveanews.com\/#\/schema\/person\/image\/","url":"https:\/\/secure.gravatar.com\/avatar\/0a73f5a5258f3fed37fc2fa641892f3f7a4748456d4d4792f9bc550e6c19e06c?s=96&d=mm&r=g","contentUrl":"https:\/\/secure.gravatar.com\/avatar\/0a73f5a5258f3fed37fc2fa641892f3f7a4748456d4d4792f9bc550e6c19e06c?s=96&d=mm&r=g","caption":"Ana Teixeira"}}]}},"_links":{"self":[{"href":"https:\/\/www.gaveanews.com\/index.php\/wp-json\/wp\/v2\/posts\/263730","targetHints":{"allow":["GET"]}}],"collection":[{"href":"https:\/\/www.gaveanews.com\/index.php\/wp-json\/wp\/v2\/posts"}],"about":[{"href":"https:\/\/www.gaveanews.com\/index.php\/wp-json\/wp\/v2\/types\/post"}],"author":[{"embeddable":true,"href":"https:\/\/www.gaveanews.com\/index.php\/wp-json\/wp\/v2\/users\/30"}],"replies":[{"embeddable":true,"href":"https:\/\/www.gaveanews.com\/index.php\/wp-json\/wp\/v2\/comments?post=263730"}],"version-history":[{"count":1,"href":"https:\/\/www.gaveanews.com\/index.php\/wp-json\/wp\/v2\/posts\/263730\/revisions"}],"predecessor-version":[{"id":263738,"href":"https:\/\/www.gaveanews.com\/index.php\/wp-json\/wp\/v2\/posts\/263730\/revisions\/263738"}],"wp:featuredmedia":[{"embeddable":true,"href":"https:\/\/www.gaveanews.com\/index.php\/wp-json\/wp\/v2\/media\/254859"}],"wp:attachment":[{"href":"https:\/\/www.gaveanews.com\/index.php\/wp-json\/wp\/v2\/media?parent=263730"}],"wp:term":[{"taxonomy":"category","embeddable":true,"href":"https:\/\/www.gaveanews.com\/index.php\/wp-json\/wp\/v2\/categories?post=263730"},{"taxonomy":"post_tag","embeddable":true,"href":"https:\/\/www.gaveanews.com\/index.php\/wp-json\/wp\/v2\/tags?post=263730"}],"curies":[{"name":"wp","href":"https:\/\/api.w.org\/{rel}","templated":true}]}}