{"id":263740,"date":"2025-05-14T18:50:00","date_gmt":"2025-05-14T21:50:00","guid":{"rendered":"https:\/\/www.gaveanews.com\/?p=263740"},"modified":"2025-05-14T16:56:48","modified_gmt":"2025-05-14T19:56:48","slug":"jornalista-abre-o-jogo-sobre-saida-da-rede-globo-as-pessoas-nao","status":"publish","type":"post","link":"https:\/\/www.gaveanews.com\/index.php\/2025\/05\/14\/jornalista-abre-o-jogo-sobre-saida-da-rede-globo-as-pessoas-nao\/","title":{"rendered":"Jornalista abre o jogo sobre sa\u00edda da Rede Globo: &#8220;as pessoas n\u00e3o\u2026&#8221;"},"content":{"rendered":"\n<p>Glenda Kozlowski decidiu encerrar sua trajet\u00f3ria na TV Globo, onde permaneceu por quase tr\u00eas d\u00e9cadas, motivada por um sentimento de estagna\u00e7\u00e3o e a vontade de explorar novos horizontes. Em entrevista concedida ao programa de Fl\u00e1vio Ricco, a jornalista afirmou que a decis\u00e3o foi tomada ap\u00f3s um longo per\u00edodo de reflex\u00e3o. <\/p>\n\n\n\n<p>\u201cA minha sa\u00edda da Globo foi porque eu queria fazer outras coisas\u201d, declarou. Segundo ela, o processo levou mais de um ano e meio de pondera\u00e7\u00f5es.<\/p>\n\n\n\n<p>A apresentadora revelou que pretendia aprofundar seu entendimento sobre redes sociais, \u00e1rea ainda incipiente \u00e0 \u00e9poca de sua sa\u00edda em 2019. Conforme relatou, esse desejo esbarrava em limita\u00e7\u00f5es dentro da estrutura da emissora. <\/p>\n\n\n\n<p>\u201cEu queria entender essa quest\u00e3o das redes sociais, que na \u00e9poca n\u00e3o era isso tudo que \u00e9 hoje, e n\u00e3o podia\u201d, explicou.<\/p>\n\n\n\n<h3 class=\"wp-block-heading\" id=\"h-transicao-para-o-universo-dos-negocios\">Transi\u00e7\u00e3o para o universo dos neg\u00f3cios<\/h3>\n\n\n\n<p>Durante o relato, Glenda compartilhou que sua inquieta\u00e7\u00e3o profissional n\u00e3o se limitava \u00e0 comunica\u00e7\u00e3o digital. Ela passou a enxergar possibilidades no campo dos neg\u00f3cios relacionados ao esporte. \u201cComecei a me descobrir uma mulher de neg\u00f3cios, que pensa em estrat\u00e9gia, que pensa em neg\u00f3cio, que desenvolve neg\u00f3cios dentro do esporte\u201d, afirmou.<\/p>\n\n\n\n<p>A apresentadora mencionou que sentia a necessidade de realizar mais, fora dos moldes tradicionais da televis\u00e3o. \u201cEu queria explorar, obviamente, as marcas. Eu queria fazer mais\u201d, acrescentou, evidenciando o desejo por autonomia criativa e estrat\u00e9gica. Conforme pontuou, suas metas profissionais deixaram de ser compat\u00edveis com os espa\u00e7os dispon\u00edveis dentro da Globo.<\/p>\n\n\n\n<h3 class=\"wp-block-heading\" id=\"h-carreira-consolidada-e-gratidao-a-emissora\">Carreira consolidada e gratid\u00e3o \u00e0 emissora<\/h3>\n\n\n\n<p>Apesar da decis\u00e3o de sair, Glenda demonstrou reconhecimento pelo tempo que passou na emissora. Ela recordou a longa e diversa trajet\u00f3ria, que teve in\u00edcio em 1992, quando tinha apenas 17 anos. \u201cA minha vida era ali dentro, e eu tinha um la\u00e7o forte com a Globo\u201d, declarou. <\/p>\n\n\n\n<p>O v\u00ednculo teve in\u00edcio ainda na \u00e9poca em que atuava como atleta de bodyboard, esporte amplamente coberto pela emissora.<\/p>\n\n\n\n<p>Durante a entrevista, ela rememorou os principais trabalhos realizados, entre eles o \u201cEsporte Espetacular\u201d, o \u201cGlobo Esporte\u201d, transmiss\u00f5es de Carnaval, o programa \u201cGlobo Mar\u201d e o reality \u201cHipertens\u00e3o\u201d, este \u00faltimo produzido por Boninho. <\/p>\n\n\n\n<p>\u201cForam anos e anos no Esporte Espetacular, muito tempo\u201d, disse. Ao relembrar essas experi\u00eancias, destacou o carinho por colegas de equipe e por todos os formatos em que atuou.<\/p>\n\n\n\n<h3 class=\"wp-block-heading\" id=\"h-primeiros-passos-e-reviravolta-profissional\">Primeiros passos e reviravolta profissional<\/h3>\n\n\n\n<p>Em um tom mais pessoal, Glenda revelou que, na juventude, sua aspira\u00e7\u00e3o era atuar como atriz. \u201cNa minha adolesc\u00eancia, sempre gostei muito de televis\u00e3o. Adorava novelas!\u201d, comentou. <\/p>\n\n\n\n<p>Ela chegou a realizar testes para a miniss\u00e9rie \u201cSex Appeal\u201d, de 1993, mas sua m\u00e3e a impediu de seguir adiante por causa de cenas sensuais exigidas na produ\u00e7\u00e3o. \u201cA TV Globo deve ter esse teste guardado at\u00e9 hoje. Espero que n\u00e3o apare\u00e7a nunca mais\u201d, brincou.<\/p>\n\n\n\n<p>Pouco tempo depois, foi convidada para apresentar um programa no SporTV. Rec\u00e9m-consagrada tetracampe\u00e3 mundial de bodyboard, Glenda aceitou a proposta e encontrou no jornalismo esportivo um novo caminho profissional. \u201cMe apaixonei, porque eu me sentia muito \u00e0 vontade naquele universo esportivo\u201d, concluiu.<\/p>\n","protected":false},"excerpt":{"rendered":"<p>Glenda Kozlowski decidiu encerrar sua trajet\u00f3ria na TV Globo, onde permaneceu por quase tr\u00eas d\u00e9cadas, motivada por um sentimento de estagna\u00e7\u00e3o e a vontade de explorar novos horizontes. Em entrevista concedida ao programa de Fl\u00e1vio Ricco, a jornalista afirmou que a decis\u00e3o foi tomada ap\u00f3s um longo per\u00edodo de reflex\u00e3o. \u201cA minha sa\u00edda da Globo [&hellip;]<\/p>\n","protected":false},"author":30,"featured_media":96273,"comment_status":"open","ping_status":"closed","sticky":false,"template":"","format":"standard","meta":{"footnotes":""},"categories":[478,81,433],"tags":[],"class_list":["post-263740","post","type-post","status-publish","format-standard","has-post-thumbnail","hentry","category-brasil","category-celebridades","category-entretenimento"],"yoast_head":"<!-- This site is optimized with the Yoast SEO Premium plugin v24.2 (Yoast SEO v26.9) - https:\/\/yoast.com\/product\/yoast-seo-premium-wordpress\/ -->\n<title>Jornalista abre o jogo sobre sa\u00edda da Rede Globo: &quot;as pessoas n\u00e3o\u2026&quot;<\/title>\n<meta name=\"robots\" content=\"index, follow, max-snippet:-1, max-image-preview:large, max-video-preview:-1\" \/>\n<link rel=\"canonical\" href=\"https:\/\/www.gaveanews.com\/index.php\/2025\/05\/14\/jornalista-abre-o-jogo-sobre-saida-da-rede-globo-as-pessoas-nao\/\" \/>\n<meta property=\"og:locale\" content=\"pt_BR\" \/>\n<meta property=\"og:type\" content=\"article\" \/>\n<meta property=\"og:title\" content=\"Jornalista abre o jogo sobre sa\u00edda da Rede Globo: &quot;as pessoas n\u00e3o\u2026&quot;\" \/>\n<meta property=\"og:description\" content=\"Glenda Kozlowski decidiu encerrar sua trajet\u00f3ria na TV Globo, onde permaneceu por quase tr\u00eas d\u00e9cadas, motivada por um sentimento de estagna\u00e7\u00e3o e a vontade de explorar novos horizontes. Em entrevista concedida ao programa de Fl\u00e1vio Ricco, a jornalista afirmou que a decis\u00e3o foi tomada ap\u00f3s um longo per\u00edodo de reflex\u00e3o. \u201cA minha sa\u00edda da Globo [&hellip;]\" \/>\n<meta property=\"og:url\" content=\"https:\/\/www.gaveanews.com\/index.php\/2025\/05\/14\/jornalista-abre-o-jogo-sobre-saida-da-rede-globo-as-pessoas-nao\/\" \/>\n<meta property=\"og:site_name\" content=\"G\u00e1vea News\" \/>\n<meta property=\"article:publisher\" content=\"https:\/\/facebook.com\/gaveaNews\/\" \/>\n<meta property=\"article:published_time\" content=\"2025-05-14T21:50:00+00:00\" \/>\n<meta property=\"og:image\" content=\"https:\/\/www.gaveanews.com\/wp-content\/uploads\/Logomarca-da-Rede-Globo.webp\" \/>\n\t<meta property=\"og:image:width\" content=\"1280\" \/>\n\t<meta property=\"og:image:height\" content=\"670\" \/>\n\t<meta property=\"og:image:type\" content=\"image\/jpeg\" \/>\n<meta name=\"author\" content=\"Ana Teixeira\" \/>\n<meta name=\"twitter:card\" content=\"summary_large_image\" \/>\n<meta name=\"twitter:label1\" content=\"Escrito por\" \/>\n\t<meta name=\"twitter:data1\" content=\"Ana Teixeira\" \/>\n\t<meta name=\"twitter:label2\" content=\"Est. tempo de leitura\" \/>\n\t<meta name=\"twitter:data2\" content=\"3 minutos\" \/>\n<script type=\"application\/ld+json\" class=\"yoast-schema-graph\">{\"@context\":\"https:\/\/schema.org\",\"@graph\":[{\"@type\":\"NewsArticle\",\"@id\":\"https:\/\/www.gaveanews.com\/index.php\/2025\/05\/14\/jornalista-abre-o-jogo-sobre-saida-da-rede-globo-as-pessoas-nao\/#article\",\"isPartOf\":{\"@id\":\"https:\/\/www.gaveanews.com\/index.php\/2025\/05\/14\/jornalista-abre-o-jogo-sobre-saida-da-rede-globo-as-pessoas-nao\/\"},\"author\":{\"name\":\"Ana Teixeira\",\"@id\":\"https:\/\/www.gaveanews.com\/#\/schema\/person\/3b19f7288b0ce20372991275e4f2e6c2\"},\"headline\":\"Jornalista abre o jogo sobre sa\u00edda da Rede Globo: &#8220;as pessoas n\u00e3o\u2026&#8221;\",\"datePublished\":\"2025-05-14T21:50:00+00:00\",\"mainEntityOfPage\":{\"@id\":\"https:\/\/www.gaveanews.com\/index.php\/2025\/05\/14\/jornalista-abre-o-jogo-sobre-saida-da-rede-globo-as-pessoas-nao\/\"},\"wordCount\":546,\"commentCount\":0,\"image\":{\"@id\":\"https:\/\/www.gaveanews.com\/index.php\/2025\/05\/14\/jornalista-abre-o-jogo-sobre-saida-da-rede-globo-as-pessoas-nao\/#primaryimage\"},\"thumbnailUrl\":\"https:\/\/www.gaveanews.com\/wp-content\/uploads\/Logomarca-da-Rede-Globo.webp\",\"articleSection\":[\"Brasil\",\"Celebridades\",\"Entretenimento\"],\"inLanguage\":\"pt-BR\",\"potentialAction\":[{\"@type\":\"CommentAction\",\"name\":\"Comment\",\"target\":[\"https:\/\/www.gaveanews.com\/index.php\/2025\/05\/14\/jornalista-abre-o-jogo-sobre-saida-da-rede-globo-as-pessoas-nao\/#respond\"]}],\"copyrightYear\":\"2025\",\"copyrightHolder\":{\"@id\":\"https:\/\/www.gaveanews.com\/#organization\"}},{\"@type\":\"WebPage\",\"@id\":\"https:\/\/www.gaveanews.com\/index.php\/2025\/05\/14\/jornalista-abre-o-jogo-sobre-saida-da-rede-globo-as-pessoas-nao\/\",\"url\":\"https:\/\/www.gaveanews.com\/index.php\/2025\/05\/14\/jornalista-abre-o-jogo-sobre-saida-da-rede-globo-as-pessoas-nao\/\",\"name\":\"Jornalista abre o jogo sobre sa\u00edda da Rede Globo: \\\"as pessoas n\u00e3o\u2026\\\"\",\"isPartOf\":{\"@id\":\"https:\/\/www.gaveanews.com\/#website\"},\"primaryImageOfPage\":{\"@id\":\"https:\/\/www.gaveanews.com\/index.php\/2025\/05\/14\/jornalista-abre-o-jogo-sobre-saida-da-rede-globo-as-pessoas-nao\/#primaryimage\"},\"image\":{\"@id\":\"https:\/\/www.gaveanews.com\/index.php\/2025\/05\/14\/jornalista-abre-o-jogo-sobre-saida-da-rede-globo-as-pessoas-nao\/#primaryimage\"},\"thumbnailUrl\":\"https:\/\/www.gaveanews.com\/wp-content\/uploads\/Logomarca-da-Rede-Globo.webp\",\"datePublished\":\"2025-05-14T21:50:00+00:00\",\"author\":{\"@id\":\"https:\/\/www.gaveanews.com\/#\/schema\/person\/3b19f7288b0ce20372991275e4f2e6c2\"},\"breadcrumb\":{\"@id\":\"https:\/\/www.gaveanews.com\/index.php\/2025\/05\/14\/jornalista-abre-o-jogo-sobre-saida-da-rede-globo-as-pessoas-nao\/#breadcrumb\"},\"inLanguage\":\"pt-BR\",\"potentialAction\":[{\"@type\":\"ReadAction\",\"target\":[\"https:\/\/www.gaveanews.com\/index.php\/2025\/05\/14\/jornalista-abre-o-jogo-sobre-saida-da-rede-globo-as-pessoas-nao\/\"]}]},{\"@type\":\"ImageObject\",\"inLanguage\":\"pt-BR\",\"@id\":\"https:\/\/www.gaveanews.com\/index.php\/2025\/05\/14\/jornalista-abre-o-jogo-sobre-saida-da-rede-globo-as-pessoas-nao\/#primaryimage\",\"url\":\"https:\/\/www.gaveanews.com\/wp-content\/uploads\/Logomarca-da-Rede-Globo.webp\",\"contentUrl\":\"https:\/\/www.gaveanews.com\/wp-content\/uploads\/Logomarca-da-Rede-Globo.webp\",\"width\":1280,\"height\":670,\"caption\":\"Logomarca da Rede Globo (Foto: Reprodu\u00e7\u00e3o)\"},{\"@type\":\"BreadcrumbList\",\"@id\":\"https:\/\/www.gaveanews.com\/index.php\/2025\/05\/14\/jornalista-abre-o-jogo-sobre-saida-da-rede-globo-as-pessoas-nao\/#breadcrumb\",\"itemListElement\":[{\"@type\":\"ListItem\",\"position\":1,\"name\":\"Home\",\"item\":\"https:\/\/www.gaveanews.com\/\"},{\"@type\":\"ListItem\",\"position\":2,\"name\":\"Jornalista abre o jogo sobre sa\u00edda da Rede Globo: &#8220;as pessoas n\u00e3o\u2026&#8221;\"}]},{\"@type\":\"WebSite\",\"@id\":\"https:\/\/www.gaveanews.com\/#website\",\"url\":\"https:\/\/www.gaveanews.com\/\",\"name\":\"G\u00e1vea News\",\"description\":\"Veja todas as not\u00edcias sobre o Flamengo: Contrata\u00e7\u00f5es, categorias de base, resultados das partidas, tabela de classifica\u00e7\u00e3o, pr\u00f3ximos jogos!\",\"potentialAction\":[{\"@type\":\"SearchAction\",\"target\":{\"@type\":\"EntryPoint\",\"urlTemplate\":\"https:\/\/www.gaveanews.com\/?s={search_term_string}\"},\"query-input\":{\"@type\":\"PropertyValueSpecification\",\"valueRequired\":true,\"valueName\":\"search_term_string\"}}],\"inLanguage\":\"pt-BR\"},{\"@type\":\"Person\",\"@id\":\"https:\/\/www.gaveanews.com\/#\/schema\/person\/3b19f7288b0ce20372991275e4f2e6c2\",\"name\":\"Ana Teixeira\",\"image\":{\"@type\":\"ImageObject\",\"inLanguage\":\"pt-BR\",\"@id\":\"https:\/\/www.gaveanews.com\/#\/schema\/person\/image\/\",\"url\":\"https:\/\/secure.gravatar.com\/avatar\/0a73f5a5258f3fed37fc2fa641892f3f7a4748456d4d4792f9bc550e6c19e06c?s=96&d=mm&r=g\",\"contentUrl\":\"https:\/\/secure.gravatar.com\/avatar\/0a73f5a5258f3fed37fc2fa641892f3f7a4748456d4d4792f9bc550e6c19e06c?s=96&d=mm&r=g\",\"caption\":\"Ana Teixeira\"}}]}<\/script>\n<!-- \/ Yoast SEO Premium plugin. -->","yoast_head_json":{"title":"Jornalista abre o jogo sobre sa\u00edda da Rede Globo: \"as pessoas n\u00e3o\u2026\"","robots":{"index":"index","follow":"follow","max-snippet":"max-snippet:-1","max-image-preview":"max-image-preview:large","max-video-preview":"max-video-preview:-1"},"canonical":"https:\/\/www.gaveanews.com\/index.php\/2025\/05\/14\/jornalista-abre-o-jogo-sobre-saida-da-rede-globo-as-pessoas-nao\/","og_locale":"pt_BR","og_type":"article","og_title":"Jornalista abre o jogo sobre sa\u00edda da Rede Globo: \"as pessoas n\u00e3o\u2026\"","og_description":"Glenda Kozlowski decidiu encerrar sua trajet\u00f3ria na TV Globo, onde permaneceu por quase tr\u00eas d\u00e9cadas, motivada por um sentimento de estagna\u00e7\u00e3o e a vontade de explorar novos horizontes. Em entrevista concedida ao programa de Fl\u00e1vio Ricco, a jornalista afirmou que a decis\u00e3o foi tomada ap\u00f3s um longo per\u00edodo de reflex\u00e3o. \u201cA minha sa\u00edda da Globo [&hellip;]","og_url":"https:\/\/www.gaveanews.com\/index.php\/2025\/05\/14\/jornalista-abre-o-jogo-sobre-saida-da-rede-globo-as-pessoas-nao\/","og_site_name":"G\u00e1vea News","article_publisher":"https:\/\/facebook.com\/gaveaNews\/","article_published_time":"2025-05-14T21:50:00+00:00","og_image":[{"width":1280,"height":670,"url":"https:\/\/www.gaveanews.com\/wp-content\/uploads\/Logomarca-da-Rede-Globo.webp","type":"image\/jpeg"}],"author":"Ana Teixeira","twitter_card":"summary_large_image","twitter_misc":{"Escrito por":"Ana Teixeira","Est. tempo de leitura":"3 minutos"},"schema":{"@context":"https:\/\/schema.org","@graph":[{"@type":"NewsArticle","@id":"https:\/\/www.gaveanews.com\/index.php\/2025\/05\/14\/jornalista-abre-o-jogo-sobre-saida-da-rede-globo-as-pessoas-nao\/#article","isPartOf":{"@id":"https:\/\/www.gaveanews.com\/index.php\/2025\/05\/14\/jornalista-abre-o-jogo-sobre-saida-da-rede-globo-as-pessoas-nao\/"},"author":{"name":"Ana Teixeira","@id":"https:\/\/www.gaveanews.com\/#\/schema\/person\/3b19f7288b0ce20372991275e4f2e6c2"},"headline":"Jornalista abre o jogo sobre sa\u00edda da Rede Globo: &#8220;as pessoas n\u00e3o\u2026&#8221;","datePublished":"2025-05-14T21:50:00+00:00","mainEntityOfPage":{"@id":"https:\/\/www.gaveanews.com\/index.php\/2025\/05\/14\/jornalista-abre-o-jogo-sobre-saida-da-rede-globo-as-pessoas-nao\/"},"wordCount":546,"commentCount":0,"image":{"@id":"https:\/\/www.gaveanews.com\/index.php\/2025\/05\/14\/jornalista-abre-o-jogo-sobre-saida-da-rede-globo-as-pessoas-nao\/#primaryimage"},"thumbnailUrl":"https:\/\/www.gaveanews.com\/wp-content\/uploads\/Logomarca-da-Rede-Globo.webp","articleSection":["Brasil","Celebridades","Entretenimento"],"inLanguage":"pt-BR","potentialAction":[{"@type":"CommentAction","name":"Comment","target":["https:\/\/www.gaveanews.com\/index.php\/2025\/05\/14\/jornalista-abre-o-jogo-sobre-saida-da-rede-globo-as-pessoas-nao\/#respond"]}],"copyrightYear":"2025","copyrightHolder":{"@id":"https:\/\/www.gaveanews.com\/#organization"}},{"@type":"WebPage","@id":"https:\/\/www.gaveanews.com\/index.php\/2025\/05\/14\/jornalista-abre-o-jogo-sobre-saida-da-rede-globo-as-pessoas-nao\/","url":"https:\/\/www.gaveanews.com\/index.php\/2025\/05\/14\/jornalista-abre-o-jogo-sobre-saida-da-rede-globo-as-pessoas-nao\/","name":"Jornalista abre o jogo sobre sa\u00edda da Rede Globo: \"as pessoas n\u00e3o\u2026\"","isPartOf":{"@id":"https:\/\/www.gaveanews.com\/#website"},"primaryImageOfPage":{"@id":"https:\/\/www.gaveanews.com\/index.php\/2025\/05\/14\/jornalista-abre-o-jogo-sobre-saida-da-rede-globo-as-pessoas-nao\/#primaryimage"},"image":{"@id":"https:\/\/www.gaveanews.com\/index.php\/2025\/05\/14\/jornalista-abre-o-jogo-sobre-saida-da-rede-globo-as-pessoas-nao\/#primaryimage"},"thumbnailUrl":"https:\/\/www.gaveanews.com\/wp-content\/uploads\/Logomarca-da-Rede-Globo.webp","datePublished":"2025-05-14T21:50:00+00:00","author":{"@id":"https:\/\/www.gaveanews.com\/#\/schema\/person\/3b19f7288b0ce20372991275e4f2e6c2"},"breadcrumb":{"@id":"https:\/\/www.gaveanews.com\/index.php\/2025\/05\/14\/jornalista-abre-o-jogo-sobre-saida-da-rede-globo-as-pessoas-nao\/#breadcrumb"},"inLanguage":"pt-BR","potentialAction":[{"@type":"ReadAction","target":["https:\/\/www.gaveanews.com\/index.php\/2025\/05\/14\/jornalista-abre-o-jogo-sobre-saida-da-rede-globo-as-pessoas-nao\/"]}]},{"@type":"ImageObject","inLanguage":"pt-BR","@id":"https:\/\/www.gaveanews.com\/index.php\/2025\/05\/14\/jornalista-abre-o-jogo-sobre-saida-da-rede-globo-as-pessoas-nao\/#primaryimage","url":"https:\/\/www.gaveanews.com\/wp-content\/uploads\/Logomarca-da-Rede-Globo.webp","contentUrl":"https:\/\/www.gaveanews.com\/wp-content\/uploads\/Logomarca-da-Rede-Globo.webp","width":1280,"height":670,"caption":"Logomarca da Rede Globo (Foto: Reprodu\u00e7\u00e3o)"},{"@type":"BreadcrumbList","@id":"https:\/\/www.gaveanews.com\/index.php\/2025\/05\/14\/jornalista-abre-o-jogo-sobre-saida-da-rede-globo-as-pessoas-nao\/#breadcrumb","itemListElement":[{"@type":"ListItem","position":1,"name":"Home","item":"https:\/\/www.gaveanews.com\/"},{"@type":"ListItem","position":2,"name":"Jornalista abre o jogo sobre sa\u00edda da Rede Globo: &#8220;as pessoas n\u00e3o\u2026&#8221;"}]},{"@type":"WebSite","@id":"https:\/\/www.gaveanews.com\/#website","url":"https:\/\/www.gaveanews.com\/","name":"G\u00e1vea News","description":"Veja todas as not\u00edcias sobre o Flamengo: Contrata\u00e7\u00f5es, categorias de base, resultados das partidas, tabela de classifica\u00e7\u00e3o, pr\u00f3ximos jogos!","potentialAction":[{"@type":"SearchAction","target":{"@type":"EntryPoint","urlTemplate":"https:\/\/www.gaveanews.com\/?s={search_term_string}"},"query-input":{"@type":"PropertyValueSpecification","valueRequired":true,"valueName":"search_term_string"}}],"inLanguage":"pt-BR"},{"@type":"Person","@id":"https:\/\/www.gaveanews.com\/#\/schema\/person\/3b19f7288b0ce20372991275e4f2e6c2","name":"Ana Teixeira","image":{"@type":"ImageObject","inLanguage":"pt-BR","@id":"https:\/\/www.gaveanews.com\/#\/schema\/person\/image\/","url":"https:\/\/secure.gravatar.com\/avatar\/0a73f5a5258f3fed37fc2fa641892f3f7a4748456d4d4792f9bc550e6c19e06c?s=96&d=mm&r=g","contentUrl":"https:\/\/secure.gravatar.com\/avatar\/0a73f5a5258f3fed37fc2fa641892f3f7a4748456d4d4792f9bc550e6c19e06c?s=96&d=mm&r=g","caption":"Ana Teixeira"}}]}},"_links":{"self":[{"href":"https:\/\/www.gaveanews.com\/index.php\/wp-json\/wp\/v2\/posts\/263740","targetHints":{"allow":["GET"]}}],"collection":[{"href":"https:\/\/www.gaveanews.com\/index.php\/wp-json\/wp\/v2\/posts"}],"about":[{"href":"https:\/\/www.gaveanews.com\/index.php\/wp-json\/wp\/v2\/types\/post"}],"author":[{"embeddable":true,"href":"https:\/\/www.gaveanews.com\/index.php\/wp-json\/wp\/v2\/users\/30"}],"replies":[{"embeddable":true,"href":"https:\/\/www.gaveanews.com\/index.php\/wp-json\/wp\/v2\/comments?post=263740"}],"version-history":[{"count":1,"href":"https:\/\/www.gaveanews.com\/index.php\/wp-json\/wp\/v2\/posts\/263740\/revisions"}],"predecessor-version":[{"id":263745,"href":"https:\/\/www.gaveanews.com\/index.php\/wp-json\/wp\/v2\/posts\/263740\/revisions\/263745"}],"wp:featuredmedia":[{"embeddable":true,"href":"https:\/\/www.gaveanews.com\/index.php\/wp-json\/wp\/v2\/media\/96273"}],"wp:attachment":[{"href":"https:\/\/www.gaveanews.com\/index.php\/wp-json\/wp\/v2\/media?parent=263740"}],"wp:term":[{"taxonomy":"category","embeddable":true,"href":"https:\/\/www.gaveanews.com\/index.php\/wp-json\/wp\/v2\/categories?post=263740"},{"taxonomy":"post_tag","embeddable":true,"href":"https:\/\/www.gaveanews.com\/index.php\/wp-json\/wp\/v2\/tags?post=263740"}],"curies":[{"name":"wp","href":"https:\/\/api.w.org\/{rel}","templated":true}]}}