{"id":263741,"date":"2025-05-14T18:55:00","date_gmt":"2025-05-14T21:55:00","guid":{"rendered":"https:\/\/www.gaveanews.com\/?p=263741"},"modified":"2025-05-14T16:56:55","modified_gmt":"2025-05-14T19:56:55","slug":"milly-lacombe-e-sincera-sobre-gestao-de-augusto-melo-no-corinthians","status":"publish","type":"post","link":"https:\/\/www.gaveanews.com\/index.php\/2025\/05\/14\/milly-lacombe-e-sincera-sobre-gestao-de-augusto-melo-no-corinthians\/","title":{"rendered":"Milly Lacombe \u00e9 sincera sobre gest\u00e3o de Augusto Melo no Corinthians"},"content":{"rendered":"\n<p>Desde o in\u00edcio da atual administra\u00e7\u00e3o, sob comando de Augusto Melo, o Corinthians tem sido duramente questionado por movimenta\u00e7\u00f5es intensas e opacas nas suas categorias de base. A colunista Milly Lacombe, do UOL Esporte, destacou que <strong>87 jogadores foram contratados para a base masculina apenas desde janeiro de 2024<\/strong>, o que classificou como uma \u201caberra\u00e7\u00e3o\u201d em todos os sentidos \u2014 do econ\u00f4mico ao moral.<\/p>\n\n\n\n<p>Esse volume elevado de contrata\u00e7\u00f5es foi apontado como um sintoma claro de uma estrutura desorganizada e sem crit\u00e9rio t\u00e9cnico. O cen\u00e1rio se agravou com den\u00fancias de favorecimento, incluindo registros de <strong>filhos de patrocinadores e dirigentes<\/strong> sendo contemplados, al\u00e9m de atletas renovando contrato sem sequer entrarem em campo.<\/p>\n\n\n\n<h3 class=\"wp-block-heading\" id=\"h-reacao-oficial-do-clube\">Rea\u00e7\u00e3o oficial do clube<\/h3>\n\n\n\n<p>Em resposta \u00e0s suspeitas, o Corinthians publicou uma nota oficial na segunda-feira (12 de maio), declarando que <strong>n\u00e3o encontrou fundamentos nas den\u00fancias<\/strong> que circularam. O clube alegou ter realizado reuni\u00f5es e investiga\u00e7\u00f5es internas, al\u00e9m de ouvir os envolvidos.<\/p>\n\n\n\n<p>\u201cO Sport Club Corinthians Paulista vem a p\u00fablico prestar esclarecimentos (&#8230;). Ap\u00f3s an\u00e1lise criteriosa, ficou comprovado que n\u00e3o h\u00e1 fundamento nas den\u00fancias divulgadas\u201d, declarou o comunicado, que tamb\u00e9m refor\u00e7a o compromisso da diretoria com a transpar\u00eancia e os valores institucionais.<\/p>\n\n\n\n<p>Ainda assim, o epis\u00f3dio causou abalos internos. Claudinei Alves, at\u00e9 ent\u00e3o respons\u00e1vel pelas categorias de base, <strong>foi destitu\u00eddo do cargo<\/strong>. A press\u00e3o tamb\u00e9m partiu da torcida organizada Gavi\u00f5es da Fiel, que compareceu ao CT Joaquim Grava em busca de explica\u00e7\u00f5es, mas n\u00e3o obteve acesso a ind\u00edcios concretos de irregularidades.<\/p>\n\n\n\n<h3 class=\"wp-block-heading\" id=\"h-duras-criticas-a-presidencia\">Duras cr\u00edticas \u00e0 presid\u00eancia<\/h3>\n\n\n\n<p>Milly Lacombe, ao comentar os desdobramentos do caso, adotou tom incisivo. Segundo a jornalista, a gest\u00e3o de Augusto Melo transformou o tradicional Terr\u00e3o em um <strong>\u201cbalc\u00e3o de neg\u00f3cios\u201d<\/strong>. Ela descreveu a administra\u00e7\u00e3o como \u201cum destrambelhamento, na melhor das hip\u00f3teses\u201d, e afirmou que, na pior, trata-se de um caso que <strong>beira o \u00e2mbito policial<\/strong>.<\/p>\n\n\n\n<p>A colunista tamb\u00e9m questionou o atual modelo de governan\u00e7a do clube, criticando severamente a falta de crit\u00e9rios claros e o uso pol\u00edtico da base. Para ela, a condu\u00e7\u00e3o dos trabalhos \u00e9 feita \u201c\u00e0 sombra\u201d, com decis\u00f5es movidas por vaidade e interesses pessoais.<\/p>\n\n\n\n<h3 class=\"wp-block-heading\" id=\"h-contexto-e-reacoes\">Contexto e rea\u00e7\u00f5es<\/h3>\n\n\n\n<p>A repercuss\u00e3o negativa ganhou for\u00e7a nas redes sociais e entre torcedores, com diversas manifesta\u00e7\u00f5es pedindo mudan\u00e7as estruturais e mais responsabilidade na gest\u00e3o. Os 87 nomes contratados foram divulgados pelo canal especializado Meu Tim\u00e3o, enquanto a informa\u00e7\u00e3o de que 20 atletas foram dispensados nesse mesmo per\u00edodo foi apresentada pelo jornalista Jorge Nicola.<\/p>\n\n\n\n<p>O caso tamb\u00e9m gerou compara\u00e7\u00f5es com administra\u00e7\u00f5es anteriores, com parte da torcida apontando que o cen\u00e1rio atual \u00e9 reflexo de pr\u00e1ticas hist\u00f3ricas de m\u00e1 gest\u00e3o, embora agora atinja uma nova escala de impacto e descontrole.<\/p>\n\n\n\n<h3 class=\"wp-block-heading\" id=\"h-conclusao\">Conclus\u00e3o<\/h3>\n\n\n\n<p>A crise na base do Corinthians revela <strong>fragilidades profundas na condu\u00e7\u00e3o administrativa do clube<\/strong>, especialmente em uma \u00e1rea que historicamente foi s\u00edmbolo de identidade e forma\u00e7\u00e3o. Ainda que o clube negue irregularidades, o volume de contrata\u00e7\u00f5es, a falta de crit\u00e9rios t\u00e9cnicos vis\u00edveis e os conflitos de interesse relatados evidenciam um momento cr\u00edtico.<\/p>\n\n\n\n<p>A press\u00e3o por mudan\u00e7as \u00e9 crescente, tanto interna quanto externamente, e o epis\u00f3dio marca um dos momentos mais turbulentos da atual presid\u00eancia.<\/p>\n","protected":false},"excerpt":{"rendered":"<p>Desde o in\u00edcio da atual administra\u00e7\u00e3o, sob comando de Augusto Melo, o Corinthians tem sido duramente questionado por movimenta\u00e7\u00f5es intensas e opacas nas suas categorias de base. A colunista Milly Lacombe, do UOL Esporte, destacou que 87 jogadores foram contratados para a base masculina apenas desde janeiro de 2024, o que classificou como uma \u201caberra\u00e7\u00e3o\u201d [&hellip;]<\/p>\n","protected":false},"author":30,"featured_media":158982,"comment_status":"open","ping_status":"closed","sticky":false,"template":"","format":"standard","meta":{"footnotes":""},"categories":[141],"tags":[],"class_list":["post-263741","post","type-post","status-publish","format-standard","has-post-thumbnail","hentry","category-corinthians"],"yoast_head":"<!-- This site is optimized with the Yoast SEO Premium plugin v24.2 (Yoast SEO v26.9) - https:\/\/yoast.com\/product\/yoast-seo-premium-wordpress\/ -->\n<title>Milly Lacombe \u00e9 sincera sobre gest\u00e3o de Augusto Melo no Corinthians<\/title>\n<meta name=\"robots\" content=\"index, follow, max-snippet:-1, max-image-preview:large, max-video-preview:-1\" \/>\n<link rel=\"canonical\" href=\"https:\/\/www.gaveanews.com\/index.php\/2025\/05\/14\/milly-lacombe-e-sincera-sobre-gestao-de-augusto-melo-no-corinthians\/\" \/>\n<meta property=\"og:locale\" content=\"pt_BR\" \/>\n<meta property=\"og:type\" content=\"article\" \/>\n<meta property=\"og:title\" content=\"Milly Lacombe \u00e9 sincera sobre gest\u00e3o de Augusto Melo no Corinthians\" \/>\n<meta property=\"og:description\" content=\"Desde o in\u00edcio da atual administra\u00e7\u00e3o, sob comando de Augusto Melo, o Corinthians tem sido duramente questionado por movimenta\u00e7\u00f5es intensas e opacas nas suas categorias de base. A colunista Milly Lacombe, do UOL Esporte, destacou que 87 jogadores foram contratados para a base masculina apenas desde janeiro de 2024, o que classificou como uma \u201caberra\u00e7\u00e3o\u201d [&hellip;]\" \/>\n<meta property=\"og:url\" content=\"https:\/\/www.gaveanews.com\/index.php\/2025\/05\/14\/milly-lacombe-e-sincera-sobre-gestao-de-augusto-melo-no-corinthians\/\" \/>\n<meta property=\"og:site_name\" content=\"G\u00e1vea News\" \/>\n<meta property=\"article:publisher\" content=\"https:\/\/facebook.com\/gaveaNews\/\" \/>\n<meta property=\"article:published_time\" content=\"2025-05-14T21:55:00+00:00\" \/>\n<meta property=\"og:image\" content=\"https:\/\/www.gaveanews.com\/wp-content\/uploads\/2qgb52iuihz6ikmp2ky0yr6sn.webp\" \/>\n\t<meta property=\"og:image:width\" content=\"906\" \/>\n\t<meta property=\"og:image:height\" content=\"509\" \/>\n\t<meta property=\"og:image:type\" content=\"image\/webp\" \/>\n<meta name=\"author\" content=\"Ana Teixeira\" \/>\n<meta name=\"twitter:card\" content=\"summary_large_image\" \/>\n<meta name=\"twitter:label1\" content=\"Escrito por\" \/>\n\t<meta name=\"twitter:data1\" content=\"Ana Teixeira\" \/>\n\t<meta name=\"twitter:label2\" content=\"Est. tempo de leitura\" \/>\n\t<meta name=\"twitter:data2\" content=\"3 minutos\" \/>\n<script type=\"application\/ld+json\" class=\"yoast-schema-graph\">{\"@context\":\"https:\/\/schema.org\",\"@graph\":[{\"@type\":\"NewsArticle\",\"@id\":\"https:\/\/www.gaveanews.com\/index.php\/2025\/05\/14\/milly-lacombe-e-sincera-sobre-gestao-de-augusto-melo-no-corinthians\/#article\",\"isPartOf\":{\"@id\":\"https:\/\/www.gaveanews.com\/index.php\/2025\/05\/14\/milly-lacombe-e-sincera-sobre-gestao-de-augusto-melo-no-corinthians\/\"},\"author\":{\"name\":\"Ana Teixeira\",\"@id\":\"https:\/\/www.gaveanews.com\/#\/schema\/person\/3b19f7288b0ce20372991275e4f2e6c2\"},\"headline\":\"Milly Lacombe \u00e9 sincera sobre gest\u00e3o de Augusto Melo no Corinthians\",\"datePublished\":\"2025-05-14T21:55:00+00:00\",\"mainEntityOfPage\":{\"@id\":\"https:\/\/www.gaveanews.com\/index.php\/2025\/05\/14\/milly-lacombe-e-sincera-sobre-gestao-de-augusto-melo-no-corinthians\/\"},\"wordCount\":582,\"commentCount\":0,\"image\":{\"@id\":\"https:\/\/www.gaveanews.com\/index.php\/2025\/05\/14\/milly-lacombe-e-sincera-sobre-gestao-de-augusto-melo-no-corinthians\/#primaryimage\"},\"thumbnailUrl\":\"https:\/\/www.gaveanews.com\/wp-content\/uploads\/2qgb52iuihz6ikmp2ky0yr6sn.webp\",\"articleSection\":[\"Corinthians\"],\"inLanguage\":\"pt-BR\",\"potentialAction\":[{\"@type\":\"CommentAction\",\"name\":\"Comment\",\"target\":[\"https:\/\/www.gaveanews.com\/index.php\/2025\/05\/14\/milly-lacombe-e-sincera-sobre-gestao-de-augusto-melo-no-corinthians\/#respond\"]}],\"copyrightYear\":\"2025\",\"copyrightHolder\":{\"@id\":\"https:\/\/www.gaveanews.com\/#organization\"}},{\"@type\":\"WebPage\",\"@id\":\"https:\/\/www.gaveanews.com\/index.php\/2025\/05\/14\/milly-lacombe-e-sincera-sobre-gestao-de-augusto-melo-no-corinthians\/\",\"url\":\"https:\/\/www.gaveanews.com\/index.php\/2025\/05\/14\/milly-lacombe-e-sincera-sobre-gestao-de-augusto-melo-no-corinthians\/\",\"name\":\"Milly Lacombe \u00e9 sincera sobre gest\u00e3o de Augusto Melo no Corinthians\",\"isPartOf\":{\"@id\":\"https:\/\/www.gaveanews.com\/#website\"},\"primaryImageOfPage\":{\"@id\":\"https:\/\/www.gaveanews.com\/index.php\/2025\/05\/14\/milly-lacombe-e-sincera-sobre-gestao-de-augusto-melo-no-corinthians\/#primaryimage\"},\"image\":{\"@id\":\"https:\/\/www.gaveanews.com\/index.php\/2025\/05\/14\/milly-lacombe-e-sincera-sobre-gestao-de-augusto-melo-no-corinthians\/#primaryimage\"},\"thumbnailUrl\":\"https:\/\/www.gaveanews.com\/wp-content\/uploads\/2qgb52iuihz6ikmp2ky0yr6sn.webp\",\"datePublished\":\"2025-05-14T21:55:00+00:00\",\"author\":{\"@id\":\"https:\/\/www.gaveanews.com\/#\/schema\/person\/3b19f7288b0ce20372991275e4f2e6c2\"},\"breadcrumb\":{\"@id\":\"https:\/\/www.gaveanews.com\/index.php\/2025\/05\/14\/milly-lacombe-e-sincera-sobre-gestao-de-augusto-melo-no-corinthians\/#breadcrumb\"},\"inLanguage\":\"pt-BR\",\"potentialAction\":[{\"@type\":\"ReadAction\",\"target\":[\"https:\/\/www.gaveanews.com\/index.php\/2025\/05\/14\/milly-lacombe-e-sincera-sobre-gestao-de-augusto-melo-no-corinthians\/\"]}]},{\"@type\":\"ImageObject\",\"inLanguage\":\"pt-BR\",\"@id\":\"https:\/\/www.gaveanews.com\/index.php\/2025\/05\/14\/milly-lacombe-e-sincera-sobre-gestao-de-augusto-melo-no-corinthians\/#primaryimage\",\"url\":\"https:\/\/www.gaveanews.com\/wp-content\/uploads\/2qgb52iuihz6ikmp2ky0yr6sn.webp\",\"contentUrl\":\"https:\/\/www.gaveanews.com\/wp-content\/uploads\/2qgb52iuihz6ikmp2ky0yr6sn.webp\",\"width\":906,\"height\":509,\"caption\":\"Augusto Melo - Foto: Rodrigo Coca\/Ag\u00eancia Corinthians\"},{\"@type\":\"BreadcrumbList\",\"@id\":\"https:\/\/www.gaveanews.com\/index.php\/2025\/05\/14\/milly-lacombe-e-sincera-sobre-gestao-de-augusto-melo-no-corinthians\/#breadcrumb\",\"itemListElement\":[{\"@type\":\"ListItem\",\"position\":1,\"name\":\"Home\",\"item\":\"https:\/\/www.gaveanews.com\/\"},{\"@type\":\"ListItem\",\"position\":2,\"name\":\"Milly Lacombe \u00e9 sincera sobre gest\u00e3o de Augusto Melo no Corinthians\"}]},{\"@type\":\"WebSite\",\"@id\":\"https:\/\/www.gaveanews.com\/#website\",\"url\":\"https:\/\/www.gaveanews.com\/\",\"name\":\"G\u00e1vea News\",\"description\":\"Veja todas as not\u00edcias sobre o Flamengo: Contrata\u00e7\u00f5es, categorias de base, resultados das partidas, tabela de classifica\u00e7\u00e3o, pr\u00f3ximos jogos!\",\"potentialAction\":[{\"@type\":\"SearchAction\",\"target\":{\"@type\":\"EntryPoint\",\"urlTemplate\":\"https:\/\/www.gaveanews.com\/?s={search_term_string}\"},\"query-input\":{\"@type\":\"PropertyValueSpecification\",\"valueRequired\":true,\"valueName\":\"search_term_string\"}}],\"inLanguage\":\"pt-BR\"},{\"@type\":\"Person\",\"@id\":\"https:\/\/www.gaveanews.com\/#\/schema\/person\/3b19f7288b0ce20372991275e4f2e6c2\",\"name\":\"Ana Teixeira\",\"image\":{\"@type\":\"ImageObject\",\"inLanguage\":\"pt-BR\",\"@id\":\"https:\/\/www.gaveanews.com\/#\/schema\/person\/image\/\",\"url\":\"https:\/\/secure.gravatar.com\/avatar\/0a73f5a5258f3fed37fc2fa641892f3f7a4748456d4d4792f9bc550e6c19e06c?s=96&d=mm&r=g\",\"contentUrl\":\"https:\/\/secure.gravatar.com\/avatar\/0a73f5a5258f3fed37fc2fa641892f3f7a4748456d4d4792f9bc550e6c19e06c?s=96&d=mm&r=g\",\"caption\":\"Ana Teixeira\"}}]}<\/script>\n<!-- \/ Yoast SEO Premium plugin. -->","yoast_head_json":{"title":"Milly Lacombe \u00e9 sincera sobre gest\u00e3o de Augusto Melo no Corinthians","robots":{"index":"index","follow":"follow","max-snippet":"max-snippet:-1","max-image-preview":"max-image-preview:large","max-video-preview":"max-video-preview:-1"},"canonical":"https:\/\/www.gaveanews.com\/index.php\/2025\/05\/14\/milly-lacombe-e-sincera-sobre-gestao-de-augusto-melo-no-corinthians\/","og_locale":"pt_BR","og_type":"article","og_title":"Milly Lacombe \u00e9 sincera sobre gest\u00e3o de Augusto Melo no Corinthians","og_description":"Desde o in\u00edcio da atual administra\u00e7\u00e3o, sob comando de Augusto Melo, o Corinthians tem sido duramente questionado por movimenta\u00e7\u00f5es intensas e opacas nas suas categorias de base. A colunista Milly Lacombe, do UOL Esporte, destacou que 87 jogadores foram contratados para a base masculina apenas desde janeiro de 2024, o que classificou como uma \u201caberra\u00e7\u00e3o\u201d [&hellip;]","og_url":"https:\/\/www.gaveanews.com\/index.php\/2025\/05\/14\/milly-lacombe-e-sincera-sobre-gestao-de-augusto-melo-no-corinthians\/","og_site_name":"G\u00e1vea News","article_publisher":"https:\/\/facebook.com\/gaveaNews\/","article_published_time":"2025-05-14T21:55:00+00:00","og_image":[{"width":906,"height":509,"url":"https:\/\/www.gaveanews.com\/wp-content\/uploads\/2qgb52iuihz6ikmp2ky0yr6sn.webp","type":"image\/webp"}],"author":"Ana Teixeira","twitter_card":"summary_large_image","twitter_misc":{"Escrito por":"Ana Teixeira","Est. tempo de leitura":"3 minutos"},"schema":{"@context":"https:\/\/schema.org","@graph":[{"@type":"NewsArticle","@id":"https:\/\/www.gaveanews.com\/index.php\/2025\/05\/14\/milly-lacombe-e-sincera-sobre-gestao-de-augusto-melo-no-corinthians\/#article","isPartOf":{"@id":"https:\/\/www.gaveanews.com\/index.php\/2025\/05\/14\/milly-lacombe-e-sincera-sobre-gestao-de-augusto-melo-no-corinthians\/"},"author":{"name":"Ana Teixeira","@id":"https:\/\/www.gaveanews.com\/#\/schema\/person\/3b19f7288b0ce20372991275e4f2e6c2"},"headline":"Milly Lacombe \u00e9 sincera sobre gest\u00e3o de Augusto Melo no Corinthians","datePublished":"2025-05-14T21:55:00+00:00","mainEntityOfPage":{"@id":"https:\/\/www.gaveanews.com\/index.php\/2025\/05\/14\/milly-lacombe-e-sincera-sobre-gestao-de-augusto-melo-no-corinthians\/"},"wordCount":582,"commentCount":0,"image":{"@id":"https:\/\/www.gaveanews.com\/index.php\/2025\/05\/14\/milly-lacombe-e-sincera-sobre-gestao-de-augusto-melo-no-corinthians\/#primaryimage"},"thumbnailUrl":"https:\/\/www.gaveanews.com\/wp-content\/uploads\/2qgb52iuihz6ikmp2ky0yr6sn.webp","articleSection":["Corinthians"],"inLanguage":"pt-BR","potentialAction":[{"@type":"CommentAction","name":"Comment","target":["https:\/\/www.gaveanews.com\/index.php\/2025\/05\/14\/milly-lacombe-e-sincera-sobre-gestao-de-augusto-melo-no-corinthians\/#respond"]}],"copyrightYear":"2025","copyrightHolder":{"@id":"https:\/\/www.gaveanews.com\/#organization"}},{"@type":"WebPage","@id":"https:\/\/www.gaveanews.com\/index.php\/2025\/05\/14\/milly-lacombe-e-sincera-sobre-gestao-de-augusto-melo-no-corinthians\/","url":"https:\/\/www.gaveanews.com\/index.php\/2025\/05\/14\/milly-lacombe-e-sincera-sobre-gestao-de-augusto-melo-no-corinthians\/","name":"Milly Lacombe \u00e9 sincera sobre gest\u00e3o de Augusto Melo no Corinthians","isPartOf":{"@id":"https:\/\/www.gaveanews.com\/#website"},"primaryImageOfPage":{"@id":"https:\/\/www.gaveanews.com\/index.php\/2025\/05\/14\/milly-lacombe-e-sincera-sobre-gestao-de-augusto-melo-no-corinthians\/#primaryimage"},"image":{"@id":"https:\/\/www.gaveanews.com\/index.php\/2025\/05\/14\/milly-lacombe-e-sincera-sobre-gestao-de-augusto-melo-no-corinthians\/#primaryimage"},"thumbnailUrl":"https:\/\/www.gaveanews.com\/wp-content\/uploads\/2qgb52iuihz6ikmp2ky0yr6sn.webp","datePublished":"2025-05-14T21:55:00+00:00","author":{"@id":"https:\/\/www.gaveanews.com\/#\/schema\/person\/3b19f7288b0ce20372991275e4f2e6c2"},"breadcrumb":{"@id":"https:\/\/www.gaveanews.com\/index.php\/2025\/05\/14\/milly-lacombe-e-sincera-sobre-gestao-de-augusto-melo-no-corinthians\/#breadcrumb"},"inLanguage":"pt-BR","potentialAction":[{"@type":"ReadAction","target":["https:\/\/www.gaveanews.com\/index.php\/2025\/05\/14\/milly-lacombe-e-sincera-sobre-gestao-de-augusto-melo-no-corinthians\/"]}]},{"@type":"ImageObject","inLanguage":"pt-BR","@id":"https:\/\/www.gaveanews.com\/index.php\/2025\/05\/14\/milly-lacombe-e-sincera-sobre-gestao-de-augusto-melo-no-corinthians\/#primaryimage","url":"https:\/\/www.gaveanews.com\/wp-content\/uploads\/2qgb52iuihz6ikmp2ky0yr6sn.webp","contentUrl":"https:\/\/www.gaveanews.com\/wp-content\/uploads\/2qgb52iuihz6ikmp2ky0yr6sn.webp","width":906,"height":509,"caption":"Augusto Melo - Foto: Rodrigo Coca\/Ag\u00eancia Corinthians"},{"@type":"BreadcrumbList","@id":"https:\/\/www.gaveanews.com\/index.php\/2025\/05\/14\/milly-lacombe-e-sincera-sobre-gestao-de-augusto-melo-no-corinthians\/#breadcrumb","itemListElement":[{"@type":"ListItem","position":1,"name":"Home","item":"https:\/\/www.gaveanews.com\/"},{"@type":"ListItem","position":2,"name":"Milly Lacombe \u00e9 sincera sobre gest\u00e3o de Augusto Melo no Corinthians"}]},{"@type":"WebSite","@id":"https:\/\/www.gaveanews.com\/#website","url":"https:\/\/www.gaveanews.com\/","name":"G\u00e1vea News","description":"Veja todas as not\u00edcias sobre o Flamengo: Contrata\u00e7\u00f5es, categorias de base, resultados das partidas, tabela de classifica\u00e7\u00e3o, pr\u00f3ximos jogos!","potentialAction":[{"@type":"SearchAction","target":{"@type":"EntryPoint","urlTemplate":"https:\/\/www.gaveanews.com\/?s={search_term_string}"},"query-input":{"@type":"PropertyValueSpecification","valueRequired":true,"valueName":"search_term_string"}}],"inLanguage":"pt-BR"},{"@type":"Person","@id":"https:\/\/www.gaveanews.com\/#\/schema\/person\/3b19f7288b0ce20372991275e4f2e6c2","name":"Ana Teixeira","image":{"@type":"ImageObject","inLanguage":"pt-BR","@id":"https:\/\/www.gaveanews.com\/#\/schema\/person\/image\/","url":"https:\/\/secure.gravatar.com\/avatar\/0a73f5a5258f3fed37fc2fa641892f3f7a4748456d4d4792f9bc550e6c19e06c?s=96&d=mm&r=g","contentUrl":"https:\/\/secure.gravatar.com\/avatar\/0a73f5a5258f3fed37fc2fa641892f3f7a4748456d4d4792f9bc550e6c19e06c?s=96&d=mm&r=g","caption":"Ana Teixeira"}}]}},"_links":{"self":[{"href":"https:\/\/www.gaveanews.com\/index.php\/wp-json\/wp\/v2\/posts\/263741","targetHints":{"allow":["GET"]}}],"collection":[{"href":"https:\/\/www.gaveanews.com\/index.php\/wp-json\/wp\/v2\/posts"}],"about":[{"href":"https:\/\/www.gaveanews.com\/index.php\/wp-json\/wp\/v2\/types\/post"}],"author":[{"embeddable":true,"href":"https:\/\/www.gaveanews.com\/index.php\/wp-json\/wp\/v2\/users\/30"}],"replies":[{"embeddable":true,"href":"https:\/\/www.gaveanews.com\/index.php\/wp-json\/wp\/v2\/comments?post=263741"}],"version-history":[{"count":1,"href":"https:\/\/www.gaveanews.com\/index.php\/wp-json\/wp\/v2\/posts\/263741\/revisions"}],"predecessor-version":[{"id":263746,"href":"https:\/\/www.gaveanews.com\/index.php\/wp-json\/wp\/v2\/posts\/263741\/revisions\/263746"}],"wp:featuredmedia":[{"embeddable":true,"href":"https:\/\/www.gaveanews.com\/index.php\/wp-json\/wp\/v2\/media\/158982"}],"wp:attachment":[{"href":"https:\/\/www.gaveanews.com\/index.php\/wp-json\/wp\/v2\/media?parent=263741"}],"wp:term":[{"taxonomy":"category","embeddable":true,"href":"https:\/\/www.gaveanews.com\/index.php\/wp-json\/wp\/v2\/categories?post=263741"},{"taxonomy":"post_tag","embeddable":true,"href":"https:\/\/www.gaveanews.com\/index.php\/wp-json\/wp\/v2\/tags?post=263741"}],"curies":[{"name":"wp","href":"https:\/\/api.w.org\/{rel}","templated":true}]}}