{"id":263807,"date":"2025-05-14T21:10:00","date_gmt":"2025-05-15T00:10:00","guid":{"rendered":"https:\/\/www.gaveanews.com\/?p=263807"},"modified":"2025-05-14T19:09:38","modified_gmt":"2025-05-14T22:09:38","slug":"atletico-mg-a-declaracao-de-dudu-direcionada-a-cuca","status":"publish","type":"post","link":"https:\/\/www.gaveanews.com\/index.php\/2025\/05\/14\/atletico-mg-a-declaracao-de-dudu-direcionada-a-cuca\/","title":{"rendered":"Atl\u00e9tico-MG: a declara\u00e7\u00e3o de Dudu direcionada a Cuca"},"content":{"rendered":"\n<p>O atacante Dudu foi oficialmente apresentado pelo Atl\u00e9tico na ter\u00e7a-feira (13). O jogador, que assinou contrato v\u00e1lido at\u00e9 2027, encontra-se em processo de prepara\u00e7\u00e3o na Cidade do Galo, enquanto aguarda a abertura da janela de transfer\u00eancias do meio do ano para poder estrear. At\u00e9 l\u00e1, ele treina sob comando de Cuca, t\u00e9cnico com quem j\u00e1 trabalhou anteriormente no Palmeiras.<\/p>\n\n\n\n<p>No que diz respeito ao reencontro com Cuca, Dudu n\u00e3o poupou elogios ao treinador. O atacante ressaltou a rela\u00e7\u00e3o de confian\u00e7a constru\u00edda ao longo do tempo. \u201cEle me conhece desde muito novo, quando eu ainda estava subindo para o profissional\u201d, destacou. Segundo o jogador, Cuca sabe como potencializar seu desempenho em campo.<\/p>\n\n\n\n<p>Conforme explicou, a expectativa \u00e9 de que a experi\u00eancia anterior entre ambos no Palmeiras possa ser repetida no Atl\u00e9tico. \u201cEspero que ele possa extrair o melhor de mim para que a gente possa fazer um time muito forte\u201d, afirmou Dudu. O atleta acredita que a parceria poder\u00e1 ser determinante para seu bom rendimento.<\/p>\n\n\n\n<p>Dudu ainda foi questionado sobre o gramado sint\u00e9tico da Arena MRV, onde o Atl\u00e9tico manda seus jogos. Embora tenha demonstrado prefer\u00eancia pela grama natural, ele afirmou que entende a realidade do futebol brasileiro. \u201cN\u00e3o posso ser mentiroso. Tamb\u00e9m prefiro grama natural, mas sou profissional e tenho que respeitar a cultura do pa\u00eds, que est\u00e1 adotando o gramado sint\u00e9tico\u201d, declarou o atacante.<\/p>\n\n\n\n<p>Ali\u00e1s, vale lembrar que, anteriormente, Dudu chegou a apontar a grama sint\u00e9tica como poss\u00edvel fator agravante de uma les\u00e3o que sofreu. Inclusive, participou de um movimento de jogadores que criticavam esse tipo de gramado nas redes sociais, embora tenha apagado a publica\u00e7\u00e3o posteriormente. Atualmente, demonstra disposi\u00e7\u00e3o para se adaptar ao novo cen\u00e1rio. \u201cVou procurar jogar e fazer o meu melhor aqui no Galo\u201d, disse.<\/p>\n\n\n\n<p>Assim sendo, Dudu segue trabalhando no clube mineiro enquanto aguarda a regulariza\u00e7\u00e3o de sua situa\u00e7\u00e3o. Sua estreia est\u00e1 prevista para ocorrer ap\u00f3s a reabertura da janela de transfer\u00eancias. At\u00e9 l\u00e1, o atacante tem como foco aprimorar sua forma f\u00edsica e entrosamento com os novos companheiros de equipe.<\/p>\n","protected":false},"excerpt":{"rendered":"<p>O atacante Dudu foi oficialmente apresentado pelo Atl\u00e9tico na ter\u00e7a-feira (13). O jogador, que assinou contrato v\u00e1lido at\u00e9 2027, encontra-se em processo de prepara\u00e7\u00e3o na Cidade do Galo, enquanto aguarda a abertura da janela de transfer\u00eancias do meio do ano para poder estrear. At\u00e9 l\u00e1, ele treina sob comando de Cuca, t\u00e9cnico com quem j\u00e1 [&hellip;]<\/p>\n","protected":false},"author":18,"featured_media":263475,"comment_status":"open","ping_status":"closed","sticky":false,"template":"","format":"standard","meta":{"footnotes":""},"categories":[136],"tags":[],"class_list":["post-263807","post","type-post","status-publish","format-standard","has-post-thumbnail","hentry","category-atletico-mg"],"yoast_head":"<!-- This site is optimized with the Yoast SEO Premium plugin v24.2 (Yoast SEO v26.9) - https:\/\/yoast.com\/product\/yoast-seo-premium-wordpress\/ -->\n<title>Atl\u00e9tico-MG: a declara\u00e7\u00e3o de Dudu direcionada a Cuca<\/title>\n<meta name=\"robots\" content=\"index, follow, max-snippet:-1, max-image-preview:large, max-video-preview:-1\" \/>\n<link rel=\"canonical\" href=\"https:\/\/www.gaveanews.com\/index.php\/2025\/05\/14\/atletico-mg-a-declaracao-de-dudu-direcionada-a-cuca\/\" \/>\n<meta property=\"og:locale\" content=\"pt_BR\" \/>\n<meta property=\"og:type\" content=\"article\" \/>\n<meta property=\"og:title\" content=\"Atl\u00e9tico-MG: a declara\u00e7\u00e3o de Dudu direcionada a Cuca\" \/>\n<meta property=\"og:description\" content=\"O atacante Dudu foi oficialmente apresentado pelo Atl\u00e9tico na ter\u00e7a-feira (13). O jogador, que assinou contrato v\u00e1lido at\u00e9 2027, encontra-se em processo de prepara\u00e7\u00e3o na Cidade do Galo, enquanto aguarda a abertura da janela de transfer\u00eancias do meio do ano para poder estrear. At\u00e9 l\u00e1, ele treina sob comando de Cuca, t\u00e9cnico com quem j\u00e1 [&hellip;]\" \/>\n<meta property=\"og:url\" content=\"https:\/\/www.gaveanews.com\/index.php\/2025\/05\/14\/atletico-mg-a-declaracao-de-dudu-direcionada-a-cuca\/\" \/>\n<meta property=\"og:site_name\" content=\"G\u00e1vea News\" \/>\n<meta property=\"article:publisher\" content=\"https:\/\/facebook.com\/gaveaNews\/\" \/>\n<meta property=\"article:published_time\" content=\"2025-05-15T00:10:00+00:00\" \/>\n<meta property=\"og:image\" content=\"https:\/\/www.gaveanews.com\/wp-content\/uploads\/Apresentacao-do-atacante-Dudu-no-Atletico-MG-3.webp\" \/>\n\t<meta property=\"og:image:width\" content=\"1200\" \/>\n\t<meta property=\"og:image:height\" content=\"900\" \/>\n\t<meta property=\"og:image:type\" content=\"image\/webp\" \/>\n<meta name=\"author\" content=\"Paula Silva\" \/>\n<meta name=\"twitter:card\" content=\"summary_large_image\" \/>\n<meta name=\"twitter:label1\" content=\"Escrito por\" \/>\n\t<meta name=\"twitter:data1\" content=\"Paula Silva\" \/>\n\t<meta name=\"twitter:label2\" content=\"Est. tempo de leitura\" \/>\n\t<meta name=\"twitter:data2\" content=\"3 minutos\" \/>\n<script type=\"application\/ld+json\" class=\"yoast-schema-graph\">{\"@context\":\"https:\/\/schema.org\",\"@graph\":[{\"@type\":\"NewsArticle\",\"@id\":\"https:\/\/www.gaveanews.com\/index.php\/2025\/05\/14\/atletico-mg-a-declaracao-de-dudu-direcionada-a-cuca\/#article\",\"isPartOf\":{\"@id\":\"https:\/\/www.gaveanews.com\/index.php\/2025\/05\/14\/atletico-mg-a-declaracao-de-dudu-direcionada-a-cuca\/\"},\"author\":{\"name\":\"Paula Silva\",\"@id\":\"https:\/\/www.gaveanews.com\/#\/schema\/person\/daf63eec72e1164eb13dc35096c2b8da\"},\"headline\":\"Atl\u00e9tico-MG: a declara\u00e7\u00e3o de Dudu direcionada a Cuca\",\"datePublished\":\"2025-05-15T00:10:00+00:00\",\"mainEntityOfPage\":{\"@id\":\"https:\/\/www.gaveanews.com\/index.php\/2025\/05\/14\/atletico-mg-a-declaracao-de-dudu-direcionada-a-cuca\/\"},\"wordCount\":374,\"commentCount\":0,\"image\":{\"@id\":\"https:\/\/www.gaveanews.com\/index.php\/2025\/05\/14\/atletico-mg-a-declaracao-de-dudu-direcionada-a-cuca\/#primaryimage\"},\"thumbnailUrl\":\"https:\/\/www.gaveanews.com\/wp-content\/uploads\/Apresentacao-do-atacante-Dudu-no-Atletico-MG-3.webp\",\"articleSection\":[\"Atl\u00e9tico-MG\"],\"inLanguage\":\"pt-BR\",\"potentialAction\":[{\"@type\":\"CommentAction\",\"name\":\"Comment\",\"target\":[\"https:\/\/www.gaveanews.com\/index.php\/2025\/05\/14\/atletico-mg-a-declaracao-de-dudu-direcionada-a-cuca\/#respond\"]}],\"copyrightYear\":\"2025\",\"copyrightHolder\":{\"@id\":\"https:\/\/www.gaveanews.com\/#organization\"}},{\"@type\":\"WebPage\",\"@id\":\"https:\/\/www.gaveanews.com\/index.php\/2025\/05\/14\/atletico-mg-a-declaracao-de-dudu-direcionada-a-cuca\/\",\"url\":\"https:\/\/www.gaveanews.com\/index.php\/2025\/05\/14\/atletico-mg-a-declaracao-de-dudu-direcionada-a-cuca\/\",\"name\":\"Atl\u00e9tico-MG: a declara\u00e7\u00e3o de Dudu direcionada a Cuca\",\"isPartOf\":{\"@id\":\"https:\/\/www.gaveanews.com\/#website\"},\"primaryImageOfPage\":{\"@id\":\"https:\/\/www.gaveanews.com\/index.php\/2025\/05\/14\/atletico-mg-a-declaracao-de-dudu-direcionada-a-cuca\/#primaryimage\"},\"image\":{\"@id\":\"https:\/\/www.gaveanews.com\/index.php\/2025\/05\/14\/atletico-mg-a-declaracao-de-dudu-direcionada-a-cuca\/#primaryimage\"},\"thumbnailUrl\":\"https:\/\/www.gaveanews.com\/wp-content\/uploads\/Apresentacao-do-atacante-Dudu-no-Atletico-MG-3.webp\",\"datePublished\":\"2025-05-15T00:10:00+00:00\",\"author\":{\"@id\":\"https:\/\/www.gaveanews.com\/#\/schema\/person\/daf63eec72e1164eb13dc35096c2b8da\"},\"breadcrumb\":{\"@id\":\"https:\/\/www.gaveanews.com\/index.php\/2025\/05\/14\/atletico-mg-a-declaracao-de-dudu-direcionada-a-cuca\/#breadcrumb\"},\"inLanguage\":\"pt-BR\",\"potentialAction\":[{\"@type\":\"ReadAction\",\"target\":[\"https:\/\/www.gaveanews.com\/index.php\/2025\/05\/14\/atletico-mg-a-declaracao-de-dudu-direcionada-a-cuca\/\"]}]},{\"@type\":\"ImageObject\",\"inLanguage\":\"pt-BR\",\"@id\":\"https:\/\/www.gaveanews.com\/index.php\/2025\/05\/14\/atletico-mg-a-declaracao-de-dudu-direcionada-a-cuca\/#primaryimage\",\"url\":\"https:\/\/www.gaveanews.com\/wp-content\/uploads\/Apresentacao-do-atacante-Dudu-no-Atletico-MG-3.webp\",\"contentUrl\":\"https:\/\/www.gaveanews.com\/wp-content\/uploads\/Apresentacao-do-atacante-Dudu-no-Atletico-MG-3.webp\",\"width\":1200,\"height\":900,\"caption\":\"Apresenta\u00e7\u00e3o do atacante Dudu no Atl\u00e9tico-MG - Foto: Pedro Souza\/Atl\u00e9tico-MG\"},{\"@type\":\"BreadcrumbList\",\"@id\":\"https:\/\/www.gaveanews.com\/index.php\/2025\/05\/14\/atletico-mg-a-declaracao-de-dudu-direcionada-a-cuca\/#breadcrumb\",\"itemListElement\":[{\"@type\":\"ListItem\",\"position\":1,\"name\":\"Home\",\"item\":\"https:\/\/www.gaveanews.com\/\"},{\"@type\":\"ListItem\",\"position\":2,\"name\":\"Atl\u00e9tico-MG: a declara\u00e7\u00e3o de Dudu direcionada a Cuca\"}]},{\"@type\":\"WebSite\",\"@id\":\"https:\/\/www.gaveanews.com\/#website\",\"url\":\"https:\/\/www.gaveanews.com\/\",\"name\":\"G\u00e1vea News\",\"description\":\"Veja todas as not\u00edcias sobre o Flamengo: Contrata\u00e7\u00f5es, categorias de base, resultados das partidas, tabela de classifica\u00e7\u00e3o, pr\u00f3ximos jogos!\",\"potentialAction\":[{\"@type\":\"SearchAction\",\"target\":{\"@type\":\"EntryPoint\",\"urlTemplate\":\"https:\/\/www.gaveanews.com\/?s={search_term_string}\"},\"query-input\":{\"@type\":\"PropertyValueSpecification\",\"valueRequired\":true,\"valueName\":\"search_term_string\"}}],\"inLanguage\":\"pt-BR\"},{\"@type\":\"Person\",\"@id\":\"https:\/\/www.gaveanews.com\/#\/schema\/person\/daf63eec72e1164eb13dc35096c2b8da\",\"name\":\"Paula Silva\",\"image\":{\"@type\":\"ImageObject\",\"inLanguage\":\"pt-BR\",\"@id\":\"https:\/\/www.gaveanews.com\/#\/schema\/person\/image\/\",\"url\":\"https:\/\/secure.gravatar.com\/avatar\/eda381c845527cc5d64c13b901833cda29d97500ba040d3e6461f76f51d163bb?s=96&d=mm&r=g\",\"contentUrl\":\"https:\/\/secure.gravatar.com\/avatar\/eda381c845527cc5d64c13b901833cda29d97500ba040d3e6461f76f51d163bb?s=96&d=mm&r=g\",\"caption\":\"Paula Silva\"}}]}<\/script>\n<!-- \/ Yoast SEO Premium plugin. -->","yoast_head_json":{"title":"Atl\u00e9tico-MG: a declara\u00e7\u00e3o de Dudu direcionada a Cuca","robots":{"index":"index","follow":"follow","max-snippet":"max-snippet:-1","max-image-preview":"max-image-preview:large","max-video-preview":"max-video-preview:-1"},"canonical":"https:\/\/www.gaveanews.com\/index.php\/2025\/05\/14\/atletico-mg-a-declaracao-de-dudu-direcionada-a-cuca\/","og_locale":"pt_BR","og_type":"article","og_title":"Atl\u00e9tico-MG: a declara\u00e7\u00e3o de Dudu direcionada a Cuca","og_description":"O atacante Dudu foi oficialmente apresentado pelo Atl\u00e9tico na ter\u00e7a-feira (13). O jogador, que assinou contrato v\u00e1lido at\u00e9 2027, encontra-se em processo de prepara\u00e7\u00e3o na Cidade do Galo, enquanto aguarda a abertura da janela de transfer\u00eancias do meio do ano para poder estrear. At\u00e9 l\u00e1, ele treina sob comando de Cuca, t\u00e9cnico com quem j\u00e1 [&hellip;]","og_url":"https:\/\/www.gaveanews.com\/index.php\/2025\/05\/14\/atletico-mg-a-declaracao-de-dudu-direcionada-a-cuca\/","og_site_name":"G\u00e1vea News","article_publisher":"https:\/\/facebook.com\/gaveaNews\/","article_published_time":"2025-05-15T00:10:00+00:00","og_image":[{"width":1200,"height":900,"url":"https:\/\/www.gaveanews.com\/wp-content\/uploads\/Apresentacao-do-atacante-Dudu-no-Atletico-MG-3.webp","type":"image\/webp"}],"author":"Paula Silva","twitter_card":"summary_large_image","twitter_misc":{"Escrito por":"Paula Silva","Est. tempo de leitura":"3 minutos"},"schema":{"@context":"https:\/\/schema.org","@graph":[{"@type":"NewsArticle","@id":"https:\/\/www.gaveanews.com\/index.php\/2025\/05\/14\/atletico-mg-a-declaracao-de-dudu-direcionada-a-cuca\/#article","isPartOf":{"@id":"https:\/\/www.gaveanews.com\/index.php\/2025\/05\/14\/atletico-mg-a-declaracao-de-dudu-direcionada-a-cuca\/"},"author":{"name":"Paula Silva","@id":"https:\/\/www.gaveanews.com\/#\/schema\/person\/daf63eec72e1164eb13dc35096c2b8da"},"headline":"Atl\u00e9tico-MG: a declara\u00e7\u00e3o de Dudu direcionada a Cuca","datePublished":"2025-05-15T00:10:00+00:00","mainEntityOfPage":{"@id":"https:\/\/www.gaveanews.com\/index.php\/2025\/05\/14\/atletico-mg-a-declaracao-de-dudu-direcionada-a-cuca\/"},"wordCount":374,"commentCount":0,"image":{"@id":"https:\/\/www.gaveanews.com\/index.php\/2025\/05\/14\/atletico-mg-a-declaracao-de-dudu-direcionada-a-cuca\/#primaryimage"},"thumbnailUrl":"https:\/\/www.gaveanews.com\/wp-content\/uploads\/Apresentacao-do-atacante-Dudu-no-Atletico-MG-3.webp","articleSection":["Atl\u00e9tico-MG"],"inLanguage":"pt-BR","potentialAction":[{"@type":"CommentAction","name":"Comment","target":["https:\/\/www.gaveanews.com\/index.php\/2025\/05\/14\/atletico-mg-a-declaracao-de-dudu-direcionada-a-cuca\/#respond"]}],"copyrightYear":"2025","copyrightHolder":{"@id":"https:\/\/www.gaveanews.com\/#organization"}},{"@type":"WebPage","@id":"https:\/\/www.gaveanews.com\/index.php\/2025\/05\/14\/atletico-mg-a-declaracao-de-dudu-direcionada-a-cuca\/","url":"https:\/\/www.gaveanews.com\/index.php\/2025\/05\/14\/atletico-mg-a-declaracao-de-dudu-direcionada-a-cuca\/","name":"Atl\u00e9tico-MG: a declara\u00e7\u00e3o de Dudu direcionada a Cuca","isPartOf":{"@id":"https:\/\/www.gaveanews.com\/#website"},"primaryImageOfPage":{"@id":"https:\/\/www.gaveanews.com\/index.php\/2025\/05\/14\/atletico-mg-a-declaracao-de-dudu-direcionada-a-cuca\/#primaryimage"},"image":{"@id":"https:\/\/www.gaveanews.com\/index.php\/2025\/05\/14\/atletico-mg-a-declaracao-de-dudu-direcionada-a-cuca\/#primaryimage"},"thumbnailUrl":"https:\/\/www.gaveanews.com\/wp-content\/uploads\/Apresentacao-do-atacante-Dudu-no-Atletico-MG-3.webp","datePublished":"2025-05-15T00:10:00+00:00","author":{"@id":"https:\/\/www.gaveanews.com\/#\/schema\/person\/daf63eec72e1164eb13dc35096c2b8da"},"breadcrumb":{"@id":"https:\/\/www.gaveanews.com\/index.php\/2025\/05\/14\/atletico-mg-a-declaracao-de-dudu-direcionada-a-cuca\/#breadcrumb"},"inLanguage":"pt-BR","potentialAction":[{"@type":"ReadAction","target":["https:\/\/www.gaveanews.com\/index.php\/2025\/05\/14\/atletico-mg-a-declaracao-de-dudu-direcionada-a-cuca\/"]}]},{"@type":"ImageObject","inLanguage":"pt-BR","@id":"https:\/\/www.gaveanews.com\/index.php\/2025\/05\/14\/atletico-mg-a-declaracao-de-dudu-direcionada-a-cuca\/#primaryimage","url":"https:\/\/www.gaveanews.com\/wp-content\/uploads\/Apresentacao-do-atacante-Dudu-no-Atletico-MG-3.webp","contentUrl":"https:\/\/www.gaveanews.com\/wp-content\/uploads\/Apresentacao-do-atacante-Dudu-no-Atletico-MG-3.webp","width":1200,"height":900,"caption":"Apresenta\u00e7\u00e3o do atacante Dudu no Atl\u00e9tico-MG - Foto: Pedro Souza\/Atl\u00e9tico-MG"},{"@type":"BreadcrumbList","@id":"https:\/\/www.gaveanews.com\/index.php\/2025\/05\/14\/atletico-mg-a-declaracao-de-dudu-direcionada-a-cuca\/#breadcrumb","itemListElement":[{"@type":"ListItem","position":1,"name":"Home","item":"https:\/\/www.gaveanews.com\/"},{"@type":"ListItem","position":2,"name":"Atl\u00e9tico-MG: a declara\u00e7\u00e3o de Dudu direcionada a Cuca"}]},{"@type":"WebSite","@id":"https:\/\/www.gaveanews.com\/#website","url":"https:\/\/www.gaveanews.com\/","name":"G\u00e1vea News","description":"Veja todas as not\u00edcias sobre o Flamengo: Contrata\u00e7\u00f5es, categorias de base, resultados das partidas, tabela de classifica\u00e7\u00e3o, pr\u00f3ximos jogos!","potentialAction":[{"@type":"SearchAction","target":{"@type":"EntryPoint","urlTemplate":"https:\/\/www.gaveanews.com\/?s={search_term_string}"},"query-input":{"@type":"PropertyValueSpecification","valueRequired":true,"valueName":"search_term_string"}}],"inLanguage":"pt-BR"},{"@type":"Person","@id":"https:\/\/www.gaveanews.com\/#\/schema\/person\/daf63eec72e1164eb13dc35096c2b8da","name":"Paula Silva","image":{"@type":"ImageObject","inLanguage":"pt-BR","@id":"https:\/\/www.gaveanews.com\/#\/schema\/person\/image\/","url":"https:\/\/secure.gravatar.com\/avatar\/eda381c845527cc5d64c13b901833cda29d97500ba040d3e6461f76f51d163bb?s=96&d=mm&r=g","contentUrl":"https:\/\/secure.gravatar.com\/avatar\/eda381c845527cc5d64c13b901833cda29d97500ba040d3e6461f76f51d163bb?s=96&d=mm&r=g","caption":"Paula Silva"}}]}},"_links":{"self":[{"href":"https:\/\/www.gaveanews.com\/index.php\/wp-json\/wp\/v2\/posts\/263807","targetHints":{"allow":["GET"]}}],"collection":[{"href":"https:\/\/www.gaveanews.com\/index.php\/wp-json\/wp\/v2\/posts"}],"about":[{"href":"https:\/\/www.gaveanews.com\/index.php\/wp-json\/wp\/v2\/types\/post"}],"author":[{"embeddable":true,"href":"https:\/\/www.gaveanews.com\/index.php\/wp-json\/wp\/v2\/users\/18"}],"replies":[{"embeddable":true,"href":"https:\/\/www.gaveanews.com\/index.php\/wp-json\/wp\/v2\/comments?post=263807"}],"version-history":[{"count":1,"href":"https:\/\/www.gaveanews.com\/index.php\/wp-json\/wp\/v2\/posts\/263807\/revisions"}],"predecessor-version":[{"id":263809,"href":"https:\/\/www.gaveanews.com\/index.php\/wp-json\/wp\/v2\/posts\/263807\/revisions\/263809"}],"wp:featuredmedia":[{"embeddable":true,"href":"https:\/\/www.gaveanews.com\/index.php\/wp-json\/wp\/v2\/media\/263475"}],"wp:attachment":[{"href":"https:\/\/www.gaveanews.com\/index.php\/wp-json\/wp\/v2\/media?parent=263807"}],"wp:term":[{"taxonomy":"category","embeddable":true,"href":"https:\/\/www.gaveanews.com\/index.php\/wp-json\/wp\/v2\/categories?post=263807"},{"taxonomy":"post_tag","embeddable":true,"href":"https:\/\/www.gaveanews.com\/index.php\/wp-json\/wp\/v2\/tags?post=263807"}],"curies":[{"name":"wp","href":"https:\/\/api.w.org\/{rel}","templated":true}]}}