{"id":263817,"date":"2025-05-14T21:30:00","date_gmt":"2025-05-15T00:30:00","guid":{"rendered":"https:\/\/www.gaveanews.com\/?p=263817"},"modified":"2025-05-14T19:20:15","modified_gmt":"2025-05-14T22:20:15","slug":"a-declaracao-de-evertton-araujo-direcionada-ao-elenco-flamengo","status":"publish","type":"post","link":"https:\/\/www.gaveanews.com\/index.php\/2025\/05\/14\/a-declaracao-de-evertton-araujo-direcionada-ao-elenco-flamengo\/","title":{"rendered":"A declara\u00e7\u00e3o de Evertton Ara\u00fajo direcionada ao elenco Flamengo"},"content":{"rendered":"\n<p>Com a sequ\u00eancia de desfalques no meio de campo, Evertton Ara\u00fajo desponta como alternativa imediata para os pr\u00f3ximos compromissos do Flamengo. O jovem volante, de 22 anos, deve ser titular nas partidas contra a LDU, na quinta-feira (15), pela Libertadores, e diante do Botafogo, no domingo (18), pelo Brasileir\u00e3o, ambos no Maracan\u00e3. As aus\u00eancias de Pulgar e Allan, lesionados, somadas \u00e0 suspens\u00e3o de Gerson (no torneio nacional), abrem espa\u00e7o para que Evertton ganhe sequ\u00eancia sob o comando de Filipe Lu\u00eds.<\/p>\n\n\n\n<p>Na \u00faltima rodada do Campeonato Brasileiro, contra o Bahia, o jogador foi acionado ainda no primeiro tempo, substituindo Pulgar. A atua\u00e7\u00e3o foi s\u00f3lida: 29 passes certos em 31 tentativas e tr\u00eas desarmes. \u201cA gente nunca sabe quando o Filipe vai colocar para jogar, mas tem que estar preparado\u201d, afirmou o atleta ap\u00f3s a partida, demonstrando confian\u00e7a e prontid\u00e3o diante das novas oportunidades.<\/p>\n\n\n\n<p>Evertton iniciou sua carreira no Volta Redonda, sua cidade natal. Em 2015, passou rapidamente por Botafogo e Cruzeiro, sem sucesso. Posteriormente, voltou ao Volta\u00e7o e se destacou na Copinha de 2022, o que o levou ao Flamengo. No elenco profissional desde 2024, ele j\u00e1 disputou 40 partidas e marcou um gol. Seu v\u00ednculo com o clube vai at\u00e9 o fim de 2026.<\/p>\n\n\n\n<p>Apesar das chances atuais, Evertton enfrenta concorr\u00eancia crescente. O Flamengo j\u00e1 tem acerto encaminhado com Jorginho, do Arsenal. O jogador \u00e9 aguardado no Rio de Janeiro no in\u00edcio de junho, e deve ampliar a disputa por espa\u00e7o no setor.<\/p>\n\n\n\n<p>Filipe Lu\u00eds tem elogiado a postura do jovem, sobretudo ap\u00f3s o empate contra a LDU no Equador. \u201cO Evertton foi impressionante\u201d, declarou o treinador, sinalizando que confia no desempenho do volante em momentos decisivos. Assim, o atleta busca consolidar seu lugar no elenco principal.<\/p>\n\n\n\n<p>Portanto, a semana \u00e9 crucial para o futuro de Evertton no Flamengo. Ele ter\u00e1 a oportunidade de mostrar, dentro de campo, que est\u00e1 apto a competir por uma vaga mesmo com a chegada de refor\u00e7os.<\/p>\n","protected":false},"excerpt":{"rendered":"<p>Com a sequ\u00eancia de desfalques no meio de campo, Evertton Ara\u00fajo desponta como alternativa imediata para os pr\u00f3ximos compromissos do Flamengo. O jovem volante, de 22 anos, deve ser titular nas partidas contra a LDU, na quinta-feira (15), pela Libertadores, e diante do Botafogo, no domingo (18), pelo Brasileir\u00e3o, ambos no Maracan\u00e3. As aus\u00eancias de [&hellip;]<\/p>\n","protected":false},"author":18,"featured_media":148163,"comment_status":"open","ping_status":"closed","sticky":false,"template":"","format":"standard","meta":{"footnotes":""},"categories":[1],"tags":[],"class_list":["post-263817","post","type-post","status-publish","format-standard","has-post-thumbnail","hentry","category-flamengo"],"yoast_head":"<!-- This site is optimized with the Yoast SEO Premium plugin v24.2 (Yoast SEO v26.9) - https:\/\/yoast.com\/product\/yoast-seo-premium-wordpress\/ -->\n<title>A declara\u00e7\u00e3o de Evertton Ara\u00fajo direcionada ao elenco Flamengo<\/title>\n<meta name=\"robots\" content=\"index, follow, max-snippet:-1, max-image-preview:large, max-video-preview:-1\" \/>\n<link rel=\"canonical\" href=\"https:\/\/www.gaveanews.com\/index.php\/2025\/05\/14\/a-declaracao-de-evertton-araujo-direcionada-ao-elenco-flamengo\/\" \/>\n<meta property=\"og:locale\" content=\"pt_BR\" \/>\n<meta property=\"og:type\" content=\"article\" \/>\n<meta property=\"og:title\" content=\"A declara\u00e7\u00e3o de Evertton Ara\u00fajo direcionada ao elenco Flamengo\" \/>\n<meta property=\"og:description\" content=\"Com a sequ\u00eancia de desfalques no meio de campo, Evertton Ara\u00fajo desponta como alternativa imediata para os pr\u00f3ximos compromissos do Flamengo. O jovem volante, de 22 anos, deve ser titular nas partidas contra a LDU, na quinta-feira (15), pela Libertadores, e diante do Botafogo, no domingo (18), pelo Brasileir\u00e3o, ambos no Maracan\u00e3. As aus\u00eancias de [&hellip;]\" \/>\n<meta property=\"og:url\" content=\"https:\/\/www.gaveanews.com\/index.php\/2025\/05\/14\/a-declaracao-de-evertton-araujo-direcionada-ao-elenco-flamengo\/\" \/>\n<meta property=\"og:site_name\" content=\"G\u00e1vea News\" \/>\n<meta property=\"article:publisher\" content=\"https:\/\/facebook.com\/gaveaNews\/\" \/>\n<meta property=\"article:published_time\" content=\"2025-05-15T00:30:00+00:00\" \/>\n<meta property=\"og:image\" content=\"https:\/\/www.gaveanews.com\/wp-content\/uploads\/evertton-araujo-flamengo-gol.webp\" \/>\n\t<meta property=\"og:image:width\" content=\"900\" \/>\n\t<meta property=\"og:image:height\" content=\"600\" \/>\n\t<meta property=\"og:image:type\" content=\"image\/jpeg\" \/>\n<meta name=\"author\" content=\"Paula Silva\" \/>\n<meta name=\"twitter:card\" content=\"summary_large_image\" \/>\n<meta name=\"twitter:label1\" content=\"Escrito por\" \/>\n\t<meta name=\"twitter:data1\" content=\"Paula Silva\" \/>\n\t<meta name=\"twitter:label2\" content=\"Est. tempo de leitura\" \/>\n\t<meta name=\"twitter:data2\" content=\"2 minutos\" \/>\n<script type=\"application\/ld+json\" class=\"yoast-schema-graph\">{\"@context\":\"https:\/\/schema.org\",\"@graph\":[{\"@type\":\"NewsArticle\",\"@id\":\"https:\/\/www.gaveanews.com\/index.php\/2025\/05\/14\/a-declaracao-de-evertton-araujo-direcionada-ao-elenco-flamengo\/#article\",\"isPartOf\":{\"@id\":\"https:\/\/www.gaveanews.com\/index.php\/2025\/05\/14\/a-declaracao-de-evertton-araujo-direcionada-ao-elenco-flamengo\/\"},\"author\":{\"name\":\"Paula Silva\",\"@id\":\"https:\/\/www.gaveanews.com\/#\/schema\/person\/daf63eec72e1164eb13dc35096c2b8da\"},\"headline\":\"A declara\u00e7\u00e3o de Evertton Ara\u00fajo direcionada ao elenco Flamengo\",\"datePublished\":\"2025-05-15T00:30:00+00:00\",\"mainEntityOfPage\":{\"@id\":\"https:\/\/www.gaveanews.com\/index.php\/2025\/05\/14\/a-declaracao-de-evertton-araujo-direcionada-ao-elenco-flamengo\/\"},\"wordCount\":343,\"commentCount\":0,\"image\":{\"@id\":\"https:\/\/www.gaveanews.com\/index.php\/2025\/05\/14\/a-declaracao-de-evertton-araujo-direcionada-ao-elenco-flamengo\/#primaryimage\"},\"thumbnailUrl\":\"https:\/\/www.gaveanews.com\/wp-content\/uploads\/evertton-araujo-flamengo-gol.webp\",\"articleSection\":[\"Flamengo\"],\"inLanguage\":\"pt-BR\",\"potentialAction\":[{\"@type\":\"CommentAction\",\"name\":\"Comment\",\"target\":[\"https:\/\/www.gaveanews.com\/index.php\/2025\/05\/14\/a-declaracao-de-evertton-araujo-direcionada-ao-elenco-flamengo\/#respond\"]}],\"copyrightYear\":\"2025\",\"copyrightHolder\":{\"@id\":\"https:\/\/www.gaveanews.com\/#organization\"}},{\"@type\":\"WebPage\",\"@id\":\"https:\/\/www.gaveanews.com\/index.php\/2025\/05\/14\/a-declaracao-de-evertton-araujo-direcionada-ao-elenco-flamengo\/\",\"url\":\"https:\/\/www.gaveanews.com\/index.php\/2025\/05\/14\/a-declaracao-de-evertton-araujo-direcionada-ao-elenco-flamengo\/\",\"name\":\"A declara\u00e7\u00e3o de Evertton Ara\u00fajo direcionada ao elenco Flamengo\",\"isPartOf\":{\"@id\":\"https:\/\/www.gaveanews.com\/#website\"},\"primaryImageOfPage\":{\"@id\":\"https:\/\/www.gaveanews.com\/index.php\/2025\/05\/14\/a-declaracao-de-evertton-araujo-direcionada-ao-elenco-flamengo\/#primaryimage\"},\"image\":{\"@id\":\"https:\/\/www.gaveanews.com\/index.php\/2025\/05\/14\/a-declaracao-de-evertton-araujo-direcionada-ao-elenco-flamengo\/#primaryimage\"},\"thumbnailUrl\":\"https:\/\/www.gaveanews.com\/wp-content\/uploads\/evertton-araujo-flamengo-gol.webp\",\"datePublished\":\"2025-05-15T00:30:00+00:00\",\"author\":{\"@id\":\"https:\/\/www.gaveanews.com\/#\/schema\/person\/daf63eec72e1164eb13dc35096c2b8da\"},\"breadcrumb\":{\"@id\":\"https:\/\/www.gaveanews.com\/index.php\/2025\/05\/14\/a-declaracao-de-evertton-araujo-direcionada-ao-elenco-flamengo\/#breadcrumb\"},\"inLanguage\":\"pt-BR\",\"potentialAction\":[{\"@type\":\"ReadAction\",\"target\":[\"https:\/\/www.gaveanews.com\/index.php\/2025\/05\/14\/a-declaracao-de-evertton-araujo-direcionada-ao-elenco-flamengo\/\"]}]},{\"@type\":\"ImageObject\",\"inLanguage\":\"pt-BR\",\"@id\":\"https:\/\/www.gaveanews.com\/index.php\/2025\/05\/14\/a-declaracao-de-evertton-araujo-direcionada-ao-elenco-flamengo\/#primaryimage\",\"url\":\"https:\/\/www.gaveanews.com\/wp-content\/uploads\/evertton-araujo-flamengo-gol.webp\",\"contentUrl\":\"https:\/\/www.gaveanews.com\/wp-content\/uploads\/evertton-araujo-flamengo-gol.webp\",\"width\":900,\"height\":600,\"caption\":\"Evertton Ara\u00fajo marca seu primeiro gol pelo Flamengo (Foto: Gilvan de Souza\/Flamengo)\"},{\"@type\":\"BreadcrumbList\",\"@id\":\"https:\/\/www.gaveanews.com\/index.php\/2025\/05\/14\/a-declaracao-de-evertton-araujo-direcionada-ao-elenco-flamengo\/#breadcrumb\",\"itemListElement\":[{\"@type\":\"ListItem\",\"position\":1,\"name\":\"Home\",\"item\":\"https:\/\/www.gaveanews.com\/\"},{\"@type\":\"ListItem\",\"position\":2,\"name\":\"A declara\u00e7\u00e3o de Evertton Ara\u00fajo direcionada ao elenco Flamengo\"}]},{\"@type\":\"WebSite\",\"@id\":\"https:\/\/www.gaveanews.com\/#website\",\"url\":\"https:\/\/www.gaveanews.com\/\",\"name\":\"G\u00e1vea News\",\"description\":\"Veja todas as not\u00edcias sobre o Flamengo: Contrata\u00e7\u00f5es, categorias de base, resultados das partidas, tabela de classifica\u00e7\u00e3o, pr\u00f3ximos jogos!\",\"potentialAction\":[{\"@type\":\"SearchAction\",\"target\":{\"@type\":\"EntryPoint\",\"urlTemplate\":\"https:\/\/www.gaveanews.com\/?s={search_term_string}\"},\"query-input\":{\"@type\":\"PropertyValueSpecification\",\"valueRequired\":true,\"valueName\":\"search_term_string\"}}],\"inLanguage\":\"pt-BR\"},{\"@type\":\"Person\",\"@id\":\"https:\/\/www.gaveanews.com\/#\/schema\/person\/daf63eec72e1164eb13dc35096c2b8da\",\"name\":\"Paula Silva\",\"image\":{\"@type\":\"ImageObject\",\"inLanguage\":\"pt-BR\",\"@id\":\"https:\/\/www.gaveanews.com\/#\/schema\/person\/image\/\",\"url\":\"https:\/\/secure.gravatar.com\/avatar\/eda381c845527cc5d64c13b901833cda29d97500ba040d3e6461f76f51d163bb?s=96&d=mm&r=g\",\"contentUrl\":\"https:\/\/secure.gravatar.com\/avatar\/eda381c845527cc5d64c13b901833cda29d97500ba040d3e6461f76f51d163bb?s=96&d=mm&r=g\",\"caption\":\"Paula Silva\"}}]}<\/script>\n<!-- \/ Yoast SEO Premium plugin. -->","yoast_head_json":{"title":"A declara\u00e7\u00e3o de Evertton Ara\u00fajo direcionada ao elenco Flamengo","robots":{"index":"index","follow":"follow","max-snippet":"max-snippet:-1","max-image-preview":"max-image-preview:large","max-video-preview":"max-video-preview:-1"},"canonical":"https:\/\/www.gaveanews.com\/index.php\/2025\/05\/14\/a-declaracao-de-evertton-araujo-direcionada-ao-elenco-flamengo\/","og_locale":"pt_BR","og_type":"article","og_title":"A declara\u00e7\u00e3o de Evertton Ara\u00fajo direcionada ao elenco Flamengo","og_description":"Com a sequ\u00eancia de desfalques no meio de campo, Evertton Ara\u00fajo desponta como alternativa imediata para os pr\u00f3ximos compromissos do Flamengo. O jovem volante, de 22 anos, deve ser titular nas partidas contra a LDU, na quinta-feira (15), pela Libertadores, e diante do Botafogo, no domingo (18), pelo Brasileir\u00e3o, ambos no Maracan\u00e3. As aus\u00eancias de [&hellip;]","og_url":"https:\/\/www.gaveanews.com\/index.php\/2025\/05\/14\/a-declaracao-de-evertton-araujo-direcionada-ao-elenco-flamengo\/","og_site_name":"G\u00e1vea News","article_publisher":"https:\/\/facebook.com\/gaveaNews\/","article_published_time":"2025-05-15T00:30:00+00:00","og_image":[{"width":900,"height":600,"url":"https:\/\/www.gaveanews.com\/wp-content\/uploads\/evertton-araujo-flamengo-gol.webp","type":"image\/jpeg"}],"author":"Paula Silva","twitter_card":"summary_large_image","twitter_misc":{"Escrito por":"Paula Silva","Est. tempo de leitura":"2 minutos"},"schema":{"@context":"https:\/\/schema.org","@graph":[{"@type":"NewsArticle","@id":"https:\/\/www.gaveanews.com\/index.php\/2025\/05\/14\/a-declaracao-de-evertton-araujo-direcionada-ao-elenco-flamengo\/#article","isPartOf":{"@id":"https:\/\/www.gaveanews.com\/index.php\/2025\/05\/14\/a-declaracao-de-evertton-araujo-direcionada-ao-elenco-flamengo\/"},"author":{"name":"Paula Silva","@id":"https:\/\/www.gaveanews.com\/#\/schema\/person\/daf63eec72e1164eb13dc35096c2b8da"},"headline":"A declara\u00e7\u00e3o de Evertton Ara\u00fajo direcionada ao elenco Flamengo","datePublished":"2025-05-15T00:30:00+00:00","mainEntityOfPage":{"@id":"https:\/\/www.gaveanews.com\/index.php\/2025\/05\/14\/a-declaracao-de-evertton-araujo-direcionada-ao-elenco-flamengo\/"},"wordCount":343,"commentCount":0,"image":{"@id":"https:\/\/www.gaveanews.com\/index.php\/2025\/05\/14\/a-declaracao-de-evertton-araujo-direcionada-ao-elenco-flamengo\/#primaryimage"},"thumbnailUrl":"https:\/\/www.gaveanews.com\/wp-content\/uploads\/evertton-araujo-flamengo-gol.webp","articleSection":["Flamengo"],"inLanguage":"pt-BR","potentialAction":[{"@type":"CommentAction","name":"Comment","target":["https:\/\/www.gaveanews.com\/index.php\/2025\/05\/14\/a-declaracao-de-evertton-araujo-direcionada-ao-elenco-flamengo\/#respond"]}],"copyrightYear":"2025","copyrightHolder":{"@id":"https:\/\/www.gaveanews.com\/#organization"}},{"@type":"WebPage","@id":"https:\/\/www.gaveanews.com\/index.php\/2025\/05\/14\/a-declaracao-de-evertton-araujo-direcionada-ao-elenco-flamengo\/","url":"https:\/\/www.gaveanews.com\/index.php\/2025\/05\/14\/a-declaracao-de-evertton-araujo-direcionada-ao-elenco-flamengo\/","name":"A declara\u00e7\u00e3o de Evertton Ara\u00fajo direcionada ao elenco Flamengo","isPartOf":{"@id":"https:\/\/www.gaveanews.com\/#website"},"primaryImageOfPage":{"@id":"https:\/\/www.gaveanews.com\/index.php\/2025\/05\/14\/a-declaracao-de-evertton-araujo-direcionada-ao-elenco-flamengo\/#primaryimage"},"image":{"@id":"https:\/\/www.gaveanews.com\/index.php\/2025\/05\/14\/a-declaracao-de-evertton-araujo-direcionada-ao-elenco-flamengo\/#primaryimage"},"thumbnailUrl":"https:\/\/www.gaveanews.com\/wp-content\/uploads\/evertton-araujo-flamengo-gol.webp","datePublished":"2025-05-15T00:30:00+00:00","author":{"@id":"https:\/\/www.gaveanews.com\/#\/schema\/person\/daf63eec72e1164eb13dc35096c2b8da"},"breadcrumb":{"@id":"https:\/\/www.gaveanews.com\/index.php\/2025\/05\/14\/a-declaracao-de-evertton-araujo-direcionada-ao-elenco-flamengo\/#breadcrumb"},"inLanguage":"pt-BR","potentialAction":[{"@type":"ReadAction","target":["https:\/\/www.gaveanews.com\/index.php\/2025\/05\/14\/a-declaracao-de-evertton-araujo-direcionada-ao-elenco-flamengo\/"]}]},{"@type":"ImageObject","inLanguage":"pt-BR","@id":"https:\/\/www.gaveanews.com\/index.php\/2025\/05\/14\/a-declaracao-de-evertton-araujo-direcionada-ao-elenco-flamengo\/#primaryimage","url":"https:\/\/www.gaveanews.com\/wp-content\/uploads\/evertton-araujo-flamengo-gol.webp","contentUrl":"https:\/\/www.gaveanews.com\/wp-content\/uploads\/evertton-araujo-flamengo-gol.webp","width":900,"height":600,"caption":"Evertton Ara\u00fajo marca seu primeiro gol pelo Flamengo (Foto: Gilvan de Souza\/Flamengo)"},{"@type":"BreadcrumbList","@id":"https:\/\/www.gaveanews.com\/index.php\/2025\/05\/14\/a-declaracao-de-evertton-araujo-direcionada-ao-elenco-flamengo\/#breadcrumb","itemListElement":[{"@type":"ListItem","position":1,"name":"Home","item":"https:\/\/www.gaveanews.com\/"},{"@type":"ListItem","position":2,"name":"A declara\u00e7\u00e3o de Evertton Ara\u00fajo direcionada ao elenco Flamengo"}]},{"@type":"WebSite","@id":"https:\/\/www.gaveanews.com\/#website","url":"https:\/\/www.gaveanews.com\/","name":"G\u00e1vea News","description":"Veja todas as not\u00edcias sobre o Flamengo: Contrata\u00e7\u00f5es, categorias de base, resultados das partidas, tabela de classifica\u00e7\u00e3o, pr\u00f3ximos jogos!","potentialAction":[{"@type":"SearchAction","target":{"@type":"EntryPoint","urlTemplate":"https:\/\/www.gaveanews.com\/?s={search_term_string}"},"query-input":{"@type":"PropertyValueSpecification","valueRequired":true,"valueName":"search_term_string"}}],"inLanguage":"pt-BR"},{"@type":"Person","@id":"https:\/\/www.gaveanews.com\/#\/schema\/person\/daf63eec72e1164eb13dc35096c2b8da","name":"Paula Silva","image":{"@type":"ImageObject","inLanguage":"pt-BR","@id":"https:\/\/www.gaveanews.com\/#\/schema\/person\/image\/","url":"https:\/\/secure.gravatar.com\/avatar\/eda381c845527cc5d64c13b901833cda29d97500ba040d3e6461f76f51d163bb?s=96&d=mm&r=g","contentUrl":"https:\/\/secure.gravatar.com\/avatar\/eda381c845527cc5d64c13b901833cda29d97500ba040d3e6461f76f51d163bb?s=96&d=mm&r=g","caption":"Paula Silva"}}]}},"_links":{"self":[{"href":"https:\/\/www.gaveanews.com\/index.php\/wp-json\/wp\/v2\/posts\/263817","targetHints":{"allow":["GET"]}}],"collection":[{"href":"https:\/\/www.gaveanews.com\/index.php\/wp-json\/wp\/v2\/posts"}],"about":[{"href":"https:\/\/www.gaveanews.com\/index.php\/wp-json\/wp\/v2\/types\/post"}],"author":[{"embeddable":true,"href":"https:\/\/www.gaveanews.com\/index.php\/wp-json\/wp\/v2\/users\/18"}],"replies":[{"embeddable":true,"href":"https:\/\/www.gaveanews.com\/index.php\/wp-json\/wp\/v2\/comments?post=263817"}],"version-history":[{"count":1,"href":"https:\/\/www.gaveanews.com\/index.php\/wp-json\/wp\/v2\/posts\/263817\/revisions"}],"predecessor-version":[{"id":263819,"href":"https:\/\/www.gaveanews.com\/index.php\/wp-json\/wp\/v2\/posts\/263817\/revisions\/263819"}],"wp:featuredmedia":[{"embeddable":true,"href":"https:\/\/www.gaveanews.com\/index.php\/wp-json\/wp\/v2\/media\/148163"}],"wp:attachment":[{"href":"https:\/\/www.gaveanews.com\/index.php\/wp-json\/wp\/v2\/media?parent=263817"}],"wp:term":[{"taxonomy":"category","embeddable":true,"href":"https:\/\/www.gaveanews.com\/index.php\/wp-json\/wp\/v2\/categories?post=263817"},{"taxonomy":"post_tag","embeddable":true,"href":"https:\/\/www.gaveanews.com\/index.php\/wp-json\/wp\/v2\/tags?post=263817"}],"curies":[{"name":"wp","href":"https:\/\/api.w.org\/{rel}","templated":true}]}}