{"id":263818,"date":"2025-05-14T21:25:00","date_gmt":"2025-05-15T00:25:00","guid":{"rendered":"https:\/\/www.gaveanews.com\/?p=263818"},"modified":"2025-05-14T19:22:01","modified_gmt":"2025-05-14T22:22:01","slug":"internacional-toma-atitude-importante-para-quitar-divida-milionaria","status":"publish","type":"post","link":"https:\/\/www.gaveanews.com\/index.php\/2025\/05\/14\/internacional-toma-atitude-importante-para-quitar-divida-milionaria\/","title":{"rendered":"Internacional toma atitude importante para quitar d\u00edvida milion\u00e1ria"},"content":{"rendered":"\n<p>O Internacional formalizou um acordo com a Procuradoria-Geral da Fazenda Nacional (PGFN) com o objetivo de regularizar uma d\u00edvida fiscal expressiva. O montante total mencionado pelo \u00f3rg\u00e3o federal \u00e9 de R$ 378 milh\u00f5es, embora o valor reconhecido pelo clube seja inferior. A transa\u00e7\u00e3o tribut\u00e1ria foi oficializada em uma cerim\u00f4nia realizada na manh\u00e3 desta quarta-feira (14 de maio), em Porto Alegre, e representa um marco no esfor\u00e7o de reorganiza\u00e7\u00e3o financeira da institui\u00e7\u00e3o.<\/p>\n\n\n\n<p>A negocia\u00e7\u00e3o prev\u00ea o pagamento de R$ 201 milh\u00f5es, com condi\u00e7\u00f5es espec\u00edficas para os diferentes tipos de d\u00e9bitos. Os valores relacionados a tributos n\u00e3o-previdenci\u00e1rios foram parcelados em at\u00e9 145 meses, enquanto os d\u00e9bitos previdenci\u00e1rios poder\u00e3o ser quitados em at\u00e9 60 meses. A medida foi viabilizada por meio do programa SOS-RS, criado emergencialmente em resposta \u00e0 trag\u00e9dia clim\u00e1tica que afetou o Rio Grande do Sul em maio do ano passado.<\/p>\n\n\n\n<p>Diversas autoridades participaram da solenidade, incluindo a procuradora regional da 4\u00aa Regi\u00e3o, Simone Klitzke, a procuradora da Fazenda Nacional, Telma Gutierrez de Morais Costa, e o procurador-chefe da equipe de transa\u00e7\u00e3o, Filipe Loureiro Santos. Representando o clube, estiveram presentes o presidente Alessandro Barcellos e o CEO Giovane Zanardo.<\/p>\n\n\n\n<p>Barcellos destacou a import\u00e2ncia estrat\u00e9gica do acordo, que permitir\u00e1 ao clube maior controle sobre sua situa\u00e7\u00e3o financeira. \u201cConseguirmos buscar essa readequa\u00e7\u00e3o faz com que reequilibre os fluxos de pagamento e possamos ter uma redu\u00e7\u00e3o significativa em juros, multas, o que d\u00e1 capacidade melhor ao clube para enfrentar as dificuldades financeiras\u201d, afirmou o dirigente.<\/p>\n\n\n\n<p>A transa\u00e7\u00e3o tribut\u00e1ria \u00e9 um mecanismo legal que visa facilitar a regulariza\u00e7\u00e3o fiscal de contribuintes em situa\u00e7\u00e3o de inadimpl\u00eancia, conforme sua capacidade financeira. De acordo com Simone Klitzke, trata-se de uma das ferramentas mais eficazes para a resolu\u00e7\u00e3o de lit\u00edgios envolvendo cr\u00e9ditos p\u00fablicos federais.<\/p>\n\n\n\n<p>Assim sendo, o acordo representa um avan\u00e7o significativo para o Inter, que passa a contar com um cronograma mais vi\u00e1vel de pagamentos e redu\u00e7\u00e3o dos encargos acumulados. A medida se alinha ao planejamento de estabilidade financeira e demonstra uma a\u00e7\u00e3o concreta diante de um cen\u00e1rio econ\u00f4mico desafiador.<\/p>\n","protected":false},"excerpt":{"rendered":"<p>O Internacional formalizou um acordo com a Procuradoria-Geral da Fazenda Nacional (PGFN) com o objetivo de regularizar uma d\u00edvida fiscal expressiva. O montante total mencionado pelo \u00f3rg\u00e3o federal \u00e9 de R$ 378 milh\u00f5es, embora o valor reconhecido pelo clube seja inferior. A transa\u00e7\u00e3o tribut\u00e1ria foi oficializada em uma cerim\u00f4nia realizada na manh\u00e3 desta quarta-feira (14 [&hellip;]<\/p>\n","protected":false},"author":18,"featured_media":252053,"comment_status":"open","ping_status":"closed","sticky":false,"template":"","format":"standard","meta":{"footnotes":""},"categories":[148],"tags":[],"class_list":["post-263818","post","type-post","status-publish","format-standard","has-post-thumbnail","hentry","category-internacional"],"yoast_head":"<!-- This site is optimized with the Yoast SEO Premium plugin v24.2 (Yoast SEO v26.9) - https:\/\/yoast.com\/product\/yoast-seo-premium-wordpress\/ -->\n<title>Internacional toma atitude importante para quitar d\u00edvida milion\u00e1ria<\/title>\n<meta name=\"robots\" content=\"index, follow, max-snippet:-1, max-image-preview:large, max-video-preview:-1\" \/>\n<link rel=\"canonical\" href=\"https:\/\/www.gaveanews.com\/index.php\/2025\/05\/14\/internacional-toma-atitude-importante-para-quitar-divida-milionaria\/\" \/>\n<meta property=\"og:locale\" content=\"pt_BR\" \/>\n<meta property=\"og:type\" content=\"article\" \/>\n<meta property=\"og:title\" content=\"Internacional toma atitude importante para quitar d\u00edvida milion\u00e1ria\" \/>\n<meta property=\"og:description\" content=\"O Internacional formalizou um acordo com a Procuradoria-Geral da Fazenda Nacional (PGFN) com o objetivo de regularizar uma d\u00edvida fiscal expressiva. O montante total mencionado pelo \u00f3rg\u00e3o federal \u00e9 de R$ 378 milh\u00f5es, embora o valor reconhecido pelo clube seja inferior. A transa\u00e7\u00e3o tribut\u00e1ria foi oficializada em uma cerim\u00f4nia realizada na manh\u00e3 desta quarta-feira (14 [&hellip;]\" \/>\n<meta property=\"og:url\" content=\"https:\/\/www.gaveanews.com\/index.php\/2025\/05\/14\/internacional-toma-atitude-importante-para-quitar-divida-milionaria\/\" \/>\n<meta property=\"og:site_name\" content=\"G\u00e1vea News\" \/>\n<meta property=\"article:publisher\" content=\"https:\/\/facebook.com\/gaveaNews\/\" \/>\n<meta property=\"article:published_time\" content=\"2025-05-15T00:25:00+00:00\" \/>\n<meta property=\"og:image\" content=\"https:\/\/www.gaveanews.com\/wp-content\/uploads\/Internacional.webp\" \/>\n\t<meta property=\"og:image:width\" content=\"866\" \/>\n\t<meta property=\"og:image:height\" content=\"543\" \/>\n\t<meta property=\"og:image:type\" content=\"image\/jpeg\" \/>\n<meta name=\"author\" content=\"Paula Silva\" \/>\n<meta name=\"twitter:card\" content=\"summary_large_image\" \/>\n<meta name=\"twitter:label1\" content=\"Escrito por\" \/>\n\t<meta name=\"twitter:data1\" content=\"Paula Silva\" \/>\n\t<meta name=\"twitter:label2\" content=\"Est. tempo de leitura\" \/>\n\t<meta name=\"twitter:data2\" content=\"3 minutos\" \/>\n<script type=\"application\/ld+json\" class=\"yoast-schema-graph\">{\"@context\":\"https:\/\/schema.org\",\"@graph\":[{\"@type\":\"NewsArticle\",\"@id\":\"https:\/\/www.gaveanews.com\/index.php\/2025\/05\/14\/internacional-toma-atitude-importante-para-quitar-divida-milionaria\/#article\",\"isPartOf\":{\"@id\":\"https:\/\/www.gaveanews.com\/index.php\/2025\/05\/14\/internacional-toma-atitude-importante-para-quitar-divida-milionaria\/\"},\"author\":{\"name\":\"Paula Silva\",\"@id\":\"https:\/\/www.gaveanews.com\/#\/schema\/person\/daf63eec72e1164eb13dc35096c2b8da\"},\"headline\":\"Internacional toma atitude importante para quitar d\u00edvida milion\u00e1ria\",\"datePublished\":\"2025-05-15T00:25:00+00:00\",\"mainEntityOfPage\":{\"@id\":\"https:\/\/www.gaveanews.com\/index.php\/2025\/05\/14\/internacional-toma-atitude-importante-para-quitar-divida-milionaria\/\"},\"wordCount\":376,\"commentCount\":0,\"image\":{\"@id\":\"https:\/\/www.gaveanews.com\/index.php\/2025\/05\/14\/internacional-toma-atitude-importante-para-quitar-divida-milionaria\/#primaryimage\"},\"thumbnailUrl\":\"https:\/\/www.gaveanews.com\/wp-content\/uploads\/Internacional.webp\",\"articleSection\":[\"Internacional\"],\"inLanguage\":\"pt-BR\",\"potentialAction\":[{\"@type\":\"CommentAction\",\"name\":\"Comment\",\"target\":[\"https:\/\/www.gaveanews.com\/index.php\/2025\/05\/14\/internacional-toma-atitude-importante-para-quitar-divida-milionaria\/#respond\"]}],\"copyrightYear\":\"2025\",\"copyrightHolder\":{\"@id\":\"https:\/\/www.gaveanews.com\/#organization\"}},{\"@type\":\"WebPage\",\"@id\":\"https:\/\/www.gaveanews.com\/index.php\/2025\/05\/14\/internacional-toma-atitude-importante-para-quitar-divida-milionaria\/\",\"url\":\"https:\/\/www.gaveanews.com\/index.php\/2025\/05\/14\/internacional-toma-atitude-importante-para-quitar-divida-milionaria\/\",\"name\":\"Internacional toma atitude importante para quitar d\u00edvida milion\u00e1ria\",\"isPartOf\":{\"@id\":\"https:\/\/www.gaveanews.com\/#website\"},\"primaryImageOfPage\":{\"@id\":\"https:\/\/www.gaveanews.com\/index.php\/2025\/05\/14\/internacional-toma-atitude-importante-para-quitar-divida-milionaria\/#primaryimage\"},\"image\":{\"@id\":\"https:\/\/www.gaveanews.com\/index.php\/2025\/05\/14\/internacional-toma-atitude-importante-para-quitar-divida-milionaria\/#primaryimage\"},\"thumbnailUrl\":\"https:\/\/www.gaveanews.com\/wp-content\/uploads\/Internacional.webp\",\"datePublished\":\"2025-05-15T00:25:00+00:00\",\"author\":{\"@id\":\"https:\/\/www.gaveanews.com\/#\/schema\/person\/daf63eec72e1164eb13dc35096c2b8da\"},\"breadcrumb\":{\"@id\":\"https:\/\/www.gaveanews.com\/index.php\/2025\/05\/14\/internacional-toma-atitude-importante-para-quitar-divida-milionaria\/#breadcrumb\"},\"inLanguage\":\"pt-BR\",\"potentialAction\":[{\"@type\":\"ReadAction\",\"target\":[\"https:\/\/www.gaveanews.com\/index.php\/2025\/05\/14\/internacional-toma-atitude-importante-para-quitar-divida-milionaria\/\"]}]},{\"@type\":\"ImageObject\",\"inLanguage\":\"pt-BR\",\"@id\":\"https:\/\/www.gaveanews.com\/index.php\/2025\/05\/14\/internacional-toma-atitude-importante-para-quitar-divida-milionaria\/#primaryimage\",\"url\":\"https:\/\/www.gaveanews.com\/wp-content\/uploads\/Internacional.webp\",\"contentUrl\":\"https:\/\/www.gaveanews.com\/wp-content\/uploads\/Internacional.webp\",\"width\":866,\"height\":543,\"caption\":\"Internacional (Foto: Reprodu\u00e7\u00e3o\/Internacional)\"},{\"@type\":\"BreadcrumbList\",\"@id\":\"https:\/\/www.gaveanews.com\/index.php\/2025\/05\/14\/internacional-toma-atitude-importante-para-quitar-divida-milionaria\/#breadcrumb\",\"itemListElement\":[{\"@type\":\"ListItem\",\"position\":1,\"name\":\"Home\",\"item\":\"https:\/\/www.gaveanews.com\/\"},{\"@type\":\"ListItem\",\"position\":2,\"name\":\"Internacional toma atitude importante para quitar d\u00edvida milion\u00e1ria\"}]},{\"@type\":\"WebSite\",\"@id\":\"https:\/\/www.gaveanews.com\/#website\",\"url\":\"https:\/\/www.gaveanews.com\/\",\"name\":\"G\u00e1vea News\",\"description\":\"Veja todas as not\u00edcias sobre o Flamengo: Contrata\u00e7\u00f5es, categorias de base, resultados das partidas, tabela de classifica\u00e7\u00e3o, pr\u00f3ximos jogos!\",\"potentialAction\":[{\"@type\":\"SearchAction\",\"target\":{\"@type\":\"EntryPoint\",\"urlTemplate\":\"https:\/\/www.gaveanews.com\/?s={search_term_string}\"},\"query-input\":{\"@type\":\"PropertyValueSpecification\",\"valueRequired\":true,\"valueName\":\"search_term_string\"}}],\"inLanguage\":\"pt-BR\"},{\"@type\":\"Person\",\"@id\":\"https:\/\/www.gaveanews.com\/#\/schema\/person\/daf63eec72e1164eb13dc35096c2b8da\",\"name\":\"Paula Silva\",\"image\":{\"@type\":\"ImageObject\",\"inLanguage\":\"pt-BR\",\"@id\":\"https:\/\/www.gaveanews.com\/#\/schema\/person\/image\/\",\"url\":\"https:\/\/secure.gravatar.com\/avatar\/eda381c845527cc5d64c13b901833cda29d97500ba040d3e6461f76f51d163bb?s=96&d=mm&r=g\",\"contentUrl\":\"https:\/\/secure.gravatar.com\/avatar\/eda381c845527cc5d64c13b901833cda29d97500ba040d3e6461f76f51d163bb?s=96&d=mm&r=g\",\"caption\":\"Paula Silva\"}}]}<\/script>\n<!-- \/ Yoast SEO Premium plugin. -->","yoast_head_json":{"title":"Internacional toma atitude importante para quitar d\u00edvida milion\u00e1ria","robots":{"index":"index","follow":"follow","max-snippet":"max-snippet:-1","max-image-preview":"max-image-preview:large","max-video-preview":"max-video-preview:-1"},"canonical":"https:\/\/www.gaveanews.com\/index.php\/2025\/05\/14\/internacional-toma-atitude-importante-para-quitar-divida-milionaria\/","og_locale":"pt_BR","og_type":"article","og_title":"Internacional toma atitude importante para quitar d\u00edvida milion\u00e1ria","og_description":"O Internacional formalizou um acordo com a Procuradoria-Geral da Fazenda Nacional (PGFN) com o objetivo de regularizar uma d\u00edvida fiscal expressiva. O montante total mencionado pelo \u00f3rg\u00e3o federal \u00e9 de R$ 378 milh\u00f5es, embora o valor reconhecido pelo clube seja inferior. A transa\u00e7\u00e3o tribut\u00e1ria foi oficializada em uma cerim\u00f4nia realizada na manh\u00e3 desta quarta-feira (14 [&hellip;]","og_url":"https:\/\/www.gaveanews.com\/index.php\/2025\/05\/14\/internacional-toma-atitude-importante-para-quitar-divida-milionaria\/","og_site_name":"G\u00e1vea News","article_publisher":"https:\/\/facebook.com\/gaveaNews\/","article_published_time":"2025-05-15T00:25:00+00:00","og_image":[{"width":866,"height":543,"url":"https:\/\/www.gaveanews.com\/wp-content\/uploads\/Internacional.webp","type":"image\/jpeg"}],"author":"Paula Silva","twitter_card":"summary_large_image","twitter_misc":{"Escrito por":"Paula Silva","Est. tempo de leitura":"3 minutos"},"schema":{"@context":"https:\/\/schema.org","@graph":[{"@type":"NewsArticle","@id":"https:\/\/www.gaveanews.com\/index.php\/2025\/05\/14\/internacional-toma-atitude-importante-para-quitar-divida-milionaria\/#article","isPartOf":{"@id":"https:\/\/www.gaveanews.com\/index.php\/2025\/05\/14\/internacional-toma-atitude-importante-para-quitar-divida-milionaria\/"},"author":{"name":"Paula Silva","@id":"https:\/\/www.gaveanews.com\/#\/schema\/person\/daf63eec72e1164eb13dc35096c2b8da"},"headline":"Internacional toma atitude importante para quitar d\u00edvida milion\u00e1ria","datePublished":"2025-05-15T00:25:00+00:00","mainEntityOfPage":{"@id":"https:\/\/www.gaveanews.com\/index.php\/2025\/05\/14\/internacional-toma-atitude-importante-para-quitar-divida-milionaria\/"},"wordCount":376,"commentCount":0,"image":{"@id":"https:\/\/www.gaveanews.com\/index.php\/2025\/05\/14\/internacional-toma-atitude-importante-para-quitar-divida-milionaria\/#primaryimage"},"thumbnailUrl":"https:\/\/www.gaveanews.com\/wp-content\/uploads\/Internacional.webp","articleSection":["Internacional"],"inLanguage":"pt-BR","potentialAction":[{"@type":"CommentAction","name":"Comment","target":["https:\/\/www.gaveanews.com\/index.php\/2025\/05\/14\/internacional-toma-atitude-importante-para-quitar-divida-milionaria\/#respond"]}],"copyrightYear":"2025","copyrightHolder":{"@id":"https:\/\/www.gaveanews.com\/#organization"}},{"@type":"WebPage","@id":"https:\/\/www.gaveanews.com\/index.php\/2025\/05\/14\/internacional-toma-atitude-importante-para-quitar-divida-milionaria\/","url":"https:\/\/www.gaveanews.com\/index.php\/2025\/05\/14\/internacional-toma-atitude-importante-para-quitar-divida-milionaria\/","name":"Internacional toma atitude importante para quitar d\u00edvida milion\u00e1ria","isPartOf":{"@id":"https:\/\/www.gaveanews.com\/#website"},"primaryImageOfPage":{"@id":"https:\/\/www.gaveanews.com\/index.php\/2025\/05\/14\/internacional-toma-atitude-importante-para-quitar-divida-milionaria\/#primaryimage"},"image":{"@id":"https:\/\/www.gaveanews.com\/index.php\/2025\/05\/14\/internacional-toma-atitude-importante-para-quitar-divida-milionaria\/#primaryimage"},"thumbnailUrl":"https:\/\/www.gaveanews.com\/wp-content\/uploads\/Internacional.webp","datePublished":"2025-05-15T00:25:00+00:00","author":{"@id":"https:\/\/www.gaveanews.com\/#\/schema\/person\/daf63eec72e1164eb13dc35096c2b8da"},"breadcrumb":{"@id":"https:\/\/www.gaveanews.com\/index.php\/2025\/05\/14\/internacional-toma-atitude-importante-para-quitar-divida-milionaria\/#breadcrumb"},"inLanguage":"pt-BR","potentialAction":[{"@type":"ReadAction","target":["https:\/\/www.gaveanews.com\/index.php\/2025\/05\/14\/internacional-toma-atitude-importante-para-quitar-divida-milionaria\/"]}]},{"@type":"ImageObject","inLanguage":"pt-BR","@id":"https:\/\/www.gaveanews.com\/index.php\/2025\/05\/14\/internacional-toma-atitude-importante-para-quitar-divida-milionaria\/#primaryimage","url":"https:\/\/www.gaveanews.com\/wp-content\/uploads\/Internacional.webp","contentUrl":"https:\/\/www.gaveanews.com\/wp-content\/uploads\/Internacional.webp","width":866,"height":543,"caption":"Internacional (Foto: Reprodu\u00e7\u00e3o\/Internacional)"},{"@type":"BreadcrumbList","@id":"https:\/\/www.gaveanews.com\/index.php\/2025\/05\/14\/internacional-toma-atitude-importante-para-quitar-divida-milionaria\/#breadcrumb","itemListElement":[{"@type":"ListItem","position":1,"name":"Home","item":"https:\/\/www.gaveanews.com\/"},{"@type":"ListItem","position":2,"name":"Internacional toma atitude importante para quitar d\u00edvida milion\u00e1ria"}]},{"@type":"WebSite","@id":"https:\/\/www.gaveanews.com\/#website","url":"https:\/\/www.gaveanews.com\/","name":"G\u00e1vea News","description":"Veja todas as not\u00edcias sobre o Flamengo: Contrata\u00e7\u00f5es, categorias de base, resultados das partidas, tabela de classifica\u00e7\u00e3o, pr\u00f3ximos jogos!","potentialAction":[{"@type":"SearchAction","target":{"@type":"EntryPoint","urlTemplate":"https:\/\/www.gaveanews.com\/?s={search_term_string}"},"query-input":{"@type":"PropertyValueSpecification","valueRequired":true,"valueName":"search_term_string"}}],"inLanguage":"pt-BR"},{"@type":"Person","@id":"https:\/\/www.gaveanews.com\/#\/schema\/person\/daf63eec72e1164eb13dc35096c2b8da","name":"Paula Silva","image":{"@type":"ImageObject","inLanguage":"pt-BR","@id":"https:\/\/www.gaveanews.com\/#\/schema\/person\/image\/","url":"https:\/\/secure.gravatar.com\/avatar\/eda381c845527cc5d64c13b901833cda29d97500ba040d3e6461f76f51d163bb?s=96&d=mm&r=g","contentUrl":"https:\/\/secure.gravatar.com\/avatar\/eda381c845527cc5d64c13b901833cda29d97500ba040d3e6461f76f51d163bb?s=96&d=mm&r=g","caption":"Paula Silva"}}]}},"_links":{"self":[{"href":"https:\/\/www.gaveanews.com\/index.php\/wp-json\/wp\/v2\/posts\/263818","targetHints":{"allow":["GET"]}}],"collection":[{"href":"https:\/\/www.gaveanews.com\/index.php\/wp-json\/wp\/v2\/posts"}],"about":[{"href":"https:\/\/www.gaveanews.com\/index.php\/wp-json\/wp\/v2\/types\/post"}],"author":[{"embeddable":true,"href":"https:\/\/www.gaveanews.com\/index.php\/wp-json\/wp\/v2\/users\/18"}],"replies":[{"embeddable":true,"href":"https:\/\/www.gaveanews.com\/index.php\/wp-json\/wp\/v2\/comments?post=263818"}],"version-history":[{"count":1,"href":"https:\/\/www.gaveanews.com\/index.php\/wp-json\/wp\/v2\/posts\/263818\/revisions"}],"predecessor-version":[{"id":263820,"href":"https:\/\/www.gaveanews.com\/index.php\/wp-json\/wp\/v2\/posts\/263818\/revisions\/263820"}],"wp:featuredmedia":[{"embeddable":true,"href":"https:\/\/www.gaveanews.com\/index.php\/wp-json\/wp\/v2\/media\/252053"}],"wp:attachment":[{"href":"https:\/\/www.gaveanews.com\/index.php\/wp-json\/wp\/v2\/media?parent=263818"}],"wp:term":[{"taxonomy":"category","embeddable":true,"href":"https:\/\/www.gaveanews.com\/index.php\/wp-json\/wp\/v2\/categories?post=263818"},{"taxonomy":"post_tag","embeddable":true,"href":"https:\/\/www.gaveanews.com\/index.php\/wp-json\/wp\/v2\/tags?post=263818"}],"curies":[{"name":"wp","href":"https:\/\/api.w.org\/{rel}","templated":true}]}}