{"id":263824,"date":"2025-05-14T21:40:00","date_gmt":"2025-05-15T00:40:00","guid":{"rendered":"https:\/\/www.gaveanews.com\/?p=263824"},"modified":"2025-05-14T19:28:30","modified_gmt":"2025-05-14T22:28:30","slug":"vitor-roque-do-palmeiras-atuava-em-outra-posicao-no-inicio-da-carreira-entenda","status":"publish","type":"post","link":"https:\/\/www.gaveanews.com\/index.php\/2025\/05\/14\/vitor-roque-do-palmeiras-atuava-em-outra-posicao-no-inicio-da-carreira-entenda\/","title":{"rendered":"Vitor Roque, do Palmeiras, atuava em outra posi\u00e7\u00e3o no in\u00edcio da carreira; entenda"},"content":{"rendered":"\n<p>Sandro Duarte, ex-meio-campista campe\u00e3o pelo Cruzeiro em 2003, segue envolvido com o futebol mesmo ap\u00f3s a aposentadoria. Trabalhando como agente e treinador, ele foi um dos respons\u00e1veis por identificar e impulsionar a carreira de Vitor Roque. A descoberta ocorreu quando Roque, ainda atuando como volante, chamou aten\u00e7\u00e3o em uma escolinha de futebol em Belo Horizonte. \u201cEle j\u00e1 tinha qualidade com a bola, era mais maduro que os outros\u201d, afirmou Sandro, destacando tamb\u00e9m o bom porte f\u00edsico e a intelig\u00eancia t\u00e1tica do atleta.<\/p>\n\n\n\n<p>A trajet\u00f3ria de Vitor Roque avan\u00e7ou com passagens pelas categorias de base do Am\u00e9rica e, posteriormente, pelo Cruzeiro. Contudo, sua transfer\u00eancia para o Athletico-PR envolveu controv\u00e9rsias. \u201cPagaram a multa. Foi interesse do atleta. N\u00e3o teve como segurar\u201d, explicou Sandro. Posteriormente, o atacante foi vendido ao Barcelona, n\u00e3o se firmou e acabou emprestado ao Betis. Agora, no Palmeiras, Sandro v\u00ea uma oportunidade valiosa para o jogador se reaproximar da Sele\u00e7\u00e3o Brasileira: \u201cVejo com bons olhos a ida para o Palmeiras. Vai estar pr\u00f3ximo dos amigos e da fam\u00edlia.\u201d<\/p>\n\n\n\n<p>Sandro tamb\u00e9m foi o primeiro a observar Estev\u00e3o, joia do Palmeiras j\u00e1 negociada com o Chelsea. Ele o conheceu aos oito anos, em um col\u00e9gio de Belo Horizonte, e logo reconheceu seu talento. \u201cNunca vi nada igual\u201d, revelou. A parceria com o empres\u00e1rio Andr\u00e9 Cury se iniciou por meio da gest\u00e3o desses talentos, incluindo Richarlison, que tamb\u00e9m passou pelas m\u00e3os da empresa de Sandro antes de alcan\u00e7ar o futebol europeu.<\/p>\n\n\n\n<p>Ali\u00e1s, o ex-jogador tamb\u00e9m tem se aventurado como t\u00e9cnico. No Porto-BA, conseguiu o acesso para a S\u00e9rie D do Brasileiro de 2026, ap\u00f3s iniciar o trabalho de forma improvisada. \u201cPeguei o clube na 7\u00aa coloca\u00e7\u00e3o e conseguimos o acesso\u201d, contou.<\/p>\n\n\n\n<p>Atualmente, Sandro vive o dilema entre seguir como agente ou se dedicar \u00e0 carreira de treinador. \u201cEspero definir at\u00e9 o fim do ano. Ser t\u00e9cnico e empres\u00e1rio n\u00e3o \u00e9 permitido por lei\u201d, ponderou. Enquanto isso, segue se qualificando com licen\u00e7as da CBF, buscando decidir qual caminho trilhar no futebol.<\/p>\n","protected":false},"excerpt":{"rendered":"<p>Sandro Duarte, ex-meio-campista campe\u00e3o pelo Cruzeiro em 2003, segue envolvido com o futebol mesmo ap\u00f3s a aposentadoria. Trabalhando como agente e treinador, ele foi um dos respons\u00e1veis por identificar e impulsionar a carreira de Vitor Roque. A descoberta ocorreu quando Roque, ainda atuando como volante, chamou aten\u00e7\u00e3o em uma escolinha de futebol em Belo Horizonte. [&hellip;]<\/p>\n","protected":false},"author":18,"featured_media":236329,"comment_status":"open","ping_status":"closed","sticky":false,"template":"","format":"standard","meta":{"footnotes":""},"categories":[150],"tags":[],"class_list":["post-263824","post","type-post","status-publish","format-standard","has-post-thumbnail","hentry","category-palmeiras"],"yoast_head":"<!-- This site is optimized with the Yoast SEO Premium plugin v24.2 (Yoast SEO v26.9) - https:\/\/yoast.com\/product\/yoast-seo-premium-wordpress\/ -->\n<title>Vitor Roque, do Palmeiras, atuava em outra posi\u00e7\u00e3o no in\u00edcio da carreira; entenda<\/title>\n<meta name=\"robots\" content=\"index, follow, max-snippet:-1, max-image-preview:large, max-video-preview:-1\" \/>\n<link rel=\"canonical\" href=\"https:\/\/www.gaveanews.com\/index.php\/2025\/05\/14\/vitor-roque-do-palmeiras-atuava-em-outra-posicao-no-inicio-da-carreira-entenda\/\" \/>\n<meta property=\"og:locale\" content=\"pt_BR\" \/>\n<meta property=\"og:type\" content=\"article\" \/>\n<meta property=\"og:title\" content=\"Vitor Roque, do Palmeiras, atuava em outra posi\u00e7\u00e3o no in\u00edcio da carreira; entenda\" \/>\n<meta property=\"og:description\" content=\"Sandro Duarte, ex-meio-campista campe\u00e3o pelo Cruzeiro em 2003, segue envolvido com o futebol mesmo ap\u00f3s a aposentadoria. Trabalhando como agente e treinador, ele foi um dos respons\u00e1veis por identificar e impulsionar a carreira de Vitor Roque. A descoberta ocorreu quando Roque, ainda atuando como volante, chamou aten\u00e7\u00e3o em uma escolinha de futebol em Belo Horizonte. [&hellip;]\" \/>\n<meta property=\"og:url\" content=\"https:\/\/www.gaveanews.com\/index.php\/2025\/05\/14\/vitor-roque-do-palmeiras-atuava-em-outra-posicao-no-inicio-da-carreira-entenda\/\" \/>\n<meta property=\"og:site_name\" content=\"G\u00e1vea News\" \/>\n<meta property=\"article:publisher\" content=\"https:\/\/facebook.com\/gaveaNews\/\" \/>\n<meta property=\"article:published_time\" content=\"2025-05-15T00:40:00+00:00\" \/>\n<meta property=\"og:image\" content=\"https:\/\/www.gaveanews.com\/wp-content\/uploads\/Vitor-Roque-pelo-Palmeiras.webp\" \/>\n\t<meta property=\"og:image:width\" content=\"850\" \/>\n\t<meta property=\"og:image:height\" content=\"585\" \/>\n\t<meta property=\"og:image:type\" content=\"image\/jpeg\" \/>\n<meta name=\"author\" content=\"Paula Silva\" \/>\n<meta name=\"twitter:card\" content=\"summary_large_image\" \/>\n<meta name=\"twitter:label1\" content=\"Escrito por\" \/>\n\t<meta name=\"twitter:data1\" content=\"Paula Silva\" \/>\n\t<meta name=\"twitter:label2\" content=\"Est. tempo de leitura\" \/>\n\t<meta name=\"twitter:data2\" content=\"3 minutos\" \/>\n<script type=\"application\/ld+json\" class=\"yoast-schema-graph\">{\"@context\":\"https:\/\/schema.org\",\"@graph\":[{\"@type\":\"NewsArticle\",\"@id\":\"https:\/\/www.gaveanews.com\/index.php\/2025\/05\/14\/vitor-roque-do-palmeiras-atuava-em-outra-posicao-no-inicio-da-carreira-entenda\/#article\",\"isPartOf\":{\"@id\":\"https:\/\/www.gaveanews.com\/index.php\/2025\/05\/14\/vitor-roque-do-palmeiras-atuava-em-outra-posicao-no-inicio-da-carreira-entenda\/\"},\"author\":{\"name\":\"Paula Silva\",\"@id\":\"https:\/\/www.gaveanews.com\/#\/schema\/person\/daf63eec72e1164eb13dc35096c2b8da\"},\"headline\":\"Vitor Roque, do Palmeiras, atuava em outra posi\u00e7\u00e3o no in\u00edcio da carreira; entenda\",\"datePublished\":\"2025-05-15T00:40:00+00:00\",\"mainEntityOfPage\":{\"@id\":\"https:\/\/www.gaveanews.com\/index.php\/2025\/05\/14\/vitor-roque-do-palmeiras-atuava-em-outra-posicao-no-inicio-da-carreira-entenda\/\"},\"wordCount\":374,\"commentCount\":0,\"image\":{\"@id\":\"https:\/\/www.gaveanews.com\/index.php\/2025\/05\/14\/vitor-roque-do-palmeiras-atuava-em-outra-posicao-no-inicio-da-carreira-entenda\/#primaryimage\"},\"thumbnailUrl\":\"https:\/\/www.gaveanews.com\/wp-content\/uploads\/Vitor-Roque-pelo-Palmeiras.webp\",\"articleSection\":[\"Palmeiras\"],\"inLanguage\":\"pt-BR\",\"potentialAction\":[{\"@type\":\"CommentAction\",\"name\":\"Comment\",\"target\":[\"https:\/\/www.gaveanews.com\/index.php\/2025\/05\/14\/vitor-roque-do-palmeiras-atuava-em-outra-posicao-no-inicio-da-carreira-entenda\/#respond\"]}],\"copyrightYear\":\"2025\",\"copyrightHolder\":{\"@id\":\"https:\/\/www.gaveanews.com\/#organization\"}},{\"@type\":\"WebPage\",\"@id\":\"https:\/\/www.gaveanews.com\/index.php\/2025\/05\/14\/vitor-roque-do-palmeiras-atuava-em-outra-posicao-no-inicio-da-carreira-entenda\/\",\"url\":\"https:\/\/www.gaveanews.com\/index.php\/2025\/05\/14\/vitor-roque-do-palmeiras-atuava-em-outra-posicao-no-inicio-da-carreira-entenda\/\",\"name\":\"Vitor Roque, do Palmeiras, atuava em outra posi\u00e7\u00e3o no in\u00edcio da carreira; entenda\",\"isPartOf\":{\"@id\":\"https:\/\/www.gaveanews.com\/#website\"},\"primaryImageOfPage\":{\"@id\":\"https:\/\/www.gaveanews.com\/index.php\/2025\/05\/14\/vitor-roque-do-palmeiras-atuava-em-outra-posicao-no-inicio-da-carreira-entenda\/#primaryimage\"},\"image\":{\"@id\":\"https:\/\/www.gaveanews.com\/index.php\/2025\/05\/14\/vitor-roque-do-palmeiras-atuava-em-outra-posicao-no-inicio-da-carreira-entenda\/#primaryimage\"},\"thumbnailUrl\":\"https:\/\/www.gaveanews.com\/wp-content\/uploads\/Vitor-Roque-pelo-Palmeiras.webp\",\"datePublished\":\"2025-05-15T00:40:00+00:00\",\"author\":{\"@id\":\"https:\/\/www.gaveanews.com\/#\/schema\/person\/daf63eec72e1164eb13dc35096c2b8da\"},\"breadcrumb\":{\"@id\":\"https:\/\/www.gaveanews.com\/index.php\/2025\/05\/14\/vitor-roque-do-palmeiras-atuava-em-outra-posicao-no-inicio-da-carreira-entenda\/#breadcrumb\"},\"inLanguage\":\"pt-BR\",\"potentialAction\":[{\"@type\":\"ReadAction\",\"target\":[\"https:\/\/www.gaveanews.com\/index.php\/2025\/05\/14\/vitor-roque-do-palmeiras-atuava-em-outra-posicao-no-inicio-da-carreira-entenda\/\"]}]},{\"@type\":\"ImageObject\",\"inLanguage\":\"pt-BR\",\"@id\":\"https:\/\/www.gaveanews.com\/index.php\/2025\/05\/14\/vitor-roque-do-palmeiras-atuava-em-outra-posicao-no-inicio-da-carreira-entenda\/#primaryimage\",\"url\":\"https:\/\/www.gaveanews.com\/wp-content\/uploads\/Vitor-Roque-pelo-Palmeiras.webp\",\"contentUrl\":\"https:\/\/www.gaveanews.com\/wp-content\/uploads\/Vitor-Roque-pelo-Palmeiras.webp\",\"width\":850,\"height\":585,\"caption\":\"Vitor Roque pelo Palmeiras (Foto: Cesar Greco\/Palmeiras)\"},{\"@type\":\"BreadcrumbList\",\"@id\":\"https:\/\/www.gaveanews.com\/index.php\/2025\/05\/14\/vitor-roque-do-palmeiras-atuava-em-outra-posicao-no-inicio-da-carreira-entenda\/#breadcrumb\",\"itemListElement\":[{\"@type\":\"ListItem\",\"position\":1,\"name\":\"Home\",\"item\":\"https:\/\/www.gaveanews.com\/\"},{\"@type\":\"ListItem\",\"position\":2,\"name\":\"Vitor Roque, do Palmeiras, atuava em outra posi\u00e7\u00e3o no in\u00edcio da carreira; entenda\"}]},{\"@type\":\"WebSite\",\"@id\":\"https:\/\/www.gaveanews.com\/#website\",\"url\":\"https:\/\/www.gaveanews.com\/\",\"name\":\"G\u00e1vea News\",\"description\":\"Veja todas as not\u00edcias sobre o Flamengo: Contrata\u00e7\u00f5es, categorias de base, resultados das partidas, tabela de classifica\u00e7\u00e3o, pr\u00f3ximos jogos!\",\"potentialAction\":[{\"@type\":\"SearchAction\",\"target\":{\"@type\":\"EntryPoint\",\"urlTemplate\":\"https:\/\/www.gaveanews.com\/?s={search_term_string}\"},\"query-input\":{\"@type\":\"PropertyValueSpecification\",\"valueRequired\":true,\"valueName\":\"search_term_string\"}}],\"inLanguage\":\"pt-BR\"},{\"@type\":\"Person\",\"@id\":\"https:\/\/www.gaveanews.com\/#\/schema\/person\/daf63eec72e1164eb13dc35096c2b8da\",\"name\":\"Paula Silva\",\"image\":{\"@type\":\"ImageObject\",\"inLanguage\":\"pt-BR\",\"@id\":\"https:\/\/www.gaveanews.com\/#\/schema\/person\/image\/\",\"url\":\"https:\/\/secure.gravatar.com\/avatar\/eda381c845527cc5d64c13b901833cda29d97500ba040d3e6461f76f51d163bb?s=96&d=mm&r=g\",\"contentUrl\":\"https:\/\/secure.gravatar.com\/avatar\/eda381c845527cc5d64c13b901833cda29d97500ba040d3e6461f76f51d163bb?s=96&d=mm&r=g\",\"caption\":\"Paula Silva\"}}]}<\/script>\n<!-- \/ Yoast SEO Premium plugin. -->","yoast_head_json":{"title":"Vitor Roque, do Palmeiras, atuava em outra posi\u00e7\u00e3o no in\u00edcio da carreira; entenda","robots":{"index":"index","follow":"follow","max-snippet":"max-snippet:-1","max-image-preview":"max-image-preview:large","max-video-preview":"max-video-preview:-1"},"canonical":"https:\/\/www.gaveanews.com\/index.php\/2025\/05\/14\/vitor-roque-do-palmeiras-atuava-em-outra-posicao-no-inicio-da-carreira-entenda\/","og_locale":"pt_BR","og_type":"article","og_title":"Vitor Roque, do Palmeiras, atuava em outra posi\u00e7\u00e3o no in\u00edcio da carreira; entenda","og_description":"Sandro Duarte, ex-meio-campista campe\u00e3o pelo Cruzeiro em 2003, segue envolvido com o futebol mesmo ap\u00f3s a aposentadoria. Trabalhando como agente e treinador, ele foi um dos respons\u00e1veis por identificar e impulsionar a carreira de Vitor Roque. A descoberta ocorreu quando Roque, ainda atuando como volante, chamou aten\u00e7\u00e3o em uma escolinha de futebol em Belo Horizonte. [&hellip;]","og_url":"https:\/\/www.gaveanews.com\/index.php\/2025\/05\/14\/vitor-roque-do-palmeiras-atuava-em-outra-posicao-no-inicio-da-carreira-entenda\/","og_site_name":"G\u00e1vea News","article_publisher":"https:\/\/facebook.com\/gaveaNews\/","article_published_time":"2025-05-15T00:40:00+00:00","og_image":[{"width":850,"height":585,"url":"https:\/\/www.gaveanews.com\/wp-content\/uploads\/Vitor-Roque-pelo-Palmeiras.webp","type":"image\/jpeg"}],"author":"Paula Silva","twitter_card":"summary_large_image","twitter_misc":{"Escrito por":"Paula Silva","Est. tempo de leitura":"3 minutos"},"schema":{"@context":"https:\/\/schema.org","@graph":[{"@type":"NewsArticle","@id":"https:\/\/www.gaveanews.com\/index.php\/2025\/05\/14\/vitor-roque-do-palmeiras-atuava-em-outra-posicao-no-inicio-da-carreira-entenda\/#article","isPartOf":{"@id":"https:\/\/www.gaveanews.com\/index.php\/2025\/05\/14\/vitor-roque-do-palmeiras-atuava-em-outra-posicao-no-inicio-da-carreira-entenda\/"},"author":{"name":"Paula Silva","@id":"https:\/\/www.gaveanews.com\/#\/schema\/person\/daf63eec72e1164eb13dc35096c2b8da"},"headline":"Vitor Roque, do Palmeiras, atuava em outra posi\u00e7\u00e3o no in\u00edcio da carreira; entenda","datePublished":"2025-05-15T00:40:00+00:00","mainEntityOfPage":{"@id":"https:\/\/www.gaveanews.com\/index.php\/2025\/05\/14\/vitor-roque-do-palmeiras-atuava-em-outra-posicao-no-inicio-da-carreira-entenda\/"},"wordCount":374,"commentCount":0,"image":{"@id":"https:\/\/www.gaveanews.com\/index.php\/2025\/05\/14\/vitor-roque-do-palmeiras-atuava-em-outra-posicao-no-inicio-da-carreira-entenda\/#primaryimage"},"thumbnailUrl":"https:\/\/www.gaveanews.com\/wp-content\/uploads\/Vitor-Roque-pelo-Palmeiras.webp","articleSection":["Palmeiras"],"inLanguage":"pt-BR","potentialAction":[{"@type":"CommentAction","name":"Comment","target":["https:\/\/www.gaveanews.com\/index.php\/2025\/05\/14\/vitor-roque-do-palmeiras-atuava-em-outra-posicao-no-inicio-da-carreira-entenda\/#respond"]}],"copyrightYear":"2025","copyrightHolder":{"@id":"https:\/\/www.gaveanews.com\/#organization"}},{"@type":"WebPage","@id":"https:\/\/www.gaveanews.com\/index.php\/2025\/05\/14\/vitor-roque-do-palmeiras-atuava-em-outra-posicao-no-inicio-da-carreira-entenda\/","url":"https:\/\/www.gaveanews.com\/index.php\/2025\/05\/14\/vitor-roque-do-palmeiras-atuava-em-outra-posicao-no-inicio-da-carreira-entenda\/","name":"Vitor Roque, do Palmeiras, atuava em outra posi\u00e7\u00e3o no in\u00edcio da carreira; entenda","isPartOf":{"@id":"https:\/\/www.gaveanews.com\/#website"},"primaryImageOfPage":{"@id":"https:\/\/www.gaveanews.com\/index.php\/2025\/05\/14\/vitor-roque-do-palmeiras-atuava-em-outra-posicao-no-inicio-da-carreira-entenda\/#primaryimage"},"image":{"@id":"https:\/\/www.gaveanews.com\/index.php\/2025\/05\/14\/vitor-roque-do-palmeiras-atuava-em-outra-posicao-no-inicio-da-carreira-entenda\/#primaryimage"},"thumbnailUrl":"https:\/\/www.gaveanews.com\/wp-content\/uploads\/Vitor-Roque-pelo-Palmeiras.webp","datePublished":"2025-05-15T00:40:00+00:00","author":{"@id":"https:\/\/www.gaveanews.com\/#\/schema\/person\/daf63eec72e1164eb13dc35096c2b8da"},"breadcrumb":{"@id":"https:\/\/www.gaveanews.com\/index.php\/2025\/05\/14\/vitor-roque-do-palmeiras-atuava-em-outra-posicao-no-inicio-da-carreira-entenda\/#breadcrumb"},"inLanguage":"pt-BR","potentialAction":[{"@type":"ReadAction","target":["https:\/\/www.gaveanews.com\/index.php\/2025\/05\/14\/vitor-roque-do-palmeiras-atuava-em-outra-posicao-no-inicio-da-carreira-entenda\/"]}]},{"@type":"ImageObject","inLanguage":"pt-BR","@id":"https:\/\/www.gaveanews.com\/index.php\/2025\/05\/14\/vitor-roque-do-palmeiras-atuava-em-outra-posicao-no-inicio-da-carreira-entenda\/#primaryimage","url":"https:\/\/www.gaveanews.com\/wp-content\/uploads\/Vitor-Roque-pelo-Palmeiras.webp","contentUrl":"https:\/\/www.gaveanews.com\/wp-content\/uploads\/Vitor-Roque-pelo-Palmeiras.webp","width":850,"height":585,"caption":"Vitor Roque pelo Palmeiras (Foto: Cesar Greco\/Palmeiras)"},{"@type":"BreadcrumbList","@id":"https:\/\/www.gaveanews.com\/index.php\/2025\/05\/14\/vitor-roque-do-palmeiras-atuava-em-outra-posicao-no-inicio-da-carreira-entenda\/#breadcrumb","itemListElement":[{"@type":"ListItem","position":1,"name":"Home","item":"https:\/\/www.gaveanews.com\/"},{"@type":"ListItem","position":2,"name":"Vitor Roque, do Palmeiras, atuava em outra posi\u00e7\u00e3o no in\u00edcio da carreira; entenda"}]},{"@type":"WebSite","@id":"https:\/\/www.gaveanews.com\/#website","url":"https:\/\/www.gaveanews.com\/","name":"G\u00e1vea News","description":"Veja todas as not\u00edcias sobre o Flamengo: Contrata\u00e7\u00f5es, categorias de base, resultados das partidas, tabela de classifica\u00e7\u00e3o, pr\u00f3ximos jogos!","potentialAction":[{"@type":"SearchAction","target":{"@type":"EntryPoint","urlTemplate":"https:\/\/www.gaveanews.com\/?s={search_term_string}"},"query-input":{"@type":"PropertyValueSpecification","valueRequired":true,"valueName":"search_term_string"}}],"inLanguage":"pt-BR"},{"@type":"Person","@id":"https:\/\/www.gaveanews.com\/#\/schema\/person\/daf63eec72e1164eb13dc35096c2b8da","name":"Paula Silva","image":{"@type":"ImageObject","inLanguage":"pt-BR","@id":"https:\/\/www.gaveanews.com\/#\/schema\/person\/image\/","url":"https:\/\/secure.gravatar.com\/avatar\/eda381c845527cc5d64c13b901833cda29d97500ba040d3e6461f76f51d163bb?s=96&d=mm&r=g","contentUrl":"https:\/\/secure.gravatar.com\/avatar\/eda381c845527cc5d64c13b901833cda29d97500ba040d3e6461f76f51d163bb?s=96&d=mm&r=g","caption":"Paula Silva"}}]}},"_links":{"self":[{"href":"https:\/\/www.gaveanews.com\/index.php\/wp-json\/wp\/v2\/posts\/263824","targetHints":{"allow":["GET"]}}],"collection":[{"href":"https:\/\/www.gaveanews.com\/index.php\/wp-json\/wp\/v2\/posts"}],"about":[{"href":"https:\/\/www.gaveanews.com\/index.php\/wp-json\/wp\/v2\/types\/post"}],"author":[{"embeddable":true,"href":"https:\/\/www.gaveanews.com\/index.php\/wp-json\/wp\/v2\/users\/18"}],"replies":[{"embeddable":true,"href":"https:\/\/www.gaveanews.com\/index.php\/wp-json\/wp\/v2\/comments?post=263824"}],"version-history":[{"count":1,"href":"https:\/\/www.gaveanews.com\/index.php\/wp-json\/wp\/v2\/posts\/263824\/revisions"}],"predecessor-version":[{"id":263828,"href":"https:\/\/www.gaveanews.com\/index.php\/wp-json\/wp\/v2\/posts\/263824\/revisions\/263828"}],"wp:featuredmedia":[{"embeddable":true,"href":"https:\/\/www.gaveanews.com\/index.php\/wp-json\/wp\/v2\/media\/236329"}],"wp:attachment":[{"href":"https:\/\/www.gaveanews.com\/index.php\/wp-json\/wp\/v2\/media?parent=263824"}],"wp:term":[{"taxonomy":"category","embeddable":true,"href":"https:\/\/www.gaveanews.com\/index.php\/wp-json\/wp\/v2\/categories?post=263824"},{"taxonomy":"post_tag","embeddable":true,"href":"https:\/\/www.gaveanews.com\/index.php\/wp-json\/wp\/v2\/tags?post=263824"}],"curies":[{"name":"wp","href":"https:\/\/api.w.org\/{rel}","templated":true}]}}