{"id":263826,"date":"2025-05-14T21:45:00","date_gmt":"2025-05-15T00:45:00","guid":{"rendered":"https:\/\/www.gaveanews.com\/?p=263826"},"modified":"2025-05-14T19:29:35","modified_gmt":"2025-05-14T22:29:35","slug":"a-declaracao-de-vojvoda-sobre-empate-do-fortaleza-na-libertadores","status":"publish","type":"post","link":"https:\/\/www.gaveanews.com\/index.php\/2025\/05\/14\/a-declaracao-de-vojvoda-sobre-empate-do-fortaleza-na-libertadores\/","title":{"rendered":"A declara\u00e7\u00e3o de Vojvoda sobre empate do Fortaleza na Libertadores"},"content":{"rendered":"\n<p>O t\u00e9cnico Juan Pablo Vojvoda analisou o empate sem gols do Fortaleza diante do Atl\u00e9tico Bucaramanga, na noite de ter\u00e7a-feira (13), pela quinta rodada da Copa Libertadores. A partida foi disputada na Arena Castel\u00e3o e, apesar do dom\u00ednio territorial do time brasileiro no segundo tempo, o placar terminou inalterado, frustrando as expectativas dos torcedores presentes.<\/p>\n\n\n\n<p>Vojvoda reconheceu o equil\u00edbrio da partida nos primeiros 45 minutos. Segundo ele, ambas as equipes tentaram controlar a posse de bola, o que gerou um confronto travado no meio-campo. \u201cAcho que foi uma partida muito equilibrada no primeiro tempo. Os dois times pretendiam ter o controle de bola, mas foi muito disputada\u201d, afirmou o treinador, que tamb\u00e9m destacou uma chance clara criada por Breno ainda na etapa inicial.<\/p>\n\n\n\n<p>No segundo tempo, o Fortaleza intensificou a press\u00e3o ofensiva. Conforme a avalia\u00e7\u00e3o do t\u00e9cnico, a equipe atuou predominantemente no campo de ataque e conseguiu criar quatro ou cinco oportunidades claras de gol. Entretanto, a falta de precis\u00e3o nas finaliza\u00e7\u00f5es e o azar impediram que o time abrisse o marcador. \u201cControlamos o jogo com bola, jogamos praticamente no campo advers\u00e1rio&#8230; Faltou efetividade e um pouco tamb\u00e9m de sorte\u201d, completou Vojvoda.<\/p>\n\n\n\n<p>Com o empate, o Fortaleza chegou aos oito pontos e segue na lideran\u00e7a do Grupo E. A equipe est\u00e1 \u00e0 frente do Racing, seu principal concorrente pela classifica\u00e7\u00e3o \u00e0s oitavas de final. Para garantir a vaga sem depender de outros resultados, o Tricolor precisa vencer o clube argentino na \u00faltima rodada da fase de grupos.<\/p>\n\n\n\n<p>Antes de definir sua situa\u00e7\u00e3o na Libertadores, o Fortaleza tem compromisso pelo Campeonato Brasileiro. No pr\u00f3ximo s\u00e1bado (17), o time volta a campo para enfrentar o Vasco, novamente na Arena Castel\u00e3o, \u00e0s 21 horas (hor\u00e1rio de Bras\u00edlia).<\/p>\n\n\n\n<p>Ali\u00e1s, a igualdade diante dos colombianos deixou claro que, embora o Fortaleza tenha evolu\u00eddo em termos de volume ofensivo, ainda enfrenta obst\u00e1culos para converter essa superioridade em gols. A busca por efici\u00eancia ser\u00e1 determinante para o planejamento da equipe nas pr\u00f3ximas partidas da temporada.<\/p>\n","protected":false},"excerpt":{"rendered":"<p>O t\u00e9cnico Juan Pablo Vojvoda analisou o empate sem gols do Fortaleza diante do Atl\u00e9tico Bucaramanga, na noite de ter\u00e7a-feira (13), pela quinta rodada da Copa Libertadores. A partida foi disputada na Arena Castel\u00e3o e, apesar do dom\u00ednio territorial do time brasileiro no segundo tempo, o placar terminou inalterado, frustrando as expectativas dos torcedores presentes. [&hellip;]<\/p>\n","protected":false},"author":18,"featured_media":261719,"comment_status":"open","ping_status":"closed","sticky":false,"template":"","format":"standard","meta":{"footnotes":""},"categories":[146],"tags":[],"class_list":["post-263826","post","type-post","status-publish","format-standard","has-post-thumbnail","hentry","category-fortaleza"],"yoast_head":"<!-- This site is optimized with the Yoast SEO Premium plugin v24.2 (Yoast SEO v26.9) - https:\/\/yoast.com\/product\/yoast-seo-premium-wordpress\/ -->\n<title>A declara\u00e7\u00e3o de Vojvoda sobre empate do Fortaleza na Libertadores<\/title>\n<meta name=\"robots\" content=\"index, follow, max-snippet:-1, max-image-preview:large, max-video-preview:-1\" \/>\n<link rel=\"canonical\" href=\"https:\/\/www.gaveanews.com\/index.php\/2025\/05\/14\/a-declaracao-de-vojvoda-sobre-empate-do-fortaleza-na-libertadores\/\" \/>\n<meta property=\"og:locale\" content=\"pt_BR\" \/>\n<meta property=\"og:type\" content=\"article\" \/>\n<meta property=\"og:title\" content=\"A declara\u00e7\u00e3o de Vojvoda sobre empate do Fortaleza na Libertadores\" \/>\n<meta property=\"og:description\" content=\"O t\u00e9cnico Juan Pablo Vojvoda analisou o empate sem gols do Fortaleza diante do Atl\u00e9tico Bucaramanga, na noite de ter\u00e7a-feira (13), pela quinta rodada da Copa Libertadores. A partida foi disputada na Arena Castel\u00e3o e, apesar do dom\u00ednio territorial do time brasileiro no segundo tempo, o placar terminou inalterado, frustrando as expectativas dos torcedores presentes. [&hellip;]\" \/>\n<meta property=\"og:url\" content=\"https:\/\/www.gaveanews.com\/index.php\/2025\/05\/14\/a-declaracao-de-vojvoda-sobre-empate-do-fortaleza-na-libertadores\/\" \/>\n<meta property=\"og:site_name\" content=\"G\u00e1vea News\" \/>\n<meta property=\"article:publisher\" content=\"https:\/\/facebook.com\/gaveaNews\/\" \/>\n<meta property=\"article:published_time\" content=\"2025-05-15T00:45:00+00:00\" \/>\n<meta property=\"og:image\" content=\"https:\/\/www.gaveanews.com\/wp-content\/uploads\/Vojvoda-pelo-Fortaleza.webp\" \/>\n\t<meta property=\"og:image:width\" content=\"1200\" \/>\n\t<meta property=\"og:image:height\" content=\"900\" \/>\n\t<meta property=\"og:image:type\" content=\"image\/webp\" \/>\n<meta name=\"author\" content=\"Paula Silva\" \/>\n<meta name=\"twitter:card\" content=\"summary_large_image\" \/>\n<meta name=\"twitter:label1\" content=\"Escrito por\" \/>\n\t<meta name=\"twitter:data1\" content=\"Paula Silva\" \/>\n\t<meta name=\"twitter:label2\" content=\"Est. tempo de leitura\" \/>\n\t<meta name=\"twitter:data2\" content=\"3 minutos\" \/>\n<script type=\"application\/ld+json\" class=\"yoast-schema-graph\">{\"@context\":\"https:\/\/schema.org\",\"@graph\":[{\"@type\":\"NewsArticle\",\"@id\":\"https:\/\/www.gaveanews.com\/index.php\/2025\/05\/14\/a-declaracao-de-vojvoda-sobre-empate-do-fortaleza-na-libertadores\/#article\",\"isPartOf\":{\"@id\":\"https:\/\/www.gaveanews.com\/index.php\/2025\/05\/14\/a-declaracao-de-vojvoda-sobre-empate-do-fortaleza-na-libertadores\/\"},\"author\":{\"name\":\"Paula Silva\",\"@id\":\"https:\/\/www.gaveanews.com\/#\/schema\/person\/daf63eec72e1164eb13dc35096c2b8da\"},\"headline\":\"A declara\u00e7\u00e3o de Vojvoda sobre empate do Fortaleza na Libertadores\",\"datePublished\":\"2025-05-15T00:45:00+00:00\",\"mainEntityOfPage\":{\"@id\":\"https:\/\/www.gaveanews.com\/index.php\/2025\/05\/14\/a-declaracao-de-vojvoda-sobre-empate-do-fortaleza-na-libertadores\/\"},\"wordCount\":361,\"commentCount\":0,\"image\":{\"@id\":\"https:\/\/www.gaveanews.com\/index.php\/2025\/05\/14\/a-declaracao-de-vojvoda-sobre-empate-do-fortaleza-na-libertadores\/#primaryimage\"},\"thumbnailUrl\":\"https:\/\/www.gaveanews.com\/wp-content\/uploads\/Vojvoda-pelo-Fortaleza.webp\",\"articleSection\":[\"Fortaleza\"],\"inLanguage\":\"pt-BR\",\"potentialAction\":[{\"@type\":\"CommentAction\",\"name\":\"Comment\",\"target\":[\"https:\/\/www.gaveanews.com\/index.php\/2025\/05\/14\/a-declaracao-de-vojvoda-sobre-empate-do-fortaleza-na-libertadores\/#respond\"]}],\"copyrightYear\":\"2025\",\"copyrightHolder\":{\"@id\":\"https:\/\/www.gaveanews.com\/#organization\"}},{\"@type\":\"WebPage\",\"@id\":\"https:\/\/www.gaveanews.com\/index.php\/2025\/05\/14\/a-declaracao-de-vojvoda-sobre-empate-do-fortaleza-na-libertadores\/\",\"url\":\"https:\/\/www.gaveanews.com\/index.php\/2025\/05\/14\/a-declaracao-de-vojvoda-sobre-empate-do-fortaleza-na-libertadores\/\",\"name\":\"A declara\u00e7\u00e3o de Vojvoda sobre empate do Fortaleza na Libertadores\",\"isPartOf\":{\"@id\":\"https:\/\/www.gaveanews.com\/#website\"},\"primaryImageOfPage\":{\"@id\":\"https:\/\/www.gaveanews.com\/index.php\/2025\/05\/14\/a-declaracao-de-vojvoda-sobre-empate-do-fortaleza-na-libertadores\/#primaryimage\"},\"image\":{\"@id\":\"https:\/\/www.gaveanews.com\/index.php\/2025\/05\/14\/a-declaracao-de-vojvoda-sobre-empate-do-fortaleza-na-libertadores\/#primaryimage\"},\"thumbnailUrl\":\"https:\/\/www.gaveanews.com\/wp-content\/uploads\/Vojvoda-pelo-Fortaleza.webp\",\"datePublished\":\"2025-05-15T00:45:00+00:00\",\"author\":{\"@id\":\"https:\/\/www.gaveanews.com\/#\/schema\/person\/daf63eec72e1164eb13dc35096c2b8da\"},\"breadcrumb\":{\"@id\":\"https:\/\/www.gaveanews.com\/index.php\/2025\/05\/14\/a-declaracao-de-vojvoda-sobre-empate-do-fortaleza-na-libertadores\/#breadcrumb\"},\"inLanguage\":\"pt-BR\",\"potentialAction\":[{\"@type\":\"ReadAction\",\"target\":[\"https:\/\/www.gaveanews.com\/index.php\/2025\/05\/14\/a-declaracao-de-vojvoda-sobre-empate-do-fortaleza-na-libertadores\/\"]}]},{\"@type\":\"ImageObject\",\"inLanguage\":\"pt-BR\",\"@id\":\"https:\/\/www.gaveanews.com\/index.php\/2025\/05\/14\/a-declaracao-de-vojvoda-sobre-empate-do-fortaleza-na-libertadores\/#primaryimage\",\"url\":\"https:\/\/www.gaveanews.com\/wp-content\/uploads\/Vojvoda-pelo-Fortaleza.webp\",\"contentUrl\":\"https:\/\/www.gaveanews.com\/wp-content\/uploads\/Vojvoda-pelo-Fortaleza.webp\",\"width\":1200,\"height\":900,\"caption\":\"Vojvoda pelo Fortaleza (Foto: Mateus Lotif\/FEC)\"},{\"@type\":\"BreadcrumbList\",\"@id\":\"https:\/\/www.gaveanews.com\/index.php\/2025\/05\/14\/a-declaracao-de-vojvoda-sobre-empate-do-fortaleza-na-libertadores\/#breadcrumb\",\"itemListElement\":[{\"@type\":\"ListItem\",\"position\":1,\"name\":\"Home\",\"item\":\"https:\/\/www.gaveanews.com\/\"},{\"@type\":\"ListItem\",\"position\":2,\"name\":\"A declara\u00e7\u00e3o de Vojvoda sobre empate do Fortaleza na Libertadores\"}]},{\"@type\":\"WebSite\",\"@id\":\"https:\/\/www.gaveanews.com\/#website\",\"url\":\"https:\/\/www.gaveanews.com\/\",\"name\":\"G\u00e1vea News\",\"description\":\"Veja todas as not\u00edcias sobre o Flamengo: Contrata\u00e7\u00f5es, categorias de base, resultados das partidas, tabela de classifica\u00e7\u00e3o, pr\u00f3ximos jogos!\",\"potentialAction\":[{\"@type\":\"SearchAction\",\"target\":{\"@type\":\"EntryPoint\",\"urlTemplate\":\"https:\/\/www.gaveanews.com\/?s={search_term_string}\"},\"query-input\":{\"@type\":\"PropertyValueSpecification\",\"valueRequired\":true,\"valueName\":\"search_term_string\"}}],\"inLanguage\":\"pt-BR\"},{\"@type\":\"Person\",\"@id\":\"https:\/\/www.gaveanews.com\/#\/schema\/person\/daf63eec72e1164eb13dc35096c2b8da\",\"name\":\"Paula Silva\",\"image\":{\"@type\":\"ImageObject\",\"inLanguage\":\"pt-BR\",\"@id\":\"https:\/\/www.gaveanews.com\/#\/schema\/person\/image\/\",\"url\":\"https:\/\/secure.gravatar.com\/avatar\/eda381c845527cc5d64c13b901833cda29d97500ba040d3e6461f76f51d163bb?s=96&d=mm&r=g\",\"contentUrl\":\"https:\/\/secure.gravatar.com\/avatar\/eda381c845527cc5d64c13b901833cda29d97500ba040d3e6461f76f51d163bb?s=96&d=mm&r=g\",\"caption\":\"Paula Silva\"}}]}<\/script>\n<!-- \/ Yoast SEO Premium plugin. -->","yoast_head_json":{"title":"A declara\u00e7\u00e3o de Vojvoda sobre empate do Fortaleza na Libertadores","robots":{"index":"index","follow":"follow","max-snippet":"max-snippet:-1","max-image-preview":"max-image-preview:large","max-video-preview":"max-video-preview:-1"},"canonical":"https:\/\/www.gaveanews.com\/index.php\/2025\/05\/14\/a-declaracao-de-vojvoda-sobre-empate-do-fortaleza-na-libertadores\/","og_locale":"pt_BR","og_type":"article","og_title":"A declara\u00e7\u00e3o de Vojvoda sobre empate do Fortaleza na Libertadores","og_description":"O t\u00e9cnico Juan Pablo Vojvoda analisou o empate sem gols do Fortaleza diante do Atl\u00e9tico Bucaramanga, na noite de ter\u00e7a-feira (13), pela quinta rodada da Copa Libertadores. A partida foi disputada na Arena Castel\u00e3o e, apesar do dom\u00ednio territorial do time brasileiro no segundo tempo, o placar terminou inalterado, frustrando as expectativas dos torcedores presentes. [&hellip;]","og_url":"https:\/\/www.gaveanews.com\/index.php\/2025\/05\/14\/a-declaracao-de-vojvoda-sobre-empate-do-fortaleza-na-libertadores\/","og_site_name":"G\u00e1vea News","article_publisher":"https:\/\/facebook.com\/gaveaNews\/","article_published_time":"2025-05-15T00:45:00+00:00","og_image":[{"width":1200,"height":900,"url":"https:\/\/www.gaveanews.com\/wp-content\/uploads\/Vojvoda-pelo-Fortaleza.webp","type":"image\/webp"}],"author":"Paula Silva","twitter_card":"summary_large_image","twitter_misc":{"Escrito por":"Paula Silva","Est. tempo de leitura":"3 minutos"},"schema":{"@context":"https:\/\/schema.org","@graph":[{"@type":"NewsArticle","@id":"https:\/\/www.gaveanews.com\/index.php\/2025\/05\/14\/a-declaracao-de-vojvoda-sobre-empate-do-fortaleza-na-libertadores\/#article","isPartOf":{"@id":"https:\/\/www.gaveanews.com\/index.php\/2025\/05\/14\/a-declaracao-de-vojvoda-sobre-empate-do-fortaleza-na-libertadores\/"},"author":{"name":"Paula Silva","@id":"https:\/\/www.gaveanews.com\/#\/schema\/person\/daf63eec72e1164eb13dc35096c2b8da"},"headline":"A declara\u00e7\u00e3o de Vojvoda sobre empate do Fortaleza na Libertadores","datePublished":"2025-05-15T00:45:00+00:00","mainEntityOfPage":{"@id":"https:\/\/www.gaveanews.com\/index.php\/2025\/05\/14\/a-declaracao-de-vojvoda-sobre-empate-do-fortaleza-na-libertadores\/"},"wordCount":361,"commentCount":0,"image":{"@id":"https:\/\/www.gaveanews.com\/index.php\/2025\/05\/14\/a-declaracao-de-vojvoda-sobre-empate-do-fortaleza-na-libertadores\/#primaryimage"},"thumbnailUrl":"https:\/\/www.gaveanews.com\/wp-content\/uploads\/Vojvoda-pelo-Fortaleza.webp","articleSection":["Fortaleza"],"inLanguage":"pt-BR","potentialAction":[{"@type":"CommentAction","name":"Comment","target":["https:\/\/www.gaveanews.com\/index.php\/2025\/05\/14\/a-declaracao-de-vojvoda-sobre-empate-do-fortaleza-na-libertadores\/#respond"]}],"copyrightYear":"2025","copyrightHolder":{"@id":"https:\/\/www.gaveanews.com\/#organization"}},{"@type":"WebPage","@id":"https:\/\/www.gaveanews.com\/index.php\/2025\/05\/14\/a-declaracao-de-vojvoda-sobre-empate-do-fortaleza-na-libertadores\/","url":"https:\/\/www.gaveanews.com\/index.php\/2025\/05\/14\/a-declaracao-de-vojvoda-sobre-empate-do-fortaleza-na-libertadores\/","name":"A declara\u00e7\u00e3o de Vojvoda sobre empate do Fortaleza na Libertadores","isPartOf":{"@id":"https:\/\/www.gaveanews.com\/#website"},"primaryImageOfPage":{"@id":"https:\/\/www.gaveanews.com\/index.php\/2025\/05\/14\/a-declaracao-de-vojvoda-sobre-empate-do-fortaleza-na-libertadores\/#primaryimage"},"image":{"@id":"https:\/\/www.gaveanews.com\/index.php\/2025\/05\/14\/a-declaracao-de-vojvoda-sobre-empate-do-fortaleza-na-libertadores\/#primaryimage"},"thumbnailUrl":"https:\/\/www.gaveanews.com\/wp-content\/uploads\/Vojvoda-pelo-Fortaleza.webp","datePublished":"2025-05-15T00:45:00+00:00","author":{"@id":"https:\/\/www.gaveanews.com\/#\/schema\/person\/daf63eec72e1164eb13dc35096c2b8da"},"breadcrumb":{"@id":"https:\/\/www.gaveanews.com\/index.php\/2025\/05\/14\/a-declaracao-de-vojvoda-sobre-empate-do-fortaleza-na-libertadores\/#breadcrumb"},"inLanguage":"pt-BR","potentialAction":[{"@type":"ReadAction","target":["https:\/\/www.gaveanews.com\/index.php\/2025\/05\/14\/a-declaracao-de-vojvoda-sobre-empate-do-fortaleza-na-libertadores\/"]}]},{"@type":"ImageObject","inLanguage":"pt-BR","@id":"https:\/\/www.gaveanews.com\/index.php\/2025\/05\/14\/a-declaracao-de-vojvoda-sobre-empate-do-fortaleza-na-libertadores\/#primaryimage","url":"https:\/\/www.gaveanews.com\/wp-content\/uploads\/Vojvoda-pelo-Fortaleza.webp","contentUrl":"https:\/\/www.gaveanews.com\/wp-content\/uploads\/Vojvoda-pelo-Fortaleza.webp","width":1200,"height":900,"caption":"Vojvoda pelo Fortaleza (Foto: Mateus Lotif\/FEC)"},{"@type":"BreadcrumbList","@id":"https:\/\/www.gaveanews.com\/index.php\/2025\/05\/14\/a-declaracao-de-vojvoda-sobre-empate-do-fortaleza-na-libertadores\/#breadcrumb","itemListElement":[{"@type":"ListItem","position":1,"name":"Home","item":"https:\/\/www.gaveanews.com\/"},{"@type":"ListItem","position":2,"name":"A declara\u00e7\u00e3o de Vojvoda sobre empate do Fortaleza na Libertadores"}]},{"@type":"WebSite","@id":"https:\/\/www.gaveanews.com\/#website","url":"https:\/\/www.gaveanews.com\/","name":"G\u00e1vea News","description":"Veja todas as not\u00edcias sobre o Flamengo: Contrata\u00e7\u00f5es, categorias de base, resultados das partidas, tabela de classifica\u00e7\u00e3o, pr\u00f3ximos jogos!","potentialAction":[{"@type":"SearchAction","target":{"@type":"EntryPoint","urlTemplate":"https:\/\/www.gaveanews.com\/?s={search_term_string}"},"query-input":{"@type":"PropertyValueSpecification","valueRequired":true,"valueName":"search_term_string"}}],"inLanguage":"pt-BR"},{"@type":"Person","@id":"https:\/\/www.gaveanews.com\/#\/schema\/person\/daf63eec72e1164eb13dc35096c2b8da","name":"Paula Silva","image":{"@type":"ImageObject","inLanguage":"pt-BR","@id":"https:\/\/www.gaveanews.com\/#\/schema\/person\/image\/","url":"https:\/\/secure.gravatar.com\/avatar\/eda381c845527cc5d64c13b901833cda29d97500ba040d3e6461f76f51d163bb?s=96&d=mm&r=g","contentUrl":"https:\/\/secure.gravatar.com\/avatar\/eda381c845527cc5d64c13b901833cda29d97500ba040d3e6461f76f51d163bb?s=96&d=mm&r=g","caption":"Paula Silva"}}]}},"_links":{"self":[{"href":"https:\/\/www.gaveanews.com\/index.php\/wp-json\/wp\/v2\/posts\/263826","targetHints":{"allow":["GET"]}}],"collection":[{"href":"https:\/\/www.gaveanews.com\/index.php\/wp-json\/wp\/v2\/posts"}],"about":[{"href":"https:\/\/www.gaveanews.com\/index.php\/wp-json\/wp\/v2\/types\/post"}],"author":[{"embeddable":true,"href":"https:\/\/www.gaveanews.com\/index.php\/wp-json\/wp\/v2\/users\/18"}],"replies":[{"embeddable":true,"href":"https:\/\/www.gaveanews.com\/index.php\/wp-json\/wp\/v2\/comments?post=263826"}],"version-history":[{"count":1,"href":"https:\/\/www.gaveanews.com\/index.php\/wp-json\/wp\/v2\/posts\/263826\/revisions"}],"predecessor-version":[{"id":263829,"href":"https:\/\/www.gaveanews.com\/index.php\/wp-json\/wp\/v2\/posts\/263826\/revisions\/263829"}],"wp:featuredmedia":[{"embeddable":true,"href":"https:\/\/www.gaveanews.com\/index.php\/wp-json\/wp\/v2\/media\/261719"}],"wp:attachment":[{"href":"https:\/\/www.gaveanews.com\/index.php\/wp-json\/wp\/v2\/media?parent=263826"}],"wp:term":[{"taxonomy":"category","embeddable":true,"href":"https:\/\/www.gaveanews.com\/index.php\/wp-json\/wp\/v2\/categories?post=263826"},{"taxonomy":"post_tag","embeddable":true,"href":"https:\/\/www.gaveanews.com\/index.php\/wp-json\/wp\/v2\/tags?post=263826"}],"curies":[{"name":"wp","href":"https:\/\/api.w.org\/{rel}","templated":true}]}}