{"id":263830,"date":"2025-05-14T21:50:00","date_gmt":"2025-05-15T00:50:00","guid":{"rendered":"https:\/\/www.gaveanews.com\/?p=263830"},"modified":"2025-05-14T19:35:25","modified_gmt":"2025-05-14T22:35:25","slug":"a-declaracao-de-lucas-silva-do-cruzeiro-sobre-ancelotti-na-selecao","status":"publish","type":"post","link":"https:\/\/www.gaveanews.com\/index.php\/2025\/05\/14\/a-declaracao-de-lucas-silva-do-cruzeiro-sobre-ancelotti-na-selecao\/","title":{"rendered":"A declara\u00e7\u00e3o de Lucas Silva, do Cruzeiro, sobre Ancelotti na Sele\u00e7\u00e3o"},"content":{"rendered":"\n<p>O volante Lucas Silva, atualmente no Cruzeiro, destacou a import\u00e2ncia de Carlo Ancelotti no in\u00edcio de sua trajet\u00f3ria no futebol europeu. Segundo o jogador, o treinador italiano teve papel fundamental durante sua passagem pelo Real Madrid em 2015, oferecendo n\u00e3o apenas respaldo t\u00e9cnico, mas tamb\u00e9m humano. \u201cMuito paiz\u00e3o, abra\u00e7a, d\u00e1 muita confian\u00e7a aos jogadores\u201d, afirmou o meio-campista.<\/p>\n\n\n\n<p>Ancelotti, que assumir\u00e1 a sele\u00e7\u00e3o brasileira ao fim deste m\u00eas, \u00e9 reconhecido por seu trato pr\u00f3ximo com os atletas, o que, conforme Lucas, ser\u00e1 um diferencial importante no novo desafio do treinador. Ainda de acordo com o jogador, o italiano tem facilidade de comunica\u00e7\u00e3o com brasileiros, dominando o espanhol e algumas palavras em portugu\u00eas, o que facilita o relacionamento dentro do grupo.<\/p>\n\n\n\n<p>Lucas Silva foi negociado com o Real Madrid no in\u00edcio de 2015, ap\u00f3s se destacar no bicampeonato brasileiro de 2013 e 2014 pelo Cruzeiro. A transa\u00e7\u00e3o foi conclu\u00edda por 15 milh\u00f5es de euros. Na equipe espanhola, o brasileiro encontrou forte concorr\u00eancia no meio de campo, disputando espa\u00e7o com nomes como Khedira, Toni Kroos, Luka Modric e Xabi Alonso.<\/p>\n\n\n\n<p>Apesar das dificuldades, Lucas chegou a ser titular em sete partidas consecutivas. Contudo, perdeu espa\u00e7o ao longo da temporada e, posteriormente, foi emprestado ao Olympique de Marselha, onde atuou em 33 partidas. Em seguida, um novo empr\u00e9stimo ao Sporting foi frustrado por conta de uma altera\u00e7\u00e3o card\u00edaca identificada nos exames m\u00e9dicos.<\/p>\n\n\n\n<p>O retorno ao Brasil ocorreu no ano seguinte, quando voltou ao Cruzeiro e permaneceu at\u00e9 2019. Nesse per\u00edodo, contribuiu para as conquistas da Copa do Brasil e do Campeonato Mineiro. Depois, seguiu para o Gr\u00eamio, onde jogou at\u00e9 2023.<\/p>\n\n\n\n<p>Atualmente em sua terceira passagem pela Toca da Raposa, Lucas Silva \u00e9 uma das lideran\u00e7as do elenco celeste e segue como refer\u00eancia t\u00e9cnica e experiente no meio-campo da equipe.<\/p>\n","protected":false},"excerpt":{"rendered":"<p>O volante Lucas Silva, atualmente no Cruzeiro, destacou a import\u00e2ncia de Carlo Ancelotti no in\u00edcio de sua trajet\u00f3ria no futebol europeu. Segundo o jogador, o treinador italiano teve papel fundamental durante sua passagem pelo Real Madrid em 2015, oferecendo n\u00e3o apenas respaldo t\u00e9cnico, mas tamb\u00e9m humano. \u201cMuito paiz\u00e3o, abra\u00e7a, d\u00e1 muita confian\u00e7a aos jogadores\u201d, afirmou [&hellip;]<\/p>\n","protected":false},"author":18,"featured_media":153495,"comment_status":"open","ping_status":"closed","sticky":false,"template":"","format":"standard","meta":{"footnotes":""},"categories":[143],"tags":[],"class_list":["post-263830","post","type-post","status-publish","format-standard","has-post-thumbnail","hentry","category-cruzeiro"],"yoast_head":"<!-- This site is optimized with the Yoast SEO Premium plugin v24.2 (Yoast SEO v26.9) - https:\/\/yoast.com\/product\/yoast-seo-premium-wordpress\/ -->\n<title>A declara\u00e7\u00e3o de Lucas Silva, do Cruzeiro, sobre Ancelotti na Sele\u00e7\u00e3o<\/title>\n<meta name=\"robots\" content=\"index, follow, max-snippet:-1, max-image-preview:large, max-video-preview:-1\" \/>\n<link rel=\"canonical\" href=\"https:\/\/www.gaveanews.com\/index.php\/2025\/05\/14\/a-declaracao-de-lucas-silva-do-cruzeiro-sobre-ancelotti-na-selecao\/\" \/>\n<meta property=\"og:locale\" content=\"pt_BR\" \/>\n<meta property=\"og:type\" content=\"article\" \/>\n<meta property=\"og:title\" content=\"A declara\u00e7\u00e3o de Lucas Silva, do Cruzeiro, sobre Ancelotti na Sele\u00e7\u00e3o\" \/>\n<meta property=\"og:description\" content=\"O volante Lucas Silva, atualmente no Cruzeiro, destacou a import\u00e2ncia de Carlo Ancelotti no in\u00edcio de sua trajet\u00f3ria no futebol europeu. Segundo o jogador, o treinador italiano teve papel fundamental durante sua passagem pelo Real Madrid em 2015, oferecendo n\u00e3o apenas respaldo t\u00e9cnico, mas tamb\u00e9m humano. \u201cMuito paiz\u00e3o, abra\u00e7a, d\u00e1 muita confian\u00e7a aos jogadores\u201d, afirmou [&hellip;]\" \/>\n<meta property=\"og:url\" content=\"https:\/\/www.gaveanews.com\/index.php\/2025\/05\/14\/a-declaracao-de-lucas-silva-do-cruzeiro-sobre-ancelotti-na-selecao\/\" \/>\n<meta property=\"og:site_name\" content=\"G\u00e1vea News\" \/>\n<meta property=\"article:publisher\" content=\"https:\/\/facebook.com\/gaveaNews\/\" \/>\n<meta property=\"article:published_time\" content=\"2025-05-15T00:50:00+00:00\" \/>\n<meta property=\"og:image\" content=\"https:\/\/www.gaveanews.com\/wp-content\/uploads\/Lucas-Silva-durante-o-jogo-entre-Cruzeiro-x-Botafogo-pelo-Brasileirao-2024.webp\" \/>\n\t<meta property=\"og:image:width\" content=\"800\" \/>\n\t<meta property=\"og:image:height\" content=\"533\" \/>\n\t<meta property=\"og:image:type\" content=\"image\/jpeg\" \/>\n<meta name=\"author\" content=\"Paula Silva\" \/>\n<meta name=\"twitter:card\" content=\"summary_large_image\" \/>\n<meta name=\"twitter:label1\" content=\"Escrito por\" \/>\n\t<meta name=\"twitter:data1\" content=\"Paula Silva\" \/>\n\t<meta name=\"twitter:label2\" content=\"Est. tempo de leitura\" \/>\n\t<meta name=\"twitter:data2\" content=\"2 minutos\" \/>\n<script type=\"application\/ld+json\" class=\"yoast-schema-graph\">{\"@context\":\"https:\/\/schema.org\",\"@graph\":[{\"@type\":\"NewsArticle\",\"@id\":\"https:\/\/www.gaveanews.com\/index.php\/2025\/05\/14\/a-declaracao-de-lucas-silva-do-cruzeiro-sobre-ancelotti-na-selecao\/#article\",\"isPartOf\":{\"@id\":\"https:\/\/www.gaveanews.com\/index.php\/2025\/05\/14\/a-declaracao-de-lucas-silva-do-cruzeiro-sobre-ancelotti-na-selecao\/\"},\"author\":{\"name\":\"Paula Silva\",\"@id\":\"https:\/\/www.gaveanews.com\/#\/schema\/person\/daf63eec72e1164eb13dc35096c2b8da\"},\"headline\":\"A declara\u00e7\u00e3o de Lucas Silva, do Cruzeiro, sobre Ancelotti na Sele\u00e7\u00e3o\",\"datePublished\":\"2025-05-15T00:50:00+00:00\",\"mainEntityOfPage\":{\"@id\":\"https:\/\/www.gaveanews.com\/index.php\/2025\/05\/14\/a-declaracao-de-lucas-silva-do-cruzeiro-sobre-ancelotti-na-selecao\/\"},\"wordCount\":330,\"commentCount\":0,\"image\":{\"@id\":\"https:\/\/www.gaveanews.com\/index.php\/2025\/05\/14\/a-declaracao-de-lucas-silva-do-cruzeiro-sobre-ancelotti-na-selecao\/#primaryimage\"},\"thumbnailUrl\":\"https:\/\/www.gaveanews.com\/wp-content\/uploads\/Lucas-Silva-durante-o-jogo-entre-Cruzeiro-x-Botafogo-pelo-Brasileirao-2024.webp\",\"articleSection\":[\"Cruzeiro\"],\"inLanguage\":\"pt-BR\",\"potentialAction\":[{\"@type\":\"CommentAction\",\"name\":\"Comment\",\"target\":[\"https:\/\/www.gaveanews.com\/index.php\/2025\/05\/14\/a-declaracao-de-lucas-silva-do-cruzeiro-sobre-ancelotti-na-selecao\/#respond\"]}],\"copyrightYear\":\"2025\",\"copyrightHolder\":{\"@id\":\"https:\/\/www.gaveanews.com\/#organization\"}},{\"@type\":\"WebPage\",\"@id\":\"https:\/\/www.gaveanews.com\/index.php\/2025\/05\/14\/a-declaracao-de-lucas-silva-do-cruzeiro-sobre-ancelotti-na-selecao\/\",\"url\":\"https:\/\/www.gaveanews.com\/index.php\/2025\/05\/14\/a-declaracao-de-lucas-silva-do-cruzeiro-sobre-ancelotti-na-selecao\/\",\"name\":\"A declara\u00e7\u00e3o de Lucas Silva, do Cruzeiro, sobre Ancelotti na Sele\u00e7\u00e3o\",\"isPartOf\":{\"@id\":\"https:\/\/www.gaveanews.com\/#website\"},\"primaryImageOfPage\":{\"@id\":\"https:\/\/www.gaveanews.com\/index.php\/2025\/05\/14\/a-declaracao-de-lucas-silva-do-cruzeiro-sobre-ancelotti-na-selecao\/#primaryimage\"},\"image\":{\"@id\":\"https:\/\/www.gaveanews.com\/index.php\/2025\/05\/14\/a-declaracao-de-lucas-silva-do-cruzeiro-sobre-ancelotti-na-selecao\/#primaryimage\"},\"thumbnailUrl\":\"https:\/\/www.gaveanews.com\/wp-content\/uploads\/Lucas-Silva-durante-o-jogo-entre-Cruzeiro-x-Botafogo-pelo-Brasileirao-2024.webp\",\"datePublished\":\"2025-05-15T00:50:00+00:00\",\"author\":{\"@id\":\"https:\/\/www.gaveanews.com\/#\/schema\/person\/daf63eec72e1164eb13dc35096c2b8da\"},\"breadcrumb\":{\"@id\":\"https:\/\/www.gaveanews.com\/index.php\/2025\/05\/14\/a-declaracao-de-lucas-silva-do-cruzeiro-sobre-ancelotti-na-selecao\/#breadcrumb\"},\"inLanguage\":\"pt-BR\",\"potentialAction\":[{\"@type\":\"ReadAction\",\"target\":[\"https:\/\/www.gaveanews.com\/index.php\/2025\/05\/14\/a-declaracao-de-lucas-silva-do-cruzeiro-sobre-ancelotti-na-selecao\/\"]}]},{\"@type\":\"ImageObject\",\"inLanguage\":\"pt-BR\",\"@id\":\"https:\/\/www.gaveanews.com\/index.php\/2025\/05\/14\/a-declaracao-de-lucas-silva-do-cruzeiro-sobre-ancelotti-na-selecao\/#primaryimage\",\"url\":\"https:\/\/www.gaveanews.com\/wp-content\/uploads\/Lucas-Silva-durante-o-jogo-entre-Cruzeiro-x-Botafogo-pelo-Brasileirao-2024.webp\",\"contentUrl\":\"https:\/\/www.gaveanews.com\/wp-content\/uploads\/Lucas-Silva-durante-o-jogo-entre-Cruzeiro-x-Botafogo-pelo-Brasileirao-2024.webp\",\"width\":800,\"height\":533,\"caption\":\"Lucas Silva durante o jogo entre Cruzeiro x Botafogo pelo Brasileir\u00e3o 2024 (Foto: Satff Images\/Cruzeiro)\"},{\"@type\":\"BreadcrumbList\",\"@id\":\"https:\/\/www.gaveanews.com\/index.php\/2025\/05\/14\/a-declaracao-de-lucas-silva-do-cruzeiro-sobre-ancelotti-na-selecao\/#breadcrumb\",\"itemListElement\":[{\"@type\":\"ListItem\",\"position\":1,\"name\":\"Home\",\"item\":\"https:\/\/www.gaveanews.com\/\"},{\"@type\":\"ListItem\",\"position\":2,\"name\":\"A declara\u00e7\u00e3o de Lucas Silva, do Cruzeiro, sobre Ancelotti na Sele\u00e7\u00e3o\"}]},{\"@type\":\"WebSite\",\"@id\":\"https:\/\/www.gaveanews.com\/#website\",\"url\":\"https:\/\/www.gaveanews.com\/\",\"name\":\"G\u00e1vea News\",\"description\":\"Veja todas as not\u00edcias sobre o Flamengo: Contrata\u00e7\u00f5es, categorias de base, resultados das partidas, tabela de classifica\u00e7\u00e3o, pr\u00f3ximos jogos!\",\"potentialAction\":[{\"@type\":\"SearchAction\",\"target\":{\"@type\":\"EntryPoint\",\"urlTemplate\":\"https:\/\/www.gaveanews.com\/?s={search_term_string}\"},\"query-input\":{\"@type\":\"PropertyValueSpecification\",\"valueRequired\":true,\"valueName\":\"search_term_string\"}}],\"inLanguage\":\"pt-BR\"},{\"@type\":\"Person\",\"@id\":\"https:\/\/www.gaveanews.com\/#\/schema\/person\/daf63eec72e1164eb13dc35096c2b8da\",\"name\":\"Paula Silva\",\"image\":{\"@type\":\"ImageObject\",\"inLanguage\":\"pt-BR\",\"@id\":\"https:\/\/www.gaveanews.com\/#\/schema\/person\/image\/\",\"url\":\"https:\/\/secure.gravatar.com\/avatar\/eda381c845527cc5d64c13b901833cda29d97500ba040d3e6461f76f51d163bb?s=96&d=mm&r=g\",\"contentUrl\":\"https:\/\/secure.gravatar.com\/avatar\/eda381c845527cc5d64c13b901833cda29d97500ba040d3e6461f76f51d163bb?s=96&d=mm&r=g\",\"caption\":\"Paula Silva\"}}]}<\/script>\n<!-- \/ Yoast SEO Premium plugin. -->","yoast_head_json":{"title":"A declara\u00e7\u00e3o de Lucas Silva, do Cruzeiro, sobre Ancelotti na Sele\u00e7\u00e3o","robots":{"index":"index","follow":"follow","max-snippet":"max-snippet:-1","max-image-preview":"max-image-preview:large","max-video-preview":"max-video-preview:-1"},"canonical":"https:\/\/www.gaveanews.com\/index.php\/2025\/05\/14\/a-declaracao-de-lucas-silva-do-cruzeiro-sobre-ancelotti-na-selecao\/","og_locale":"pt_BR","og_type":"article","og_title":"A declara\u00e7\u00e3o de Lucas Silva, do Cruzeiro, sobre Ancelotti na Sele\u00e7\u00e3o","og_description":"O volante Lucas Silva, atualmente no Cruzeiro, destacou a import\u00e2ncia de Carlo Ancelotti no in\u00edcio de sua trajet\u00f3ria no futebol europeu. Segundo o jogador, o treinador italiano teve papel fundamental durante sua passagem pelo Real Madrid em 2015, oferecendo n\u00e3o apenas respaldo t\u00e9cnico, mas tamb\u00e9m humano. \u201cMuito paiz\u00e3o, abra\u00e7a, d\u00e1 muita confian\u00e7a aos jogadores\u201d, afirmou [&hellip;]","og_url":"https:\/\/www.gaveanews.com\/index.php\/2025\/05\/14\/a-declaracao-de-lucas-silva-do-cruzeiro-sobre-ancelotti-na-selecao\/","og_site_name":"G\u00e1vea News","article_publisher":"https:\/\/facebook.com\/gaveaNews\/","article_published_time":"2025-05-15T00:50:00+00:00","og_image":[{"width":800,"height":533,"url":"https:\/\/www.gaveanews.com\/wp-content\/uploads\/Lucas-Silva-durante-o-jogo-entre-Cruzeiro-x-Botafogo-pelo-Brasileirao-2024.webp","type":"image\/jpeg"}],"author":"Paula Silva","twitter_card":"summary_large_image","twitter_misc":{"Escrito por":"Paula Silva","Est. tempo de leitura":"2 minutos"},"schema":{"@context":"https:\/\/schema.org","@graph":[{"@type":"NewsArticle","@id":"https:\/\/www.gaveanews.com\/index.php\/2025\/05\/14\/a-declaracao-de-lucas-silva-do-cruzeiro-sobre-ancelotti-na-selecao\/#article","isPartOf":{"@id":"https:\/\/www.gaveanews.com\/index.php\/2025\/05\/14\/a-declaracao-de-lucas-silva-do-cruzeiro-sobre-ancelotti-na-selecao\/"},"author":{"name":"Paula Silva","@id":"https:\/\/www.gaveanews.com\/#\/schema\/person\/daf63eec72e1164eb13dc35096c2b8da"},"headline":"A declara\u00e7\u00e3o de Lucas Silva, do Cruzeiro, sobre Ancelotti na Sele\u00e7\u00e3o","datePublished":"2025-05-15T00:50:00+00:00","mainEntityOfPage":{"@id":"https:\/\/www.gaveanews.com\/index.php\/2025\/05\/14\/a-declaracao-de-lucas-silva-do-cruzeiro-sobre-ancelotti-na-selecao\/"},"wordCount":330,"commentCount":0,"image":{"@id":"https:\/\/www.gaveanews.com\/index.php\/2025\/05\/14\/a-declaracao-de-lucas-silva-do-cruzeiro-sobre-ancelotti-na-selecao\/#primaryimage"},"thumbnailUrl":"https:\/\/www.gaveanews.com\/wp-content\/uploads\/Lucas-Silva-durante-o-jogo-entre-Cruzeiro-x-Botafogo-pelo-Brasileirao-2024.webp","articleSection":["Cruzeiro"],"inLanguage":"pt-BR","potentialAction":[{"@type":"CommentAction","name":"Comment","target":["https:\/\/www.gaveanews.com\/index.php\/2025\/05\/14\/a-declaracao-de-lucas-silva-do-cruzeiro-sobre-ancelotti-na-selecao\/#respond"]}],"copyrightYear":"2025","copyrightHolder":{"@id":"https:\/\/www.gaveanews.com\/#organization"}},{"@type":"WebPage","@id":"https:\/\/www.gaveanews.com\/index.php\/2025\/05\/14\/a-declaracao-de-lucas-silva-do-cruzeiro-sobre-ancelotti-na-selecao\/","url":"https:\/\/www.gaveanews.com\/index.php\/2025\/05\/14\/a-declaracao-de-lucas-silva-do-cruzeiro-sobre-ancelotti-na-selecao\/","name":"A declara\u00e7\u00e3o de Lucas Silva, do Cruzeiro, sobre Ancelotti na Sele\u00e7\u00e3o","isPartOf":{"@id":"https:\/\/www.gaveanews.com\/#website"},"primaryImageOfPage":{"@id":"https:\/\/www.gaveanews.com\/index.php\/2025\/05\/14\/a-declaracao-de-lucas-silva-do-cruzeiro-sobre-ancelotti-na-selecao\/#primaryimage"},"image":{"@id":"https:\/\/www.gaveanews.com\/index.php\/2025\/05\/14\/a-declaracao-de-lucas-silva-do-cruzeiro-sobre-ancelotti-na-selecao\/#primaryimage"},"thumbnailUrl":"https:\/\/www.gaveanews.com\/wp-content\/uploads\/Lucas-Silva-durante-o-jogo-entre-Cruzeiro-x-Botafogo-pelo-Brasileirao-2024.webp","datePublished":"2025-05-15T00:50:00+00:00","author":{"@id":"https:\/\/www.gaveanews.com\/#\/schema\/person\/daf63eec72e1164eb13dc35096c2b8da"},"breadcrumb":{"@id":"https:\/\/www.gaveanews.com\/index.php\/2025\/05\/14\/a-declaracao-de-lucas-silva-do-cruzeiro-sobre-ancelotti-na-selecao\/#breadcrumb"},"inLanguage":"pt-BR","potentialAction":[{"@type":"ReadAction","target":["https:\/\/www.gaveanews.com\/index.php\/2025\/05\/14\/a-declaracao-de-lucas-silva-do-cruzeiro-sobre-ancelotti-na-selecao\/"]}]},{"@type":"ImageObject","inLanguage":"pt-BR","@id":"https:\/\/www.gaveanews.com\/index.php\/2025\/05\/14\/a-declaracao-de-lucas-silva-do-cruzeiro-sobre-ancelotti-na-selecao\/#primaryimage","url":"https:\/\/www.gaveanews.com\/wp-content\/uploads\/Lucas-Silva-durante-o-jogo-entre-Cruzeiro-x-Botafogo-pelo-Brasileirao-2024.webp","contentUrl":"https:\/\/www.gaveanews.com\/wp-content\/uploads\/Lucas-Silva-durante-o-jogo-entre-Cruzeiro-x-Botafogo-pelo-Brasileirao-2024.webp","width":800,"height":533,"caption":"Lucas Silva durante o jogo entre Cruzeiro x Botafogo pelo Brasileir\u00e3o 2024 (Foto: Satff Images\/Cruzeiro)"},{"@type":"BreadcrumbList","@id":"https:\/\/www.gaveanews.com\/index.php\/2025\/05\/14\/a-declaracao-de-lucas-silva-do-cruzeiro-sobre-ancelotti-na-selecao\/#breadcrumb","itemListElement":[{"@type":"ListItem","position":1,"name":"Home","item":"https:\/\/www.gaveanews.com\/"},{"@type":"ListItem","position":2,"name":"A declara\u00e7\u00e3o de Lucas Silva, do Cruzeiro, sobre Ancelotti na Sele\u00e7\u00e3o"}]},{"@type":"WebSite","@id":"https:\/\/www.gaveanews.com\/#website","url":"https:\/\/www.gaveanews.com\/","name":"G\u00e1vea News","description":"Veja todas as not\u00edcias sobre o Flamengo: Contrata\u00e7\u00f5es, categorias de base, resultados das partidas, tabela de classifica\u00e7\u00e3o, pr\u00f3ximos jogos!","potentialAction":[{"@type":"SearchAction","target":{"@type":"EntryPoint","urlTemplate":"https:\/\/www.gaveanews.com\/?s={search_term_string}"},"query-input":{"@type":"PropertyValueSpecification","valueRequired":true,"valueName":"search_term_string"}}],"inLanguage":"pt-BR"},{"@type":"Person","@id":"https:\/\/www.gaveanews.com\/#\/schema\/person\/daf63eec72e1164eb13dc35096c2b8da","name":"Paula Silva","image":{"@type":"ImageObject","inLanguage":"pt-BR","@id":"https:\/\/www.gaveanews.com\/#\/schema\/person\/image\/","url":"https:\/\/secure.gravatar.com\/avatar\/eda381c845527cc5d64c13b901833cda29d97500ba040d3e6461f76f51d163bb?s=96&d=mm&r=g","contentUrl":"https:\/\/secure.gravatar.com\/avatar\/eda381c845527cc5d64c13b901833cda29d97500ba040d3e6461f76f51d163bb?s=96&d=mm&r=g","caption":"Paula Silva"}}]}},"_links":{"self":[{"href":"https:\/\/www.gaveanews.com\/index.php\/wp-json\/wp\/v2\/posts\/263830","targetHints":{"allow":["GET"]}}],"collection":[{"href":"https:\/\/www.gaveanews.com\/index.php\/wp-json\/wp\/v2\/posts"}],"about":[{"href":"https:\/\/www.gaveanews.com\/index.php\/wp-json\/wp\/v2\/types\/post"}],"author":[{"embeddable":true,"href":"https:\/\/www.gaveanews.com\/index.php\/wp-json\/wp\/v2\/users\/18"}],"replies":[{"embeddable":true,"href":"https:\/\/www.gaveanews.com\/index.php\/wp-json\/wp\/v2\/comments?post=263830"}],"version-history":[{"count":1,"href":"https:\/\/www.gaveanews.com\/index.php\/wp-json\/wp\/v2\/posts\/263830\/revisions"}],"predecessor-version":[{"id":263831,"href":"https:\/\/www.gaveanews.com\/index.php\/wp-json\/wp\/v2\/posts\/263830\/revisions\/263831"}],"wp:featuredmedia":[{"embeddable":true,"href":"https:\/\/www.gaveanews.com\/index.php\/wp-json\/wp\/v2\/media\/153495"}],"wp:attachment":[{"href":"https:\/\/www.gaveanews.com\/index.php\/wp-json\/wp\/v2\/media?parent=263830"}],"wp:term":[{"taxonomy":"category","embeddable":true,"href":"https:\/\/www.gaveanews.com\/index.php\/wp-json\/wp\/v2\/categories?post=263830"},{"taxonomy":"post_tag","embeddable":true,"href":"https:\/\/www.gaveanews.com\/index.php\/wp-json\/wp\/v2\/tags?post=263830"}],"curies":[{"name":"wp","href":"https:\/\/api.w.org\/{rel}","templated":true}]}}