{"id":263832,"date":"2025-05-14T21:55:00","date_gmt":"2025-05-15T00:55:00","guid":{"rendered":"https:\/\/www.gaveanews.com\/?p=263832"},"modified":"2025-05-14T19:39:23","modified_gmt":"2025-05-14T22:39:23","slug":"a-declaracao-de-pikachu-sobre-gols-perdidos-pelo-fortaleza-faltou-um-pouco-de","status":"publish","type":"post","link":"https:\/\/www.gaveanews.com\/index.php\/2025\/05\/14\/a-declaracao-de-pikachu-sobre-gols-perdidos-pelo-fortaleza-faltou-um-pouco-de\/","title":{"rendered":"A declara\u00e7\u00e3o de Pikachu sobre gols perdidos pelo Fortaleza: &#8220;Faltou um pouco de\u2026&#8221;"},"content":{"rendered":"\n<p>O Fortaleza empatou sem gols com o Atl\u00e9tico Bucaramanga, na noite de ter\u00e7a-feira (13), na Arena Castel\u00e3o, pela quinta rodada da Conmebol Libertadores. O resultado deixou a equipe em situa\u00e7\u00e3o delicada no grupo e aumentou a press\u00e3o para a \u00faltima rodada da fase classificat\u00f3ria. O t\u00e9cnico Juan Pablo Vojvoda optou por mudan\u00e7as no segundo tempo, entre elas a entrada de Yago Pikachu, que teve uma grande oportunidade de marcar, mas parou na defesa advers\u00e1ria.<\/p>\n\n\n\n<p>O meia-atacante expressou sua frustra\u00e7\u00e3o com o desempenho ofensivo do time. \u201cFaltou sorte e um pouquinho de compet\u00eancia tamb\u00e9m. Tivemos in\u00fameras oportunidades de fazer o gol\u201d, comentou Pikachu ap\u00f3s o jogo. Segundo ele, a equipe colombiana veio com a proposta de segurar o empate e explorar jogadas de bola parada, o que dificultou as a\u00e7\u00f5es ofensivas do Fortaleza.<\/p>\n\n\n\n<p>Embora o dom\u00ednio da posse de bola tenha sido evidente, a equipe brasileira n\u00e3o conseguiu converter as chances criadas em gols. Pikachu destacou o esfor\u00e7o coletivo durante os dois tempos da partida, mas reconheceu que o grupo precisa melhorar a finaliza\u00e7\u00e3o para evitar novos trope\u00e7os. \u201cTentamos de todas as formas, tanto no primeiro quanto no segundo tempo. Tivemos essas chances, mas n\u00e3o soubemos aproveitar\u201d, lamentou.<\/p>\n\n\n\n<p>O Fortaleza, que almeja a classifica\u00e7\u00e3o direta \u00e0s oitavas de final, precisar\u00e1 vencer o Racing na \u00faltima rodada para garantir a vaga sem depender de outros resultados. Antes disso, o elenco volta suas aten\u00e7\u00f5es ao Campeonato Brasileiro, onde enfrentar\u00e1 o Vasco.<\/p>\n\n\n\n<p>Conforme Vojvoda afirmou anteriormente, a falta de efetividade tem sido um ponto recorrente. O treinador j\u00e1 havia alertado sobre a necessidade de mais precis\u00e3o nas conclus\u00f5es, algo que voltou a comprometer o resultado desta vez.<\/p>\n\n\n\n<p>Portanto, a equipe cearense ter\u00e1 que demonstrar maior compet\u00eancia ofensiva e foco t\u00e1tico nas pr\u00f3ximas partidas, a fim de manter vivo seu planejamento na principal competi\u00e7\u00e3o continental.<\/p>\n","protected":false},"excerpt":{"rendered":"<p>O Fortaleza empatou sem gols com o Atl\u00e9tico Bucaramanga, na noite de ter\u00e7a-feira (13), na Arena Castel\u00e3o, pela quinta rodada da Conmebol Libertadores. O resultado deixou a equipe em situa\u00e7\u00e3o delicada no grupo e aumentou a press\u00e3o para a \u00faltima rodada da fase classificat\u00f3ria. O t\u00e9cnico Juan Pablo Vojvoda optou por mudan\u00e7as no segundo tempo, [&hellip;]<\/p>\n","protected":false},"author":18,"featured_media":167352,"comment_status":"open","ping_status":"closed","sticky":false,"template":"","format":"standard","meta":{"footnotes":""},"categories":[146],"tags":[],"class_list":["post-263832","post","type-post","status-publish","format-standard","has-post-thumbnail","hentry","category-fortaleza"],"yoast_head":"<!-- This site is optimized with the Yoast SEO Premium plugin v24.2 (Yoast SEO v26.9) - https:\/\/yoast.com\/product\/yoast-seo-premium-wordpress\/ -->\n<title>A declara\u00e7\u00e3o de Pikachu sobre gols perdidos pelo Fortaleza: &quot;Faltou um pouco de\u2026&quot;<\/title>\n<meta name=\"robots\" content=\"index, follow, max-snippet:-1, max-image-preview:large, max-video-preview:-1\" \/>\n<link rel=\"canonical\" href=\"https:\/\/www.gaveanews.com\/index.php\/2025\/05\/14\/a-declaracao-de-pikachu-sobre-gols-perdidos-pelo-fortaleza-faltou-um-pouco-de\/\" \/>\n<meta property=\"og:locale\" content=\"pt_BR\" \/>\n<meta property=\"og:type\" content=\"article\" \/>\n<meta property=\"og:title\" content=\"A declara\u00e7\u00e3o de Pikachu sobre gols perdidos pelo Fortaleza: &quot;Faltou um pouco de\u2026&quot;\" \/>\n<meta property=\"og:description\" content=\"O Fortaleza empatou sem gols com o Atl\u00e9tico Bucaramanga, na noite de ter\u00e7a-feira (13), na Arena Castel\u00e3o, pela quinta rodada da Conmebol Libertadores. O resultado deixou a equipe em situa\u00e7\u00e3o delicada no grupo e aumentou a press\u00e3o para a \u00faltima rodada da fase classificat\u00f3ria. O t\u00e9cnico Juan Pablo Vojvoda optou por mudan\u00e7as no segundo tempo, [&hellip;]\" \/>\n<meta property=\"og:url\" content=\"https:\/\/www.gaveanews.com\/index.php\/2025\/05\/14\/a-declaracao-de-pikachu-sobre-gols-perdidos-pelo-fortaleza-faltou-um-pouco-de\/\" \/>\n<meta property=\"og:site_name\" content=\"G\u00e1vea News\" \/>\n<meta property=\"article:publisher\" content=\"https:\/\/facebook.com\/gaveaNews\/\" \/>\n<meta property=\"article:published_time\" content=\"2025-05-15T00:55:00+00:00\" \/>\n<meta property=\"og:image\" content=\"https:\/\/www.gaveanews.com\/wp-content\/uploads\/Yago-Pikachu-em-acao-pelo-Fortaleza.webp\" \/>\n\t<meta property=\"og:image:width\" content=\"700\" \/>\n\t<meta property=\"og:image:height\" content=\"438\" \/>\n\t<meta property=\"og:image:type\" content=\"image\/webp\" \/>\n<meta name=\"author\" content=\"Paula Silva\" \/>\n<meta name=\"twitter:card\" content=\"summary_large_image\" \/>\n<meta name=\"twitter:label1\" content=\"Escrito por\" \/>\n\t<meta name=\"twitter:data1\" content=\"Paula Silva\" \/>\n\t<meta name=\"twitter:label2\" content=\"Est. tempo de leitura\" \/>\n\t<meta name=\"twitter:data2\" content=\"2 minutos\" \/>\n<script type=\"application\/ld+json\" class=\"yoast-schema-graph\">{\"@context\":\"https:\/\/schema.org\",\"@graph\":[{\"@type\":\"NewsArticle\",\"@id\":\"https:\/\/www.gaveanews.com\/index.php\/2025\/05\/14\/a-declaracao-de-pikachu-sobre-gols-perdidos-pelo-fortaleza-faltou-um-pouco-de\/#article\",\"isPartOf\":{\"@id\":\"https:\/\/www.gaveanews.com\/index.php\/2025\/05\/14\/a-declaracao-de-pikachu-sobre-gols-perdidos-pelo-fortaleza-faltou-um-pouco-de\/\"},\"author\":{\"name\":\"Paula Silva\",\"@id\":\"https:\/\/www.gaveanews.com\/#\/schema\/person\/daf63eec72e1164eb13dc35096c2b8da\"},\"headline\":\"A declara\u00e7\u00e3o de Pikachu sobre gols perdidos pelo Fortaleza: &#8220;Faltou um pouco de\u2026&#8221;\",\"datePublished\":\"2025-05-15T00:55:00+00:00\",\"mainEntityOfPage\":{\"@id\":\"https:\/\/www.gaveanews.com\/index.php\/2025\/05\/14\/a-declaracao-de-pikachu-sobre-gols-perdidos-pelo-fortaleza-faltou-um-pouco-de\/\"},\"wordCount\":342,\"commentCount\":0,\"image\":{\"@id\":\"https:\/\/www.gaveanews.com\/index.php\/2025\/05\/14\/a-declaracao-de-pikachu-sobre-gols-perdidos-pelo-fortaleza-faltou-um-pouco-de\/#primaryimage\"},\"thumbnailUrl\":\"https:\/\/www.gaveanews.com\/wp-content\/uploads\/Yago-Pikachu-em-acao-pelo-Fortaleza.webp\",\"articleSection\":[\"Fortaleza\"],\"inLanguage\":\"pt-BR\",\"potentialAction\":[{\"@type\":\"CommentAction\",\"name\":\"Comment\",\"target\":[\"https:\/\/www.gaveanews.com\/index.php\/2025\/05\/14\/a-declaracao-de-pikachu-sobre-gols-perdidos-pelo-fortaleza-faltou-um-pouco-de\/#respond\"]}],\"copyrightYear\":\"2025\",\"copyrightHolder\":{\"@id\":\"https:\/\/www.gaveanews.com\/#organization\"}},{\"@type\":\"WebPage\",\"@id\":\"https:\/\/www.gaveanews.com\/index.php\/2025\/05\/14\/a-declaracao-de-pikachu-sobre-gols-perdidos-pelo-fortaleza-faltou-um-pouco-de\/\",\"url\":\"https:\/\/www.gaveanews.com\/index.php\/2025\/05\/14\/a-declaracao-de-pikachu-sobre-gols-perdidos-pelo-fortaleza-faltou-um-pouco-de\/\",\"name\":\"A declara\u00e7\u00e3o de Pikachu sobre gols perdidos pelo Fortaleza: \\\"Faltou um pouco de\u2026\\\"\",\"isPartOf\":{\"@id\":\"https:\/\/www.gaveanews.com\/#website\"},\"primaryImageOfPage\":{\"@id\":\"https:\/\/www.gaveanews.com\/index.php\/2025\/05\/14\/a-declaracao-de-pikachu-sobre-gols-perdidos-pelo-fortaleza-faltou-um-pouco-de\/#primaryimage\"},\"image\":{\"@id\":\"https:\/\/www.gaveanews.com\/index.php\/2025\/05\/14\/a-declaracao-de-pikachu-sobre-gols-perdidos-pelo-fortaleza-faltou-um-pouco-de\/#primaryimage\"},\"thumbnailUrl\":\"https:\/\/www.gaveanews.com\/wp-content\/uploads\/Yago-Pikachu-em-acao-pelo-Fortaleza.webp\",\"datePublished\":\"2025-05-15T00:55:00+00:00\",\"author\":{\"@id\":\"https:\/\/www.gaveanews.com\/#\/schema\/person\/daf63eec72e1164eb13dc35096c2b8da\"},\"breadcrumb\":{\"@id\":\"https:\/\/www.gaveanews.com\/index.php\/2025\/05\/14\/a-declaracao-de-pikachu-sobre-gols-perdidos-pelo-fortaleza-faltou-um-pouco-de\/#breadcrumb\"},\"inLanguage\":\"pt-BR\",\"potentialAction\":[{\"@type\":\"ReadAction\",\"target\":[\"https:\/\/www.gaveanews.com\/index.php\/2025\/05\/14\/a-declaracao-de-pikachu-sobre-gols-perdidos-pelo-fortaleza-faltou-um-pouco-de\/\"]}]},{\"@type\":\"ImageObject\",\"inLanguage\":\"pt-BR\",\"@id\":\"https:\/\/www.gaveanews.com\/index.php\/2025\/05\/14\/a-declaracao-de-pikachu-sobre-gols-perdidos-pelo-fortaleza-faltou-um-pouco-de\/#primaryimage\",\"url\":\"https:\/\/www.gaveanews.com\/wp-content\/uploads\/Yago-Pikachu-em-acao-pelo-Fortaleza.webp\",\"contentUrl\":\"https:\/\/www.gaveanews.com\/wp-content\/uploads\/Yago-Pikachu-em-acao-pelo-Fortaleza.webp\",\"width\":700,\"height\":438,\"caption\":\"Yago Pikachu em a\u00e7\u00e3o pelo Fortaleza (Foto: Mateus Lotif \/Fortaleza)\"},{\"@type\":\"BreadcrumbList\",\"@id\":\"https:\/\/www.gaveanews.com\/index.php\/2025\/05\/14\/a-declaracao-de-pikachu-sobre-gols-perdidos-pelo-fortaleza-faltou-um-pouco-de\/#breadcrumb\",\"itemListElement\":[{\"@type\":\"ListItem\",\"position\":1,\"name\":\"Home\",\"item\":\"https:\/\/www.gaveanews.com\/\"},{\"@type\":\"ListItem\",\"position\":2,\"name\":\"A declara\u00e7\u00e3o de Pikachu sobre gols perdidos pelo Fortaleza: &#8220;Faltou um pouco de\u2026&#8221;\"}]},{\"@type\":\"WebSite\",\"@id\":\"https:\/\/www.gaveanews.com\/#website\",\"url\":\"https:\/\/www.gaveanews.com\/\",\"name\":\"G\u00e1vea News\",\"description\":\"Veja todas as not\u00edcias sobre o Flamengo: Contrata\u00e7\u00f5es, categorias de base, resultados das partidas, tabela de classifica\u00e7\u00e3o, pr\u00f3ximos jogos!\",\"potentialAction\":[{\"@type\":\"SearchAction\",\"target\":{\"@type\":\"EntryPoint\",\"urlTemplate\":\"https:\/\/www.gaveanews.com\/?s={search_term_string}\"},\"query-input\":{\"@type\":\"PropertyValueSpecification\",\"valueRequired\":true,\"valueName\":\"search_term_string\"}}],\"inLanguage\":\"pt-BR\"},{\"@type\":\"Person\",\"@id\":\"https:\/\/www.gaveanews.com\/#\/schema\/person\/daf63eec72e1164eb13dc35096c2b8da\",\"name\":\"Paula Silva\",\"image\":{\"@type\":\"ImageObject\",\"inLanguage\":\"pt-BR\",\"@id\":\"https:\/\/www.gaveanews.com\/#\/schema\/person\/image\/\",\"url\":\"https:\/\/secure.gravatar.com\/avatar\/eda381c845527cc5d64c13b901833cda29d97500ba040d3e6461f76f51d163bb?s=96&d=mm&r=g\",\"contentUrl\":\"https:\/\/secure.gravatar.com\/avatar\/eda381c845527cc5d64c13b901833cda29d97500ba040d3e6461f76f51d163bb?s=96&d=mm&r=g\",\"caption\":\"Paula Silva\"}}]}<\/script>\n<!-- \/ Yoast SEO Premium plugin. -->","yoast_head_json":{"title":"A declara\u00e7\u00e3o de Pikachu sobre gols perdidos pelo Fortaleza: \"Faltou um pouco de\u2026\"","robots":{"index":"index","follow":"follow","max-snippet":"max-snippet:-1","max-image-preview":"max-image-preview:large","max-video-preview":"max-video-preview:-1"},"canonical":"https:\/\/www.gaveanews.com\/index.php\/2025\/05\/14\/a-declaracao-de-pikachu-sobre-gols-perdidos-pelo-fortaleza-faltou-um-pouco-de\/","og_locale":"pt_BR","og_type":"article","og_title":"A declara\u00e7\u00e3o de Pikachu sobre gols perdidos pelo Fortaleza: \"Faltou um pouco de\u2026\"","og_description":"O Fortaleza empatou sem gols com o Atl\u00e9tico Bucaramanga, na noite de ter\u00e7a-feira (13), na Arena Castel\u00e3o, pela quinta rodada da Conmebol Libertadores. O resultado deixou a equipe em situa\u00e7\u00e3o delicada no grupo e aumentou a press\u00e3o para a \u00faltima rodada da fase classificat\u00f3ria. O t\u00e9cnico Juan Pablo Vojvoda optou por mudan\u00e7as no segundo tempo, [&hellip;]","og_url":"https:\/\/www.gaveanews.com\/index.php\/2025\/05\/14\/a-declaracao-de-pikachu-sobre-gols-perdidos-pelo-fortaleza-faltou-um-pouco-de\/","og_site_name":"G\u00e1vea News","article_publisher":"https:\/\/facebook.com\/gaveaNews\/","article_published_time":"2025-05-15T00:55:00+00:00","og_image":[{"width":700,"height":438,"url":"https:\/\/www.gaveanews.com\/wp-content\/uploads\/Yago-Pikachu-em-acao-pelo-Fortaleza.webp","type":"image\/webp"}],"author":"Paula Silva","twitter_card":"summary_large_image","twitter_misc":{"Escrito por":"Paula Silva","Est. tempo de leitura":"2 minutos"},"schema":{"@context":"https:\/\/schema.org","@graph":[{"@type":"NewsArticle","@id":"https:\/\/www.gaveanews.com\/index.php\/2025\/05\/14\/a-declaracao-de-pikachu-sobre-gols-perdidos-pelo-fortaleza-faltou-um-pouco-de\/#article","isPartOf":{"@id":"https:\/\/www.gaveanews.com\/index.php\/2025\/05\/14\/a-declaracao-de-pikachu-sobre-gols-perdidos-pelo-fortaleza-faltou-um-pouco-de\/"},"author":{"name":"Paula Silva","@id":"https:\/\/www.gaveanews.com\/#\/schema\/person\/daf63eec72e1164eb13dc35096c2b8da"},"headline":"A declara\u00e7\u00e3o de Pikachu sobre gols perdidos pelo Fortaleza: &#8220;Faltou um pouco de\u2026&#8221;","datePublished":"2025-05-15T00:55:00+00:00","mainEntityOfPage":{"@id":"https:\/\/www.gaveanews.com\/index.php\/2025\/05\/14\/a-declaracao-de-pikachu-sobre-gols-perdidos-pelo-fortaleza-faltou-um-pouco-de\/"},"wordCount":342,"commentCount":0,"image":{"@id":"https:\/\/www.gaveanews.com\/index.php\/2025\/05\/14\/a-declaracao-de-pikachu-sobre-gols-perdidos-pelo-fortaleza-faltou-um-pouco-de\/#primaryimage"},"thumbnailUrl":"https:\/\/www.gaveanews.com\/wp-content\/uploads\/Yago-Pikachu-em-acao-pelo-Fortaleza.webp","articleSection":["Fortaleza"],"inLanguage":"pt-BR","potentialAction":[{"@type":"CommentAction","name":"Comment","target":["https:\/\/www.gaveanews.com\/index.php\/2025\/05\/14\/a-declaracao-de-pikachu-sobre-gols-perdidos-pelo-fortaleza-faltou-um-pouco-de\/#respond"]}],"copyrightYear":"2025","copyrightHolder":{"@id":"https:\/\/www.gaveanews.com\/#organization"}},{"@type":"WebPage","@id":"https:\/\/www.gaveanews.com\/index.php\/2025\/05\/14\/a-declaracao-de-pikachu-sobre-gols-perdidos-pelo-fortaleza-faltou-um-pouco-de\/","url":"https:\/\/www.gaveanews.com\/index.php\/2025\/05\/14\/a-declaracao-de-pikachu-sobre-gols-perdidos-pelo-fortaleza-faltou-um-pouco-de\/","name":"A declara\u00e7\u00e3o de Pikachu sobre gols perdidos pelo Fortaleza: \"Faltou um pouco de\u2026\"","isPartOf":{"@id":"https:\/\/www.gaveanews.com\/#website"},"primaryImageOfPage":{"@id":"https:\/\/www.gaveanews.com\/index.php\/2025\/05\/14\/a-declaracao-de-pikachu-sobre-gols-perdidos-pelo-fortaleza-faltou-um-pouco-de\/#primaryimage"},"image":{"@id":"https:\/\/www.gaveanews.com\/index.php\/2025\/05\/14\/a-declaracao-de-pikachu-sobre-gols-perdidos-pelo-fortaleza-faltou-um-pouco-de\/#primaryimage"},"thumbnailUrl":"https:\/\/www.gaveanews.com\/wp-content\/uploads\/Yago-Pikachu-em-acao-pelo-Fortaleza.webp","datePublished":"2025-05-15T00:55:00+00:00","author":{"@id":"https:\/\/www.gaveanews.com\/#\/schema\/person\/daf63eec72e1164eb13dc35096c2b8da"},"breadcrumb":{"@id":"https:\/\/www.gaveanews.com\/index.php\/2025\/05\/14\/a-declaracao-de-pikachu-sobre-gols-perdidos-pelo-fortaleza-faltou-um-pouco-de\/#breadcrumb"},"inLanguage":"pt-BR","potentialAction":[{"@type":"ReadAction","target":["https:\/\/www.gaveanews.com\/index.php\/2025\/05\/14\/a-declaracao-de-pikachu-sobre-gols-perdidos-pelo-fortaleza-faltou-um-pouco-de\/"]}]},{"@type":"ImageObject","inLanguage":"pt-BR","@id":"https:\/\/www.gaveanews.com\/index.php\/2025\/05\/14\/a-declaracao-de-pikachu-sobre-gols-perdidos-pelo-fortaleza-faltou-um-pouco-de\/#primaryimage","url":"https:\/\/www.gaveanews.com\/wp-content\/uploads\/Yago-Pikachu-em-acao-pelo-Fortaleza.webp","contentUrl":"https:\/\/www.gaveanews.com\/wp-content\/uploads\/Yago-Pikachu-em-acao-pelo-Fortaleza.webp","width":700,"height":438,"caption":"Yago Pikachu em a\u00e7\u00e3o pelo Fortaleza (Foto: Mateus Lotif \/Fortaleza)"},{"@type":"BreadcrumbList","@id":"https:\/\/www.gaveanews.com\/index.php\/2025\/05\/14\/a-declaracao-de-pikachu-sobre-gols-perdidos-pelo-fortaleza-faltou-um-pouco-de\/#breadcrumb","itemListElement":[{"@type":"ListItem","position":1,"name":"Home","item":"https:\/\/www.gaveanews.com\/"},{"@type":"ListItem","position":2,"name":"A declara\u00e7\u00e3o de Pikachu sobre gols perdidos pelo Fortaleza: &#8220;Faltou um pouco de\u2026&#8221;"}]},{"@type":"WebSite","@id":"https:\/\/www.gaveanews.com\/#website","url":"https:\/\/www.gaveanews.com\/","name":"G\u00e1vea News","description":"Veja todas as not\u00edcias sobre o Flamengo: Contrata\u00e7\u00f5es, categorias de base, resultados das partidas, tabela de classifica\u00e7\u00e3o, pr\u00f3ximos jogos!","potentialAction":[{"@type":"SearchAction","target":{"@type":"EntryPoint","urlTemplate":"https:\/\/www.gaveanews.com\/?s={search_term_string}"},"query-input":{"@type":"PropertyValueSpecification","valueRequired":true,"valueName":"search_term_string"}}],"inLanguage":"pt-BR"},{"@type":"Person","@id":"https:\/\/www.gaveanews.com\/#\/schema\/person\/daf63eec72e1164eb13dc35096c2b8da","name":"Paula Silva","image":{"@type":"ImageObject","inLanguage":"pt-BR","@id":"https:\/\/www.gaveanews.com\/#\/schema\/person\/image\/","url":"https:\/\/secure.gravatar.com\/avatar\/eda381c845527cc5d64c13b901833cda29d97500ba040d3e6461f76f51d163bb?s=96&d=mm&r=g","contentUrl":"https:\/\/secure.gravatar.com\/avatar\/eda381c845527cc5d64c13b901833cda29d97500ba040d3e6461f76f51d163bb?s=96&d=mm&r=g","caption":"Paula Silva"}}]}},"_links":{"self":[{"href":"https:\/\/www.gaveanews.com\/index.php\/wp-json\/wp\/v2\/posts\/263832","targetHints":{"allow":["GET"]}}],"collection":[{"href":"https:\/\/www.gaveanews.com\/index.php\/wp-json\/wp\/v2\/posts"}],"about":[{"href":"https:\/\/www.gaveanews.com\/index.php\/wp-json\/wp\/v2\/types\/post"}],"author":[{"embeddable":true,"href":"https:\/\/www.gaveanews.com\/index.php\/wp-json\/wp\/v2\/users\/18"}],"replies":[{"embeddable":true,"href":"https:\/\/www.gaveanews.com\/index.php\/wp-json\/wp\/v2\/comments?post=263832"}],"version-history":[{"count":1,"href":"https:\/\/www.gaveanews.com\/index.php\/wp-json\/wp\/v2\/posts\/263832\/revisions"}],"predecessor-version":[{"id":263835,"href":"https:\/\/www.gaveanews.com\/index.php\/wp-json\/wp\/v2\/posts\/263832\/revisions\/263835"}],"wp:featuredmedia":[{"embeddable":true,"href":"https:\/\/www.gaveanews.com\/index.php\/wp-json\/wp\/v2\/media\/167352"}],"wp:attachment":[{"href":"https:\/\/www.gaveanews.com\/index.php\/wp-json\/wp\/v2\/media?parent=263832"}],"wp:term":[{"taxonomy":"category","embeddable":true,"href":"https:\/\/www.gaveanews.com\/index.php\/wp-json\/wp\/v2\/categories?post=263832"},{"taxonomy":"post_tag","embeddable":true,"href":"https:\/\/www.gaveanews.com\/index.php\/wp-json\/wp\/v2\/tags?post=263832"}],"curies":[{"name":"wp","href":"https:\/\/api.w.org\/{rel}","templated":true}]}}