{"id":263851,"date":"2025-05-14T18:40:00","date_gmt":"2025-05-14T21:40:00","guid":{"rendered":"https:\/\/www.gaveanews.com\/?p=263851"},"modified":"2025-05-14T19:53:28","modified_gmt":"2025-05-14T22:53:28","slug":"saiba-o-que-o-bahia-precisa-para-se-classificar-na-libertadores","status":"publish","type":"post","link":"https:\/\/www.gaveanews.com\/index.php\/2025\/05\/14\/saiba-o-que-o-bahia-precisa-para-se-classificar-na-libertadores\/","title":{"rendered":"Saiba o que o Bahia precisa para se classificar na Libertadores"},"content":{"rendered":"\n<p>Mesmo vindo de duas derrotas consecutivas, o Bahia chega \u00e0 quinta rodada da fase de grupos da Libertadores com chances claras de classifica\u00e7\u00e3o antecipada. A equipe lidera o Grupo F com sete pontos somados, enquanto o Atl\u00e9tico Nacional ocupa a vice-lideran\u00e7a, com seis. Assim sendo, a partida entre os dois clubes nesta quarta-feira (14), \u00e0s 19 horas (hor\u00e1rio de Bras\u00edlia), em Medell\u00edn, \u00e9 decisiva para o futuro do Tricolor na competi\u00e7\u00e3o continental.<\/p>\n\n\n\n<p>Para garantir a vaga nas oitavas de final de forma antecipada, o Bahia precisa vencer o Atl\u00e9tico Nacional fora de casa. Com esse resultado, a equipe alcan\u00e7aria dez pontos, tornando-se inalcan\u00e7\u00e1vel por pelo menos dois concorrentes, o que asseguraria uma das duas primeiras posi\u00e7\u00f5es da chave. Caso empate ou perca, o time baiano depender\u00e1 de outros resultados na \u00faltima rodada para avan\u00e7ar.<\/p>\n\n\n\n<p>Apesar do momento de instabilidade, Rog\u00e9rio Ceni apostou em uma estrat\u00e9gia clara para priorizar a Libertadores. Na rodada anterior do Campeonato Brasileiro, o treinador poupou os principais jogadores visando ter for\u00e7a m\u00e1xima neste confronto. Contudo, o Bahia ainda enfrenta desfalques importantes: Gilberto, Arias, Kanu e Ademir est\u00e3o fora por les\u00e3o, enquanto Ronaldo segue em transi\u00e7\u00e3o f\u00edsica.<\/p>\n\n\n\n<p>Na lateral direita, por exemplo, Erick deve ser novamente improvisado. J\u00e1 no meio e ataque, nomes como Everton Ribeiro, Jean Lucas, Cauly e Willian Jos\u00e9 est\u00e3o confirmados. A ideia \u00e9 repetir a base que deu bons resultados nas rodadas iniciais do torneio, principalmente para tentar neutralizar o bom momento do Atl\u00e9tico Nacional, que vem de tr\u00eas vit\u00f3rias e um empate.<\/p>\n\n\n\n<p>O time colombiano, por sua vez, est\u00e1 embalado ap\u00f3s bater o Internacional por 3 a 1 na \u00faltima rodada. Com elenco refor\u00e7ado e jogando em casa, o Nacional aparece como um dos principais obst\u00e1culos do Bahia no grupo. Ali\u00e1s, o t\u00e9cnico Javier Gandolfi ter\u00e1 \u00e0 disposi\u00e7\u00e3o a maior parte dos titulares, com exce\u00e7\u00e3o do goleiro Ospina, que est\u00e1 com virose.<\/p>\n\n\n\n<p>Portanto, o duelo no Atanasio Girardot re\u00fane dois postulantes diretos \u00e0 vaga no mata-mata. Caso conquiste os tr\u00eas pontos, o Bahia confirmar\u00e1 o bom in\u00edcio de campanha e garantir\u00e1 classifica\u00e7\u00e3o com uma rodada de anteced\u00eancia, o que traria tranquilidade para o planejamento do restante da competi\u00e7\u00e3o.<\/p>\n","protected":false},"excerpt":{"rendered":"<p>Mesmo vindo de duas derrotas consecutivas, o Bahia chega \u00e0 quinta rodada da fase de grupos da Libertadores com chances claras de classifica\u00e7\u00e3o antecipada. A equipe lidera o Grupo F com sete pontos somados, enquanto o Atl\u00e9tico Nacional ocupa a vice-lideran\u00e7a, com seis. Assim sendo, a partida entre os dois clubes nesta quarta-feira (14), \u00e0s [&hellip;]<\/p>\n","protected":false},"author":18,"featured_media":155116,"comment_status":"open","ping_status":"closed","sticky":false,"template":"","format":"standard","meta":{"footnotes":""},"categories":[137],"tags":[],"class_list":["post-263851","post","type-post","status-publish","format-standard","has-post-thumbnail","hentry","category-bahia"],"yoast_head":"<!-- This site is optimized with the Yoast SEO Premium plugin v24.2 (Yoast SEO v26.9) - https:\/\/yoast.com\/product\/yoast-seo-premium-wordpress\/ -->\n<title>Saiba o que o Bahia precisa para se classificar na Libertadores<\/title>\n<meta name=\"robots\" content=\"index, follow, max-snippet:-1, max-image-preview:large, max-video-preview:-1\" \/>\n<link rel=\"canonical\" href=\"https:\/\/www.gaveanews.com\/index.php\/2025\/05\/14\/saiba-o-que-o-bahia-precisa-para-se-classificar-na-libertadores\/\" \/>\n<meta property=\"og:locale\" content=\"pt_BR\" \/>\n<meta property=\"og:type\" content=\"article\" \/>\n<meta property=\"og:title\" content=\"Saiba o que o Bahia precisa para se classificar na Libertadores\" \/>\n<meta property=\"og:description\" content=\"Mesmo vindo de duas derrotas consecutivas, o Bahia chega \u00e0 quinta rodada da fase de grupos da Libertadores com chances claras de classifica\u00e7\u00e3o antecipada. A equipe lidera o Grupo F com sete pontos somados, enquanto o Atl\u00e9tico Nacional ocupa a vice-lideran\u00e7a, com seis. Assim sendo, a partida entre os dois clubes nesta quarta-feira (14), \u00e0s [&hellip;]\" \/>\n<meta property=\"og:url\" content=\"https:\/\/www.gaveanews.com\/index.php\/2025\/05\/14\/saiba-o-que-o-bahia-precisa-para-se-classificar-na-libertadores\/\" \/>\n<meta property=\"og:site_name\" content=\"G\u00e1vea News\" \/>\n<meta property=\"article:publisher\" content=\"https:\/\/facebook.com\/gaveaNews\/\" \/>\n<meta property=\"article:published_time\" content=\"2025-05-14T21:40:00+00:00\" \/>\n<meta property=\"article:modified_time\" content=\"2025-05-14T22:53:28+00:00\" \/>\n<meta property=\"og:image\" content=\"http:\/\/www.gaveanews.com\/wp-content\/uploads\/Escudo-do-Bahia.webp\" \/>\n\t<meta property=\"og:image:width\" content=\"2048\" \/>\n\t<meta property=\"og:image:height\" content=\"1366\" \/>\n\t<meta property=\"og:image:type\" content=\"image\/jpeg\" \/>\n<meta name=\"author\" content=\"Paula Silva\" \/>\n<meta name=\"twitter:card\" content=\"summary_large_image\" \/>\n<meta name=\"twitter:label1\" content=\"Escrito por\" \/>\n\t<meta name=\"twitter:data1\" content=\"Paula Silva\" \/>\n\t<meta name=\"twitter:label2\" content=\"Est. tempo de leitura\" \/>\n\t<meta name=\"twitter:data2\" content=\"3 minutos\" \/>\n<script type=\"application\/ld+json\" class=\"yoast-schema-graph\">{\"@context\":\"https:\/\/schema.org\",\"@graph\":[{\"@type\":\"NewsArticle\",\"@id\":\"https:\/\/www.gaveanews.com\/index.php\/2025\/05\/14\/saiba-o-que-o-bahia-precisa-para-se-classificar-na-libertadores\/#article\",\"isPartOf\":{\"@id\":\"https:\/\/www.gaveanews.com\/index.php\/2025\/05\/14\/saiba-o-que-o-bahia-precisa-para-se-classificar-na-libertadores\/\"},\"author\":{\"name\":\"Paula Silva\",\"@id\":\"https:\/\/www.gaveanews.com\/#\/schema\/person\/daf63eec72e1164eb13dc35096c2b8da\"},\"headline\":\"Saiba o que o Bahia precisa para se classificar na Libertadores\",\"datePublished\":\"2025-05-14T21:40:00+00:00\",\"dateModified\":\"2025-05-14T22:53:28+00:00\",\"mainEntityOfPage\":{\"@id\":\"https:\/\/www.gaveanews.com\/index.php\/2025\/05\/14\/saiba-o-que-o-bahia-precisa-para-se-classificar-na-libertadores\/\"},\"wordCount\":395,\"commentCount\":0,\"image\":{\"@id\":\"https:\/\/www.gaveanews.com\/index.php\/2025\/05\/14\/saiba-o-que-o-bahia-precisa-para-se-classificar-na-libertadores\/#primaryimage\"},\"thumbnailUrl\":\"https:\/\/www.gaveanews.com\/wp-content\/uploads\/Escudo-do-Bahia.webp\",\"articleSection\":[\"Bahia\"],\"inLanguage\":\"pt-BR\",\"potentialAction\":[{\"@type\":\"CommentAction\",\"name\":\"Comment\",\"target\":[\"https:\/\/www.gaveanews.com\/index.php\/2025\/05\/14\/saiba-o-que-o-bahia-precisa-para-se-classificar-na-libertadores\/#respond\"]}],\"copyrightYear\":\"2025\",\"copyrightHolder\":{\"@id\":\"https:\/\/www.gaveanews.com\/#organization\"}},{\"@type\":\"WebPage\",\"@id\":\"https:\/\/www.gaveanews.com\/index.php\/2025\/05\/14\/saiba-o-que-o-bahia-precisa-para-se-classificar-na-libertadores\/\",\"url\":\"https:\/\/www.gaveanews.com\/index.php\/2025\/05\/14\/saiba-o-que-o-bahia-precisa-para-se-classificar-na-libertadores\/\",\"name\":\"Saiba o que o Bahia precisa para se classificar na Libertadores\",\"isPartOf\":{\"@id\":\"https:\/\/www.gaveanews.com\/#website\"},\"primaryImageOfPage\":{\"@id\":\"https:\/\/www.gaveanews.com\/index.php\/2025\/05\/14\/saiba-o-que-o-bahia-precisa-para-se-classificar-na-libertadores\/#primaryimage\"},\"image\":{\"@id\":\"https:\/\/www.gaveanews.com\/index.php\/2025\/05\/14\/saiba-o-que-o-bahia-precisa-para-se-classificar-na-libertadores\/#primaryimage\"},\"thumbnailUrl\":\"https:\/\/www.gaveanews.com\/wp-content\/uploads\/Escudo-do-Bahia.webp\",\"datePublished\":\"2025-05-14T21:40:00+00:00\",\"dateModified\":\"2025-05-14T22:53:28+00:00\",\"author\":{\"@id\":\"https:\/\/www.gaveanews.com\/#\/schema\/person\/daf63eec72e1164eb13dc35096c2b8da\"},\"breadcrumb\":{\"@id\":\"https:\/\/www.gaveanews.com\/index.php\/2025\/05\/14\/saiba-o-que-o-bahia-precisa-para-se-classificar-na-libertadores\/#breadcrumb\"},\"inLanguage\":\"pt-BR\",\"potentialAction\":[{\"@type\":\"ReadAction\",\"target\":[\"https:\/\/www.gaveanews.com\/index.php\/2025\/05\/14\/saiba-o-que-o-bahia-precisa-para-se-classificar-na-libertadores\/\"]}]},{\"@type\":\"ImageObject\",\"inLanguage\":\"pt-BR\",\"@id\":\"https:\/\/www.gaveanews.com\/index.php\/2025\/05\/14\/saiba-o-que-o-bahia-precisa-para-se-classificar-na-libertadores\/#primaryimage\",\"url\":\"https:\/\/www.gaveanews.com\/wp-content\/uploads\/Escudo-do-Bahia.webp\",\"contentUrl\":\"https:\/\/www.gaveanews.com\/wp-content\/uploads\/Escudo-do-Bahia.webp\",\"width\":2048,\"height\":1366,\"caption\":\"Escudo do Bahia (Foto: Reprodu\u00e7\u00e3o)\"},{\"@type\":\"BreadcrumbList\",\"@id\":\"https:\/\/www.gaveanews.com\/index.php\/2025\/05\/14\/saiba-o-que-o-bahia-precisa-para-se-classificar-na-libertadores\/#breadcrumb\",\"itemListElement\":[{\"@type\":\"ListItem\",\"position\":1,\"name\":\"Home\",\"item\":\"https:\/\/www.gaveanews.com\/\"},{\"@type\":\"ListItem\",\"position\":2,\"name\":\"Saiba o que o Bahia precisa para se classificar na Libertadores\"}]},{\"@type\":\"WebSite\",\"@id\":\"https:\/\/www.gaveanews.com\/#website\",\"url\":\"https:\/\/www.gaveanews.com\/\",\"name\":\"G\u00e1vea News\",\"description\":\"Veja todas as not\u00edcias sobre o Flamengo: Contrata\u00e7\u00f5es, categorias de base, resultados das partidas, tabela de classifica\u00e7\u00e3o, pr\u00f3ximos jogos!\",\"potentialAction\":[{\"@type\":\"SearchAction\",\"target\":{\"@type\":\"EntryPoint\",\"urlTemplate\":\"https:\/\/www.gaveanews.com\/?s={search_term_string}\"},\"query-input\":{\"@type\":\"PropertyValueSpecification\",\"valueRequired\":true,\"valueName\":\"search_term_string\"}}],\"inLanguage\":\"pt-BR\"},{\"@type\":\"Person\",\"@id\":\"https:\/\/www.gaveanews.com\/#\/schema\/person\/daf63eec72e1164eb13dc35096c2b8da\",\"name\":\"Paula Silva\",\"image\":{\"@type\":\"ImageObject\",\"inLanguage\":\"pt-BR\",\"@id\":\"https:\/\/www.gaveanews.com\/#\/schema\/person\/image\/\",\"url\":\"https:\/\/secure.gravatar.com\/avatar\/eda381c845527cc5d64c13b901833cda29d97500ba040d3e6461f76f51d163bb?s=96&d=mm&r=g\",\"contentUrl\":\"https:\/\/secure.gravatar.com\/avatar\/eda381c845527cc5d64c13b901833cda29d97500ba040d3e6461f76f51d163bb?s=96&d=mm&r=g\",\"caption\":\"Paula Silva\"}}]}<\/script>\n<!-- \/ Yoast SEO Premium plugin. -->","yoast_head_json":{"title":"Saiba o que o Bahia precisa para se classificar na Libertadores","robots":{"index":"index","follow":"follow","max-snippet":"max-snippet:-1","max-image-preview":"max-image-preview:large","max-video-preview":"max-video-preview:-1"},"canonical":"https:\/\/www.gaveanews.com\/index.php\/2025\/05\/14\/saiba-o-que-o-bahia-precisa-para-se-classificar-na-libertadores\/","og_locale":"pt_BR","og_type":"article","og_title":"Saiba o que o Bahia precisa para se classificar na Libertadores","og_description":"Mesmo vindo de duas derrotas consecutivas, o Bahia chega \u00e0 quinta rodada da fase de grupos da Libertadores com chances claras de classifica\u00e7\u00e3o antecipada. A equipe lidera o Grupo F com sete pontos somados, enquanto o Atl\u00e9tico Nacional ocupa a vice-lideran\u00e7a, com seis. Assim sendo, a partida entre os dois clubes nesta quarta-feira (14), \u00e0s [&hellip;]","og_url":"https:\/\/www.gaveanews.com\/index.php\/2025\/05\/14\/saiba-o-que-o-bahia-precisa-para-se-classificar-na-libertadores\/","og_site_name":"G\u00e1vea News","article_publisher":"https:\/\/facebook.com\/gaveaNews\/","article_published_time":"2025-05-14T21:40:00+00:00","article_modified_time":"2025-05-14T22:53:28+00:00","og_image":[{"width":2048,"height":1366,"url":"http:\/\/www.gaveanews.com\/wp-content\/uploads\/Escudo-do-Bahia.webp","type":"image\/jpeg"}],"author":"Paula Silva","twitter_card":"summary_large_image","twitter_misc":{"Escrito por":"Paula Silva","Est. tempo de leitura":"3 minutos"},"schema":{"@context":"https:\/\/schema.org","@graph":[{"@type":"NewsArticle","@id":"https:\/\/www.gaveanews.com\/index.php\/2025\/05\/14\/saiba-o-que-o-bahia-precisa-para-se-classificar-na-libertadores\/#article","isPartOf":{"@id":"https:\/\/www.gaveanews.com\/index.php\/2025\/05\/14\/saiba-o-que-o-bahia-precisa-para-se-classificar-na-libertadores\/"},"author":{"name":"Paula Silva","@id":"https:\/\/www.gaveanews.com\/#\/schema\/person\/daf63eec72e1164eb13dc35096c2b8da"},"headline":"Saiba o que o Bahia precisa para se classificar na Libertadores","datePublished":"2025-05-14T21:40:00+00:00","dateModified":"2025-05-14T22:53:28+00:00","mainEntityOfPage":{"@id":"https:\/\/www.gaveanews.com\/index.php\/2025\/05\/14\/saiba-o-que-o-bahia-precisa-para-se-classificar-na-libertadores\/"},"wordCount":395,"commentCount":0,"image":{"@id":"https:\/\/www.gaveanews.com\/index.php\/2025\/05\/14\/saiba-o-que-o-bahia-precisa-para-se-classificar-na-libertadores\/#primaryimage"},"thumbnailUrl":"https:\/\/www.gaveanews.com\/wp-content\/uploads\/Escudo-do-Bahia.webp","articleSection":["Bahia"],"inLanguage":"pt-BR","potentialAction":[{"@type":"CommentAction","name":"Comment","target":["https:\/\/www.gaveanews.com\/index.php\/2025\/05\/14\/saiba-o-que-o-bahia-precisa-para-se-classificar-na-libertadores\/#respond"]}],"copyrightYear":"2025","copyrightHolder":{"@id":"https:\/\/www.gaveanews.com\/#organization"}},{"@type":"WebPage","@id":"https:\/\/www.gaveanews.com\/index.php\/2025\/05\/14\/saiba-o-que-o-bahia-precisa-para-se-classificar-na-libertadores\/","url":"https:\/\/www.gaveanews.com\/index.php\/2025\/05\/14\/saiba-o-que-o-bahia-precisa-para-se-classificar-na-libertadores\/","name":"Saiba o que o Bahia precisa para se classificar na Libertadores","isPartOf":{"@id":"https:\/\/www.gaveanews.com\/#website"},"primaryImageOfPage":{"@id":"https:\/\/www.gaveanews.com\/index.php\/2025\/05\/14\/saiba-o-que-o-bahia-precisa-para-se-classificar-na-libertadores\/#primaryimage"},"image":{"@id":"https:\/\/www.gaveanews.com\/index.php\/2025\/05\/14\/saiba-o-que-o-bahia-precisa-para-se-classificar-na-libertadores\/#primaryimage"},"thumbnailUrl":"https:\/\/www.gaveanews.com\/wp-content\/uploads\/Escudo-do-Bahia.webp","datePublished":"2025-05-14T21:40:00+00:00","dateModified":"2025-05-14T22:53:28+00:00","author":{"@id":"https:\/\/www.gaveanews.com\/#\/schema\/person\/daf63eec72e1164eb13dc35096c2b8da"},"breadcrumb":{"@id":"https:\/\/www.gaveanews.com\/index.php\/2025\/05\/14\/saiba-o-que-o-bahia-precisa-para-se-classificar-na-libertadores\/#breadcrumb"},"inLanguage":"pt-BR","potentialAction":[{"@type":"ReadAction","target":["https:\/\/www.gaveanews.com\/index.php\/2025\/05\/14\/saiba-o-que-o-bahia-precisa-para-se-classificar-na-libertadores\/"]}]},{"@type":"ImageObject","inLanguage":"pt-BR","@id":"https:\/\/www.gaveanews.com\/index.php\/2025\/05\/14\/saiba-o-que-o-bahia-precisa-para-se-classificar-na-libertadores\/#primaryimage","url":"https:\/\/www.gaveanews.com\/wp-content\/uploads\/Escudo-do-Bahia.webp","contentUrl":"https:\/\/www.gaveanews.com\/wp-content\/uploads\/Escudo-do-Bahia.webp","width":2048,"height":1366,"caption":"Escudo do Bahia (Foto: Reprodu\u00e7\u00e3o)"},{"@type":"BreadcrumbList","@id":"https:\/\/www.gaveanews.com\/index.php\/2025\/05\/14\/saiba-o-que-o-bahia-precisa-para-se-classificar-na-libertadores\/#breadcrumb","itemListElement":[{"@type":"ListItem","position":1,"name":"Home","item":"https:\/\/www.gaveanews.com\/"},{"@type":"ListItem","position":2,"name":"Saiba o que o Bahia precisa para se classificar na Libertadores"}]},{"@type":"WebSite","@id":"https:\/\/www.gaveanews.com\/#website","url":"https:\/\/www.gaveanews.com\/","name":"G\u00e1vea News","description":"Veja todas as not\u00edcias sobre o Flamengo: Contrata\u00e7\u00f5es, categorias de base, resultados das partidas, tabela de classifica\u00e7\u00e3o, pr\u00f3ximos jogos!","potentialAction":[{"@type":"SearchAction","target":{"@type":"EntryPoint","urlTemplate":"https:\/\/www.gaveanews.com\/?s={search_term_string}"},"query-input":{"@type":"PropertyValueSpecification","valueRequired":true,"valueName":"search_term_string"}}],"inLanguage":"pt-BR"},{"@type":"Person","@id":"https:\/\/www.gaveanews.com\/#\/schema\/person\/daf63eec72e1164eb13dc35096c2b8da","name":"Paula Silva","image":{"@type":"ImageObject","inLanguage":"pt-BR","@id":"https:\/\/www.gaveanews.com\/#\/schema\/person\/image\/","url":"https:\/\/secure.gravatar.com\/avatar\/eda381c845527cc5d64c13b901833cda29d97500ba040d3e6461f76f51d163bb?s=96&d=mm&r=g","contentUrl":"https:\/\/secure.gravatar.com\/avatar\/eda381c845527cc5d64c13b901833cda29d97500ba040d3e6461f76f51d163bb?s=96&d=mm&r=g","caption":"Paula Silva"}}]}},"_links":{"self":[{"href":"https:\/\/www.gaveanews.com\/index.php\/wp-json\/wp\/v2\/posts\/263851","targetHints":{"allow":["GET"]}}],"collection":[{"href":"https:\/\/www.gaveanews.com\/index.php\/wp-json\/wp\/v2\/posts"}],"about":[{"href":"https:\/\/www.gaveanews.com\/index.php\/wp-json\/wp\/v2\/types\/post"}],"author":[{"embeddable":true,"href":"https:\/\/www.gaveanews.com\/index.php\/wp-json\/wp\/v2\/users\/18"}],"replies":[{"embeddable":true,"href":"https:\/\/www.gaveanews.com\/index.php\/wp-json\/wp\/v2\/comments?post=263851"}],"version-history":[{"count":1,"href":"https:\/\/www.gaveanews.com\/index.php\/wp-json\/wp\/v2\/posts\/263851\/revisions"}],"predecessor-version":[{"id":263857,"href":"https:\/\/www.gaveanews.com\/index.php\/wp-json\/wp\/v2\/posts\/263851\/revisions\/263857"}],"wp:featuredmedia":[{"embeddable":true,"href":"https:\/\/www.gaveanews.com\/index.php\/wp-json\/wp\/v2\/media\/155116"}],"wp:attachment":[{"href":"https:\/\/www.gaveanews.com\/index.php\/wp-json\/wp\/v2\/media?parent=263851"}],"wp:term":[{"taxonomy":"category","embeddable":true,"href":"https:\/\/www.gaveanews.com\/index.php\/wp-json\/wp\/v2\/categories?post=263851"},{"taxonomy":"post_tag","embeddable":true,"href":"https:\/\/www.gaveanews.com\/index.php\/wp-json\/wp\/v2\/tags?post=263851"}],"curies":[{"name":"wp","href":"https:\/\/api.w.org\/{rel}","templated":true}]}}