{"id":263980,"date":"2025-05-15T14:30:00","date_gmt":"2025-05-15T17:30:00","guid":{"rendered":"https:\/\/www.gaveanews.com\/?p=263980"},"modified":"2025-05-15T14:09:57","modified_gmt":"2025-05-15T17:09:57","slug":"ex-flamengo-e-corinthians-concorre-a-premio-importante-na-europa","status":"publish","type":"post","link":"https:\/\/www.gaveanews.com\/index.php\/2025\/05\/15\/ex-flamengo-e-corinthians-concorre-a-premio-importante-na-europa\/","title":{"rendered":"Ex-Flamengo e Corinthians concorre a pr\u00eamio importante na Europa"},"content":{"rendered":"\n<p>O t\u00e9cnico portugu\u00eas V\u00edtor Pereira, que anteriormente passou por Flamengo e Corinthians, foi nomeado entre os finalistas ao pr\u00eamio de melhor treinador da Premier League na temporada 2024\/2025. Sua indica\u00e7\u00e3o surpreende parte do cen\u00e1rio europeu, sobretudo pelo contexto em que assumiu o Wolverhampton. <\/p>\n\n\n\n<p>Quando chegou ao clube ingl\u00eas, em dezembro, o time ocupava uma posi\u00e7\u00e3o delicada na tabela, flertando com a zona de rebaixamento. Entretanto, o cen\u00e1rio foi rapidamente transformado.<\/p>\n\n\n\n<p>O treinador lusitano conseguiu estabilizar o elenco e, com uma s\u00e9rie de ajustes t\u00e1ticos, conduziu o Wolverhampton a uma recupera\u00e7\u00e3o s\u00f3lida. Comandou a equipe em 20 partidas na liga nacional e obteve dez vit\u00f3rias, duas igualdades e oito reveses. <\/p>\n\n\n\n<p>Apesar de algumas derrotas, metade delas ocorreram frente a advers\u00e1rios do chamado Big Six, como Liverpool, Manchester City, Chelsea e Arsenal. Em contrapartida, seu time venceu o Manchester United em duas oportunidades, al\u00e9m de emplacar seis triunfos consecutivos \u2014 marca hist\u00f3rica para o clube \u2014 diante de Southampton, West Ham, Ipswich Town, Tottenham, Leicester City e o pr\u00f3prio United.<\/p>\n\n\n\n<p>\u201cConseguimos nos afastar da parte de baixo da tabela com confian\u00e7a e comprometimento\u201d, declarou o t\u00e9cnico, conforme publicado por ve\u00edculos da imprensa inglesa. Com essa sequ\u00eancia, o Wolverhampton assegurou a perman\u00eancia na elite do futebol brit\u00e2nico e encerrou a campanha na 14\u00aa coloca\u00e7\u00e3o, resultado considerado positivo diante do panorama inicial.<\/p>\n\n\n\n<p>A concorr\u00eancia, por\u00e9m, \u00e9 pesada. Arne Slot, campe\u00e3o com o Liverpool e dono de um aproveitamento not\u00e1vel de 83 pontos em 36 partidas, \u00e9 amplamente apontado como favorito. Thomas Frank, do Brentford, Eddie Howe, do Newcastle, e Nuno Esp\u00edrito Santo, atual comandante do Nottingham Forest, completam a lista de indicados. <\/p>\n\n\n\n<p>Todos eles conduziram campanhas consistentes, sendo que Howe, por exemplo, deixou o Newcastle muito pr\u00f3ximo da classifica\u00e7\u00e3o \u00e0 pr\u00f3xima Liga dos Campe\u00f5es. J\u00e1 Nuno, com elenco mais limitado, levou o Forest \u00e0 Liga Confer\u00eancia, enquanto Frank manteve o Brentford competitivo apesar das limita\u00e7\u00f5es or\u00e7ament\u00e1rias.<\/p>\n\n\n\n<p>Anteriormente, V\u00edtor teve passagem curta pelo futebol brasileiro. Ap\u00f3s conduzir o Corinthians ao vice-campeonato da Copa do Brasil em 2022, foi contratado pelo Flamengo para a temporada seguinte. No entanto, o in\u00edcio tumultuado do calend\u00e1rio afetou diretamente o desempenho do portugu\u00eas no clube carioca. <\/p>\n\n\n\n<p>Em apenas 18 compromissos oficiais, acumulou sete derrotas, perdeu todas as finais que disputou e deixou o cargo ap\u00f3s rev\u00e9s na decis\u00e3o do Campeonato Carioca contra o Fluminense, mesmo ap\u00f3s vantagem no jogo de ida.<\/p>\n\n\n\n<p>Agora, a realidade \u00e9 outra. O nome de V\u00edtor Pereira est\u00e1 entre os mais comentados no futebol ingl\u00eas e a indica\u00e7\u00e3o ao pr\u00eamio representa um reconhecimento ineg\u00e1vel de sua r\u00e1pida adapta\u00e7\u00e3o e efici\u00eancia em um dos torneios mais exigentes do mundo. <\/p>\n","protected":false},"excerpt":{"rendered":"<p>O t\u00e9cnico portugu\u00eas V\u00edtor Pereira, que anteriormente passou por Flamengo e Corinthians, foi nomeado entre os finalistas ao pr\u00eamio de melhor treinador da Premier League na temporada 2024\/2025. Sua indica\u00e7\u00e3o surpreende parte do cen\u00e1rio europeu, sobretudo pelo contexto em que assumiu o Wolverhampton. Quando chegou ao clube ingl\u00eas, em dezembro, o time ocupava uma posi\u00e7\u00e3o [&hellip;]<\/p>\n","protected":false},"author":30,"featured_media":120799,"comment_status":"open","ping_status":"closed","sticky":false,"template":"","format":"standard","meta":{"footnotes":""},"categories":[141,1,78,85,486],"tags":[],"class_list":["post-263980","post","type-post","status-publish","format-standard","has-post-thumbnail","hentry","category-corinthians","category-flamengo","category-futebol-internacional","category-premier-league","category-wolverhampton"],"yoast_head":"<!-- This site is optimized with the Yoast SEO Premium plugin v24.2 (Yoast SEO v26.9) - https:\/\/yoast.com\/product\/yoast-seo-premium-wordpress\/ -->\n<title>Ex-Flamengo e Corinthians concorre a pr\u00eamio importante na Europa<\/title>\n<meta name=\"robots\" content=\"index, follow, max-snippet:-1, max-image-preview:large, max-video-preview:-1\" \/>\n<link rel=\"canonical\" href=\"https:\/\/www.gaveanews.com\/index.php\/2025\/05\/15\/ex-flamengo-e-corinthians-concorre-a-premio-importante-na-europa\/\" \/>\n<meta property=\"og:locale\" content=\"pt_BR\" \/>\n<meta property=\"og:type\" content=\"article\" \/>\n<meta property=\"og:title\" content=\"Ex-Flamengo e Corinthians concorre a pr\u00eamio importante na Europa\" \/>\n<meta property=\"og:description\" content=\"O t\u00e9cnico portugu\u00eas V\u00edtor Pereira, que anteriormente passou por Flamengo e Corinthians, foi nomeado entre os finalistas ao pr\u00eamio de melhor treinador da Premier League na temporada 2024\/2025. Sua indica\u00e7\u00e3o surpreende parte do cen\u00e1rio europeu, sobretudo pelo contexto em que assumiu o Wolverhampton. Quando chegou ao clube ingl\u00eas, em dezembro, o time ocupava uma posi\u00e7\u00e3o [&hellip;]\" \/>\n<meta property=\"og:url\" content=\"https:\/\/www.gaveanews.com\/index.php\/2025\/05\/15\/ex-flamengo-e-corinthians-concorre-a-premio-importante-na-europa\/\" \/>\n<meta property=\"og:site_name\" content=\"G\u00e1vea News\" \/>\n<meta property=\"article:publisher\" content=\"https:\/\/facebook.com\/gaveaNews\/\" \/>\n<meta property=\"article:published_time\" content=\"2025-05-15T17:30:00+00:00\" \/>\n<meta property=\"og:image\" content=\"https:\/\/www.gaveanews.com\/wp-content\/uploads\/premir-league.webp\" \/>\n\t<meta property=\"og:image:width\" content=\"866\" \/>\n\t<meta property=\"og:image:height\" content=\"525\" \/>\n\t<meta property=\"og:image:type\" content=\"image\/webp\" \/>\n<meta name=\"author\" content=\"Ana Teixeira\" \/>\n<meta name=\"twitter:card\" content=\"summary_large_image\" \/>\n<meta name=\"twitter:label1\" content=\"Escrito por\" \/>\n\t<meta name=\"twitter:data1\" content=\"Ana Teixeira\" \/>\n\t<meta name=\"twitter:label2\" content=\"Est. tempo de leitura\" \/>\n\t<meta name=\"twitter:data2\" content=\"3 minutos\" \/>\n<script type=\"application\/ld+json\" class=\"yoast-schema-graph\">{\"@context\":\"https:\/\/schema.org\",\"@graph\":[{\"@type\":\"NewsArticle\",\"@id\":\"https:\/\/www.gaveanews.com\/index.php\/2025\/05\/15\/ex-flamengo-e-corinthians-concorre-a-premio-importante-na-europa\/#article\",\"isPartOf\":{\"@id\":\"https:\/\/www.gaveanews.com\/index.php\/2025\/05\/15\/ex-flamengo-e-corinthians-concorre-a-premio-importante-na-europa\/\"},\"author\":{\"name\":\"Ana Teixeira\",\"@id\":\"https:\/\/www.gaveanews.com\/#\/schema\/person\/3b19f7288b0ce20372991275e4f2e6c2\"},\"headline\":\"Ex-Flamengo e Corinthians concorre a pr\u00eamio importante na Europa\",\"datePublished\":\"2025-05-15T17:30:00+00:00\",\"mainEntityOfPage\":{\"@id\":\"https:\/\/www.gaveanews.com\/index.php\/2025\/05\/15\/ex-flamengo-e-corinthians-concorre-a-premio-importante-na-europa\/\"},\"wordCount\":483,\"commentCount\":0,\"image\":{\"@id\":\"https:\/\/www.gaveanews.com\/index.php\/2025\/05\/15\/ex-flamengo-e-corinthians-concorre-a-premio-importante-na-europa\/#primaryimage\"},\"thumbnailUrl\":\"https:\/\/www.gaveanews.com\/wp-content\/uploads\/premir-league.webp\",\"articleSection\":[\"Corinthians\",\"Flamengo\",\"Futebol Internacional\",\"Premier League\",\"Wolverhampton\"],\"inLanguage\":\"pt-BR\",\"potentialAction\":[{\"@type\":\"CommentAction\",\"name\":\"Comment\",\"target\":[\"https:\/\/www.gaveanews.com\/index.php\/2025\/05\/15\/ex-flamengo-e-corinthians-concorre-a-premio-importante-na-europa\/#respond\"]}],\"copyrightYear\":\"2025\",\"copyrightHolder\":{\"@id\":\"https:\/\/www.gaveanews.com\/#organization\"}},{\"@type\":\"WebPage\",\"@id\":\"https:\/\/www.gaveanews.com\/index.php\/2025\/05\/15\/ex-flamengo-e-corinthians-concorre-a-premio-importante-na-europa\/\",\"url\":\"https:\/\/www.gaveanews.com\/index.php\/2025\/05\/15\/ex-flamengo-e-corinthians-concorre-a-premio-importante-na-europa\/\",\"name\":\"Ex-Flamengo e Corinthians concorre a pr\u00eamio importante na Europa\",\"isPartOf\":{\"@id\":\"https:\/\/www.gaveanews.com\/#website\"},\"primaryImageOfPage\":{\"@id\":\"https:\/\/www.gaveanews.com\/index.php\/2025\/05\/15\/ex-flamengo-e-corinthians-concorre-a-premio-importante-na-europa\/#primaryimage\"},\"image\":{\"@id\":\"https:\/\/www.gaveanews.com\/index.php\/2025\/05\/15\/ex-flamengo-e-corinthians-concorre-a-premio-importante-na-europa\/#primaryimage\"},\"thumbnailUrl\":\"https:\/\/www.gaveanews.com\/wp-content\/uploads\/premir-league.webp\",\"datePublished\":\"2025-05-15T17:30:00+00:00\",\"author\":{\"@id\":\"https:\/\/www.gaveanews.com\/#\/schema\/person\/3b19f7288b0ce20372991275e4f2e6c2\"},\"breadcrumb\":{\"@id\":\"https:\/\/www.gaveanews.com\/index.php\/2025\/05\/15\/ex-flamengo-e-corinthians-concorre-a-premio-importante-na-europa\/#breadcrumb\"},\"inLanguage\":\"pt-BR\",\"potentialAction\":[{\"@type\":\"ReadAction\",\"target\":[\"https:\/\/www.gaveanews.com\/index.php\/2025\/05\/15\/ex-flamengo-e-corinthians-concorre-a-premio-importante-na-europa\/\"]}]},{\"@type\":\"ImageObject\",\"inLanguage\":\"pt-BR\",\"@id\":\"https:\/\/www.gaveanews.com\/index.php\/2025\/05\/15\/ex-flamengo-e-corinthians-concorre-a-premio-importante-na-europa\/#primaryimage\",\"url\":\"https:\/\/www.gaveanews.com\/wp-content\/uploads\/premir-league.webp\",\"contentUrl\":\"https:\/\/www.gaveanews.com\/wp-content\/uploads\/premir-league.webp\",\"width\":866,\"height\":525,\"caption\":\"Premier League logo (Foto: Reprodu\u00e7\u00e3o)\"},{\"@type\":\"BreadcrumbList\",\"@id\":\"https:\/\/www.gaveanews.com\/index.php\/2025\/05\/15\/ex-flamengo-e-corinthians-concorre-a-premio-importante-na-europa\/#breadcrumb\",\"itemListElement\":[{\"@type\":\"ListItem\",\"position\":1,\"name\":\"Home\",\"item\":\"https:\/\/www.gaveanews.com\/\"},{\"@type\":\"ListItem\",\"position\":2,\"name\":\"Ex-Flamengo e Corinthians concorre a pr\u00eamio importante na Europa\"}]},{\"@type\":\"WebSite\",\"@id\":\"https:\/\/www.gaveanews.com\/#website\",\"url\":\"https:\/\/www.gaveanews.com\/\",\"name\":\"G\u00e1vea News\",\"description\":\"Veja todas as not\u00edcias sobre o Flamengo: Contrata\u00e7\u00f5es, categorias de base, resultados das partidas, tabela de classifica\u00e7\u00e3o, pr\u00f3ximos jogos!\",\"potentialAction\":[{\"@type\":\"SearchAction\",\"target\":{\"@type\":\"EntryPoint\",\"urlTemplate\":\"https:\/\/www.gaveanews.com\/?s={search_term_string}\"},\"query-input\":{\"@type\":\"PropertyValueSpecification\",\"valueRequired\":true,\"valueName\":\"search_term_string\"}}],\"inLanguage\":\"pt-BR\"},{\"@type\":\"Person\",\"@id\":\"https:\/\/www.gaveanews.com\/#\/schema\/person\/3b19f7288b0ce20372991275e4f2e6c2\",\"name\":\"Ana Teixeira\",\"image\":{\"@type\":\"ImageObject\",\"inLanguage\":\"pt-BR\",\"@id\":\"https:\/\/www.gaveanews.com\/#\/schema\/person\/image\/\",\"url\":\"https:\/\/secure.gravatar.com\/avatar\/0a73f5a5258f3fed37fc2fa641892f3f7a4748456d4d4792f9bc550e6c19e06c?s=96&d=mm&r=g\",\"contentUrl\":\"https:\/\/secure.gravatar.com\/avatar\/0a73f5a5258f3fed37fc2fa641892f3f7a4748456d4d4792f9bc550e6c19e06c?s=96&d=mm&r=g\",\"caption\":\"Ana Teixeira\"}}]}<\/script>\n<!-- \/ Yoast SEO Premium plugin. -->","yoast_head_json":{"title":"Ex-Flamengo e Corinthians concorre a pr\u00eamio importante na Europa","robots":{"index":"index","follow":"follow","max-snippet":"max-snippet:-1","max-image-preview":"max-image-preview:large","max-video-preview":"max-video-preview:-1"},"canonical":"https:\/\/www.gaveanews.com\/index.php\/2025\/05\/15\/ex-flamengo-e-corinthians-concorre-a-premio-importante-na-europa\/","og_locale":"pt_BR","og_type":"article","og_title":"Ex-Flamengo e Corinthians concorre a pr\u00eamio importante na Europa","og_description":"O t\u00e9cnico portugu\u00eas V\u00edtor Pereira, que anteriormente passou por Flamengo e Corinthians, foi nomeado entre os finalistas ao pr\u00eamio de melhor treinador da Premier League na temporada 2024\/2025. Sua indica\u00e7\u00e3o surpreende parte do cen\u00e1rio europeu, sobretudo pelo contexto em que assumiu o Wolverhampton. Quando chegou ao clube ingl\u00eas, em dezembro, o time ocupava uma posi\u00e7\u00e3o [&hellip;]","og_url":"https:\/\/www.gaveanews.com\/index.php\/2025\/05\/15\/ex-flamengo-e-corinthians-concorre-a-premio-importante-na-europa\/","og_site_name":"G\u00e1vea News","article_publisher":"https:\/\/facebook.com\/gaveaNews\/","article_published_time":"2025-05-15T17:30:00+00:00","og_image":[{"width":866,"height":525,"url":"https:\/\/www.gaveanews.com\/wp-content\/uploads\/premir-league.webp","type":"image\/webp"}],"author":"Ana Teixeira","twitter_card":"summary_large_image","twitter_misc":{"Escrito por":"Ana Teixeira","Est. tempo de leitura":"3 minutos"},"schema":{"@context":"https:\/\/schema.org","@graph":[{"@type":"NewsArticle","@id":"https:\/\/www.gaveanews.com\/index.php\/2025\/05\/15\/ex-flamengo-e-corinthians-concorre-a-premio-importante-na-europa\/#article","isPartOf":{"@id":"https:\/\/www.gaveanews.com\/index.php\/2025\/05\/15\/ex-flamengo-e-corinthians-concorre-a-premio-importante-na-europa\/"},"author":{"name":"Ana Teixeira","@id":"https:\/\/www.gaveanews.com\/#\/schema\/person\/3b19f7288b0ce20372991275e4f2e6c2"},"headline":"Ex-Flamengo e Corinthians concorre a pr\u00eamio importante na Europa","datePublished":"2025-05-15T17:30:00+00:00","mainEntityOfPage":{"@id":"https:\/\/www.gaveanews.com\/index.php\/2025\/05\/15\/ex-flamengo-e-corinthians-concorre-a-premio-importante-na-europa\/"},"wordCount":483,"commentCount":0,"image":{"@id":"https:\/\/www.gaveanews.com\/index.php\/2025\/05\/15\/ex-flamengo-e-corinthians-concorre-a-premio-importante-na-europa\/#primaryimage"},"thumbnailUrl":"https:\/\/www.gaveanews.com\/wp-content\/uploads\/premir-league.webp","articleSection":["Corinthians","Flamengo","Futebol Internacional","Premier League","Wolverhampton"],"inLanguage":"pt-BR","potentialAction":[{"@type":"CommentAction","name":"Comment","target":["https:\/\/www.gaveanews.com\/index.php\/2025\/05\/15\/ex-flamengo-e-corinthians-concorre-a-premio-importante-na-europa\/#respond"]}],"copyrightYear":"2025","copyrightHolder":{"@id":"https:\/\/www.gaveanews.com\/#organization"}},{"@type":"WebPage","@id":"https:\/\/www.gaveanews.com\/index.php\/2025\/05\/15\/ex-flamengo-e-corinthians-concorre-a-premio-importante-na-europa\/","url":"https:\/\/www.gaveanews.com\/index.php\/2025\/05\/15\/ex-flamengo-e-corinthians-concorre-a-premio-importante-na-europa\/","name":"Ex-Flamengo e Corinthians concorre a pr\u00eamio importante na Europa","isPartOf":{"@id":"https:\/\/www.gaveanews.com\/#website"},"primaryImageOfPage":{"@id":"https:\/\/www.gaveanews.com\/index.php\/2025\/05\/15\/ex-flamengo-e-corinthians-concorre-a-premio-importante-na-europa\/#primaryimage"},"image":{"@id":"https:\/\/www.gaveanews.com\/index.php\/2025\/05\/15\/ex-flamengo-e-corinthians-concorre-a-premio-importante-na-europa\/#primaryimage"},"thumbnailUrl":"https:\/\/www.gaveanews.com\/wp-content\/uploads\/premir-league.webp","datePublished":"2025-05-15T17:30:00+00:00","author":{"@id":"https:\/\/www.gaveanews.com\/#\/schema\/person\/3b19f7288b0ce20372991275e4f2e6c2"},"breadcrumb":{"@id":"https:\/\/www.gaveanews.com\/index.php\/2025\/05\/15\/ex-flamengo-e-corinthians-concorre-a-premio-importante-na-europa\/#breadcrumb"},"inLanguage":"pt-BR","potentialAction":[{"@type":"ReadAction","target":["https:\/\/www.gaveanews.com\/index.php\/2025\/05\/15\/ex-flamengo-e-corinthians-concorre-a-premio-importante-na-europa\/"]}]},{"@type":"ImageObject","inLanguage":"pt-BR","@id":"https:\/\/www.gaveanews.com\/index.php\/2025\/05\/15\/ex-flamengo-e-corinthians-concorre-a-premio-importante-na-europa\/#primaryimage","url":"https:\/\/www.gaveanews.com\/wp-content\/uploads\/premir-league.webp","contentUrl":"https:\/\/www.gaveanews.com\/wp-content\/uploads\/premir-league.webp","width":866,"height":525,"caption":"Premier League logo (Foto: Reprodu\u00e7\u00e3o)"},{"@type":"BreadcrumbList","@id":"https:\/\/www.gaveanews.com\/index.php\/2025\/05\/15\/ex-flamengo-e-corinthians-concorre-a-premio-importante-na-europa\/#breadcrumb","itemListElement":[{"@type":"ListItem","position":1,"name":"Home","item":"https:\/\/www.gaveanews.com\/"},{"@type":"ListItem","position":2,"name":"Ex-Flamengo e Corinthians concorre a pr\u00eamio importante na Europa"}]},{"@type":"WebSite","@id":"https:\/\/www.gaveanews.com\/#website","url":"https:\/\/www.gaveanews.com\/","name":"G\u00e1vea News","description":"Veja todas as not\u00edcias sobre o Flamengo: Contrata\u00e7\u00f5es, categorias de base, resultados das partidas, tabela de classifica\u00e7\u00e3o, pr\u00f3ximos jogos!","potentialAction":[{"@type":"SearchAction","target":{"@type":"EntryPoint","urlTemplate":"https:\/\/www.gaveanews.com\/?s={search_term_string}"},"query-input":{"@type":"PropertyValueSpecification","valueRequired":true,"valueName":"search_term_string"}}],"inLanguage":"pt-BR"},{"@type":"Person","@id":"https:\/\/www.gaveanews.com\/#\/schema\/person\/3b19f7288b0ce20372991275e4f2e6c2","name":"Ana Teixeira","image":{"@type":"ImageObject","inLanguage":"pt-BR","@id":"https:\/\/www.gaveanews.com\/#\/schema\/person\/image\/","url":"https:\/\/secure.gravatar.com\/avatar\/0a73f5a5258f3fed37fc2fa641892f3f7a4748456d4d4792f9bc550e6c19e06c?s=96&d=mm&r=g","contentUrl":"https:\/\/secure.gravatar.com\/avatar\/0a73f5a5258f3fed37fc2fa641892f3f7a4748456d4d4792f9bc550e6c19e06c?s=96&d=mm&r=g","caption":"Ana Teixeira"}}]}},"_links":{"self":[{"href":"https:\/\/www.gaveanews.com\/index.php\/wp-json\/wp\/v2\/posts\/263980","targetHints":{"allow":["GET"]}}],"collection":[{"href":"https:\/\/www.gaveanews.com\/index.php\/wp-json\/wp\/v2\/posts"}],"about":[{"href":"https:\/\/www.gaveanews.com\/index.php\/wp-json\/wp\/v2\/types\/post"}],"author":[{"embeddable":true,"href":"https:\/\/www.gaveanews.com\/index.php\/wp-json\/wp\/v2\/users\/30"}],"replies":[{"embeddable":true,"href":"https:\/\/www.gaveanews.com\/index.php\/wp-json\/wp\/v2\/comments?post=263980"}],"version-history":[{"count":1,"href":"https:\/\/www.gaveanews.com\/index.php\/wp-json\/wp\/v2\/posts\/263980\/revisions"}],"predecessor-version":[{"id":263986,"href":"https:\/\/www.gaveanews.com\/index.php\/wp-json\/wp\/v2\/posts\/263980\/revisions\/263986"}],"wp:featuredmedia":[{"embeddable":true,"href":"https:\/\/www.gaveanews.com\/index.php\/wp-json\/wp\/v2\/media\/120799"}],"wp:attachment":[{"href":"https:\/\/www.gaveanews.com\/index.php\/wp-json\/wp\/v2\/media?parent=263980"}],"wp:term":[{"taxonomy":"category","embeddable":true,"href":"https:\/\/www.gaveanews.com\/index.php\/wp-json\/wp\/v2\/categories?post=263980"},{"taxonomy":"post_tag","embeddable":true,"href":"https:\/\/www.gaveanews.com\/index.php\/wp-json\/wp\/v2\/tags?post=263980"}],"curies":[{"name":"wp","href":"https:\/\/api.w.org\/{rel}","templated":true}]}}