{"id":263981,"date":"2025-05-15T14:35:00","date_gmt":"2025-05-15T17:35:00","guid":{"rendered":"https:\/\/www.gaveanews.com\/?p=263981"},"modified":"2025-05-15T14:10:41","modified_gmt":"2025-05-15T17:10:41","slug":"vai-rolar-selecao-brasileira-negocia-amistoso-com-o-real-madrid","status":"publish","type":"post","link":"https:\/\/www.gaveanews.com\/index.php\/2025\/05\/15\/vai-rolar-selecao-brasileira-negocia-amistoso-com-o-real-madrid\/","title":{"rendered":"Vai rolar? Sele\u00e7\u00e3o Brasileira negocia amistoso com o Real Madrid"},"content":{"rendered":"\n<p>A Confedera\u00e7\u00e3o Brasileira de Futebol (CBF) confirmou que a Sele\u00e7\u00e3o Brasileira enfrentar\u00e1 o Real Madrid em um amistoso ainda no segundo semestre de 2025. A proposta, que une duas das maiores institui\u00e7\u00f5es do futebol mundial em um confronto fora dos moldes tradicionais, foi concebida como uma homenagem a Carlo Ancelotti, atual treinador do clube espanhol e futuro t\u00e9cnico da equipe brasileira.<\/p>\n\n\n\n<p>A articula\u00e7\u00e3o do evento est\u00e1 sendo conduzida por Diego Fernandes. O empres\u00e1rio, que j\u00e1 havia sido o respons\u00e1vel pela intermedia\u00e7\u00e3o do acordo entre Ancelotti e a CBF, assumiu o protagonismo nas tratativas para a realiza\u00e7\u00e3o do confronto. <\/p>\n\n\n\n<p>A ideia, segundo ele, surgiu como um gesto simb\u00f3lico e in\u00e9dito, concebido &#8220;com o intuito de celebrar a trajet\u00f3ria de Ancelotti no futebol europeu e marcar a transi\u00e7\u00e3o para seu novo desafio \u00e0 frente da Sele\u00e7\u00e3o&#8221;, conforme destacaram as fontes envolvidas nas negocia\u00e7\u00f5es.<\/p>\n\n\n\n<p>Ainda que a data oficial da partida n\u00e3o tenha sido divulgada, as conversas evolu\u00edram significativamente nas \u00faltimas semanas. Est\u00e1 agendado para 24 de maio um encontro entre Ednaldo Rodrigues, presidente da CBF, e os dirigentes do clube espanhol. <\/p>\n\n\n\n<p>Essa reuni\u00e3o ser\u00e1 realizada em Madri, e h\u00e1 expectativa de que coincida com o jogo de despedida do t\u00e9cnico italiano no comando do Real Madrid \u2014 compromisso que depender\u00e1 de confirma\u00e7\u00e3o da La Liga.<\/p>\n\n\n\n<p>O amistoso ganhou contornos institucionais relevantes, sendo visto como uma forma de estreitar os la\u00e7os entre o futebol brasileiro e espanhol. Para al\u00e9m da simbologia esportiva, o encontro carrega uma forte carga pol\u00edtica e diplom\u00e1tica, sobretudo pela presen\u00e7a de Ednaldo em um momento em que sua perman\u00eancia \u00e0 frente da CBF est\u00e1 sendo judicialmente contestada.<\/p>\n\n\n\n<p>Embora os desafios log\u00edsticos e o calend\u00e1rio internacional representem obst\u00e1culos, a proposta foi recebida com entusiasmo tanto pela diretoria do Real Madrid quanto pelos representantes da Sele\u00e7\u00e3o. &#8220;Trata-se de um movimento que refor\u00e7a o prest\u00edgio da Sele\u00e7\u00e3o Brasileira no cen\u00e1rio mundial&#8221;, disse uma fonte pr\u00f3xima \u00e0 organiza\u00e7\u00e3o.<\/p>\n\n\n\n<p>O amistoso deve tamb\u00e9m reunir nomes de destaque que atuam nos dois lados, como Vinicius J\u00fanior, que representa tanto o clube madrilenho quanto a equipe nacional, refor\u00e7ando a conex\u00e3o entre os dois elencos. Com isso, al\u00e9m da relev\u00e2ncia simb\u00f3lica, o confronto deve atrair olhares de torcedores de todo o mundo e representar um marco hist\u00f3rico na prepara\u00e7\u00e3o da Sele\u00e7\u00e3o para os pr\u00f3ximos desafios internacionais.<\/p>\n","protected":false},"excerpt":{"rendered":"<p>A Confedera\u00e7\u00e3o Brasileira de Futebol (CBF) confirmou que a Sele\u00e7\u00e3o Brasileira enfrentar\u00e1 o Real Madrid em um amistoso ainda no segundo semestre de 2025. A proposta, que une duas das maiores institui\u00e7\u00f5es do futebol mundial em um confronto fora dos moldes tradicionais, foi concebida como uma homenagem a Carlo Ancelotti, atual treinador do clube espanhol [&hellip;]<\/p>\n","protected":false},"author":30,"featured_media":172597,"comment_status":"open","ping_status":"closed","sticky":false,"template":"","format":"standard","meta":{"footnotes":""},"categories":[478,78,88,477],"tags":[],"class_list":["post-263981","post","type-post","status-publish","format-standard","has-post-thumbnail","hentry","category-brasil","category-futebol-internacional","category-real-madrid","category-selecoes"],"yoast_head":"<!-- This site is optimized with the Yoast SEO Premium plugin v24.2 (Yoast SEO v26.9) - https:\/\/yoast.com\/product\/yoast-seo-premium-wordpress\/ -->\n<title>Vai rolar? Sele\u00e7\u00e3o Brasileira negocia amistoso com o Real Madrid<\/title>\n<meta name=\"robots\" content=\"index, follow, max-snippet:-1, max-image-preview:large, max-video-preview:-1\" \/>\n<link rel=\"canonical\" href=\"https:\/\/www.gaveanews.com\/index.php\/2025\/05\/15\/vai-rolar-selecao-brasileira-negocia-amistoso-com-o-real-madrid\/\" \/>\n<meta property=\"og:locale\" content=\"pt_BR\" \/>\n<meta property=\"og:type\" content=\"article\" \/>\n<meta property=\"og:title\" content=\"Vai rolar? Sele\u00e7\u00e3o Brasileira negocia amistoso com o Real Madrid\" \/>\n<meta property=\"og:description\" content=\"A Confedera\u00e7\u00e3o Brasileira de Futebol (CBF) confirmou que a Sele\u00e7\u00e3o Brasileira enfrentar\u00e1 o Real Madrid em um amistoso ainda no segundo semestre de 2025. A proposta, que une duas das maiores institui\u00e7\u00f5es do futebol mundial em um confronto fora dos moldes tradicionais, foi concebida como uma homenagem a Carlo Ancelotti, atual treinador do clube espanhol [&hellip;]\" \/>\n<meta property=\"og:url\" content=\"https:\/\/www.gaveanews.com\/index.php\/2025\/05\/15\/vai-rolar-selecao-brasileira-negocia-amistoso-com-o-real-madrid\/\" \/>\n<meta property=\"og:site_name\" content=\"G\u00e1vea News\" \/>\n<meta property=\"article:publisher\" content=\"https:\/\/facebook.com\/gaveaNews\/\" \/>\n<meta property=\"article:published_time\" content=\"2025-05-15T17:35:00+00:00\" \/>\n<meta property=\"og:image\" content=\"https:\/\/www.gaveanews.com\/wp-content\/uploads\/Escudo-da-CBF.webp\" \/>\n\t<meta property=\"og:image:width\" content=\"1350\" \/>\n\t<meta property=\"og:image:height\" content=\"900\" \/>\n\t<meta property=\"og:image:type\" content=\"image\/webp\" \/>\n<meta name=\"author\" content=\"Ana Teixeira\" \/>\n<meta name=\"twitter:card\" content=\"summary_large_image\" \/>\n<meta name=\"twitter:label1\" content=\"Escrito por\" \/>\n\t<meta name=\"twitter:data1\" content=\"Ana Teixeira\" \/>\n\t<meta name=\"twitter:label2\" content=\"Est. tempo de leitura\" \/>\n\t<meta name=\"twitter:data2\" content=\"3 minutos\" \/>\n<script type=\"application\/ld+json\" class=\"yoast-schema-graph\">{\"@context\":\"https:\/\/schema.org\",\"@graph\":[{\"@type\":\"NewsArticle\",\"@id\":\"https:\/\/www.gaveanews.com\/index.php\/2025\/05\/15\/vai-rolar-selecao-brasileira-negocia-amistoso-com-o-real-madrid\/#article\",\"isPartOf\":{\"@id\":\"https:\/\/www.gaveanews.com\/index.php\/2025\/05\/15\/vai-rolar-selecao-brasileira-negocia-amistoso-com-o-real-madrid\/\"},\"author\":{\"name\":\"Ana Teixeira\",\"@id\":\"https:\/\/www.gaveanews.com\/#\/schema\/person\/3b19f7288b0ce20372991275e4f2e6c2\"},\"headline\":\"Vai rolar? Sele\u00e7\u00e3o Brasileira negocia amistoso com o Real Madrid\",\"datePublished\":\"2025-05-15T17:35:00+00:00\",\"mainEntityOfPage\":{\"@id\":\"https:\/\/www.gaveanews.com\/index.php\/2025\/05\/15\/vai-rolar-selecao-brasileira-negocia-amistoso-com-o-real-madrid\/\"},\"wordCount\":431,\"commentCount\":0,\"image\":{\"@id\":\"https:\/\/www.gaveanews.com\/index.php\/2025\/05\/15\/vai-rolar-selecao-brasileira-negocia-amistoso-com-o-real-madrid\/#primaryimage\"},\"thumbnailUrl\":\"https:\/\/www.gaveanews.com\/wp-content\/uploads\/Escudo-da-CBF.webp\",\"articleSection\":[\"Brasil\",\"Futebol Internacional\",\"Real Madrid\",\"Sele\u00e7\u00f5es\"],\"inLanguage\":\"pt-BR\",\"potentialAction\":[{\"@type\":\"CommentAction\",\"name\":\"Comment\",\"target\":[\"https:\/\/www.gaveanews.com\/index.php\/2025\/05\/15\/vai-rolar-selecao-brasileira-negocia-amistoso-com-o-real-madrid\/#respond\"]}],\"copyrightYear\":\"2025\",\"copyrightHolder\":{\"@id\":\"https:\/\/www.gaveanews.com\/#organization\"}},{\"@type\":\"WebPage\",\"@id\":\"https:\/\/www.gaveanews.com\/index.php\/2025\/05\/15\/vai-rolar-selecao-brasileira-negocia-amistoso-com-o-real-madrid\/\",\"url\":\"https:\/\/www.gaveanews.com\/index.php\/2025\/05\/15\/vai-rolar-selecao-brasileira-negocia-amistoso-com-o-real-madrid\/\",\"name\":\"Vai rolar? Sele\u00e7\u00e3o Brasileira negocia amistoso com o Real Madrid\",\"isPartOf\":{\"@id\":\"https:\/\/www.gaveanews.com\/#website\"},\"primaryImageOfPage\":{\"@id\":\"https:\/\/www.gaveanews.com\/index.php\/2025\/05\/15\/vai-rolar-selecao-brasileira-negocia-amistoso-com-o-real-madrid\/#primaryimage\"},\"image\":{\"@id\":\"https:\/\/www.gaveanews.com\/index.php\/2025\/05\/15\/vai-rolar-selecao-brasileira-negocia-amistoso-com-o-real-madrid\/#primaryimage\"},\"thumbnailUrl\":\"https:\/\/www.gaveanews.com\/wp-content\/uploads\/Escudo-da-CBF.webp\",\"datePublished\":\"2025-05-15T17:35:00+00:00\",\"author\":{\"@id\":\"https:\/\/www.gaveanews.com\/#\/schema\/person\/3b19f7288b0ce20372991275e4f2e6c2\"},\"breadcrumb\":{\"@id\":\"https:\/\/www.gaveanews.com\/index.php\/2025\/05\/15\/vai-rolar-selecao-brasileira-negocia-amistoso-com-o-real-madrid\/#breadcrumb\"},\"inLanguage\":\"pt-BR\",\"potentialAction\":[{\"@type\":\"ReadAction\",\"target\":[\"https:\/\/www.gaveanews.com\/index.php\/2025\/05\/15\/vai-rolar-selecao-brasileira-negocia-amistoso-com-o-real-madrid\/\"]}]},{\"@type\":\"ImageObject\",\"inLanguage\":\"pt-BR\",\"@id\":\"https:\/\/www.gaveanews.com\/index.php\/2025\/05\/15\/vai-rolar-selecao-brasileira-negocia-amistoso-com-o-real-madrid\/#primaryimage\",\"url\":\"https:\/\/www.gaveanews.com\/wp-content\/uploads\/Escudo-da-CBF.webp\",\"contentUrl\":\"https:\/\/www.gaveanews.com\/wp-content\/uploads\/Escudo-da-CBF.webp\",\"width\":1350,\"height\":900,\"caption\":\"Escudo da CBF (Foto: Reprodu\u00e7\u00e3o)\"},{\"@type\":\"BreadcrumbList\",\"@id\":\"https:\/\/www.gaveanews.com\/index.php\/2025\/05\/15\/vai-rolar-selecao-brasileira-negocia-amistoso-com-o-real-madrid\/#breadcrumb\",\"itemListElement\":[{\"@type\":\"ListItem\",\"position\":1,\"name\":\"Home\",\"item\":\"https:\/\/www.gaveanews.com\/\"},{\"@type\":\"ListItem\",\"position\":2,\"name\":\"Vai rolar? Sele\u00e7\u00e3o Brasileira negocia amistoso com o Real Madrid\"}]},{\"@type\":\"WebSite\",\"@id\":\"https:\/\/www.gaveanews.com\/#website\",\"url\":\"https:\/\/www.gaveanews.com\/\",\"name\":\"G\u00e1vea News\",\"description\":\"Veja todas as not\u00edcias sobre o Flamengo: Contrata\u00e7\u00f5es, categorias de base, resultados das partidas, tabela de classifica\u00e7\u00e3o, pr\u00f3ximos jogos!\",\"potentialAction\":[{\"@type\":\"SearchAction\",\"target\":{\"@type\":\"EntryPoint\",\"urlTemplate\":\"https:\/\/www.gaveanews.com\/?s={search_term_string}\"},\"query-input\":{\"@type\":\"PropertyValueSpecification\",\"valueRequired\":true,\"valueName\":\"search_term_string\"}}],\"inLanguage\":\"pt-BR\"},{\"@type\":\"Person\",\"@id\":\"https:\/\/www.gaveanews.com\/#\/schema\/person\/3b19f7288b0ce20372991275e4f2e6c2\",\"name\":\"Ana Teixeira\",\"image\":{\"@type\":\"ImageObject\",\"inLanguage\":\"pt-BR\",\"@id\":\"https:\/\/www.gaveanews.com\/#\/schema\/person\/image\/\",\"url\":\"https:\/\/secure.gravatar.com\/avatar\/0a73f5a5258f3fed37fc2fa641892f3f7a4748456d4d4792f9bc550e6c19e06c?s=96&d=mm&r=g\",\"contentUrl\":\"https:\/\/secure.gravatar.com\/avatar\/0a73f5a5258f3fed37fc2fa641892f3f7a4748456d4d4792f9bc550e6c19e06c?s=96&d=mm&r=g\",\"caption\":\"Ana Teixeira\"}}]}<\/script>\n<!-- \/ Yoast SEO Premium plugin. -->","yoast_head_json":{"title":"Vai rolar? Sele\u00e7\u00e3o Brasileira negocia amistoso com o Real Madrid","robots":{"index":"index","follow":"follow","max-snippet":"max-snippet:-1","max-image-preview":"max-image-preview:large","max-video-preview":"max-video-preview:-1"},"canonical":"https:\/\/www.gaveanews.com\/index.php\/2025\/05\/15\/vai-rolar-selecao-brasileira-negocia-amistoso-com-o-real-madrid\/","og_locale":"pt_BR","og_type":"article","og_title":"Vai rolar? Sele\u00e7\u00e3o Brasileira negocia amistoso com o Real Madrid","og_description":"A Confedera\u00e7\u00e3o Brasileira de Futebol (CBF) confirmou que a Sele\u00e7\u00e3o Brasileira enfrentar\u00e1 o Real Madrid em um amistoso ainda no segundo semestre de 2025. A proposta, que une duas das maiores institui\u00e7\u00f5es do futebol mundial em um confronto fora dos moldes tradicionais, foi concebida como uma homenagem a Carlo Ancelotti, atual treinador do clube espanhol [&hellip;]","og_url":"https:\/\/www.gaveanews.com\/index.php\/2025\/05\/15\/vai-rolar-selecao-brasileira-negocia-amistoso-com-o-real-madrid\/","og_site_name":"G\u00e1vea News","article_publisher":"https:\/\/facebook.com\/gaveaNews\/","article_published_time":"2025-05-15T17:35:00+00:00","og_image":[{"width":1350,"height":900,"url":"https:\/\/www.gaveanews.com\/wp-content\/uploads\/Escudo-da-CBF.webp","type":"image\/webp"}],"author":"Ana Teixeira","twitter_card":"summary_large_image","twitter_misc":{"Escrito por":"Ana Teixeira","Est. tempo de leitura":"3 minutos"},"schema":{"@context":"https:\/\/schema.org","@graph":[{"@type":"NewsArticle","@id":"https:\/\/www.gaveanews.com\/index.php\/2025\/05\/15\/vai-rolar-selecao-brasileira-negocia-amistoso-com-o-real-madrid\/#article","isPartOf":{"@id":"https:\/\/www.gaveanews.com\/index.php\/2025\/05\/15\/vai-rolar-selecao-brasileira-negocia-amistoso-com-o-real-madrid\/"},"author":{"name":"Ana Teixeira","@id":"https:\/\/www.gaveanews.com\/#\/schema\/person\/3b19f7288b0ce20372991275e4f2e6c2"},"headline":"Vai rolar? Sele\u00e7\u00e3o Brasileira negocia amistoso com o Real Madrid","datePublished":"2025-05-15T17:35:00+00:00","mainEntityOfPage":{"@id":"https:\/\/www.gaveanews.com\/index.php\/2025\/05\/15\/vai-rolar-selecao-brasileira-negocia-amistoso-com-o-real-madrid\/"},"wordCount":431,"commentCount":0,"image":{"@id":"https:\/\/www.gaveanews.com\/index.php\/2025\/05\/15\/vai-rolar-selecao-brasileira-negocia-amistoso-com-o-real-madrid\/#primaryimage"},"thumbnailUrl":"https:\/\/www.gaveanews.com\/wp-content\/uploads\/Escudo-da-CBF.webp","articleSection":["Brasil","Futebol Internacional","Real Madrid","Sele\u00e7\u00f5es"],"inLanguage":"pt-BR","potentialAction":[{"@type":"CommentAction","name":"Comment","target":["https:\/\/www.gaveanews.com\/index.php\/2025\/05\/15\/vai-rolar-selecao-brasileira-negocia-amistoso-com-o-real-madrid\/#respond"]}],"copyrightYear":"2025","copyrightHolder":{"@id":"https:\/\/www.gaveanews.com\/#organization"}},{"@type":"WebPage","@id":"https:\/\/www.gaveanews.com\/index.php\/2025\/05\/15\/vai-rolar-selecao-brasileira-negocia-amistoso-com-o-real-madrid\/","url":"https:\/\/www.gaveanews.com\/index.php\/2025\/05\/15\/vai-rolar-selecao-brasileira-negocia-amistoso-com-o-real-madrid\/","name":"Vai rolar? Sele\u00e7\u00e3o Brasileira negocia amistoso com o Real Madrid","isPartOf":{"@id":"https:\/\/www.gaveanews.com\/#website"},"primaryImageOfPage":{"@id":"https:\/\/www.gaveanews.com\/index.php\/2025\/05\/15\/vai-rolar-selecao-brasileira-negocia-amistoso-com-o-real-madrid\/#primaryimage"},"image":{"@id":"https:\/\/www.gaveanews.com\/index.php\/2025\/05\/15\/vai-rolar-selecao-brasileira-negocia-amistoso-com-o-real-madrid\/#primaryimage"},"thumbnailUrl":"https:\/\/www.gaveanews.com\/wp-content\/uploads\/Escudo-da-CBF.webp","datePublished":"2025-05-15T17:35:00+00:00","author":{"@id":"https:\/\/www.gaveanews.com\/#\/schema\/person\/3b19f7288b0ce20372991275e4f2e6c2"},"breadcrumb":{"@id":"https:\/\/www.gaveanews.com\/index.php\/2025\/05\/15\/vai-rolar-selecao-brasileira-negocia-amistoso-com-o-real-madrid\/#breadcrumb"},"inLanguage":"pt-BR","potentialAction":[{"@type":"ReadAction","target":["https:\/\/www.gaveanews.com\/index.php\/2025\/05\/15\/vai-rolar-selecao-brasileira-negocia-amistoso-com-o-real-madrid\/"]}]},{"@type":"ImageObject","inLanguage":"pt-BR","@id":"https:\/\/www.gaveanews.com\/index.php\/2025\/05\/15\/vai-rolar-selecao-brasileira-negocia-amistoso-com-o-real-madrid\/#primaryimage","url":"https:\/\/www.gaveanews.com\/wp-content\/uploads\/Escudo-da-CBF.webp","contentUrl":"https:\/\/www.gaveanews.com\/wp-content\/uploads\/Escudo-da-CBF.webp","width":1350,"height":900,"caption":"Escudo da CBF (Foto: Reprodu\u00e7\u00e3o)"},{"@type":"BreadcrumbList","@id":"https:\/\/www.gaveanews.com\/index.php\/2025\/05\/15\/vai-rolar-selecao-brasileira-negocia-amistoso-com-o-real-madrid\/#breadcrumb","itemListElement":[{"@type":"ListItem","position":1,"name":"Home","item":"https:\/\/www.gaveanews.com\/"},{"@type":"ListItem","position":2,"name":"Vai rolar? Sele\u00e7\u00e3o Brasileira negocia amistoso com o Real Madrid"}]},{"@type":"WebSite","@id":"https:\/\/www.gaveanews.com\/#website","url":"https:\/\/www.gaveanews.com\/","name":"G\u00e1vea News","description":"Veja todas as not\u00edcias sobre o Flamengo: Contrata\u00e7\u00f5es, categorias de base, resultados das partidas, tabela de classifica\u00e7\u00e3o, pr\u00f3ximos jogos!","potentialAction":[{"@type":"SearchAction","target":{"@type":"EntryPoint","urlTemplate":"https:\/\/www.gaveanews.com\/?s={search_term_string}"},"query-input":{"@type":"PropertyValueSpecification","valueRequired":true,"valueName":"search_term_string"}}],"inLanguage":"pt-BR"},{"@type":"Person","@id":"https:\/\/www.gaveanews.com\/#\/schema\/person\/3b19f7288b0ce20372991275e4f2e6c2","name":"Ana Teixeira","image":{"@type":"ImageObject","inLanguage":"pt-BR","@id":"https:\/\/www.gaveanews.com\/#\/schema\/person\/image\/","url":"https:\/\/secure.gravatar.com\/avatar\/0a73f5a5258f3fed37fc2fa641892f3f7a4748456d4d4792f9bc550e6c19e06c?s=96&d=mm&r=g","contentUrl":"https:\/\/secure.gravatar.com\/avatar\/0a73f5a5258f3fed37fc2fa641892f3f7a4748456d4d4792f9bc550e6c19e06c?s=96&d=mm&r=g","caption":"Ana Teixeira"}}]}},"_links":{"self":[{"href":"https:\/\/www.gaveanews.com\/index.php\/wp-json\/wp\/v2\/posts\/263981","targetHints":{"allow":["GET"]}}],"collection":[{"href":"https:\/\/www.gaveanews.com\/index.php\/wp-json\/wp\/v2\/posts"}],"about":[{"href":"https:\/\/www.gaveanews.com\/index.php\/wp-json\/wp\/v2\/types\/post"}],"author":[{"embeddable":true,"href":"https:\/\/www.gaveanews.com\/index.php\/wp-json\/wp\/v2\/users\/30"}],"replies":[{"embeddable":true,"href":"https:\/\/www.gaveanews.com\/index.php\/wp-json\/wp\/v2\/comments?post=263981"}],"version-history":[{"count":1,"href":"https:\/\/www.gaveanews.com\/index.php\/wp-json\/wp\/v2\/posts\/263981\/revisions"}],"predecessor-version":[{"id":263987,"href":"https:\/\/www.gaveanews.com\/index.php\/wp-json\/wp\/v2\/posts\/263981\/revisions\/263987"}],"wp:featuredmedia":[{"embeddable":true,"href":"https:\/\/www.gaveanews.com\/index.php\/wp-json\/wp\/v2\/media\/172597"}],"wp:attachment":[{"href":"https:\/\/www.gaveanews.com\/index.php\/wp-json\/wp\/v2\/media?parent=263981"}],"wp:term":[{"taxonomy":"category","embeddable":true,"href":"https:\/\/www.gaveanews.com\/index.php\/wp-json\/wp\/v2\/categories?post=263981"},{"taxonomy":"post_tag","embeddable":true,"href":"https:\/\/www.gaveanews.com\/index.php\/wp-json\/wp\/v2\/tags?post=263981"}],"curies":[{"name":"wp","href":"https:\/\/api.w.org\/{rel}","templated":true}]}}