{"id":263983,"date":"2025-05-15T14:45:00","date_gmt":"2025-05-15T17:45:00","guid":{"rendered":"https:\/\/www.gaveanews.com\/?p=263983"},"modified":"2025-05-15T14:12:35","modified_gmt":"2025-05-15T17:12:35","slug":"ednaldo-rodrigues-revela-detalhes-da-negociacao-com-ancelotti","status":"publish","type":"post","link":"https:\/\/www.gaveanews.com\/index.php\/2025\/05\/15\/ednaldo-rodrigues-revela-detalhes-da-negociacao-com-ancelotti\/","title":{"rendered":"Ednaldo Rodrigues revela detalhes da negocia\u00e7\u00e3o com Ancelotti"},"content":{"rendered":"\n<p>A Confedera\u00e7\u00e3o Brasileira de Futebol confirmou, recentemente, a contrata\u00e7\u00e3o de Carlo Ancelotti para o comando t\u00e9cnico da Sele\u00e7\u00e3o Brasileira. A decis\u00e3o, segundo o presidente Ednaldo Rodrigues, culmina um processo iniciado ainda em 2023, interrompido pelo seu afastamento tempor\u00e1rio da presid\u00eancia da entidade, e retomado posteriormente, com base no mesmo contrato que havia sido inicialmente acertado.<\/p>\n\n\n\n<p>O dirigente explicou ao UOL que o acerto foi poss\u00edvel gra\u00e7as \u00e0 libera\u00e7\u00e3o dada pelo Real Madrid h\u00e1 cerca de 20 dias. A negocia\u00e7\u00e3o precisou respeitar os tr\u00e2mites institucionais, evitando qualquer tratativa enquanto Dorival J\u00fanior ainda ocupava o cargo. Ednaldo garantiu: \u201cn\u00e3o fa\u00e7o tratativa com anteced\u00eancia com pessoa no cargo\u201d.<\/p>\n\n\n\n<p>A escolha por Ancelotti, ali\u00e1s, n\u00e3o foi casual. Ednaldo destacou a experi\u00eancia do italiano em lidar com press\u00e3o, seu trabalho mental com jogadores e os diversos elogios vindos tanto de atletas da Sele\u00e7\u00e3o quanto de outros que j\u00e1 trabalharam com ele. <\/p>\n\n\n\n<p>\u201cTodos diziam de uma forma: \u2018esse \u00e9 muito bom, mas acho dif\u00edcil\u2019\u201d, relembrou o presidente, enfatizando o quanto a contrata\u00e7\u00e3o parecia inalcan\u00e7\u00e1vel em determinado momento.<\/p>\n\n\n\n<p>Conforme relatado, o contrato assinado \u00e9 praticamente id\u00eantico ao que havia sido fechado anteriormente, sem necessidade de renegocia\u00e7\u00e3o financeira. Um dos poucos detalhes confirmados publicamente \u00e9 a exig\u00eancia do treinador de residir no Brasil, mais especificamente no Rio de Janeiro. <\/p>\n\n\n\n<p>No entanto, n\u00e3o h\u00e1 cl\u00e1usulas que obriguem treinamentos na Granja Comary, embora Ancelotti tenha demonstrado grande interesse em visitar e conhecer o centro de treinamento.<\/p>\n\n\n\n<p>A comiss\u00e3o t\u00e9cnica contar\u00e1 com quatro profissionais levados pelo italiano, com possibilidade de acr\u00e9scimo de mais um integrante. Essa equipe trabalhar\u00e1 integrada com a atual estrutura da CBF, sem substitui\u00e7\u00f5es. Quanto a nomes como Kak\u00e1, mencionados anteriormente, o treinador n\u00e3o fez novos pedidos nesse sentido.<\/p>\n\n\n\n<p>O t\u00e9cnico desembarca no pa\u00eds na pr\u00f3xima semana e, na segunda-feira (26 de maio), realizar\u00e1 sua primeira coletiva oficial. Nessa ocasi\u00e3o, ele tamb\u00e9m anunciar\u00e1 a lista de convocados para os pr\u00f3ximos compromissos contra Paraguai e Equador. <\/p>\n\n\n\n<p>A convoca\u00e7\u00e3o ser\u00e1 resultado da continuidade do trabalho conduzido por analistas e membros da comiss\u00e3o, que vinham monitorando atletas desde o fim da passagem de Dorival.<\/p>\n\n\n\n<p>A contrata\u00e7\u00e3o tamb\u00e9m reflete um momento delicado para a CBF, que enfrenta disputas jur\u00eddicas que amea\u00e7am a perman\u00eancia de Ednaldo no comando. Questionado sobre o impacto dessa instabilidade, o presidente afirmou que segue trabalhando normalmente e que a assessoria jur\u00eddica da entidade est\u00e1 empenhada em garantir a legalidade do seu mandato.<\/p>\n\n\n\n<p>Apesar da hist\u00f3rica escolha de um estrangeiro \u2014 algo in\u00e9dito em Copas do Mundo pela Sele\u00e7\u00e3o Brasileira \u2014, Ednaldo foi enf\u00e1tico ao dizer que n\u00e3o h\u00e1 preconceito na CBF quanto \u00e0 nacionalidade de treinadores: \u201cGanhamos cinco Copas com brasileiros e perdemos com brasileiros. Entendemos que era o melhor nome\u201d.<\/p>\n\n\n\n<p>O dirigente, ao comentar sobre o futuro, destacou que h\u00e1 previs\u00e3o contratual para renova\u00e7\u00e3o, mas somente se houver interesse m\u00fatuo ap\u00f3s a Copa de 2026. &#8220;A meta dele \u00e9 ser campe\u00e3o do mundo com a sele\u00e7\u00e3o&#8221;, afirmou. At\u00e9 l\u00e1, o foco ser\u00e1 total no projeto que, at\u00e9 pouco tempo atr\u00e1s, parecia imposs\u00edvel de se concretizar.<\/p>\n","protected":false},"excerpt":{"rendered":"<p>A Confedera\u00e7\u00e3o Brasileira de Futebol confirmou, recentemente, a contrata\u00e7\u00e3o de Carlo Ancelotti para o comando t\u00e9cnico da Sele\u00e7\u00e3o Brasileira. A decis\u00e3o, segundo o presidente Ednaldo Rodrigues, culmina um processo iniciado ainda em 2023, interrompido pelo seu afastamento tempor\u00e1rio da presid\u00eancia da entidade, e retomado posteriormente, com base no mesmo contrato que havia sido inicialmente acertado. [&hellip;]<\/p>\n","protected":false},"author":30,"featured_media":114931,"comment_status":"open","ping_status":"closed","sticky":false,"template":"","format":"standard","meta":{"footnotes":""},"categories":[478],"tags":[],"class_list":["post-263983","post","type-post","status-publish","format-standard","has-post-thumbnail","hentry","category-brasil"],"yoast_head":"<!-- This site is optimized with the Yoast SEO Premium plugin v24.2 (Yoast SEO v26.9) - https:\/\/yoast.com\/product\/yoast-seo-premium-wordpress\/ -->\n<title>Ednaldo Rodrigues revela detalhes da negocia\u00e7\u00e3o com Ancelotti<\/title>\n<meta name=\"robots\" content=\"index, follow, max-snippet:-1, max-image-preview:large, max-video-preview:-1\" \/>\n<link rel=\"canonical\" href=\"https:\/\/www.gaveanews.com\/index.php\/2025\/05\/15\/ednaldo-rodrigues-revela-detalhes-da-negociacao-com-ancelotti\/\" \/>\n<meta property=\"og:locale\" content=\"pt_BR\" \/>\n<meta property=\"og:type\" content=\"article\" \/>\n<meta property=\"og:title\" content=\"Ednaldo Rodrigues revela detalhes da negocia\u00e7\u00e3o com Ancelotti\" \/>\n<meta property=\"og:description\" content=\"A Confedera\u00e7\u00e3o Brasileira de Futebol confirmou, recentemente, a contrata\u00e7\u00e3o de Carlo Ancelotti para o comando t\u00e9cnico da Sele\u00e7\u00e3o Brasileira. A decis\u00e3o, segundo o presidente Ednaldo Rodrigues, culmina um processo iniciado ainda em 2023, interrompido pelo seu afastamento tempor\u00e1rio da presid\u00eancia da entidade, e retomado posteriormente, com base no mesmo contrato que havia sido inicialmente acertado. [&hellip;]\" \/>\n<meta property=\"og:url\" content=\"https:\/\/www.gaveanews.com\/index.php\/2025\/05\/15\/ednaldo-rodrigues-revela-detalhes-da-negociacao-com-ancelotti\/\" \/>\n<meta property=\"og:site_name\" content=\"G\u00e1vea News\" \/>\n<meta property=\"article:publisher\" content=\"https:\/\/facebook.com\/gaveaNews\/\" \/>\n<meta property=\"article:published_time\" content=\"2025-05-15T17:45:00+00:00\" \/>\n<meta property=\"og:image\" content=\"https:\/\/www.gaveanews.com\/wp-content\/uploads\/1_ednaldo_rodrigues_cbf_selecao_brasileira__2_-23258960.webp\" \/>\n\t<meta property=\"og:image:width\" content=\"818\" \/>\n\t<meta property=\"og:image:height\" content=\"459\" \/>\n\t<meta property=\"og:image:type\" content=\"image\/jpeg\" \/>\n<meta name=\"author\" content=\"Ana Teixeira\" \/>\n<meta name=\"twitter:card\" content=\"summary_large_image\" \/>\n<meta name=\"twitter:label1\" content=\"Escrito por\" \/>\n\t<meta name=\"twitter:data1\" content=\"Ana Teixeira\" \/>\n\t<meta name=\"twitter:label2\" content=\"Est. tempo de leitura\" \/>\n\t<meta name=\"twitter:data2\" content=\"3 minutos\" \/>\n<script type=\"application\/ld+json\" class=\"yoast-schema-graph\">{\"@context\":\"https:\/\/schema.org\",\"@graph\":[{\"@type\":\"NewsArticle\",\"@id\":\"https:\/\/www.gaveanews.com\/index.php\/2025\/05\/15\/ednaldo-rodrigues-revela-detalhes-da-negociacao-com-ancelotti\/#article\",\"isPartOf\":{\"@id\":\"https:\/\/www.gaveanews.com\/index.php\/2025\/05\/15\/ednaldo-rodrigues-revela-detalhes-da-negociacao-com-ancelotti\/\"},\"author\":{\"name\":\"Ana Teixeira\",\"@id\":\"https:\/\/www.gaveanews.com\/#\/schema\/person\/3b19f7288b0ce20372991275e4f2e6c2\"},\"headline\":\"Ednaldo Rodrigues revela detalhes da negocia\u00e7\u00e3o com Ancelotti\",\"datePublished\":\"2025-05-15T17:45:00+00:00\",\"mainEntityOfPage\":{\"@id\":\"https:\/\/www.gaveanews.com\/index.php\/2025\/05\/15\/ednaldo-rodrigues-revela-detalhes-da-negociacao-com-ancelotti\/\"},\"wordCount\":556,\"commentCount\":0,\"image\":{\"@id\":\"https:\/\/www.gaveanews.com\/index.php\/2025\/05\/15\/ednaldo-rodrigues-revela-detalhes-da-negociacao-com-ancelotti\/#primaryimage\"},\"thumbnailUrl\":\"https:\/\/www.gaveanews.com\/wp-content\/uploads\/1_ednaldo_rodrigues_cbf_selecao_brasileira__2_-23258960.webp\",\"articleSection\":[\"Brasil\"],\"inLanguage\":\"pt-BR\",\"potentialAction\":[{\"@type\":\"CommentAction\",\"name\":\"Comment\",\"target\":[\"https:\/\/www.gaveanews.com\/index.php\/2025\/05\/15\/ednaldo-rodrigues-revela-detalhes-da-negociacao-com-ancelotti\/#respond\"]}],\"copyrightYear\":\"2025\",\"copyrightHolder\":{\"@id\":\"https:\/\/www.gaveanews.com\/#organization\"}},{\"@type\":\"WebPage\",\"@id\":\"https:\/\/www.gaveanews.com\/index.php\/2025\/05\/15\/ednaldo-rodrigues-revela-detalhes-da-negociacao-com-ancelotti\/\",\"url\":\"https:\/\/www.gaveanews.com\/index.php\/2025\/05\/15\/ednaldo-rodrigues-revela-detalhes-da-negociacao-com-ancelotti\/\",\"name\":\"Ednaldo Rodrigues revela detalhes da negocia\u00e7\u00e3o com Ancelotti\",\"isPartOf\":{\"@id\":\"https:\/\/www.gaveanews.com\/#website\"},\"primaryImageOfPage\":{\"@id\":\"https:\/\/www.gaveanews.com\/index.php\/2025\/05\/15\/ednaldo-rodrigues-revela-detalhes-da-negociacao-com-ancelotti\/#primaryimage\"},\"image\":{\"@id\":\"https:\/\/www.gaveanews.com\/index.php\/2025\/05\/15\/ednaldo-rodrigues-revela-detalhes-da-negociacao-com-ancelotti\/#primaryimage\"},\"thumbnailUrl\":\"https:\/\/www.gaveanews.com\/wp-content\/uploads\/1_ednaldo_rodrigues_cbf_selecao_brasileira__2_-23258960.webp\",\"datePublished\":\"2025-05-15T17:45:00+00:00\",\"author\":{\"@id\":\"https:\/\/www.gaveanews.com\/#\/schema\/person\/3b19f7288b0ce20372991275e4f2e6c2\"},\"breadcrumb\":{\"@id\":\"https:\/\/www.gaveanews.com\/index.php\/2025\/05\/15\/ednaldo-rodrigues-revela-detalhes-da-negociacao-com-ancelotti\/#breadcrumb\"},\"inLanguage\":\"pt-BR\",\"potentialAction\":[{\"@type\":\"ReadAction\",\"target\":[\"https:\/\/www.gaveanews.com\/index.php\/2025\/05\/15\/ednaldo-rodrigues-revela-detalhes-da-negociacao-com-ancelotti\/\"]}]},{\"@type\":\"ImageObject\",\"inLanguage\":\"pt-BR\",\"@id\":\"https:\/\/www.gaveanews.com\/index.php\/2025\/05\/15\/ednaldo-rodrigues-revela-detalhes-da-negociacao-com-ancelotti\/#primaryimage\",\"url\":\"https:\/\/www.gaveanews.com\/wp-content\/uploads\/1_ednaldo_rodrigues_cbf_selecao_brasileira__2_-23258960.webp\",\"contentUrl\":\"https:\/\/www.gaveanews.com\/wp-content\/uploads\/1_ednaldo_rodrigues_cbf_selecao_brasileira__2_-23258960.webp\",\"width\":818,\"height\":459,\"caption\":\"Ednaldo Rodrigues, presidente da CBF, em entrevista coletiva da sele\u00e7\u00e3o brasileira feminina (Foto: Thais Magalh\u00e3es\/CBF)\"},{\"@type\":\"BreadcrumbList\",\"@id\":\"https:\/\/www.gaveanews.com\/index.php\/2025\/05\/15\/ednaldo-rodrigues-revela-detalhes-da-negociacao-com-ancelotti\/#breadcrumb\",\"itemListElement\":[{\"@type\":\"ListItem\",\"position\":1,\"name\":\"Home\",\"item\":\"https:\/\/www.gaveanews.com\/\"},{\"@type\":\"ListItem\",\"position\":2,\"name\":\"Ednaldo Rodrigues revela detalhes da negocia\u00e7\u00e3o com Ancelotti\"}]},{\"@type\":\"WebSite\",\"@id\":\"https:\/\/www.gaveanews.com\/#website\",\"url\":\"https:\/\/www.gaveanews.com\/\",\"name\":\"G\u00e1vea News\",\"description\":\"Veja todas as not\u00edcias sobre o Flamengo: Contrata\u00e7\u00f5es, categorias de base, resultados das partidas, tabela de classifica\u00e7\u00e3o, pr\u00f3ximos jogos!\",\"potentialAction\":[{\"@type\":\"SearchAction\",\"target\":{\"@type\":\"EntryPoint\",\"urlTemplate\":\"https:\/\/www.gaveanews.com\/?s={search_term_string}\"},\"query-input\":{\"@type\":\"PropertyValueSpecification\",\"valueRequired\":true,\"valueName\":\"search_term_string\"}}],\"inLanguage\":\"pt-BR\"},{\"@type\":\"Person\",\"@id\":\"https:\/\/www.gaveanews.com\/#\/schema\/person\/3b19f7288b0ce20372991275e4f2e6c2\",\"name\":\"Ana Teixeira\",\"image\":{\"@type\":\"ImageObject\",\"inLanguage\":\"pt-BR\",\"@id\":\"https:\/\/www.gaveanews.com\/#\/schema\/person\/image\/\",\"url\":\"https:\/\/secure.gravatar.com\/avatar\/0a73f5a5258f3fed37fc2fa641892f3f7a4748456d4d4792f9bc550e6c19e06c?s=96&d=mm&r=g\",\"contentUrl\":\"https:\/\/secure.gravatar.com\/avatar\/0a73f5a5258f3fed37fc2fa641892f3f7a4748456d4d4792f9bc550e6c19e06c?s=96&d=mm&r=g\",\"caption\":\"Ana Teixeira\"}}]}<\/script>\n<!-- \/ Yoast SEO Premium plugin. -->","yoast_head_json":{"title":"Ednaldo Rodrigues revela detalhes da negocia\u00e7\u00e3o com Ancelotti","robots":{"index":"index","follow":"follow","max-snippet":"max-snippet:-1","max-image-preview":"max-image-preview:large","max-video-preview":"max-video-preview:-1"},"canonical":"https:\/\/www.gaveanews.com\/index.php\/2025\/05\/15\/ednaldo-rodrigues-revela-detalhes-da-negociacao-com-ancelotti\/","og_locale":"pt_BR","og_type":"article","og_title":"Ednaldo Rodrigues revela detalhes da negocia\u00e7\u00e3o com Ancelotti","og_description":"A Confedera\u00e7\u00e3o Brasileira de Futebol confirmou, recentemente, a contrata\u00e7\u00e3o de Carlo Ancelotti para o comando t\u00e9cnico da Sele\u00e7\u00e3o Brasileira. A decis\u00e3o, segundo o presidente Ednaldo Rodrigues, culmina um processo iniciado ainda em 2023, interrompido pelo seu afastamento tempor\u00e1rio da presid\u00eancia da entidade, e retomado posteriormente, com base no mesmo contrato que havia sido inicialmente acertado. [&hellip;]","og_url":"https:\/\/www.gaveanews.com\/index.php\/2025\/05\/15\/ednaldo-rodrigues-revela-detalhes-da-negociacao-com-ancelotti\/","og_site_name":"G\u00e1vea News","article_publisher":"https:\/\/facebook.com\/gaveaNews\/","article_published_time":"2025-05-15T17:45:00+00:00","og_image":[{"width":818,"height":459,"url":"https:\/\/www.gaveanews.com\/wp-content\/uploads\/1_ednaldo_rodrigues_cbf_selecao_brasileira__2_-23258960.webp","type":"image\/jpeg"}],"author":"Ana Teixeira","twitter_card":"summary_large_image","twitter_misc":{"Escrito por":"Ana Teixeira","Est. tempo de leitura":"3 minutos"},"schema":{"@context":"https:\/\/schema.org","@graph":[{"@type":"NewsArticle","@id":"https:\/\/www.gaveanews.com\/index.php\/2025\/05\/15\/ednaldo-rodrigues-revela-detalhes-da-negociacao-com-ancelotti\/#article","isPartOf":{"@id":"https:\/\/www.gaveanews.com\/index.php\/2025\/05\/15\/ednaldo-rodrigues-revela-detalhes-da-negociacao-com-ancelotti\/"},"author":{"name":"Ana Teixeira","@id":"https:\/\/www.gaveanews.com\/#\/schema\/person\/3b19f7288b0ce20372991275e4f2e6c2"},"headline":"Ednaldo Rodrigues revela detalhes da negocia\u00e7\u00e3o com Ancelotti","datePublished":"2025-05-15T17:45:00+00:00","mainEntityOfPage":{"@id":"https:\/\/www.gaveanews.com\/index.php\/2025\/05\/15\/ednaldo-rodrigues-revela-detalhes-da-negociacao-com-ancelotti\/"},"wordCount":556,"commentCount":0,"image":{"@id":"https:\/\/www.gaveanews.com\/index.php\/2025\/05\/15\/ednaldo-rodrigues-revela-detalhes-da-negociacao-com-ancelotti\/#primaryimage"},"thumbnailUrl":"https:\/\/www.gaveanews.com\/wp-content\/uploads\/1_ednaldo_rodrigues_cbf_selecao_brasileira__2_-23258960.webp","articleSection":["Brasil"],"inLanguage":"pt-BR","potentialAction":[{"@type":"CommentAction","name":"Comment","target":["https:\/\/www.gaveanews.com\/index.php\/2025\/05\/15\/ednaldo-rodrigues-revela-detalhes-da-negociacao-com-ancelotti\/#respond"]}],"copyrightYear":"2025","copyrightHolder":{"@id":"https:\/\/www.gaveanews.com\/#organization"}},{"@type":"WebPage","@id":"https:\/\/www.gaveanews.com\/index.php\/2025\/05\/15\/ednaldo-rodrigues-revela-detalhes-da-negociacao-com-ancelotti\/","url":"https:\/\/www.gaveanews.com\/index.php\/2025\/05\/15\/ednaldo-rodrigues-revela-detalhes-da-negociacao-com-ancelotti\/","name":"Ednaldo Rodrigues revela detalhes da negocia\u00e7\u00e3o com Ancelotti","isPartOf":{"@id":"https:\/\/www.gaveanews.com\/#website"},"primaryImageOfPage":{"@id":"https:\/\/www.gaveanews.com\/index.php\/2025\/05\/15\/ednaldo-rodrigues-revela-detalhes-da-negociacao-com-ancelotti\/#primaryimage"},"image":{"@id":"https:\/\/www.gaveanews.com\/index.php\/2025\/05\/15\/ednaldo-rodrigues-revela-detalhes-da-negociacao-com-ancelotti\/#primaryimage"},"thumbnailUrl":"https:\/\/www.gaveanews.com\/wp-content\/uploads\/1_ednaldo_rodrigues_cbf_selecao_brasileira__2_-23258960.webp","datePublished":"2025-05-15T17:45:00+00:00","author":{"@id":"https:\/\/www.gaveanews.com\/#\/schema\/person\/3b19f7288b0ce20372991275e4f2e6c2"},"breadcrumb":{"@id":"https:\/\/www.gaveanews.com\/index.php\/2025\/05\/15\/ednaldo-rodrigues-revela-detalhes-da-negociacao-com-ancelotti\/#breadcrumb"},"inLanguage":"pt-BR","potentialAction":[{"@type":"ReadAction","target":["https:\/\/www.gaveanews.com\/index.php\/2025\/05\/15\/ednaldo-rodrigues-revela-detalhes-da-negociacao-com-ancelotti\/"]}]},{"@type":"ImageObject","inLanguage":"pt-BR","@id":"https:\/\/www.gaveanews.com\/index.php\/2025\/05\/15\/ednaldo-rodrigues-revela-detalhes-da-negociacao-com-ancelotti\/#primaryimage","url":"https:\/\/www.gaveanews.com\/wp-content\/uploads\/1_ednaldo_rodrigues_cbf_selecao_brasileira__2_-23258960.webp","contentUrl":"https:\/\/www.gaveanews.com\/wp-content\/uploads\/1_ednaldo_rodrigues_cbf_selecao_brasileira__2_-23258960.webp","width":818,"height":459,"caption":"Ednaldo Rodrigues, presidente da CBF, em entrevista coletiva da sele\u00e7\u00e3o brasileira feminina (Foto: Thais Magalh\u00e3es\/CBF)"},{"@type":"BreadcrumbList","@id":"https:\/\/www.gaveanews.com\/index.php\/2025\/05\/15\/ednaldo-rodrigues-revela-detalhes-da-negociacao-com-ancelotti\/#breadcrumb","itemListElement":[{"@type":"ListItem","position":1,"name":"Home","item":"https:\/\/www.gaveanews.com\/"},{"@type":"ListItem","position":2,"name":"Ednaldo Rodrigues revela detalhes da negocia\u00e7\u00e3o com Ancelotti"}]},{"@type":"WebSite","@id":"https:\/\/www.gaveanews.com\/#website","url":"https:\/\/www.gaveanews.com\/","name":"G\u00e1vea News","description":"Veja todas as not\u00edcias sobre o Flamengo: Contrata\u00e7\u00f5es, categorias de base, resultados das partidas, tabela de classifica\u00e7\u00e3o, pr\u00f3ximos jogos!","potentialAction":[{"@type":"SearchAction","target":{"@type":"EntryPoint","urlTemplate":"https:\/\/www.gaveanews.com\/?s={search_term_string}"},"query-input":{"@type":"PropertyValueSpecification","valueRequired":true,"valueName":"search_term_string"}}],"inLanguage":"pt-BR"},{"@type":"Person","@id":"https:\/\/www.gaveanews.com\/#\/schema\/person\/3b19f7288b0ce20372991275e4f2e6c2","name":"Ana Teixeira","image":{"@type":"ImageObject","inLanguage":"pt-BR","@id":"https:\/\/www.gaveanews.com\/#\/schema\/person\/image\/","url":"https:\/\/secure.gravatar.com\/avatar\/0a73f5a5258f3fed37fc2fa641892f3f7a4748456d4d4792f9bc550e6c19e06c?s=96&d=mm&r=g","contentUrl":"https:\/\/secure.gravatar.com\/avatar\/0a73f5a5258f3fed37fc2fa641892f3f7a4748456d4d4792f9bc550e6c19e06c?s=96&d=mm&r=g","caption":"Ana Teixeira"}}]}},"_links":{"self":[{"href":"https:\/\/www.gaveanews.com\/index.php\/wp-json\/wp\/v2\/posts\/263983","targetHints":{"allow":["GET"]}}],"collection":[{"href":"https:\/\/www.gaveanews.com\/index.php\/wp-json\/wp\/v2\/posts"}],"about":[{"href":"https:\/\/www.gaveanews.com\/index.php\/wp-json\/wp\/v2\/types\/post"}],"author":[{"embeddable":true,"href":"https:\/\/www.gaveanews.com\/index.php\/wp-json\/wp\/v2\/users\/30"}],"replies":[{"embeddable":true,"href":"https:\/\/www.gaveanews.com\/index.php\/wp-json\/wp\/v2\/comments?post=263983"}],"version-history":[{"count":1,"href":"https:\/\/www.gaveanews.com\/index.php\/wp-json\/wp\/v2\/posts\/263983\/revisions"}],"predecessor-version":[{"id":263989,"href":"https:\/\/www.gaveanews.com\/index.php\/wp-json\/wp\/v2\/posts\/263983\/revisions\/263989"}],"wp:featuredmedia":[{"embeddable":true,"href":"https:\/\/www.gaveanews.com\/index.php\/wp-json\/wp\/v2\/media\/114931"}],"wp:attachment":[{"href":"https:\/\/www.gaveanews.com\/index.php\/wp-json\/wp\/v2\/media?parent=263983"}],"wp:term":[{"taxonomy":"category","embeddable":true,"href":"https:\/\/www.gaveanews.com\/index.php\/wp-json\/wp\/v2\/categories?post=263983"},{"taxonomy":"post_tag","embeddable":true,"href":"https:\/\/www.gaveanews.com\/index.php\/wp-json\/wp\/v2\/tags?post=263983"}],"curies":[{"name":"wp","href":"https:\/\/api.w.org\/{rel}","templated":true}]}}