{"id":263991,"date":"2025-05-15T14:55:00","date_gmt":"2025-05-15T17:55:00","guid":{"rendered":"https:\/\/www.gaveanews.com\/?p=263991"},"modified":"2025-05-15T14:21:26","modified_gmt":"2025-05-15T17:21:26","slug":"dorival-jr-se-prepara-para-grande-desafio-a-frente-do-corinthians","status":"publish","type":"post","link":"https:\/\/www.gaveanews.com\/index.php\/2025\/05\/15\/dorival-jr-se-prepara-para-grande-desafio-a-frente-do-corinthians\/","title":{"rendered":"Dorival Jr. se prepara para grande desafio \u00e0 frente do Corinthians"},"content":{"rendered":"\n<p>Nesta quinta-feira (15), \u00e0s 19h, Dorival J\u00fanior viver\u00e1 seu primeiro teste de alta press\u00e3o desde que assumiu o comando t\u00e9cnico do Corinthians. Em Montevid\u00e9u, o Tim\u00e3o enfrenta o Racing-URU pela pen\u00faltima rodada da fase de grupos da Copa Sul-Americana, em uma partida crucial para manter vivas as chances de classifica\u00e7\u00e3o \u00e0 pr\u00f3xima etapa do torneio continental.<\/p>\n\n\n\n<p>Atualmente na terceira posi\u00e7\u00e3o do Grupo C, com cinco pontos, a equipe brasileira est\u00e1 atr\u00e1s do Am\u00e9rica de Cali (6 pontos) e do Hurac\u00e1n (10 pontos). A \u00fanica alternativa vi\u00e1vel para seguir na disputa \u00e9 vencer o confronto no Est\u00e1dio Centen\u00e1rio. <\/p>\n\n\n\n<p>Afinal, apenas o l\u00edder de cada chave avan\u00e7a diretamente ao mata-mata, enquanto o segundo colocado disputa uma repescagem contra um terceiro colocado da Libertadores.<\/p>\n\n\n\n<p>&#8220;\u00c9 uma partida fundamental para a nossa equipe. Estaremos muito concentrados e focados em busca de um resultado importante&#8221;, destacou Dorival. Essa ser\u00e1 a primeira vez que o treinador comanda o Corinthians em um cen\u00e1rio considerado de &#8216;vida ou morte&#8217;, e o contexto exige equil\u00edbrio entre resultado imediato e o planejamento para o restante da temporada.<\/p>\n\n\n\n<p>Contudo, o embate no Uruguai n\u00e3o \u00e9 o \u00fanico fator de preocupa\u00e7\u00e3o. Tr\u00eas dias depois, no domingo (18), o Corinthians ter\u00e1 pela frente o cl\u00e1ssico contra o Santos, em casa, pelo Campeonato Brasileiro. Com dez pontos e ocupando o meio da tabela, o clube entende que n\u00e3o pode desperdi\u00e7ar a oportunidade de vencer o rival estadual e somar pontos valiosos na briga por posi\u00e7\u00f5es mais altas.<\/p>\n\n\n\n<p>Ali\u00e1s, essa sobreposi\u00e7\u00e3o de compromissos levou Dorival a optar por uma escala\u00e7\u00e3o alternativa diante do Racing. O t\u00e9cnico decidiu preservar alguns dos principais nomes, priorizando atletas em melhores condi\u00e7\u00f5es f\u00edsicas. &#8220;A necessidade de manter o elenco competitivo em todas as frentes exige esse tipo de decis\u00e3o&#8221;, justificou o comandante corintiano em outras ocasi\u00f5es.<\/p>\n\n\n\n<p>Sem Raniele e Memphis, ambos vetados por problemas musculares e articulares, e com F\u00e9lix Torres suspenso, o Corinthians dever\u00e1 contar com uma forma\u00e7\u00e3o recheada de jovens e reservas. Nomes como L\u00e9o Man\u00e1, Charles, Jo\u00e3o Pedro Tchoca, Talles Magno e H\u00e9ctor Hern\u00e1ndez devem iniciar entre os titulares. Por outro lado, jogadores como Yuri Alberto, Carrillo e Angileri, embora relacionados, devem come\u00e7ar no banco.<\/p>\n\n\n\n<p>Dorival j\u00e1 vinha sinalizando, desde sua chegada, que utilizaria rod\u00edzios no elenco para administrar o desgaste f\u00edsico em um calend\u00e1rio carregado. A Sul-Americana, o Brasileir\u00e3o e a Copa do Brasil se sobrep\u00f5em, e manter a competitividade exige escolhas pontuais. Eventualmente, isso inclui abrir m\u00e3o de titulares mesmo em partidas decisivas \u2014 como a desta noite.<\/p>\n\n\n\n<p>Embora a escala\u00e7\u00e3o alternativa possa causar certa apreens\u00e3o, o retrospecto diante do Racing \u00e9 positivo. Em cinco confrontos anteriores, foram quatro vit\u00f3rias e um empate. Al\u00e9m disso, o advers\u00e1rio perdeu todos os quatro jogos disputados nesta edi\u00e7\u00e3o da Sul-Americana, o que refor\u00e7a a convic\u00e7\u00e3o interna de que \u00e9 poss\u00edvel conquistar um bom resultado mesmo com um time misto.<\/p>\n\n\n\n<p>Portanto, Dorival J\u00fanior viver\u00e1 n\u00e3o apenas seu primeiro grande desafio t\u00e9cnico no Corinthians, mas tamb\u00e9m a necessidade de administrar expectativas e riscos. O equil\u00edbrio entre priorizar uma decis\u00e3o imediata e manter for\u00e7a m\u00e1xima para o cl\u00e1ssico pode definir n\u00e3o s\u00f3 a trajet\u00f3ria do clube na temporada, como tamb\u00e9m o in\u00edcio do trabalho do treinador no comando da equipe.<\/p>\n","protected":false},"excerpt":{"rendered":"<p>Nesta quinta-feira (15), \u00e0s 19h, Dorival J\u00fanior viver\u00e1 seu primeiro teste de alta press\u00e3o desde que assumiu o comando t\u00e9cnico do Corinthians. Em Montevid\u00e9u, o Tim\u00e3o enfrenta o Racing-URU pela pen\u00faltima rodada da fase de grupos da Copa Sul-Americana, em uma partida crucial para manter vivas as chances de classifica\u00e7\u00e3o \u00e0 pr\u00f3xima etapa do torneio [&hellip;]<\/p>\n","protected":false},"author":30,"featured_media":258834,"comment_status":"open","ping_status":"closed","sticky":false,"template":"","format":"standard","meta":{"footnotes":""},"categories":[141],"tags":[],"class_list":["post-263991","post","type-post","status-publish","format-standard","has-post-thumbnail","hentry","category-corinthians"],"yoast_head":"<!-- This site is optimized with the Yoast SEO Premium plugin v24.2 (Yoast SEO v26.9) - https:\/\/yoast.com\/product\/yoast-seo-premium-wordpress\/ -->\n<title>Dorival Jr. se prepara para grande desafio \u00e0 frente do Corinthians<\/title>\n<meta name=\"robots\" content=\"index, follow, max-snippet:-1, max-image-preview:large, max-video-preview:-1\" \/>\n<link rel=\"canonical\" href=\"https:\/\/www.gaveanews.com\/index.php\/2025\/05\/15\/dorival-jr-se-prepara-para-grande-desafio-a-frente-do-corinthians\/\" \/>\n<meta property=\"og:locale\" content=\"pt_BR\" \/>\n<meta property=\"og:type\" content=\"article\" \/>\n<meta property=\"og:title\" content=\"Dorival Jr. se prepara para grande desafio \u00e0 frente do Corinthians\" \/>\n<meta property=\"og:description\" content=\"Nesta quinta-feira (15), \u00e0s 19h, Dorival J\u00fanior viver\u00e1 seu primeiro teste de alta press\u00e3o desde que assumiu o comando t\u00e9cnico do Corinthians. Em Montevid\u00e9u, o Tim\u00e3o enfrenta o Racing-URU pela pen\u00faltima rodada da fase de grupos da Copa Sul-Americana, em uma partida crucial para manter vivas as chances de classifica\u00e7\u00e3o \u00e0 pr\u00f3xima etapa do torneio [&hellip;]\" \/>\n<meta property=\"og:url\" content=\"https:\/\/www.gaveanews.com\/index.php\/2025\/05\/15\/dorival-jr-se-prepara-para-grande-desafio-a-frente-do-corinthians\/\" \/>\n<meta property=\"og:site_name\" content=\"G\u00e1vea News\" \/>\n<meta property=\"article:publisher\" content=\"https:\/\/facebook.com\/gaveaNews\/\" \/>\n<meta property=\"article:published_time\" content=\"2025-05-15T17:55:00+00:00\" \/>\n<meta property=\"og:image\" content=\"https:\/\/www.gaveanews.com\/wp-content\/uploads\/Dorival-Jr.-em-sua-primeira-coletiva-como-tecnico-do-Corinthians.webp\" \/>\n\t<meta property=\"og:image:width\" content=\"1200\" \/>\n\t<meta property=\"og:image:height\" content=\"900\" \/>\n\t<meta property=\"og:image:type\" content=\"image\/webp\" \/>\n<meta name=\"author\" content=\"Ana Teixeira\" \/>\n<meta name=\"twitter:card\" content=\"summary_large_image\" \/>\n<meta name=\"twitter:label1\" content=\"Escrito por\" \/>\n\t<meta name=\"twitter:data1\" content=\"Ana Teixeira\" \/>\n\t<meta name=\"twitter:label2\" content=\"Est. tempo de leitura\" \/>\n\t<meta name=\"twitter:data2\" content=\"4 minutos\" \/>\n<script type=\"application\/ld+json\" class=\"yoast-schema-graph\">{\"@context\":\"https:\/\/schema.org\",\"@graph\":[{\"@type\":\"NewsArticle\",\"@id\":\"https:\/\/www.gaveanews.com\/index.php\/2025\/05\/15\/dorival-jr-se-prepara-para-grande-desafio-a-frente-do-corinthians\/#article\",\"isPartOf\":{\"@id\":\"https:\/\/www.gaveanews.com\/index.php\/2025\/05\/15\/dorival-jr-se-prepara-para-grande-desafio-a-frente-do-corinthians\/\"},\"author\":{\"name\":\"Ana Teixeira\",\"@id\":\"https:\/\/www.gaveanews.com\/#\/schema\/person\/3b19f7288b0ce20372991275e4f2e6c2\"},\"headline\":\"Dorival Jr. se prepara para grande desafio \u00e0 frente do Corinthians\",\"datePublished\":\"2025-05-15T17:55:00+00:00\",\"mainEntityOfPage\":{\"@id\":\"https:\/\/www.gaveanews.com\/index.php\/2025\/05\/15\/dorival-jr-se-prepara-para-grande-desafio-a-frente-do-corinthians\/\"},\"wordCount\":597,\"commentCount\":0,\"image\":{\"@id\":\"https:\/\/www.gaveanews.com\/index.php\/2025\/05\/15\/dorival-jr-se-prepara-para-grande-desafio-a-frente-do-corinthians\/#primaryimage\"},\"thumbnailUrl\":\"https:\/\/www.gaveanews.com\/wp-content\/uploads\/Dorival-Jr.-em-sua-primeira-coletiva-como-tecnico-do-Corinthians.webp\",\"articleSection\":[\"Corinthians\"],\"inLanguage\":\"pt-BR\",\"potentialAction\":[{\"@type\":\"CommentAction\",\"name\":\"Comment\",\"target\":[\"https:\/\/www.gaveanews.com\/index.php\/2025\/05\/15\/dorival-jr-se-prepara-para-grande-desafio-a-frente-do-corinthians\/#respond\"]}],\"copyrightYear\":\"2025\",\"copyrightHolder\":{\"@id\":\"https:\/\/www.gaveanews.com\/#organization\"}},{\"@type\":\"WebPage\",\"@id\":\"https:\/\/www.gaveanews.com\/index.php\/2025\/05\/15\/dorival-jr-se-prepara-para-grande-desafio-a-frente-do-corinthians\/\",\"url\":\"https:\/\/www.gaveanews.com\/index.php\/2025\/05\/15\/dorival-jr-se-prepara-para-grande-desafio-a-frente-do-corinthians\/\",\"name\":\"Dorival Jr. se prepara para grande desafio \u00e0 frente do Corinthians\",\"isPartOf\":{\"@id\":\"https:\/\/www.gaveanews.com\/#website\"},\"primaryImageOfPage\":{\"@id\":\"https:\/\/www.gaveanews.com\/index.php\/2025\/05\/15\/dorival-jr-se-prepara-para-grande-desafio-a-frente-do-corinthians\/#primaryimage\"},\"image\":{\"@id\":\"https:\/\/www.gaveanews.com\/index.php\/2025\/05\/15\/dorival-jr-se-prepara-para-grande-desafio-a-frente-do-corinthians\/#primaryimage\"},\"thumbnailUrl\":\"https:\/\/www.gaveanews.com\/wp-content\/uploads\/Dorival-Jr.-em-sua-primeira-coletiva-como-tecnico-do-Corinthians.webp\",\"datePublished\":\"2025-05-15T17:55:00+00:00\",\"author\":{\"@id\":\"https:\/\/www.gaveanews.com\/#\/schema\/person\/3b19f7288b0ce20372991275e4f2e6c2\"},\"breadcrumb\":{\"@id\":\"https:\/\/www.gaveanews.com\/index.php\/2025\/05\/15\/dorival-jr-se-prepara-para-grande-desafio-a-frente-do-corinthians\/#breadcrumb\"},\"inLanguage\":\"pt-BR\",\"potentialAction\":[{\"@type\":\"ReadAction\",\"target\":[\"https:\/\/www.gaveanews.com\/index.php\/2025\/05\/15\/dorival-jr-se-prepara-para-grande-desafio-a-frente-do-corinthians\/\"]}]},{\"@type\":\"ImageObject\",\"inLanguage\":\"pt-BR\",\"@id\":\"https:\/\/www.gaveanews.com\/index.php\/2025\/05\/15\/dorival-jr-se-prepara-para-grande-desafio-a-frente-do-corinthians\/#primaryimage\",\"url\":\"https:\/\/www.gaveanews.com\/wp-content\/uploads\/Dorival-Jr.-em-sua-primeira-coletiva-como-tecnico-do-Corinthians.webp\",\"contentUrl\":\"https:\/\/www.gaveanews.com\/wp-content\/uploads\/Dorival-Jr.-em-sua-primeira-coletiva-como-tecnico-do-Corinthians.webp\",\"width\":1200,\"height\":900,\"caption\":\"Dorival Jr. em sua primeira coletiva como t\u00e9cnico do Corinthians - Foto: Rodrigo Coca\/Ag\u00eancia SCCP\"},{\"@type\":\"BreadcrumbList\",\"@id\":\"https:\/\/www.gaveanews.com\/index.php\/2025\/05\/15\/dorival-jr-se-prepara-para-grande-desafio-a-frente-do-corinthians\/#breadcrumb\",\"itemListElement\":[{\"@type\":\"ListItem\",\"position\":1,\"name\":\"Home\",\"item\":\"https:\/\/www.gaveanews.com\/\"},{\"@type\":\"ListItem\",\"position\":2,\"name\":\"Dorival Jr. se prepara para grande desafio \u00e0 frente do Corinthians\"}]},{\"@type\":\"WebSite\",\"@id\":\"https:\/\/www.gaveanews.com\/#website\",\"url\":\"https:\/\/www.gaveanews.com\/\",\"name\":\"G\u00e1vea News\",\"description\":\"Veja todas as not\u00edcias sobre o Flamengo: Contrata\u00e7\u00f5es, categorias de base, resultados das partidas, tabela de classifica\u00e7\u00e3o, pr\u00f3ximos jogos!\",\"potentialAction\":[{\"@type\":\"SearchAction\",\"target\":{\"@type\":\"EntryPoint\",\"urlTemplate\":\"https:\/\/www.gaveanews.com\/?s={search_term_string}\"},\"query-input\":{\"@type\":\"PropertyValueSpecification\",\"valueRequired\":true,\"valueName\":\"search_term_string\"}}],\"inLanguage\":\"pt-BR\"},{\"@type\":\"Person\",\"@id\":\"https:\/\/www.gaveanews.com\/#\/schema\/person\/3b19f7288b0ce20372991275e4f2e6c2\",\"name\":\"Ana Teixeira\",\"image\":{\"@type\":\"ImageObject\",\"inLanguage\":\"pt-BR\",\"@id\":\"https:\/\/www.gaveanews.com\/#\/schema\/person\/image\/\",\"url\":\"https:\/\/secure.gravatar.com\/avatar\/0a73f5a5258f3fed37fc2fa641892f3f7a4748456d4d4792f9bc550e6c19e06c?s=96&d=mm&r=g\",\"contentUrl\":\"https:\/\/secure.gravatar.com\/avatar\/0a73f5a5258f3fed37fc2fa641892f3f7a4748456d4d4792f9bc550e6c19e06c?s=96&d=mm&r=g\",\"caption\":\"Ana Teixeira\"}}]}<\/script>\n<!-- \/ Yoast SEO Premium plugin. -->","yoast_head_json":{"title":"Dorival Jr. se prepara para grande desafio \u00e0 frente do Corinthians","robots":{"index":"index","follow":"follow","max-snippet":"max-snippet:-1","max-image-preview":"max-image-preview:large","max-video-preview":"max-video-preview:-1"},"canonical":"https:\/\/www.gaveanews.com\/index.php\/2025\/05\/15\/dorival-jr-se-prepara-para-grande-desafio-a-frente-do-corinthians\/","og_locale":"pt_BR","og_type":"article","og_title":"Dorival Jr. se prepara para grande desafio \u00e0 frente do Corinthians","og_description":"Nesta quinta-feira (15), \u00e0s 19h, Dorival J\u00fanior viver\u00e1 seu primeiro teste de alta press\u00e3o desde que assumiu o comando t\u00e9cnico do Corinthians. Em Montevid\u00e9u, o Tim\u00e3o enfrenta o Racing-URU pela pen\u00faltima rodada da fase de grupos da Copa Sul-Americana, em uma partida crucial para manter vivas as chances de classifica\u00e7\u00e3o \u00e0 pr\u00f3xima etapa do torneio [&hellip;]","og_url":"https:\/\/www.gaveanews.com\/index.php\/2025\/05\/15\/dorival-jr-se-prepara-para-grande-desafio-a-frente-do-corinthians\/","og_site_name":"G\u00e1vea News","article_publisher":"https:\/\/facebook.com\/gaveaNews\/","article_published_time":"2025-05-15T17:55:00+00:00","og_image":[{"width":1200,"height":900,"url":"https:\/\/www.gaveanews.com\/wp-content\/uploads\/Dorival-Jr.-em-sua-primeira-coletiva-como-tecnico-do-Corinthians.webp","type":"image\/webp"}],"author":"Ana Teixeira","twitter_card":"summary_large_image","twitter_misc":{"Escrito por":"Ana Teixeira","Est. tempo de leitura":"4 minutos"},"schema":{"@context":"https:\/\/schema.org","@graph":[{"@type":"NewsArticle","@id":"https:\/\/www.gaveanews.com\/index.php\/2025\/05\/15\/dorival-jr-se-prepara-para-grande-desafio-a-frente-do-corinthians\/#article","isPartOf":{"@id":"https:\/\/www.gaveanews.com\/index.php\/2025\/05\/15\/dorival-jr-se-prepara-para-grande-desafio-a-frente-do-corinthians\/"},"author":{"name":"Ana Teixeira","@id":"https:\/\/www.gaveanews.com\/#\/schema\/person\/3b19f7288b0ce20372991275e4f2e6c2"},"headline":"Dorival Jr. se prepara para grande desafio \u00e0 frente do Corinthians","datePublished":"2025-05-15T17:55:00+00:00","mainEntityOfPage":{"@id":"https:\/\/www.gaveanews.com\/index.php\/2025\/05\/15\/dorival-jr-se-prepara-para-grande-desafio-a-frente-do-corinthians\/"},"wordCount":597,"commentCount":0,"image":{"@id":"https:\/\/www.gaveanews.com\/index.php\/2025\/05\/15\/dorival-jr-se-prepara-para-grande-desafio-a-frente-do-corinthians\/#primaryimage"},"thumbnailUrl":"https:\/\/www.gaveanews.com\/wp-content\/uploads\/Dorival-Jr.-em-sua-primeira-coletiva-como-tecnico-do-Corinthians.webp","articleSection":["Corinthians"],"inLanguage":"pt-BR","potentialAction":[{"@type":"CommentAction","name":"Comment","target":["https:\/\/www.gaveanews.com\/index.php\/2025\/05\/15\/dorival-jr-se-prepara-para-grande-desafio-a-frente-do-corinthians\/#respond"]}],"copyrightYear":"2025","copyrightHolder":{"@id":"https:\/\/www.gaveanews.com\/#organization"}},{"@type":"WebPage","@id":"https:\/\/www.gaveanews.com\/index.php\/2025\/05\/15\/dorival-jr-se-prepara-para-grande-desafio-a-frente-do-corinthians\/","url":"https:\/\/www.gaveanews.com\/index.php\/2025\/05\/15\/dorival-jr-se-prepara-para-grande-desafio-a-frente-do-corinthians\/","name":"Dorival Jr. se prepara para grande desafio \u00e0 frente do Corinthians","isPartOf":{"@id":"https:\/\/www.gaveanews.com\/#website"},"primaryImageOfPage":{"@id":"https:\/\/www.gaveanews.com\/index.php\/2025\/05\/15\/dorival-jr-se-prepara-para-grande-desafio-a-frente-do-corinthians\/#primaryimage"},"image":{"@id":"https:\/\/www.gaveanews.com\/index.php\/2025\/05\/15\/dorival-jr-se-prepara-para-grande-desafio-a-frente-do-corinthians\/#primaryimage"},"thumbnailUrl":"https:\/\/www.gaveanews.com\/wp-content\/uploads\/Dorival-Jr.-em-sua-primeira-coletiva-como-tecnico-do-Corinthians.webp","datePublished":"2025-05-15T17:55:00+00:00","author":{"@id":"https:\/\/www.gaveanews.com\/#\/schema\/person\/3b19f7288b0ce20372991275e4f2e6c2"},"breadcrumb":{"@id":"https:\/\/www.gaveanews.com\/index.php\/2025\/05\/15\/dorival-jr-se-prepara-para-grande-desafio-a-frente-do-corinthians\/#breadcrumb"},"inLanguage":"pt-BR","potentialAction":[{"@type":"ReadAction","target":["https:\/\/www.gaveanews.com\/index.php\/2025\/05\/15\/dorival-jr-se-prepara-para-grande-desafio-a-frente-do-corinthians\/"]}]},{"@type":"ImageObject","inLanguage":"pt-BR","@id":"https:\/\/www.gaveanews.com\/index.php\/2025\/05\/15\/dorival-jr-se-prepara-para-grande-desafio-a-frente-do-corinthians\/#primaryimage","url":"https:\/\/www.gaveanews.com\/wp-content\/uploads\/Dorival-Jr.-em-sua-primeira-coletiva-como-tecnico-do-Corinthians.webp","contentUrl":"https:\/\/www.gaveanews.com\/wp-content\/uploads\/Dorival-Jr.-em-sua-primeira-coletiva-como-tecnico-do-Corinthians.webp","width":1200,"height":900,"caption":"Dorival Jr. em sua primeira coletiva como t\u00e9cnico do Corinthians - Foto: Rodrigo Coca\/Ag\u00eancia SCCP"},{"@type":"BreadcrumbList","@id":"https:\/\/www.gaveanews.com\/index.php\/2025\/05\/15\/dorival-jr-se-prepara-para-grande-desafio-a-frente-do-corinthians\/#breadcrumb","itemListElement":[{"@type":"ListItem","position":1,"name":"Home","item":"https:\/\/www.gaveanews.com\/"},{"@type":"ListItem","position":2,"name":"Dorival Jr. se prepara para grande desafio \u00e0 frente do Corinthians"}]},{"@type":"WebSite","@id":"https:\/\/www.gaveanews.com\/#website","url":"https:\/\/www.gaveanews.com\/","name":"G\u00e1vea News","description":"Veja todas as not\u00edcias sobre o Flamengo: Contrata\u00e7\u00f5es, categorias de base, resultados das partidas, tabela de classifica\u00e7\u00e3o, pr\u00f3ximos jogos!","potentialAction":[{"@type":"SearchAction","target":{"@type":"EntryPoint","urlTemplate":"https:\/\/www.gaveanews.com\/?s={search_term_string}"},"query-input":{"@type":"PropertyValueSpecification","valueRequired":true,"valueName":"search_term_string"}}],"inLanguage":"pt-BR"},{"@type":"Person","@id":"https:\/\/www.gaveanews.com\/#\/schema\/person\/3b19f7288b0ce20372991275e4f2e6c2","name":"Ana Teixeira","image":{"@type":"ImageObject","inLanguage":"pt-BR","@id":"https:\/\/www.gaveanews.com\/#\/schema\/person\/image\/","url":"https:\/\/secure.gravatar.com\/avatar\/0a73f5a5258f3fed37fc2fa641892f3f7a4748456d4d4792f9bc550e6c19e06c?s=96&d=mm&r=g","contentUrl":"https:\/\/secure.gravatar.com\/avatar\/0a73f5a5258f3fed37fc2fa641892f3f7a4748456d4d4792f9bc550e6c19e06c?s=96&d=mm&r=g","caption":"Ana Teixeira"}}]}},"_links":{"self":[{"href":"https:\/\/www.gaveanews.com\/index.php\/wp-json\/wp\/v2\/posts\/263991","targetHints":{"allow":["GET"]}}],"collection":[{"href":"https:\/\/www.gaveanews.com\/index.php\/wp-json\/wp\/v2\/posts"}],"about":[{"href":"https:\/\/www.gaveanews.com\/index.php\/wp-json\/wp\/v2\/types\/post"}],"author":[{"embeddable":true,"href":"https:\/\/www.gaveanews.com\/index.php\/wp-json\/wp\/v2\/users\/30"}],"replies":[{"embeddable":true,"href":"https:\/\/www.gaveanews.com\/index.php\/wp-json\/wp\/v2\/comments?post=263991"}],"version-history":[{"count":1,"href":"https:\/\/www.gaveanews.com\/index.php\/wp-json\/wp\/v2\/posts\/263991\/revisions"}],"predecessor-version":[{"id":263998,"href":"https:\/\/www.gaveanews.com\/index.php\/wp-json\/wp\/v2\/posts\/263991\/revisions\/263998"}],"wp:featuredmedia":[{"embeddable":true,"href":"https:\/\/www.gaveanews.com\/index.php\/wp-json\/wp\/v2\/media\/258834"}],"wp:attachment":[{"href":"https:\/\/www.gaveanews.com\/index.php\/wp-json\/wp\/v2\/media?parent=263991"}],"wp:term":[{"taxonomy":"category","embeddable":true,"href":"https:\/\/www.gaveanews.com\/index.php\/wp-json\/wp\/v2\/categories?post=263991"},{"taxonomy":"post_tag","embeddable":true,"href":"https:\/\/www.gaveanews.com\/index.php\/wp-json\/wp\/v2\/tags?post=263991"}],"curies":[{"name":"wp","href":"https:\/\/api.w.org\/{rel}","templated":true}]}}