{"id":263992,"date":"2025-05-15T15:00:00","date_gmt":"2025-05-15T18:00:00","guid":{"rendered":"https:\/\/www.gaveanews.com\/?p=263992"},"modified":"2025-05-15T14:22:19","modified_gmt":"2025-05-15T17:22:19","slug":"goleiro-assina-com-o-santos","status":"publish","type":"post","link":"https:\/\/www.gaveanews.com\/index.php\/2025\/05\/15\/goleiro-assina-com-o-santos\/","title":{"rendered":"Goleiro assina com o Santos"},"content":{"rendered":"\n<p>O Santos oficializou, nesta semana, o primeiro contrato profissional do jovem goleiro Arthur do Vale. Natural de Vit\u00f3ria (ES) e com apenas 16 anos, o atleta assinou um v\u00ednculo que vai at\u00e9 mar\u00e7o de 2028. O acordo foi registrado no Boletim Informativo Di\u00e1rio (BID) da CBF na \u00faltima segunda-feira (12), antecipando a renova\u00e7\u00e3o de um contrato anterior, que teria validade at\u00e9 fevereiro de 2026.<\/p>\n\n\n\n<p>A assinatura representa um novo passo na trajet\u00f3ria do goleiro, que vem sendo observado de perto pelo clube devido ao bom desempenho nas categorias de base. Ele vem sendo presen\u00e7a constante em torneios como o Campeonato Paulista Sub-17 e a Copa do Brasil Sub-17. <\/p>\n\n\n\n<p>Al\u00e9m disso, participou de competi\u00e7\u00f5es como Copa Futam, Copa Puma, Copa Ibrachina e Alcans Cup. Ali\u00e1s, mesmo n\u00e3o podendo ser inscrito por conta do prazo j\u00e1 encerrado, chegou a treinar com os arqueiros do elenco sub-20 que disputaram a Copa S\u00e3o Paulo de Futebol J\u00fanior.<\/p>\n\n\n\n<p>Arthur, que iniciou a caminhada no futebol em uma escolinha chamada Zico 10 Marcela, chamou aten\u00e7\u00e3o da comiss\u00e3o t\u00e9cnica santista durante a disputa da Dani Cup, em S\u00e3o Jos\u00e9 do Rio Preto. A partir desse torneio, foi convidado a integrar as categorias de base do clube. No fim de 2019, mudou-se com a m\u00e3e para a Baixada Santista e passou a integrar o grupo sub-11 do Alvinegro Praiano.<\/p>\n\n\n\n<p>Com atua\u00e7\u00f5es seguras e postura promissora, foi convocado para defender a Sele\u00e7\u00e3o Brasileira Sub-15 na Copa 2 de Julho, disputada na Bahia no ano passado. Atualmente, disputa posi\u00e7\u00e3o com Jo\u00e3o Pedro, outro goleiro em desenvolvimento considerado uma aposta do clube.<\/p>\n\n\n\n<p>\u201cAssinar meu primeiro contrato profissional com o Santos \u00e9 a realiza\u00e7\u00e3o de um sonho. Vestir essa camisa t\u00e3o pesada e com tanta hist\u00f3ria me enche de orgulho e responsabilidade. Sei que \u00e9 s\u00f3 o come\u00e7o e que ainda tenho muito a aprender, mas estou muito motivado para seguir evoluindo e honrar essa oportunidade da melhor forma poss\u00edvel\u201d, afirmou o jovem goleiro.<\/p>\n\n\n\n<p>O atleta tamb\u00e9m comentou sobre a experi\u00eancia vivida dentro do clube at\u00e9 agora. \u201cEstar no Santos tem sido uma experi\u00eancia incr\u00edvel, que tem marcado minha vida dentro e fora de campo. O clube me proporciona uma estrutura e um ambiente que me fazem crescer. Sou muito grato a todos que acreditam em mim e sigo trabalhando para continuar evoluindo e representando bem essa camisa\u201d, completou.<\/p>\n\n\n\n<p>A estreia mais recente com a camisa santista deve ocorrer no s\u00e1bado (17), quando a equipe enfrenta o EC S\u00e3o Bernardo pela primeira fase do Paulista Sub-17. A evolu\u00e7\u00e3o constante de Arthur do Vale refor\u00e7a a relev\u00e2ncia das categorias de base no planejamento esportivo do clube da Vila Belmiro, que segue apostando em jovens talentos como estrat\u00e9gia de renova\u00e7\u00e3o e fortalecimento do elenco principal.<\/p>\n","protected":false},"excerpt":{"rendered":"<p>O Santos oficializou, nesta semana, o primeiro contrato profissional do jovem goleiro Arthur do Vale. Natural de Vit\u00f3ria (ES) e com apenas 16 anos, o atleta assinou um v\u00ednculo que vai at\u00e9 mar\u00e7o de 2028. O acordo foi registrado no Boletim Informativo Di\u00e1rio (BID) da CBF na \u00faltima segunda-feira (12), antecipando a renova\u00e7\u00e3o de um [&hellip;]<\/p>\n","protected":false},"author":30,"featured_media":165619,"comment_status":"open","ping_status":"closed","sticky":false,"template":"","format":"standard","meta":{"footnotes":""},"categories":[139],"tags":[],"class_list":["post-263992","post","type-post","status-publish","format-standard","has-post-thumbnail","hentry","category-santos"],"yoast_head":"<!-- This site is optimized with the Yoast SEO Premium plugin v24.2 (Yoast SEO v26.9) - https:\/\/yoast.com\/product\/yoast-seo-premium-wordpress\/ -->\n<title>Goleiro assina com o Santos<\/title>\n<meta name=\"robots\" content=\"index, follow, max-snippet:-1, max-image-preview:large, max-video-preview:-1\" \/>\n<link rel=\"canonical\" href=\"https:\/\/www.gaveanews.com\/index.php\/2025\/05\/15\/goleiro-assina-com-o-santos\/\" \/>\n<meta property=\"og:locale\" content=\"pt_BR\" \/>\n<meta property=\"og:type\" content=\"article\" \/>\n<meta property=\"og:title\" content=\"Goleiro assina com o Santos\" \/>\n<meta property=\"og:description\" content=\"O Santos oficializou, nesta semana, o primeiro contrato profissional do jovem goleiro Arthur do Vale. Natural de Vit\u00f3ria (ES) e com apenas 16 anos, o atleta assinou um v\u00ednculo que vai at\u00e9 mar\u00e7o de 2028. O acordo foi registrado no Boletim Informativo Di\u00e1rio (BID) da CBF na \u00faltima segunda-feira (12), antecipando a renova\u00e7\u00e3o de um [&hellip;]\" \/>\n<meta property=\"og:url\" content=\"https:\/\/www.gaveanews.com\/index.php\/2025\/05\/15\/goleiro-assina-com-o-santos\/\" \/>\n<meta property=\"og:site_name\" content=\"G\u00e1vea News\" \/>\n<meta property=\"article:publisher\" content=\"https:\/\/facebook.com\/gaveaNews\/\" \/>\n<meta property=\"article:published_time\" content=\"2025-05-15T18:00:00+00:00\" \/>\n<meta property=\"og:image\" content=\"https:\/\/www.gaveanews.com\/wp-content\/uploads\/Escudo-do-Santos-2.webp\" \/>\n\t<meta property=\"og:image:width\" content=\"1424\" \/>\n\t<meta property=\"og:image:height\" content=\"949\" \/>\n\t<meta property=\"og:image:type\" content=\"image\/webp\" \/>\n<meta name=\"author\" content=\"Ana Teixeira\" \/>\n<meta name=\"twitter:card\" content=\"summary_large_image\" \/>\n<meta name=\"twitter:label1\" content=\"Escrito por\" \/>\n\t<meta name=\"twitter:data1\" content=\"Ana Teixeira\" \/>\n\t<meta name=\"twitter:label2\" content=\"Est. tempo de leitura\" \/>\n\t<meta name=\"twitter:data2\" content=\"3 minutos\" \/>\n<script type=\"application\/ld+json\" class=\"yoast-schema-graph\">{\"@context\":\"https:\/\/schema.org\",\"@graph\":[{\"@type\":\"NewsArticle\",\"@id\":\"https:\/\/www.gaveanews.com\/index.php\/2025\/05\/15\/goleiro-assina-com-o-santos\/#article\",\"isPartOf\":{\"@id\":\"https:\/\/www.gaveanews.com\/index.php\/2025\/05\/15\/goleiro-assina-com-o-santos\/\"},\"author\":{\"name\":\"Ana Teixeira\",\"@id\":\"https:\/\/www.gaveanews.com\/#\/schema\/person\/3b19f7288b0ce20372991275e4f2e6c2\"},\"headline\":\"Goleiro assina com o Santos\",\"datePublished\":\"2025-05-15T18:00:00+00:00\",\"mainEntityOfPage\":{\"@id\":\"https:\/\/www.gaveanews.com\/index.php\/2025\/05\/15\/goleiro-assina-com-o-santos\/\"},\"wordCount\":484,\"commentCount\":0,\"image\":{\"@id\":\"https:\/\/www.gaveanews.com\/index.php\/2025\/05\/15\/goleiro-assina-com-o-santos\/#primaryimage\"},\"thumbnailUrl\":\"https:\/\/www.gaveanews.com\/wp-content\/uploads\/Escudo-do-Santos-2.webp\",\"articleSection\":[\"Santos\"],\"inLanguage\":\"pt-BR\",\"potentialAction\":[{\"@type\":\"CommentAction\",\"name\":\"Comment\",\"target\":[\"https:\/\/www.gaveanews.com\/index.php\/2025\/05\/15\/goleiro-assina-com-o-santos\/#respond\"]}],\"copyrightYear\":\"2025\",\"copyrightHolder\":{\"@id\":\"https:\/\/www.gaveanews.com\/#organization\"}},{\"@type\":\"WebPage\",\"@id\":\"https:\/\/www.gaveanews.com\/index.php\/2025\/05\/15\/goleiro-assina-com-o-santos\/\",\"url\":\"https:\/\/www.gaveanews.com\/index.php\/2025\/05\/15\/goleiro-assina-com-o-santos\/\",\"name\":\"Goleiro assina com o Santos\",\"isPartOf\":{\"@id\":\"https:\/\/www.gaveanews.com\/#website\"},\"primaryImageOfPage\":{\"@id\":\"https:\/\/www.gaveanews.com\/index.php\/2025\/05\/15\/goleiro-assina-com-o-santos\/#primaryimage\"},\"image\":{\"@id\":\"https:\/\/www.gaveanews.com\/index.php\/2025\/05\/15\/goleiro-assina-com-o-santos\/#primaryimage\"},\"thumbnailUrl\":\"https:\/\/www.gaveanews.com\/wp-content\/uploads\/Escudo-do-Santos-2.webp\",\"datePublished\":\"2025-05-15T18:00:00+00:00\",\"author\":{\"@id\":\"https:\/\/www.gaveanews.com\/#\/schema\/person\/3b19f7288b0ce20372991275e4f2e6c2\"},\"breadcrumb\":{\"@id\":\"https:\/\/www.gaveanews.com\/index.php\/2025\/05\/15\/goleiro-assina-com-o-santos\/#breadcrumb\"},\"inLanguage\":\"pt-BR\",\"potentialAction\":[{\"@type\":\"ReadAction\",\"target\":[\"https:\/\/www.gaveanews.com\/index.php\/2025\/05\/15\/goleiro-assina-com-o-santos\/\"]}]},{\"@type\":\"ImageObject\",\"inLanguage\":\"pt-BR\",\"@id\":\"https:\/\/www.gaveanews.com\/index.php\/2025\/05\/15\/goleiro-assina-com-o-santos\/#primaryimage\",\"url\":\"https:\/\/www.gaveanews.com\/wp-content\/uploads\/Escudo-do-Santos-2.webp\",\"contentUrl\":\"https:\/\/www.gaveanews.com\/wp-content\/uploads\/Escudo-do-Santos-2.webp\",\"width\":1424,\"height\":949,\"caption\":\"Escudo do Santos (Foto: Raul Baretta\/Santos FC)\"},{\"@type\":\"BreadcrumbList\",\"@id\":\"https:\/\/www.gaveanews.com\/index.php\/2025\/05\/15\/goleiro-assina-com-o-santos\/#breadcrumb\",\"itemListElement\":[{\"@type\":\"ListItem\",\"position\":1,\"name\":\"Home\",\"item\":\"https:\/\/www.gaveanews.com\/\"},{\"@type\":\"ListItem\",\"position\":2,\"name\":\"Goleiro assina com o Santos\"}]},{\"@type\":\"WebSite\",\"@id\":\"https:\/\/www.gaveanews.com\/#website\",\"url\":\"https:\/\/www.gaveanews.com\/\",\"name\":\"G\u00e1vea News\",\"description\":\"Veja todas as not\u00edcias sobre o Flamengo: Contrata\u00e7\u00f5es, categorias de base, resultados das partidas, tabela de classifica\u00e7\u00e3o, pr\u00f3ximos jogos!\",\"potentialAction\":[{\"@type\":\"SearchAction\",\"target\":{\"@type\":\"EntryPoint\",\"urlTemplate\":\"https:\/\/www.gaveanews.com\/?s={search_term_string}\"},\"query-input\":{\"@type\":\"PropertyValueSpecification\",\"valueRequired\":true,\"valueName\":\"search_term_string\"}}],\"inLanguage\":\"pt-BR\"},{\"@type\":\"Person\",\"@id\":\"https:\/\/www.gaveanews.com\/#\/schema\/person\/3b19f7288b0ce20372991275e4f2e6c2\",\"name\":\"Ana Teixeira\",\"image\":{\"@type\":\"ImageObject\",\"inLanguage\":\"pt-BR\",\"@id\":\"https:\/\/www.gaveanews.com\/#\/schema\/person\/image\/\",\"url\":\"https:\/\/secure.gravatar.com\/avatar\/0a73f5a5258f3fed37fc2fa641892f3f7a4748456d4d4792f9bc550e6c19e06c?s=96&d=mm&r=g\",\"contentUrl\":\"https:\/\/secure.gravatar.com\/avatar\/0a73f5a5258f3fed37fc2fa641892f3f7a4748456d4d4792f9bc550e6c19e06c?s=96&d=mm&r=g\",\"caption\":\"Ana Teixeira\"}}]}<\/script>\n<!-- \/ Yoast SEO Premium plugin. -->","yoast_head_json":{"title":"Goleiro assina com o Santos","robots":{"index":"index","follow":"follow","max-snippet":"max-snippet:-1","max-image-preview":"max-image-preview:large","max-video-preview":"max-video-preview:-1"},"canonical":"https:\/\/www.gaveanews.com\/index.php\/2025\/05\/15\/goleiro-assina-com-o-santos\/","og_locale":"pt_BR","og_type":"article","og_title":"Goleiro assina com o Santos","og_description":"O Santos oficializou, nesta semana, o primeiro contrato profissional do jovem goleiro Arthur do Vale. Natural de Vit\u00f3ria (ES) e com apenas 16 anos, o atleta assinou um v\u00ednculo que vai at\u00e9 mar\u00e7o de 2028. O acordo foi registrado no Boletim Informativo Di\u00e1rio (BID) da CBF na \u00faltima segunda-feira (12), antecipando a renova\u00e7\u00e3o de um [&hellip;]","og_url":"https:\/\/www.gaveanews.com\/index.php\/2025\/05\/15\/goleiro-assina-com-o-santos\/","og_site_name":"G\u00e1vea News","article_publisher":"https:\/\/facebook.com\/gaveaNews\/","article_published_time":"2025-05-15T18:00:00+00:00","og_image":[{"width":1424,"height":949,"url":"https:\/\/www.gaveanews.com\/wp-content\/uploads\/Escudo-do-Santos-2.webp","type":"image\/webp"}],"author":"Ana Teixeira","twitter_card":"summary_large_image","twitter_misc":{"Escrito por":"Ana Teixeira","Est. tempo de leitura":"3 minutos"},"schema":{"@context":"https:\/\/schema.org","@graph":[{"@type":"NewsArticle","@id":"https:\/\/www.gaveanews.com\/index.php\/2025\/05\/15\/goleiro-assina-com-o-santos\/#article","isPartOf":{"@id":"https:\/\/www.gaveanews.com\/index.php\/2025\/05\/15\/goleiro-assina-com-o-santos\/"},"author":{"name":"Ana Teixeira","@id":"https:\/\/www.gaveanews.com\/#\/schema\/person\/3b19f7288b0ce20372991275e4f2e6c2"},"headline":"Goleiro assina com o Santos","datePublished":"2025-05-15T18:00:00+00:00","mainEntityOfPage":{"@id":"https:\/\/www.gaveanews.com\/index.php\/2025\/05\/15\/goleiro-assina-com-o-santos\/"},"wordCount":484,"commentCount":0,"image":{"@id":"https:\/\/www.gaveanews.com\/index.php\/2025\/05\/15\/goleiro-assina-com-o-santos\/#primaryimage"},"thumbnailUrl":"https:\/\/www.gaveanews.com\/wp-content\/uploads\/Escudo-do-Santos-2.webp","articleSection":["Santos"],"inLanguage":"pt-BR","potentialAction":[{"@type":"CommentAction","name":"Comment","target":["https:\/\/www.gaveanews.com\/index.php\/2025\/05\/15\/goleiro-assina-com-o-santos\/#respond"]}],"copyrightYear":"2025","copyrightHolder":{"@id":"https:\/\/www.gaveanews.com\/#organization"}},{"@type":"WebPage","@id":"https:\/\/www.gaveanews.com\/index.php\/2025\/05\/15\/goleiro-assina-com-o-santos\/","url":"https:\/\/www.gaveanews.com\/index.php\/2025\/05\/15\/goleiro-assina-com-o-santos\/","name":"Goleiro assina com o Santos","isPartOf":{"@id":"https:\/\/www.gaveanews.com\/#website"},"primaryImageOfPage":{"@id":"https:\/\/www.gaveanews.com\/index.php\/2025\/05\/15\/goleiro-assina-com-o-santos\/#primaryimage"},"image":{"@id":"https:\/\/www.gaveanews.com\/index.php\/2025\/05\/15\/goleiro-assina-com-o-santos\/#primaryimage"},"thumbnailUrl":"https:\/\/www.gaveanews.com\/wp-content\/uploads\/Escudo-do-Santos-2.webp","datePublished":"2025-05-15T18:00:00+00:00","author":{"@id":"https:\/\/www.gaveanews.com\/#\/schema\/person\/3b19f7288b0ce20372991275e4f2e6c2"},"breadcrumb":{"@id":"https:\/\/www.gaveanews.com\/index.php\/2025\/05\/15\/goleiro-assina-com-o-santos\/#breadcrumb"},"inLanguage":"pt-BR","potentialAction":[{"@type":"ReadAction","target":["https:\/\/www.gaveanews.com\/index.php\/2025\/05\/15\/goleiro-assina-com-o-santos\/"]}]},{"@type":"ImageObject","inLanguage":"pt-BR","@id":"https:\/\/www.gaveanews.com\/index.php\/2025\/05\/15\/goleiro-assina-com-o-santos\/#primaryimage","url":"https:\/\/www.gaveanews.com\/wp-content\/uploads\/Escudo-do-Santos-2.webp","contentUrl":"https:\/\/www.gaveanews.com\/wp-content\/uploads\/Escudo-do-Santos-2.webp","width":1424,"height":949,"caption":"Escudo do Santos (Foto: Raul Baretta\/Santos FC)"},{"@type":"BreadcrumbList","@id":"https:\/\/www.gaveanews.com\/index.php\/2025\/05\/15\/goleiro-assina-com-o-santos\/#breadcrumb","itemListElement":[{"@type":"ListItem","position":1,"name":"Home","item":"https:\/\/www.gaveanews.com\/"},{"@type":"ListItem","position":2,"name":"Goleiro assina com o Santos"}]},{"@type":"WebSite","@id":"https:\/\/www.gaveanews.com\/#website","url":"https:\/\/www.gaveanews.com\/","name":"G\u00e1vea News","description":"Veja todas as not\u00edcias sobre o Flamengo: Contrata\u00e7\u00f5es, categorias de base, resultados das partidas, tabela de classifica\u00e7\u00e3o, pr\u00f3ximos jogos!","potentialAction":[{"@type":"SearchAction","target":{"@type":"EntryPoint","urlTemplate":"https:\/\/www.gaveanews.com\/?s={search_term_string}"},"query-input":{"@type":"PropertyValueSpecification","valueRequired":true,"valueName":"search_term_string"}}],"inLanguage":"pt-BR"},{"@type":"Person","@id":"https:\/\/www.gaveanews.com\/#\/schema\/person\/3b19f7288b0ce20372991275e4f2e6c2","name":"Ana Teixeira","image":{"@type":"ImageObject","inLanguage":"pt-BR","@id":"https:\/\/www.gaveanews.com\/#\/schema\/person\/image\/","url":"https:\/\/secure.gravatar.com\/avatar\/0a73f5a5258f3fed37fc2fa641892f3f7a4748456d4d4792f9bc550e6c19e06c?s=96&d=mm&r=g","contentUrl":"https:\/\/secure.gravatar.com\/avatar\/0a73f5a5258f3fed37fc2fa641892f3f7a4748456d4d4792f9bc550e6c19e06c?s=96&d=mm&r=g","caption":"Ana Teixeira"}}]}},"_links":{"self":[{"href":"https:\/\/www.gaveanews.com\/index.php\/wp-json\/wp\/v2\/posts\/263992","targetHints":{"allow":["GET"]}}],"collection":[{"href":"https:\/\/www.gaveanews.com\/index.php\/wp-json\/wp\/v2\/posts"}],"about":[{"href":"https:\/\/www.gaveanews.com\/index.php\/wp-json\/wp\/v2\/types\/post"}],"author":[{"embeddable":true,"href":"https:\/\/www.gaveanews.com\/index.php\/wp-json\/wp\/v2\/users\/30"}],"replies":[{"embeddable":true,"href":"https:\/\/www.gaveanews.com\/index.php\/wp-json\/wp\/v2\/comments?post=263992"}],"version-history":[{"count":1,"href":"https:\/\/www.gaveanews.com\/index.php\/wp-json\/wp\/v2\/posts\/263992\/revisions"}],"predecessor-version":[{"id":264001,"href":"https:\/\/www.gaveanews.com\/index.php\/wp-json\/wp\/v2\/posts\/263992\/revisions\/264001"}],"wp:featuredmedia":[{"embeddable":true,"href":"https:\/\/www.gaveanews.com\/index.php\/wp-json\/wp\/v2\/media\/165619"}],"wp:attachment":[{"href":"https:\/\/www.gaveanews.com\/index.php\/wp-json\/wp\/v2\/media?parent=263992"}],"wp:term":[{"taxonomy":"category","embeddable":true,"href":"https:\/\/www.gaveanews.com\/index.php\/wp-json\/wp\/v2\/categories?post=263992"},{"taxonomy":"post_tag","embeddable":true,"href":"https:\/\/www.gaveanews.com\/index.php\/wp-json\/wp\/v2\/tags?post=263992"}],"curies":[{"name":"wp","href":"https:\/\/api.w.org\/{rel}","templated":true}]}}