{"id":263994,"date":"2025-05-15T14:25:00","date_gmt":"2025-05-15T17:25:00","guid":{"rendered":"https:\/\/www.gaveanews.com\/?p=263994"},"modified":"2025-05-15T14:16:01","modified_gmt":"2025-05-15T17:16:01","slug":"hulk-gustavo-scarpa-junior-alonso-bruno-henrique-alan-franco-igor-gomes-rony-tomas-cuello-leo-ortiz-renzo-saravia-everson-a-escalacao-do-atletico-mg-escolhida-por-cuca-para-enfrentar-o-cara","status":"publish","type":"post","link":"https:\/\/www.gaveanews.com\/index.php\/2025\/05\/15\/hulk-gustavo-scarpa-junior-alonso-bruno-henrique-alan-franco-igor-gomes-rony-tomas-cuello-leo-ortiz-renzo-saravia-everson-a-escalacao-do-atletico-mg-escolhida-por-cuca-para-enfrentar-o-cara\/","title":{"rendered":"Hulk, Gustavo Scarpa, Junior Alonso, Bruno Henrique, Alan Franco, Igor Gomes, Rony, Tom\u00e1s Cuello, L\u00e9o Ortiz, Renzo Saravia, Everson: a escala\u00e7\u00e3o do Atl\u00e9tico-MG escolhida por Cuca para enfrentar o Caracas"},"content":{"rendered":"\n<p>Em uma noite que promete ser intensa, mesmo sem o apoio das arquibancadas, o Atl\u00e9tico-MG recebe o Caracas nesta quinta-feira (15), \u00e0s 21h30 (de Bras\u00edlia), na Arena MRV, pela quinta rodada da fase de grupos da Copa Sul-Americana.&nbsp;<\/p>\n\n\n\n<p>A partida ter\u00e1 port\u00f5es fechados, isso porque o clube mineiro cumpre o segundo jogo da puni\u00e7\u00e3o imposta pela Conmebol, por causa de sinalizadores usados pela torcida em confrontos da Libertadores de 2023. Vale destacar que a aus\u00eancia do p\u00fablico n\u00e3o diminui a import\u00e2ncia do confronto, j\u00e1 que o Galo precisa da vit\u00f3ria para se manter firme na briga pela lideran\u00e7a do Grupo H.<\/p>\n\n\n\n<p>Al\u00e9m disso, o Atl\u00e9tico-MG chega embalado ap\u00f3s vencer o Fluminense pelo Brasileir\u00e3o, em duelo que marcou a reabertura da Arena MRV. Por isso, o t\u00e9cnico Cuca pode optar por um time misto, equilibrando a necessidade de vencer com a cautela antes do cl\u00e1ssico diante do Cruzeiro no fim de semana.&nbsp;<\/p>\n\n\n\n<p>Sendo assim, mudan\u00e7as pontuais devem ocorrer na equipe titular, mas sem abrir m\u00e3o da qualidade t\u00e9cnica.<\/p>\n\n\n\n<h2 class=\"wp-block-heading\" id=\"h-cuca-aposta-em-equilibrio-e-forca-ofensiva-para-buscar-os-tres-pontos\">Cuca aposta em equil\u00edbrio e for\u00e7a ofensiva para buscar os tr\u00eas pontos<\/h2>\n\n\n\n<p>Com Cuello garantido entre os titulares j\u00e1 que est\u00e1 suspenso no Campeonato Brasileiro, o treinador prepara o time com algumas alternativas. Nomes como Hulk, Scarpa e Junior Alonso devem iniciar o duelo.&nbsp;<\/p>\n\n\n\n<p>Cabe ressaltar que jogadores como Gabriel Menino, Cadu e Guilherme Arana seguem fora, enquanto Rubens entra em campo pendurado.<\/p>\n\n\n\n<p><strong>Prov\u00e1vel escala\u00e7\u00e3o do Galo: <\/strong>Everson; Renzo Saravia (Natanael), R\u00f4mulo (Lyanco), Junior Alonso e Rubens (Caio Paulista); Alan Franco (Fausto Vera), Igor Gomes e Scarpa; Tom\u00e1s Cuello, Hulk (Bernard) e Rony.<\/p>\n\n\n\n<h2 class=\"wp-block-heading\" id=\"h-caracas-tenta-surpreender-mesmo-desfalcado\">Caracas tenta surpreender mesmo desfalcado<\/h2>\n\n\n\n<p>Do outro lado, o Caracas tamb\u00e9m luta por uma vaga na pr\u00f3xima fase. Com cinco pontos, mesma pontua\u00e7\u00e3o do Atl\u00e9tico, a equipe venezuelana ocupa a terceira coloca\u00e7\u00e3o. Desse jeito, o jogo \u00e9 um confronto direto pela classifica\u00e7\u00e3o. O zagueiro Luis Mago, lesionado, deve ser substitu\u00eddo pelo nigeriano Edet, que atua como volante e zagueiro.<\/p>\n\n\n\n<p><strong>Prov\u00e1vel time do Caracas:<\/strong> Ben\u00edtez; Rito, Blessing Edet, Mant\u00eda e Yendis; Rodr\u00edguez, Vegas, Heraldez, Ch\u00e1vez e Echenique; De Santis.<\/p>\n","protected":false},"excerpt":{"rendered":"<p>Em uma noite que promete ser intensa, mesmo sem o apoio das arquibancadas, o Atl\u00e9tico-MG recebe o Caracas nesta quinta-feira (15), \u00e0s 21h30 (de Bras\u00edlia), na Arena MRV, pela quinta rodada da fase de grupos da Copa Sul-Americana.&nbsp; A partida ter\u00e1 port\u00f5es fechados, isso porque o clube mineiro cumpre o segundo jogo da puni\u00e7\u00e3o imposta [&hellip;]<\/p>\n","protected":false},"author":25,"featured_media":28603,"comment_status":"open","ping_status":"closed","sticky":false,"template":"","format":"standard","meta":{"footnotes":""},"categories":[136],"tags":[],"class_list":["post-263994","post","type-post","status-publish","format-standard","has-post-thumbnail","hentry","category-atletico-mg"],"yoast_head":"<!-- This site is optimized with the Yoast SEO Premium plugin v24.2 (Yoast SEO v26.9) - https:\/\/yoast.com\/product\/yoast-seo-premium-wordpress\/ -->\n<title>Hulk, Gustavo Scarpa, Junior Alonso, Bruno Henrique, Alan Franco, Igor Gomes, Rony, Tom\u00e1s Cuello, L\u00e9o Ortiz, Renzo Saravia, Everson: a escala\u00e7\u00e3o do Atl\u00e9tico-MG escolhida por Cuca para enfrentar o Caracas<\/title>\n<meta name=\"robots\" content=\"index, follow, max-snippet:-1, max-image-preview:large, max-video-preview:-1\" \/>\n<link rel=\"canonical\" href=\"https:\/\/www.gaveanews.com\/index.php\/2025\/05\/15\/hulk-gustavo-scarpa-junior-alonso-bruno-henrique-alan-franco-igor-gomes-rony-tomas-cuello-leo-ortiz-renzo-saravia-everson-a-escalacao-do-atletico-mg-escolhida-por-cuca-para-enfrentar-o-cara\/\" \/>\n<meta property=\"og:locale\" content=\"pt_BR\" \/>\n<meta property=\"og:type\" content=\"article\" \/>\n<meta property=\"og:title\" content=\"Hulk, Gustavo Scarpa, Junior Alonso, Bruno Henrique, Alan Franco, Igor Gomes, Rony, Tom\u00e1s Cuello, L\u00e9o Ortiz, Renzo Saravia, Everson: a escala\u00e7\u00e3o do Atl\u00e9tico-MG escolhida por Cuca para enfrentar o Caracas\" \/>\n<meta property=\"og:description\" content=\"Em uma noite que promete ser intensa, mesmo sem o apoio das arquibancadas, o Atl\u00e9tico-MG recebe o Caracas nesta quinta-feira (15), \u00e0s 21h30 (de Bras\u00edlia), na Arena MRV, pela quinta rodada da fase de grupos da Copa Sul-Americana.&nbsp; A partida ter\u00e1 port\u00f5es fechados, isso porque o clube mineiro cumpre o segundo jogo da puni\u00e7\u00e3o imposta [&hellip;]\" \/>\n<meta property=\"og:url\" content=\"https:\/\/www.gaveanews.com\/index.php\/2025\/05\/15\/hulk-gustavo-scarpa-junior-alonso-bruno-henrique-alan-franco-igor-gomes-rony-tomas-cuello-leo-ortiz-renzo-saravia-everson-a-escalacao-do-atletico-mg-escolhida-por-cuca-para-enfrentar-o-cara\/\" \/>\n<meta property=\"og:site_name\" content=\"G\u00e1vea News\" \/>\n<meta property=\"article:publisher\" content=\"https:\/\/facebook.com\/gaveaNews\/\" \/>\n<meta property=\"article:published_time\" content=\"2025-05-15T17:25:00+00:00\" \/>\n<meta property=\"og:image\" content=\"https:\/\/www.gaveanews.com\/wp-content\/uploads\/Cuca-durante-um-programa-do-SporTV.webp\" \/>\n\t<meta property=\"og:image:width\" content=\"1280\" \/>\n\t<meta property=\"og:image:height\" content=\"720\" \/>\n\t<meta property=\"og:image:type\" content=\"image\/jpeg\" \/>\n<meta name=\"author\" content=\"Rafaela Ladeira\" \/>\n<meta name=\"twitter:card\" content=\"summary_large_image\" \/>\n<meta name=\"twitter:label1\" content=\"Escrito por\" \/>\n\t<meta name=\"twitter:data1\" content=\"Rafaela Ladeira\" \/>\n\t<meta name=\"twitter:label2\" content=\"Est. tempo de leitura\" \/>\n\t<meta name=\"twitter:data2\" content=\"3 minutos\" \/>\n<script type=\"application\/ld+json\" class=\"yoast-schema-graph\">{\"@context\":\"https:\/\/schema.org\",\"@graph\":[{\"@type\":\"NewsArticle\",\"@id\":\"https:\/\/www.gaveanews.com\/index.php\/2025\/05\/15\/hulk-gustavo-scarpa-junior-alonso-bruno-henrique-alan-franco-igor-gomes-rony-tomas-cuello-leo-ortiz-renzo-saravia-everson-a-escalacao-do-atletico-mg-escolhida-por-cuca-para-enfrentar-o-cara\/#article\",\"isPartOf\":{\"@id\":\"https:\/\/www.gaveanews.com\/index.php\/2025\/05\/15\/hulk-gustavo-scarpa-junior-alonso-bruno-henrique-alan-franco-igor-gomes-rony-tomas-cuello-leo-ortiz-renzo-saravia-everson-a-escalacao-do-atletico-mg-escolhida-por-cuca-para-enfrentar-o-cara\/\"},\"author\":{\"name\":\"Rafaela Ladeira\",\"@id\":\"https:\/\/www.gaveanews.com\/#\/schema\/person\/0eb3e3fe1754f0205218538adbe8f5ed\"},\"headline\":\"Hulk, Gustavo Scarpa, Junior Alonso, Bruno Henrique, Alan Franco, Igor Gomes, Rony, Tom\u00e1s Cuello, L\u00e9o Ortiz, Renzo Saravia, Everson: a escala\u00e7\u00e3o do Atl\u00e9tico-MG escolhida por Cuca para enfrentar o Caracas\",\"datePublished\":\"2025-05-15T17:25:00+00:00\",\"mainEntityOfPage\":{\"@id\":\"https:\/\/www.gaveanews.com\/index.php\/2025\/05\/15\/hulk-gustavo-scarpa-junior-alonso-bruno-henrique-alan-franco-igor-gomes-rony-tomas-cuello-leo-ortiz-renzo-saravia-everson-a-escalacao-do-atletico-mg-escolhida-por-cuca-para-enfrentar-o-cara\/\"},\"wordCount\":410,\"commentCount\":0,\"image\":{\"@id\":\"https:\/\/www.gaveanews.com\/index.php\/2025\/05\/15\/hulk-gustavo-scarpa-junior-alonso-bruno-henrique-alan-franco-igor-gomes-rony-tomas-cuello-leo-ortiz-renzo-saravia-everson-a-escalacao-do-atletico-mg-escolhida-por-cuca-para-enfrentar-o-cara\/#primaryimage\"},\"thumbnailUrl\":\"https:\/\/www.gaveanews.com\/wp-content\/uploads\/Cuca-durante-um-programa-do-SporTV.webp\",\"articleSection\":[\"Atl\u00e9tico-MG\"],\"inLanguage\":\"pt-BR\",\"potentialAction\":[{\"@type\":\"CommentAction\",\"name\":\"Comment\",\"target\":[\"https:\/\/www.gaveanews.com\/index.php\/2025\/05\/15\/hulk-gustavo-scarpa-junior-alonso-bruno-henrique-alan-franco-igor-gomes-rony-tomas-cuello-leo-ortiz-renzo-saravia-everson-a-escalacao-do-atletico-mg-escolhida-por-cuca-para-enfrentar-o-cara\/#respond\"]}],\"copyrightYear\":\"2025\",\"copyrightHolder\":{\"@id\":\"https:\/\/www.gaveanews.com\/#organization\"}},{\"@type\":\"WebPage\",\"@id\":\"https:\/\/www.gaveanews.com\/index.php\/2025\/05\/15\/hulk-gustavo-scarpa-junior-alonso-bruno-henrique-alan-franco-igor-gomes-rony-tomas-cuello-leo-ortiz-renzo-saravia-everson-a-escalacao-do-atletico-mg-escolhida-por-cuca-para-enfrentar-o-cara\/\",\"url\":\"https:\/\/www.gaveanews.com\/index.php\/2025\/05\/15\/hulk-gustavo-scarpa-junior-alonso-bruno-henrique-alan-franco-igor-gomes-rony-tomas-cuello-leo-ortiz-renzo-saravia-everson-a-escalacao-do-atletico-mg-escolhida-por-cuca-para-enfrentar-o-cara\/\",\"name\":\"Hulk, Gustavo Scarpa, Junior Alonso, Bruno Henrique, Alan Franco, Igor Gomes, Rony, Tom\u00e1s Cuello, L\u00e9o Ortiz, Renzo Saravia, Everson: a escala\u00e7\u00e3o do Atl\u00e9tico-MG escolhida por Cuca para enfrentar o Caracas\",\"isPartOf\":{\"@id\":\"https:\/\/www.gaveanews.com\/#website\"},\"primaryImageOfPage\":{\"@id\":\"https:\/\/www.gaveanews.com\/index.php\/2025\/05\/15\/hulk-gustavo-scarpa-junior-alonso-bruno-henrique-alan-franco-igor-gomes-rony-tomas-cuello-leo-ortiz-renzo-saravia-everson-a-escalacao-do-atletico-mg-escolhida-por-cuca-para-enfrentar-o-cara\/#primaryimage\"},\"image\":{\"@id\":\"https:\/\/www.gaveanews.com\/index.php\/2025\/05\/15\/hulk-gustavo-scarpa-junior-alonso-bruno-henrique-alan-franco-igor-gomes-rony-tomas-cuello-leo-ortiz-renzo-saravia-everson-a-escalacao-do-atletico-mg-escolhida-por-cuca-para-enfrentar-o-cara\/#primaryimage\"},\"thumbnailUrl\":\"https:\/\/www.gaveanews.com\/wp-content\/uploads\/Cuca-durante-um-programa-do-SporTV.webp\",\"datePublished\":\"2025-05-15T17:25:00+00:00\",\"author\":{\"@id\":\"https:\/\/www.gaveanews.com\/#\/schema\/person\/0eb3e3fe1754f0205218538adbe8f5ed\"},\"breadcrumb\":{\"@id\":\"https:\/\/www.gaveanews.com\/index.php\/2025\/05\/15\/hulk-gustavo-scarpa-junior-alonso-bruno-henrique-alan-franco-igor-gomes-rony-tomas-cuello-leo-ortiz-renzo-saravia-everson-a-escalacao-do-atletico-mg-escolhida-por-cuca-para-enfrentar-o-cara\/#breadcrumb\"},\"inLanguage\":\"pt-BR\",\"potentialAction\":[{\"@type\":\"ReadAction\",\"target\":[\"https:\/\/www.gaveanews.com\/index.php\/2025\/05\/15\/hulk-gustavo-scarpa-junior-alonso-bruno-henrique-alan-franco-igor-gomes-rony-tomas-cuello-leo-ortiz-renzo-saravia-everson-a-escalacao-do-atletico-mg-escolhida-por-cuca-para-enfrentar-o-cara\/\"]}]},{\"@type\":\"ImageObject\",\"inLanguage\":\"pt-BR\",\"@id\":\"https:\/\/www.gaveanews.com\/index.php\/2025\/05\/15\/hulk-gustavo-scarpa-junior-alonso-bruno-henrique-alan-franco-igor-gomes-rony-tomas-cuello-leo-ortiz-renzo-saravia-everson-a-escalacao-do-atletico-mg-escolhida-por-cuca-para-enfrentar-o-cara\/#primaryimage\",\"url\":\"https:\/\/www.gaveanews.com\/wp-content\/uploads\/Cuca-durante-um-programa-do-SporTV.webp\",\"contentUrl\":\"https:\/\/www.gaveanews.com\/wp-content\/uploads\/Cuca-durante-um-programa-do-SporTV.webp\",\"width\":1280,\"height\":720,\"caption\":\"Cuca durante um programa do SporTV (Foto: Reprodu\u00e7\u00e3o\/SporTV)\"},{\"@type\":\"BreadcrumbList\",\"@id\":\"https:\/\/www.gaveanews.com\/index.php\/2025\/05\/15\/hulk-gustavo-scarpa-junior-alonso-bruno-henrique-alan-franco-igor-gomes-rony-tomas-cuello-leo-ortiz-renzo-saravia-everson-a-escalacao-do-atletico-mg-escolhida-por-cuca-para-enfrentar-o-cara\/#breadcrumb\",\"itemListElement\":[{\"@type\":\"ListItem\",\"position\":1,\"name\":\"Home\",\"item\":\"https:\/\/www.gaveanews.com\/\"},{\"@type\":\"ListItem\",\"position\":2,\"name\":\"Hulk, Gustavo Scarpa, Junior Alonso, Bruno Henrique, Alan Franco, Igor Gomes, Rony, Tom\u00e1s Cuello, L\u00e9o Ortiz, Renzo Saravia, Everson: a escala\u00e7\u00e3o do Atl\u00e9tico-MG escolhida por Cuca para enfrentar o Caracas\"}]},{\"@type\":\"WebSite\",\"@id\":\"https:\/\/www.gaveanews.com\/#website\",\"url\":\"https:\/\/www.gaveanews.com\/\",\"name\":\"G\u00e1vea News\",\"description\":\"Veja todas as not\u00edcias sobre o Flamengo: Contrata\u00e7\u00f5es, categorias de base, resultados das partidas, tabela de classifica\u00e7\u00e3o, pr\u00f3ximos jogos!\",\"potentialAction\":[{\"@type\":\"SearchAction\",\"target\":{\"@type\":\"EntryPoint\",\"urlTemplate\":\"https:\/\/www.gaveanews.com\/?s={search_term_string}\"},\"query-input\":{\"@type\":\"PropertyValueSpecification\",\"valueRequired\":true,\"valueName\":\"search_term_string\"}}],\"inLanguage\":\"pt-BR\"},{\"@type\":\"Person\",\"@id\":\"https:\/\/www.gaveanews.com\/#\/schema\/person\/0eb3e3fe1754f0205218538adbe8f5ed\",\"name\":\"Rafaela Ladeira\",\"image\":{\"@type\":\"ImageObject\",\"inLanguage\":\"pt-BR\",\"@id\":\"https:\/\/www.gaveanews.com\/#\/schema\/person\/image\/\",\"url\":\"https:\/\/secure.gravatar.com\/avatar\/c31f513acffd85eacab5730cbdfdbbf59f21ba5aeada8cd890acea879fbb2455?s=96&d=mm&r=g\",\"contentUrl\":\"https:\/\/secure.gravatar.com\/avatar\/c31f513acffd85eacab5730cbdfdbbf59f21ba5aeada8cd890acea879fbb2455?s=96&d=mm&r=g\",\"caption\":\"Rafaela Ladeira\"}}]}<\/script>\n<!-- \/ Yoast SEO Premium plugin. -->","yoast_head_json":{"title":"Hulk, Gustavo Scarpa, Junior Alonso, Bruno Henrique, Alan Franco, Igor Gomes, Rony, Tom\u00e1s Cuello, L\u00e9o Ortiz, Renzo Saravia, Everson: a escala\u00e7\u00e3o do Atl\u00e9tico-MG escolhida por Cuca para enfrentar o Caracas","robots":{"index":"index","follow":"follow","max-snippet":"max-snippet:-1","max-image-preview":"max-image-preview:large","max-video-preview":"max-video-preview:-1"},"canonical":"https:\/\/www.gaveanews.com\/index.php\/2025\/05\/15\/hulk-gustavo-scarpa-junior-alonso-bruno-henrique-alan-franco-igor-gomes-rony-tomas-cuello-leo-ortiz-renzo-saravia-everson-a-escalacao-do-atletico-mg-escolhida-por-cuca-para-enfrentar-o-cara\/","og_locale":"pt_BR","og_type":"article","og_title":"Hulk, Gustavo Scarpa, Junior Alonso, Bruno Henrique, Alan Franco, Igor Gomes, Rony, Tom\u00e1s Cuello, L\u00e9o Ortiz, Renzo Saravia, Everson: a escala\u00e7\u00e3o do Atl\u00e9tico-MG escolhida por Cuca para enfrentar o Caracas","og_description":"Em uma noite que promete ser intensa, mesmo sem o apoio das arquibancadas, o Atl\u00e9tico-MG recebe o Caracas nesta quinta-feira (15), \u00e0s 21h30 (de Bras\u00edlia), na Arena MRV, pela quinta rodada da fase de grupos da Copa Sul-Americana.&nbsp; A partida ter\u00e1 port\u00f5es fechados, isso porque o clube mineiro cumpre o segundo jogo da puni\u00e7\u00e3o imposta [&hellip;]","og_url":"https:\/\/www.gaveanews.com\/index.php\/2025\/05\/15\/hulk-gustavo-scarpa-junior-alonso-bruno-henrique-alan-franco-igor-gomes-rony-tomas-cuello-leo-ortiz-renzo-saravia-everson-a-escalacao-do-atletico-mg-escolhida-por-cuca-para-enfrentar-o-cara\/","og_site_name":"G\u00e1vea News","article_publisher":"https:\/\/facebook.com\/gaveaNews\/","article_published_time":"2025-05-15T17:25:00+00:00","og_image":[{"width":1280,"height":720,"url":"https:\/\/www.gaveanews.com\/wp-content\/uploads\/Cuca-durante-um-programa-do-SporTV.webp","type":"image\/jpeg"}],"author":"Rafaela Ladeira","twitter_card":"summary_large_image","twitter_misc":{"Escrito por":"Rafaela Ladeira","Est. tempo de leitura":"3 minutos"},"schema":{"@context":"https:\/\/schema.org","@graph":[{"@type":"NewsArticle","@id":"https:\/\/www.gaveanews.com\/index.php\/2025\/05\/15\/hulk-gustavo-scarpa-junior-alonso-bruno-henrique-alan-franco-igor-gomes-rony-tomas-cuello-leo-ortiz-renzo-saravia-everson-a-escalacao-do-atletico-mg-escolhida-por-cuca-para-enfrentar-o-cara\/#article","isPartOf":{"@id":"https:\/\/www.gaveanews.com\/index.php\/2025\/05\/15\/hulk-gustavo-scarpa-junior-alonso-bruno-henrique-alan-franco-igor-gomes-rony-tomas-cuello-leo-ortiz-renzo-saravia-everson-a-escalacao-do-atletico-mg-escolhida-por-cuca-para-enfrentar-o-cara\/"},"author":{"name":"Rafaela Ladeira","@id":"https:\/\/www.gaveanews.com\/#\/schema\/person\/0eb3e3fe1754f0205218538adbe8f5ed"},"headline":"Hulk, Gustavo Scarpa, Junior Alonso, Bruno Henrique, Alan Franco, Igor Gomes, Rony, Tom\u00e1s Cuello, L\u00e9o Ortiz, Renzo Saravia, Everson: a escala\u00e7\u00e3o do Atl\u00e9tico-MG escolhida por Cuca para enfrentar o Caracas","datePublished":"2025-05-15T17:25:00+00:00","mainEntityOfPage":{"@id":"https:\/\/www.gaveanews.com\/index.php\/2025\/05\/15\/hulk-gustavo-scarpa-junior-alonso-bruno-henrique-alan-franco-igor-gomes-rony-tomas-cuello-leo-ortiz-renzo-saravia-everson-a-escalacao-do-atletico-mg-escolhida-por-cuca-para-enfrentar-o-cara\/"},"wordCount":410,"commentCount":0,"image":{"@id":"https:\/\/www.gaveanews.com\/index.php\/2025\/05\/15\/hulk-gustavo-scarpa-junior-alonso-bruno-henrique-alan-franco-igor-gomes-rony-tomas-cuello-leo-ortiz-renzo-saravia-everson-a-escalacao-do-atletico-mg-escolhida-por-cuca-para-enfrentar-o-cara\/#primaryimage"},"thumbnailUrl":"https:\/\/www.gaveanews.com\/wp-content\/uploads\/Cuca-durante-um-programa-do-SporTV.webp","articleSection":["Atl\u00e9tico-MG"],"inLanguage":"pt-BR","potentialAction":[{"@type":"CommentAction","name":"Comment","target":["https:\/\/www.gaveanews.com\/index.php\/2025\/05\/15\/hulk-gustavo-scarpa-junior-alonso-bruno-henrique-alan-franco-igor-gomes-rony-tomas-cuello-leo-ortiz-renzo-saravia-everson-a-escalacao-do-atletico-mg-escolhida-por-cuca-para-enfrentar-o-cara\/#respond"]}],"copyrightYear":"2025","copyrightHolder":{"@id":"https:\/\/www.gaveanews.com\/#organization"}},{"@type":"WebPage","@id":"https:\/\/www.gaveanews.com\/index.php\/2025\/05\/15\/hulk-gustavo-scarpa-junior-alonso-bruno-henrique-alan-franco-igor-gomes-rony-tomas-cuello-leo-ortiz-renzo-saravia-everson-a-escalacao-do-atletico-mg-escolhida-por-cuca-para-enfrentar-o-cara\/","url":"https:\/\/www.gaveanews.com\/index.php\/2025\/05\/15\/hulk-gustavo-scarpa-junior-alonso-bruno-henrique-alan-franco-igor-gomes-rony-tomas-cuello-leo-ortiz-renzo-saravia-everson-a-escalacao-do-atletico-mg-escolhida-por-cuca-para-enfrentar-o-cara\/","name":"Hulk, Gustavo Scarpa, Junior Alonso, Bruno Henrique, Alan Franco, Igor Gomes, Rony, Tom\u00e1s Cuello, L\u00e9o Ortiz, Renzo Saravia, Everson: a escala\u00e7\u00e3o do Atl\u00e9tico-MG escolhida por Cuca para enfrentar o Caracas","isPartOf":{"@id":"https:\/\/www.gaveanews.com\/#website"},"primaryImageOfPage":{"@id":"https:\/\/www.gaveanews.com\/index.php\/2025\/05\/15\/hulk-gustavo-scarpa-junior-alonso-bruno-henrique-alan-franco-igor-gomes-rony-tomas-cuello-leo-ortiz-renzo-saravia-everson-a-escalacao-do-atletico-mg-escolhida-por-cuca-para-enfrentar-o-cara\/#primaryimage"},"image":{"@id":"https:\/\/www.gaveanews.com\/index.php\/2025\/05\/15\/hulk-gustavo-scarpa-junior-alonso-bruno-henrique-alan-franco-igor-gomes-rony-tomas-cuello-leo-ortiz-renzo-saravia-everson-a-escalacao-do-atletico-mg-escolhida-por-cuca-para-enfrentar-o-cara\/#primaryimage"},"thumbnailUrl":"https:\/\/www.gaveanews.com\/wp-content\/uploads\/Cuca-durante-um-programa-do-SporTV.webp","datePublished":"2025-05-15T17:25:00+00:00","author":{"@id":"https:\/\/www.gaveanews.com\/#\/schema\/person\/0eb3e3fe1754f0205218538adbe8f5ed"},"breadcrumb":{"@id":"https:\/\/www.gaveanews.com\/index.php\/2025\/05\/15\/hulk-gustavo-scarpa-junior-alonso-bruno-henrique-alan-franco-igor-gomes-rony-tomas-cuello-leo-ortiz-renzo-saravia-everson-a-escalacao-do-atletico-mg-escolhida-por-cuca-para-enfrentar-o-cara\/#breadcrumb"},"inLanguage":"pt-BR","potentialAction":[{"@type":"ReadAction","target":["https:\/\/www.gaveanews.com\/index.php\/2025\/05\/15\/hulk-gustavo-scarpa-junior-alonso-bruno-henrique-alan-franco-igor-gomes-rony-tomas-cuello-leo-ortiz-renzo-saravia-everson-a-escalacao-do-atletico-mg-escolhida-por-cuca-para-enfrentar-o-cara\/"]}]},{"@type":"ImageObject","inLanguage":"pt-BR","@id":"https:\/\/www.gaveanews.com\/index.php\/2025\/05\/15\/hulk-gustavo-scarpa-junior-alonso-bruno-henrique-alan-franco-igor-gomes-rony-tomas-cuello-leo-ortiz-renzo-saravia-everson-a-escalacao-do-atletico-mg-escolhida-por-cuca-para-enfrentar-o-cara\/#primaryimage","url":"https:\/\/www.gaveanews.com\/wp-content\/uploads\/Cuca-durante-um-programa-do-SporTV.webp","contentUrl":"https:\/\/www.gaveanews.com\/wp-content\/uploads\/Cuca-durante-um-programa-do-SporTV.webp","width":1280,"height":720,"caption":"Cuca durante um programa do SporTV (Foto: Reprodu\u00e7\u00e3o\/SporTV)"},{"@type":"BreadcrumbList","@id":"https:\/\/www.gaveanews.com\/index.php\/2025\/05\/15\/hulk-gustavo-scarpa-junior-alonso-bruno-henrique-alan-franco-igor-gomes-rony-tomas-cuello-leo-ortiz-renzo-saravia-everson-a-escalacao-do-atletico-mg-escolhida-por-cuca-para-enfrentar-o-cara\/#breadcrumb","itemListElement":[{"@type":"ListItem","position":1,"name":"Home","item":"https:\/\/www.gaveanews.com\/"},{"@type":"ListItem","position":2,"name":"Hulk, Gustavo Scarpa, Junior Alonso, Bruno Henrique, Alan Franco, Igor Gomes, Rony, Tom\u00e1s Cuello, L\u00e9o Ortiz, Renzo Saravia, Everson: a escala\u00e7\u00e3o do Atl\u00e9tico-MG escolhida por Cuca para enfrentar o Caracas"}]},{"@type":"WebSite","@id":"https:\/\/www.gaveanews.com\/#website","url":"https:\/\/www.gaveanews.com\/","name":"G\u00e1vea News","description":"Veja todas as not\u00edcias sobre o Flamengo: Contrata\u00e7\u00f5es, categorias de base, resultados das partidas, tabela de classifica\u00e7\u00e3o, pr\u00f3ximos jogos!","potentialAction":[{"@type":"SearchAction","target":{"@type":"EntryPoint","urlTemplate":"https:\/\/www.gaveanews.com\/?s={search_term_string}"},"query-input":{"@type":"PropertyValueSpecification","valueRequired":true,"valueName":"search_term_string"}}],"inLanguage":"pt-BR"},{"@type":"Person","@id":"https:\/\/www.gaveanews.com\/#\/schema\/person\/0eb3e3fe1754f0205218538adbe8f5ed","name":"Rafaela Ladeira","image":{"@type":"ImageObject","inLanguage":"pt-BR","@id":"https:\/\/www.gaveanews.com\/#\/schema\/person\/image\/","url":"https:\/\/secure.gravatar.com\/avatar\/c31f513acffd85eacab5730cbdfdbbf59f21ba5aeada8cd890acea879fbb2455?s=96&d=mm&r=g","contentUrl":"https:\/\/secure.gravatar.com\/avatar\/c31f513acffd85eacab5730cbdfdbbf59f21ba5aeada8cd890acea879fbb2455?s=96&d=mm&r=g","caption":"Rafaela Ladeira"}}]}},"_links":{"self":[{"href":"https:\/\/www.gaveanews.com\/index.php\/wp-json\/wp\/v2\/posts\/263994","targetHints":{"allow":["GET"]}}],"collection":[{"href":"https:\/\/www.gaveanews.com\/index.php\/wp-json\/wp\/v2\/posts"}],"about":[{"href":"https:\/\/www.gaveanews.com\/index.php\/wp-json\/wp\/v2\/types\/post"}],"author":[{"embeddable":true,"href":"https:\/\/www.gaveanews.com\/index.php\/wp-json\/wp\/v2\/users\/25"}],"replies":[{"embeddable":true,"href":"https:\/\/www.gaveanews.com\/index.php\/wp-json\/wp\/v2\/comments?post=263994"}],"version-history":[{"count":1,"href":"https:\/\/www.gaveanews.com\/index.php\/wp-json\/wp\/v2\/posts\/263994\/revisions"}],"predecessor-version":[{"id":263995,"href":"https:\/\/www.gaveanews.com\/index.php\/wp-json\/wp\/v2\/posts\/263994\/revisions\/263995"}],"wp:featuredmedia":[{"embeddable":true,"href":"https:\/\/www.gaveanews.com\/index.php\/wp-json\/wp\/v2\/media\/28603"}],"wp:attachment":[{"href":"https:\/\/www.gaveanews.com\/index.php\/wp-json\/wp\/v2\/media?parent=263994"}],"wp:term":[{"taxonomy":"category","embeddable":true,"href":"https:\/\/www.gaveanews.com\/index.php\/wp-json\/wp\/v2\/categories?post=263994"},{"taxonomy":"post_tag","embeddable":true,"href":"https:\/\/www.gaveanews.com\/index.php\/wp-json\/wp\/v2\/tags?post=263994"}],"curies":[{"name":"wp","href":"https:\/\/api.w.org\/{rel}","templated":true}]}}