{"id":264193,"date":"2025-05-15T21:50:00","date_gmt":"2025-05-16T00:50:00","guid":{"rendered":"https:\/\/www.gaveanews.com\/?p=264193"},"modified":"2025-05-15T18:55:28","modified_gmt":"2025-05-15T21:55:28","slug":"corinthians-cobra-o-atletico-mg-por-divida","status":"publish","type":"post","link":"https:\/\/www.gaveanews.com\/index.php\/2025\/05\/15\/corinthians-cobra-o-atletico-mg-por-divida\/","title":{"rendered":"Corinthians cobra o Atl\u00e9tico-MG por d\u00edvida"},"content":{"rendered":"\n<p>O Corinthians ingressou com uma a\u00e7\u00e3o na C\u00e2mara Nacional de Resolu\u00e7\u00e3o de Disputas (CNRD), \u00f3rg\u00e3o vinculado \u00e0 CBF, para cobrar uma d\u00edvida referente \u00e0 venda do meio-campista Fausto Vera ao Atl\u00e9tico-MG. O jogador argentino foi transferido pelo clube paulista para a equipe mineira no meio do ano passado, em negocia\u00e7\u00e3o avaliada em R$ 22 milh\u00f5es.<\/p>\n\n\n\n<p>Conforme informa\u00e7\u00f5es recentes, o Atl\u00e9tico-MG n\u00e3o teria quitado integralmente o valor acordado, o que motivou a diretoria corintiana a buscar uma solu\u00e7\u00e3o jur\u00eddica. A a\u00e7\u00e3o foi registrada nesta quinta-feira (15) e passa a tramitar sob responsabilidade da CNRD, inst\u00e2ncia que atua na media\u00e7\u00e3o de disputas entre clubes brasileiros.<\/p>\n\n\n\n<p>Apesar da gravidade do imbr\u00f3glio, ambas as diretorias optaram por n\u00e3o se pronunciar publicamente sobre o caso. Ainda assim, o epis\u00f3dio evidencia um padr\u00e3o que tem se repetido com o clube mineiro. Afinal, n\u00e3o se trata da primeira vez que o Atl\u00e9tico-MG \u00e9 acionado na mesma c\u00e2mara arbitral por pend\u00eancias financeiras.<\/p>\n\n\n\n<p>Anteriormente, o clube de Belo Horizonte foi cobrado pelo Athletico em raz\u00e3o da compra do atacante Tom\u00e1s Cuello. Mais recentemente, o Cuiab\u00e1 atualizou valores a serem pagos pela transfer\u00eancia de Deyverson, atleta que j\u00e1 deixou o Galo e atualmente defende o Fortaleza.<\/p>\n\n\n\n<p>Enquanto isso, Fausto Vera segue integrado ao elenco atleticano. O jogador foi apresentado oficialmente na Cidade do Galo logo ap\u00f3s sua transfer\u00eancia, e sua chegada coincidiu com a expectativa de receitas vindas da venda de Savinho ao Manchester City.<\/p>\n\n\n\n<p>Nesta temporada, Fausto Vera disputou 11 jogos pelo Atl\u00e9tico-MG, sendo tr\u00eas pela Sul-Americana, seis pelo Brasileir\u00e3o, um pela Copa do Brasil e um pelo Campeonato Mineiro. Ele balan\u00e7ou as redes apenas um vez e n\u00e3o deu assist\u00eancias.<\/p>\n\n\n\n<p>Em s\u00edntese, a movimenta\u00e7\u00e3o do Corinthians na esfera legal evidencia n\u00e3o apenas a preocupa\u00e7\u00e3o em assegurar receitas de transfer\u00eancias, mas tamb\u00e9m lan\u00e7a luz sobre os desafios enfrentados no cumprimento de compromissos financeiros entre clubes da elite do futebol nacional.<\/p>\n","protected":false},"excerpt":{"rendered":"<p>O Corinthians ingressou com uma a\u00e7\u00e3o na C\u00e2mara Nacional de Resolu\u00e7\u00e3o de Disputas (CNRD), \u00f3rg\u00e3o vinculado \u00e0 CBF, para cobrar uma d\u00edvida referente \u00e0 venda do meio-campista Fausto Vera ao Atl\u00e9tico-MG. O jogador argentino foi transferido pelo clube paulista para a equipe mineira no meio do ano passado, em negocia\u00e7\u00e3o avaliada em R$ 22 milh\u00f5es. [&hellip;]<\/p>\n","protected":false},"author":18,"featured_media":146951,"comment_status":"open","ping_status":"closed","sticky":false,"template":"","format":"standard","meta":{"footnotes":""},"categories":[136,141],"tags":[],"class_list":["post-264193","post","type-post","status-publish","format-standard","has-post-thumbnail","hentry","category-atletico-mg","category-corinthians"],"yoast_head":"<!-- This site is optimized with the Yoast SEO Premium plugin v24.2 (Yoast SEO v26.9) - https:\/\/yoast.com\/product\/yoast-seo-premium-wordpress\/ -->\n<title>Corinthians cobra o Atl\u00e9tico-MG por d\u00edvida<\/title>\n<meta name=\"robots\" content=\"index, follow, max-snippet:-1, max-image-preview:large, max-video-preview:-1\" \/>\n<link rel=\"canonical\" href=\"https:\/\/www.gaveanews.com\/index.php\/2025\/05\/15\/corinthians-cobra-o-atletico-mg-por-divida\/\" \/>\n<meta property=\"og:locale\" content=\"pt_BR\" \/>\n<meta property=\"og:type\" content=\"article\" \/>\n<meta property=\"og:title\" content=\"Corinthians cobra o Atl\u00e9tico-MG por d\u00edvida\" \/>\n<meta property=\"og:description\" content=\"O Corinthians ingressou com uma a\u00e7\u00e3o na C\u00e2mara Nacional de Resolu\u00e7\u00e3o de Disputas (CNRD), \u00f3rg\u00e3o vinculado \u00e0 CBF, para cobrar uma d\u00edvida referente \u00e0 venda do meio-campista Fausto Vera ao Atl\u00e9tico-MG. O jogador argentino foi transferido pelo clube paulista para a equipe mineira no meio do ano passado, em negocia\u00e7\u00e3o avaliada em R$ 22 milh\u00f5es. [&hellip;]\" \/>\n<meta property=\"og:url\" content=\"https:\/\/www.gaveanews.com\/index.php\/2025\/05\/15\/corinthians-cobra-o-atletico-mg-por-divida\/\" \/>\n<meta property=\"og:site_name\" content=\"G\u00e1vea News\" \/>\n<meta property=\"article:publisher\" content=\"https:\/\/facebook.com\/gaveaNews\/\" \/>\n<meta property=\"article:published_time\" content=\"2025-05-16T00:50:00+00:00\" \/>\n<meta property=\"og:image\" content=\"https:\/\/www.gaveanews.com\/wp-content\/uploads\/Escudo-do-Corinthians.webp\" \/>\n\t<meta property=\"og:image:width\" content=\"1000\" \/>\n\t<meta property=\"og:image:height\" content=\"667\" \/>\n\t<meta property=\"og:image:type\" content=\"image\/webp\" \/>\n<meta name=\"author\" content=\"Paula Silva\" \/>\n<meta name=\"twitter:card\" content=\"summary_large_image\" \/>\n<meta name=\"twitter:label1\" content=\"Escrito por\" \/>\n\t<meta name=\"twitter:data1\" content=\"Paula Silva\" \/>\n\t<meta name=\"twitter:label2\" content=\"Est. tempo de leitura\" \/>\n\t<meta name=\"twitter:data2\" content=\"2 minutos\" \/>\n<script type=\"application\/ld+json\" class=\"yoast-schema-graph\">{\"@context\":\"https:\/\/schema.org\",\"@graph\":[{\"@type\":\"NewsArticle\",\"@id\":\"https:\/\/www.gaveanews.com\/index.php\/2025\/05\/15\/corinthians-cobra-o-atletico-mg-por-divida\/#article\",\"isPartOf\":{\"@id\":\"https:\/\/www.gaveanews.com\/index.php\/2025\/05\/15\/corinthians-cobra-o-atletico-mg-por-divida\/\"},\"author\":{\"name\":\"Paula Silva\",\"@id\":\"https:\/\/www.gaveanews.com\/#\/schema\/person\/daf63eec72e1164eb13dc35096c2b8da\"},\"headline\":\"Corinthians cobra o Atl\u00e9tico-MG por d\u00edvida\",\"datePublished\":\"2025-05-16T00:50:00+00:00\",\"mainEntityOfPage\":{\"@id\":\"https:\/\/www.gaveanews.com\/index.php\/2025\/05\/15\/corinthians-cobra-o-atletico-mg-por-divida\/\"},\"wordCount\":355,\"commentCount\":0,\"image\":{\"@id\":\"https:\/\/www.gaveanews.com\/index.php\/2025\/05\/15\/corinthians-cobra-o-atletico-mg-por-divida\/#primaryimage\"},\"thumbnailUrl\":\"https:\/\/www.gaveanews.com\/wp-content\/uploads\/Escudo-do-Corinthians.webp\",\"articleSection\":[\"Atl\u00e9tico-MG\",\"Corinthians\"],\"inLanguage\":\"pt-BR\",\"potentialAction\":[{\"@type\":\"CommentAction\",\"name\":\"Comment\",\"target\":[\"https:\/\/www.gaveanews.com\/index.php\/2025\/05\/15\/corinthians-cobra-o-atletico-mg-por-divida\/#respond\"]}],\"copyrightYear\":\"2025\",\"copyrightHolder\":{\"@id\":\"https:\/\/www.gaveanews.com\/#organization\"}},{\"@type\":\"WebPage\",\"@id\":\"https:\/\/www.gaveanews.com\/index.php\/2025\/05\/15\/corinthians-cobra-o-atletico-mg-por-divida\/\",\"url\":\"https:\/\/www.gaveanews.com\/index.php\/2025\/05\/15\/corinthians-cobra-o-atletico-mg-por-divida\/\",\"name\":\"Corinthians cobra o Atl\u00e9tico-MG por d\u00edvida\",\"isPartOf\":{\"@id\":\"https:\/\/www.gaveanews.com\/#website\"},\"primaryImageOfPage\":{\"@id\":\"https:\/\/www.gaveanews.com\/index.php\/2025\/05\/15\/corinthians-cobra-o-atletico-mg-por-divida\/#primaryimage\"},\"image\":{\"@id\":\"https:\/\/www.gaveanews.com\/index.php\/2025\/05\/15\/corinthians-cobra-o-atletico-mg-por-divida\/#primaryimage\"},\"thumbnailUrl\":\"https:\/\/www.gaveanews.com\/wp-content\/uploads\/Escudo-do-Corinthians.webp\",\"datePublished\":\"2025-05-16T00:50:00+00:00\",\"author\":{\"@id\":\"https:\/\/www.gaveanews.com\/#\/schema\/person\/daf63eec72e1164eb13dc35096c2b8da\"},\"breadcrumb\":{\"@id\":\"https:\/\/www.gaveanews.com\/index.php\/2025\/05\/15\/corinthians-cobra-o-atletico-mg-por-divida\/#breadcrumb\"},\"inLanguage\":\"pt-BR\",\"potentialAction\":[{\"@type\":\"ReadAction\",\"target\":[\"https:\/\/www.gaveanews.com\/index.php\/2025\/05\/15\/corinthians-cobra-o-atletico-mg-por-divida\/\"]}]},{\"@type\":\"ImageObject\",\"inLanguage\":\"pt-BR\",\"@id\":\"https:\/\/www.gaveanews.com\/index.php\/2025\/05\/15\/corinthians-cobra-o-atletico-mg-por-divida\/#primaryimage\",\"url\":\"https:\/\/www.gaveanews.com\/wp-content\/uploads\/Escudo-do-Corinthians.webp\",\"contentUrl\":\"https:\/\/www.gaveanews.com\/wp-content\/uploads\/Escudo-do-Corinthians.webp\",\"width\":1000,\"height\":667,\"caption\":\"Escudo do Corinthians (Foto Reprodu\u00e7\u00e3o\/Instagram)\"},{\"@type\":\"BreadcrumbList\",\"@id\":\"https:\/\/www.gaveanews.com\/index.php\/2025\/05\/15\/corinthians-cobra-o-atletico-mg-por-divida\/#breadcrumb\",\"itemListElement\":[{\"@type\":\"ListItem\",\"position\":1,\"name\":\"Home\",\"item\":\"https:\/\/www.gaveanews.com\/\"},{\"@type\":\"ListItem\",\"position\":2,\"name\":\"Corinthians cobra o Atl\u00e9tico-MG por d\u00edvida\"}]},{\"@type\":\"WebSite\",\"@id\":\"https:\/\/www.gaveanews.com\/#website\",\"url\":\"https:\/\/www.gaveanews.com\/\",\"name\":\"G\u00e1vea News\",\"description\":\"Veja todas as not\u00edcias sobre o Flamengo: Contrata\u00e7\u00f5es, categorias de base, resultados das partidas, tabela de classifica\u00e7\u00e3o, pr\u00f3ximos jogos!\",\"potentialAction\":[{\"@type\":\"SearchAction\",\"target\":{\"@type\":\"EntryPoint\",\"urlTemplate\":\"https:\/\/www.gaveanews.com\/?s={search_term_string}\"},\"query-input\":{\"@type\":\"PropertyValueSpecification\",\"valueRequired\":true,\"valueName\":\"search_term_string\"}}],\"inLanguage\":\"pt-BR\"},{\"@type\":\"Person\",\"@id\":\"https:\/\/www.gaveanews.com\/#\/schema\/person\/daf63eec72e1164eb13dc35096c2b8da\",\"name\":\"Paula Silva\",\"image\":{\"@type\":\"ImageObject\",\"inLanguage\":\"pt-BR\",\"@id\":\"https:\/\/www.gaveanews.com\/#\/schema\/person\/image\/\",\"url\":\"https:\/\/secure.gravatar.com\/avatar\/eda381c845527cc5d64c13b901833cda29d97500ba040d3e6461f76f51d163bb?s=96&d=mm&r=g\",\"contentUrl\":\"https:\/\/secure.gravatar.com\/avatar\/eda381c845527cc5d64c13b901833cda29d97500ba040d3e6461f76f51d163bb?s=96&d=mm&r=g\",\"caption\":\"Paula Silva\"}}]}<\/script>\n<!-- \/ Yoast SEO Premium plugin. -->","yoast_head_json":{"title":"Corinthians cobra o Atl\u00e9tico-MG por d\u00edvida","robots":{"index":"index","follow":"follow","max-snippet":"max-snippet:-1","max-image-preview":"max-image-preview:large","max-video-preview":"max-video-preview:-1"},"canonical":"https:\/\/www.gaveanews.com\/index.php\/2025\/05\/15\/corinthians-cobra-o-atletico-mg-por-divida\/","og_locale":"pt_BR","og_type":"article","og_title":"Corinthians cobra o Atl\u00e9tico-MG por d\u00edvida","og_description":"O Corinthians ingressou com uma a\u00e7\u00e3o na C\u00e2mara Nacional de Resolu\u00e7\u00e3o de Disputas (CNRD), \u00f3rg\u00e3o vinculado \u00e0 CBF, para cobrar uma d\u00edvida referente \u00e0 venda do meio-campista Fausto Vera ao Atl\u00e9tico-MG. O jogador argentino foi transferido pelo clube paulista para a equipe mineira no meio do ano passado, em negocia\u00e7\u00e3o avaliada em R$ 22 milh\u00f5es. [&hellip;]","og_url":"https:\/\/www.gaveanews.com\/index.php\/2025\/05\/15\/corinthians-cobra-o-atletico-mg-por-divida\/","og_site_name":"G\u00e1vea News","article_publisher":"https:\/\/facebook.com\/gaveaNews\/","article_published_time":"2025-05-16T00:50:00+00:00","og_image":[{"width":1000,"height":667,"url":"https:\/\/www.gaveanews.com\/wp-content\/uploads\/Escudo-do-Corinthians.webp","type":"image\/webp"}],"author":"Paula Silva","twitter_card":"summary_large_image","twitter_misc":{"Escrito por":"Paula Silva","Est. tempo de leitura":"2 minutos"},"schema":{"@context":"https:\/\/schema.org","@graph":[{"@type":"NewsArticle","@id":"https:\/\/www.gaveanews.com\/index.php\/2025\/05\/15\/corinthians-cobra-o-atletico-mg-por-divida\/#article","isPartOf":{"@id":"https:\/\/www.gaveanews.com\/index.php\/2025\/05\/15\/corinthians-cobra-o-atletico-mg-por-divida\/"},"author":{"name":"Paula Silva","@id":"https:\/\/www.gaveanews.com\/#\/schema\/person\/daf63eec72e1164eb13dc35096c2b8da"},"headline":"Corinthians cobra o Atl\u00e9tico-MG por d\u00edvida","datePublished":"2025-05-16T00:50:00+00:00","mainEntityOfPage":{"@id":"https:\/\/www.gaveanews.com\/index.php\/2025\/05\/15\/corinthians-cobra-o-atletico-mg-por-divida\/"},"wordCount":355,"commentCount":0,"image":{"@id":"https:\/\/www.gaveanews.com\/index.php\/2025\/05\/15\/corinthians-cobra-o-atletico-mg-por-divida\/#primaryimage"},"thumbnailUrl":"https:\/\/www.gaveanews.com\/wp-content\/uploads\/Escudo-do-Corinthians.webp","articleSection":["Atl\u00e9tico-MG","Corinthians"],"inLanguage":"pt-BR","potentialAction":[{"@type":"CommentAction","name":"Comment","target":["https:\/\/www.gaveanews.com\/index.php\/2025\/05\/15\/corinthians-cobra-o-atletico-mg-por-divida\/#respond"]}],"copyrightYear":"2025","copyrightHolder":{"@id":"https:\/\/www.gaveanews.com\/#organization"}},{"@type":"WebPage","@id":"https:\/\/www.gaveanews.com\/index.php\/2025\/05\/15\/corinthians-cobra-o-atletico-mg-por-divida\/","url":"https:\/\/www.gaveanews.com\/index.php\/2025\/05\/15\/corinthians-cobra-o-atletico-mg-por-divida\/","name":"Corinthians cobra o Atl\u00e9tico-MG por d\u00edvida","isPartOf":{"@id":"https:\/\/www.gaveanews.com\/#website"},"primaryImageOfPage":{"@id":"https:\/\/www.gaveanews.com\/index.php\/2025\/05\/15\/corinthians-cobra-o-atletico-mg-por-divida\/#primaryimage"},"image":{"@id":"https:\/\/www.gaveanews.com\/index.php\/2025\/05\/15\/corinthians-cobra-o-atletico-mg-por-divida\/#primaryimage"},"thumbnailUrl":"https:\/\/www.gaveanews.com\/wp-content\/uploads\/Escudo-do-Corinthians.webp","datePublished":"2025-05-16T00:50:00+00:00","author":{"@id":"https:\/\/www.gaveanews.com\/#\/schema\/person\/daf63eec72e1164eb13dc35096c2b8da"},"breadcrumb":{"@id":"https:\/\/www.gaveanews.com\/index.php\/2025\/05\/15\/corinthians-cobra-o-atletico-mg-por-divida\/#breadcrumb"},"inLanguage":"pt-BR","potentialAction":[{"@type":"ReadAction","target":["https:\/\/www.gaveanews.com\/index.php\/2025\/05\/15\/corinthians-cobra-o-atletico-mg-por-divida\/"]}]},{"@type":"ImageObject","inLanguage":"pt-BR","@id":"https:\/\/www.gaveanews.com\/index.php\/2025\/05\/15\/corinthians-cobra-o-atletico-mg-por-divida\/#primaryimage","url":"https:\/\/www.gaveanews.com\/wp-content\/uploads\/Escudo-do-Corinthians.webp","contentUrl":"https:\/\/www.gaveanews.com\/wp-content\/uploads\/Escudo-do-Corinthians.webp","width":1000,"height":667,"caption":"Escudo do Corinthians (Foto Reprodu\u00e7\u00e3o\/Instagram)"},{"@type":"BreadcrumbList","@id":"https:\/\/www.gaveanews.com\/index.php\/2025\/05\/15\/corinthians-cobra-o-atletico-mg-por-divida\/#breadcrumb","itemListElement":[{"@type":"ListItem","position":1,"name":"Home","item":"https:\/\/www.gaveanews.com\/"},{"@type":"ListItem","position":2,"name":"Corinthians cobra o Atl\u00e9tico-MG por d\u00edvida"}]},{"@type":"WebSite","@id":"https:\/\/www.gaveanews.com\/#website","url":"https:\/\/www.gaveanews.com\/","name":"G\u00e1vea News","description":"Veja todas as not\u00edcias sobre o Flamengo: Contrata\u00e7\u00f5es, categorias de base, resultados das partidas, tabela de classifica\u00e7\u00e3o, pr\u00f3ximos jogos!","potentialAction":[{"@type":"SearchAction","target":{"@type":"EntryPoint","urlTemplate":"https:\/\/www.gaveanews.com\/?s={search_term_string}"},"query-input":{"@type":"PropertyValueSpecification","valueRequired":true,"valueName":"search_term_string"}}],"inLanguage":"pt-BR"},{"@type":"Person","@id":"https:\/\/www.gaveanews.com\/#\/schema\/person\/daf63eec72e1164eb13dc35096c2b8da","name":"Paula Silva","image":{"@type":"ImageObject","inLanguage":"pt-BR","@id":"https:\/\/www.gaveanews.com\/#\/schema\/person\/image\/","url":"https:\/\/secure.gravatar.com\/avatar\/eda381c845527cc5d64c13b901833cda29d97500ba040d3e6461f76f51d163bb?s=96&d=mm&r=g","contentUrl":"https:\/\/secure.gravatar.com\/avatar\/eda381c845527cc5d64c13b901833cda29d97500ba040d3e6461f76f51d163bb?s=96&d=mm&r=g","caption":"Paula Silva"}}]}},"_links":{"self":[{"href":"https:\/\/www.gaveanews.com\/index.php\/wp-json\/wp\/v2\/posts\/264193","targetHints":{"allow":["GET"]}}],"collection":[{"href":"https:\/\/www.gaveanews.com\/index.php\/wp-json\/wp\/v2\/posts"}],"about":[{"href":"https:\/\/www.gaveanews.com\/index.php\/wp-json\/wp\/v2\/types\/post"}],"author":[{"embeddable":true,"href":"https:\/\/www.gaveanews.com\/index.php\/wp-json\/wp\/v2\/users\/18"}],"replies":[{"embeddable":true,"href":"https:\/\/www.gaveanews.com\/index.php\/wp-json\/wp\/v2\/comments?post=264193"}],"version-history":[{"count":1,"href":"https:\/\/www.gaveanews.com\/index.php\/wp-json\/wp\/v2\/posts\/264193\/revisions"}],"predecessor-version":[{"id":264196,"href":"https:\/\/www.gaveanews.com\/index.php\/wp-json\/wp\/v2\/posts\/264193\/revisions\/264196"}],"wp:featuredmedia":[{"embeddable":true,"href":"https:\/\/www.gaveanews.com\/index.php\/wp-json\/wp\/v2\/media\/146951"}],"wp:attachment":[{"href":"https:\/\/www.gaveanews.com\/index.php\/wp-json\/wp\/v2\/media?parent=264193"}],"wp:term":[{"taxonomy":"category","embeddable":true,"href":"https:\/\/www.gaveanews.com\/index.php\/wp-json\/wp\/v2\/categories?post=264193"},{"taxonomy":"post_tag","embeddable":true,"href":"https:\/\/www.gaveanews.com\/index.php\/wp-json\/wp\/v2\/tags?post=264193"}],"curies":[{"name":"wp","href":"https:\/\/api.w.org\/{rel}","templated":true}]}}