{"id":264694,"date":"2025-05-17T15:55:00","date_gmt":"2025-05-17T18:55:00","guid":{"rendered":"https:\/\/www.gaveanews.com\/?p=264694"},"modified":"2025-05-17T14:52:22","modified_gmt":"2025-05-17T17:52:22","slug":"ex-botafogo-almada-pode-deixar-o-lyon-em-breve","status":"publish","type":"post","link":"https:\/\/www.gaveanews.com\/index.php\/2025\/05\/17\/ex-botafogo-almada-pode-deixar-o-lyon-em-breve\/","title":{"rendered":"Ex-Botafogo, Almada pode deixar o Lyon em breve"},"content":{"rendered":"\n<p>O Lyon atravessa um momento delicado em suas finan\u00e7as e enfrenta o risco de rebaixamento na Ligue 1. A situa\u00e7\u00e3o financeira do clube franc\u00eas, comandado pelo Eagle Football Group, registrou um preju\u00edzo de 117 milh\u00f5es de euros (cerca de R$ 723 milh\u00f5es) no primeiro semestre da temporada 2024\/25. Esse rombo levou a UEFA a impor uma san\u00e7\u00e3o financeira devido a contas n\u00e3o pagas a outros clubes e autoridades fiscais. A crise financeira, ali\u00e1s, for\u00e7ou o Lyon a repensar seu planejamento, incluindo a poss\u00edvel venda de jogadores para equilibrar o caixa.<\/p>\n\n\n\n<p>Entre os principais nomes que podem deixar o clube est\u00e3o Thiago Almada, Lacazette, Cherki e Tagliafico. Segundo informa\u00e7\u00f5es do jornal franc\u00eas <em>L&#8217;\u00c9quipe<\/em>, as transfer\u00eancias de Almada e Cherki s\u00e3o vistas como essenciais para o Lyon, n\u00e3o apenas pela qualidade t\u00e9cnica dos atletas, mas tamb\u00e9m pela idade e potencial de valoriza\u00e7\u00e3o no mercado. A decis\u00e3o, entretanto, est\u00e1 atrelada \u00e0 necessidade do clube em cumprir metas financeiras e evitar san\u00e7\u00f5es ainda mais rigorosas.<\/p>\n\n\n\n<figure class=\"wp-block-image size-full\"><img loading=\"lazy\" decoding=\"async\" width=\"984\" height=\"656\" src=\"http:\/\/www.gaveanews.com\/wp-content\/uploads\/Thiago-Almada-e-apresentado-pelo-Botafogo.webp\" alt=\"\" class=\"wp-image-168201\" srcset=\"https:\/\/www.gaveanews.com\/wp-content\/uploads\/Thiago-Almada-e-apresentado-pelo-Botafogo.webp 984w, https:\/\/www.gaveanews.com\/wp-content\/uploads\/Thiago-Almada-e-apresentado-pelo-Botafogo-300x200.webp 300w, https:\/\/www.gaveanews.com\/wp-content\/uploads\/Thiago-Almada-e-apresentado-pelo-Botafogo-768x512.webp 768w, https:\/\/www.gaveanews.com\/wp-content\/uploads\/Thiago-Almada-e-apresentado-pelo-Botafogo-630x420.webp 630w, https:\/\/www.gaveanews.com\/wp-content\/uploads\/Thiago-Almada-e-apresentado-pelo-Botafogo-640x427.webp 640w, https:\/\/www.gaveanews.com\/wp-content\/uploads\/Thiago-Almada-e-apresentado-pelo-Botafogo-681x454.webp 681w, https:\/\/www.gaveanews.com\/wp-content\/uploads\/Thiago-Almada-e-apresentado-pelo-Botafogo-100x67.webp 100w\" sizes=\"auto, (max-width: 984px) 100vw, 984px\" \/><figcaption class=\"wp-element-caption\">Thiago Almada em apresenta\u00e7\u00e3o pelo Botafogo (Foto: Vitor Silva\/Botafogo)<\/figcaption><\/figure>\n\n\n\n<p>A crise financeira tamb\u00e9m reflete na campanha do Lyon no Campeonato Franc\u00eas. O time ocupa atualmente a s\u00e9tima coloca\u00e7\u00e3o, com 54 pontos, e precisa de uma combina\u00e7\u00e3o de resultados na \u00faltima rodada para conquistar uma vaga em competi\u00e7\u00f5es internacionais, como a Europa League ou a Conference League. No entanto, o cen\u00e1rio \u00e9 preocupante: a Liga de Futebol Profissional da Fran\u00e7a (LFP) j\u00e1 alertou para um poss\u00edvel rebaixamento do clube, caso a situa\u00e7\u00e3o financeira n\u00e3o seja resolvida. A Dire\u00e7\u00e3o Nacional de Controle e Gest\u00e3o (DNCG) do pa\u00eds conduz as investiga\u00e7\u00f5es sobre o d\u00e9ficit nas contas do Lyon, que anteriormente j\u00e1 havia sido penalizado com um <em>transfer ban<\/em>.<\/p>\n\n\n\n<p>A elimina\u00e7\u00e3o para o Manchester United nas quartas de final da Europa League, sofrendo tr\u00eas gols na prorroga\u00e7\u00e3o, foi um duro golpe nas finan\u00e7as do clube. A classifica\u00e7\u00e3o poderia ter gerado uma receita significativa, que seria utilizada para aliviar parte das d\u00edvidas. A derrota, contudo, deixou o Lyon sem o b\u00f4nus financeiro, complicando ainda mais a tentativa de recupera\u00e7\u00e3o econ\u00f4mica.<\/p>\n\n\n\n<p>Apesar do cen\u00e1rio preocupante, uma boa not\u00edcia veio da renova\u00e7\u00e3o da parceria com a Emirates, principal patrocinadora do clube. O novo acordo prev\u00ea um aporte de R$ 600 milh\u00f5es em cinco anos, oferecendo um al\u00edvio tempor\u00e1rio para os cofres do Lyon. O valor, embora expressivo, ainda n\u00e3o \u00e9 suficiente para sanar todas as d\u00edvidas acumuladas, mas representa um f\u00f4lego importante para o planejamento da pr\u00f3xima temporada.<\/p>\n\n\n\n<p>O futuro do Lyon permanece incerto. A perman\u00eancia de jogadores-chave, como Thiago Almada, depende diretamente da capacidade do clube em resolver seus problemas financeiros. Enquanto isso, os torcedores aguardam com apreens\u00e3o os desdobramentos nas pr\u00f3ximas semanas, com a esperan\u00e7a de que o time consiga se reestruturar e evitar o rebaixamento para a Ligue 2.<\/p>\n","protected":false},"excerpt":{"rendered":"<p>O Lyon atravessa um momento delicado em suas finan\u00e7as e enfrenta o risco de rebaixamento na Ligue 1. A situa\u00e7\u00e3o financeira do clube franc\u00eas, comandado pelo Eagle Football Group, registrou um preju\u00edzo de 117 milh\u00f5es de euros (cerca de R$ 723 milh\u00f5es) no primeiro semestre da temporada 2024\/25. Esse rombo levou a UEFA a impor [&hellip;]<\/p>\n","protected":false},"author":33,"featured_media":182060,"comment_status":"open","ping_status":"closed","sticky":false,"template":"","format":"standard","meta":{"footnotes":""},"categories":[138],"tags":[],"class_list":["post-264694","post","type-post","status-publish","format-standard","has-post-thumbnail","hentry","category-botafogo"],"yoast_head":"<!-- This site is optimized with the Yoast SEO Premium plugin v24.2 (Yoast SEO v26.9) - https:\/\/yoast.com\/product\/yoast-seo-premium-wordpress\/ -->\n<title>Ex-Botafogo, Almada pode deixar o Lyon em breve<\/title>\n<meta name=\"robots\" content=\"index, follow, max-snippet:-1, max-image-preview:large, max-video-preview:-1\" \/>\n<link rel=\"canonical\" href=\"https:\/\/www.gaveanews.com\/index.php\/2025\/05\/17\/ex-botafogo-almada-pode-deixar-o-lyon-em-breve\/\" \/>\n<meta property=\"og:locale\" content=\"pt_BR\" \/>\n<meta property=\"og:type\" content=\"article\" \/>\n<meta property=\"og:title\" content=\"Ex-Botafogo, Almada pode deixar o Lyon em breve\" \/>\n<meta property=\"og:description\" content=\"O Lyon atravessa um momento delicado em suas finan\u00e7as e enfrenta o risco de rebaixamento na Ligue 1. A situa\u00e7\u00e3o financeira do clube franc\u00eas, comandado pelo Eagle Football Group, registrou um preju\u00edzo de 117 milh\u00f5es de euros (cerca de R$ 723 milh\u00f5es) no primeiro semestre da temporada 2024\/25. Esse rombo levou a UEFA a impor [&hellip;]\" \/>\n<meta property=\"og:url\" content=\"https:\/\/www.gaveanews.com\/index.php\/2025\/05\/17\/ex-botafogo-almada-pode-deixar-o-lyon-em-breve\/\" \/>\n<meta property=\"og:site_name\" content=\"G\u00e1vea News\" \/>\n<meta property=\"article:publisher\" content=\"https:\/\/facebook.com\/gaveaNews\/\" \/>\n<meta property=\"article:published_time\" content=\"2025-05-17T18:55:00+00:00\" \/>\n<meta property=\"og:image\" content=\"https:\/\/www.gaveanews.com\/wp-content\/uploads\/Escudo-do-Botafogo-1.webp\" \/>\n\t<meta property=\"og:image:width\" content=\"787\" \/>\n\t<meta property=\"og:image:height\" content=\"525\" \/>\n\t<meta property=\"og:image:type\" content=\"image\/webp\" \/>\n<meta name=\"author\" content=\"Brenda Cezillo\" \/>\n<meta name=\"twitter:card\" content=\"summary_large_image\" \/>\n<meta name=\"twitter:label1\" content=\"Escrito por\" \/>\n\t<meta name=\"twitter:data1\" content=\"Brenda Cezillo\" \/>\n\t<meta name=\"twitter:label2\" content=\"Est. tempo de leitura\" \/>\n\t<meta name=\"twitter:data2\" content=\"3 minutos\" \/>\n<script type=\"application\/ld+json\" class=\"yoast-schema-graph\">{\"@context\":\"https:\/\/schema.org\",\"@graph\":[{\"@type\":\"NewsArticle\",\"@id\":\"https:\/\/www.gaveanews.com\/index.php\/2025\/05\/17\/ex-botafogo-almada-pode-deixar-o-lyon-em-breve\/#article\",\"isPartOf\":{\"@id\":\"https:\/\/www.gaveanews.com\/index.php\/2025\/05\/17\/ex-botafogo-almada-pode-deixar-o-lyon-em-breve\/\"},\"author\":{\"name\":\"Brenda Cezillo\",\"@id\":\"https:\/\/www.gaveanews.com\/#\/schema\/person\/c79759ca337c40791ae8d08e2923d403\"},\"headline\":\"Ex-Botafogo, Almada pode deixar o Lyon em breve\",\"datePublished\":\"2025-05-17T18:55:00+00:00\",\"mainEntityOfPage\":{\"@id\":\"https:\/\/www.gaveanews.com\/index.php\/2025\/05\/17\/ex-botafogo-almada-pode-deixar-o-lyon-em-breve\/\"},\"wordCount\":518,\"commentCount\":0,\"image\":{\"@id\":\"https:\/\/www.gaveanews.com\/index.php\/2025\/05\/17\/ex-botafogo-almada-pode-deixar-o-lyon-em-breve\/#primaryimage\"},\"thumbnailUrl\":\"https:\/\/www.gaveanews.com\/wp-content\/uploads\/Escudo-do-Botafogo-1.webp\",\"articleSection\":[\"Botafogo\"],\"inLanguage\":\"pt-BR\",\"potentialAction\":[{\"@type\":\"CommentAction\",\"name\":\"Comment\",\"target\":[\"https:\/\/www.gaveanews.com\/index.php\/2025\/05\/17\/ex-botafogo-almada-pode-deixar-o-lyon-em-breve\/#respond\"]}],\"copyrightYear\":\"2025\",\"copyrightHolder\":{\"@id\":\"https:\/\/www.gaveanews.com\/#organization\"}},{\"@type\":\"WebPage\",\"@id\":\"https:\/\/www.gaveanews.com\/index.php\/2025\/05\/17\/ex-botafogo-almada-pode-deixar-o-lyon-em-breve\/\",\"url\":\"https:\/\/www.gaveanews.com\/index.php\/2025\/05\/17\/ex-botafogo-almada-pode-deixar-o-lyon-em-breve\/\",\"name\":\"Ex-Botafogo, Almada pode deixar o Lyon em breve\",\"isPartOf\":{\"@id\":\"https:\/\/www.gaveanews.com\/#website\"},\"primaryImageOfPage\":{\"@id\":\"https:\/\/www.gaveanews.com\/index.php\/2025\/05\/17\/ex-botafogo-almada-pode-deixar-o-lyon-em-breve\/#primaryimage\"},\"image\":{\"@id\":\"https:\/\/www.gaveanews.com\/index.php\/2025\/05\/17\/ex-botafogo-almada-pode-deixar-o-lyon-em-breve\/#primaryimage\"},\"thumbnailUrl\":\"https:\/\/www.gaveanews.com\/wp-content\/uploads\/Escudo-do-Botafogo-1.webp\",\"datePublished\":\"2025-05-17T18:55:00+00:00\",\"author\":{\"@id\":\"https:\/\/www.gaveanews.com\/#\/schema\/person\/c79759ca337c40791ae8d08e2923d403\"},\"breadcrumb\":{\"@id\":\"https:\/\/www.gaveanews.com\/index.php\/2025\/05\/17\/ex-botafogo-almada-pode-deixar-o-lyon-em-breve\/#breadcrumb\"},\"inLanguage\":\"pt-BR\",\"potentialAction\":[{\"@type\":\"ReadAction\",\"target\":[\"https:\/\/www.gaveanews.com\/index.php\/2025\/05\/17\/ex-botafogo-almada-pode-deixar-o-lyon-em-breve\/\"]}]},{\"@type\":\"ImageObject\",\"inLanguage\":\"pt-BR\",\"@id\":\"https:\/\/www.gaveanews.com\/index.php\/2025\/05\/17\/ex-botafogo-almada-pode-deixar-o-lyon-em-breve\/#primaryimage\",\"url\":\"https:\/\/www.gaveanews.com\/wp-content\/uploads\/Escudo-do-Botafogo-1.webp\",\"contentUrl\":\"https:\/\/www.gaveanews.com\/wp-content\/uploads\/Escudo-do-Botafogo-1.webp\",\"width\":787,\"height\":525,\"caption\":\"Escudo do Botafogo (Foto: Reprodu\u00e7\u00e3o\/Botafogo)\"},{\"@type\":\"BreadcrumbList\",\"@id\":\"https:\/\/www.gaveanews.com\/index.php\/2025\/05\/17\/ex-botafogo-almada-pode-deixar-o-lyon-em-breve\/#breadcrumb\",\"itemListElement\":[{\"@type\":\"ListItem\",\"position\":1,\"name\":\"Home\",\"item\":\"https:\/\/www.gaveanews.com\/\"},{\"@type\":\"ListItem\",\"position\":2,\"name\":\"Ex-Botafogo, Almada pode deixar o Lyon em breve\"}]},{\"@type\":\"WebSite\",\"@id\":\"https:\/\/www.gaveanews.com\/#website\",\"url\":\"https:\/\/www.gaveanews.com\/\",\"name\":\"G\u00e1vea News\",\"description\":\"Veja todas as not\u00edcias sobre o Flamengo: Contrata\u00e7\u00f5es, categorias de base, resultados das partidas, tabela de classifica\u00e7\u00e3o, pr\u00f3ximos jogos!\",\"potentialAction\":[{\"@type\":\"SearchAction\",\"target\":{\"@type\":\"EntryPoint\",\"urlTemplate\":\"https:\/\/www.gaveanews.com\/?s={search_term_string}\"},\"query-input\":{\"@type\":\"PropertyValueSpecification\",\"valueRequired\":true,\"valueName\":\"search_term_string\"}}],\"inLanguage\":\"pt-BR\"},{\"@type\":\"Person\",\"@id\":\"https:\/\/www.gaveanews.com\/#\/schema\/person\/c79759ca337c40791ae8d08e2923d403\",\"name\":\"Brenda Cezillo\",\"image\":{\"@type\":\"ImageObject\",\"inLanguage\":\"pt-BR\",\"@id\":\"https:\/\/www.gaveanews.com\/#\/schema\/person\/image\/\",\"url\":\"https:\/\/secure.gravatar.com\/avatar\/1738d75cee7317f9c29ae61dd67620c5883d80a92e42a6fff88ae5d527af217a?s=96&d=mm&r=g\",\"contentUrl\":\"https:\/\/secure.gravatar.com\/avatar\/1738d75cee7317f9c29ae61dd67620c5883d80a92e42a6fff88ae5d527af217a?s=96&d=mm&r=g\",\"caption\":\"Brenda Cezillo\"}}]}<\/script>\n<!-- \/ Yoast SEO Premium plugin. -->","yoast_head_json":{"title":"Ex-Botafogo, Almada pode deixar o Lyon em breve","robots":{"index":"index","follow":"follow","max-snippet":"max-snippet:-1","max-image-preview":"max-image-preview:large","max-video-preview":"max-video-preview:-1"},"canonical":"https:\/\/www.gaveanews.com\/index.php\/2025\/05\/17\/ex-botafogo-almada-pode-deixar-o-lyon-em-breve\/","og_locale":"pt_BR","og_type":"article","og_title":"Ex-Botafogo, Almada pode deixar o Lyon em breve","og_description":"O Lyon atravessa um momento delicado em suas finan\u00e7as e enfrenta o risco de rebaixamento na Ligue 1. A situa\u00e7\u00e3o financeira do clube franc\u00eas, comandado pelo Eagle Football Group, registrou um preju\u00edzo de 117 milh\u00f5es de euros (cerca de R$ 723 milh\u00f5es) no primeiro semestre da temporada 2024\/25. Esse rombo levou a UEFA a impor [&hellip;]","og_url":"https:\/\/www.gaveanews.com\/index.php\/2025\/05\/17\/ex-botafogo-almada-pode-deixar-o-lyon-em-breve\/","og_site_name":"G\u00e1vea News","article_publisher":"https:\/\/facebook.com\/gaveaNews\/","article_published_time":"2025-05-17T18:55:00+00:00","og_image":[{"width":787,"height":525,"url":"https:\/\/www.gaveanews.com\/wp-content\/uploads\/Escudo-do-Botafogo-1.webp","type":"image\/webp"}],"author":"Brenda Cezillo","twitter_card":"summary_large_image","twitter_misc":{"Escrito por":"Brenda Cezillo","Est. tempo de leitura":"3 minutos"},"schema":{"@context":"https:\/\/schema.org","@graph":[{"@type":"NewsArticle","@id":"https:\/\/www.gaveanews.com\/index.php\/2025\/05\/17\/ex-botafogo-almada-pode-deixar-o-lyon-em-breve\/#article","isPartOf":{"@id":"https:\/\/www.gaveanews.com\/index.php\/2025\/05\/17\/ex-botafogo-almada-pode-deixar-o-lyon-em-breve\/"},"author":{"name":"Brenda Cezillo","@id":"https:\/\/www.gaveanews.com\/#\/schema\/person\/c79759ca337c40791ae8d08e2923d403"},"headline":"Ex-Botafogo, Almada pode deixar o Lyon em breve","datePublished":"2025-05-17T18:55:00+00:00","mainEntityOfPage":{"@id":"https:\/\/www.gaveanews.com\/index.php\/2025\/05\/17\/ex-botafogo-almada-pode-deixar-o-lyon-em-breve\/"},"wordCount":518,"commentCount":0,"image":{"@id":"https:\/\/www.gaveanews.com\/index.php\/2025\/05\/17\/ex-botafogo-almada-pode-deixar-o-lyon-em-breve\/#primaryimage"},"thumbnailUrl":"https:\/\/www.gaveanews.com\/wp-content\/uploads\/Escudo-do-Botafogo-1.webp","articleSection":["Botafogo"],"inLanguage":"pt-BR","potentialAction":[{"@type":"CommentAction","name":"Comment","target":["https:\/\/www.gaveanews.com\/index.php\/2025\/05\/17\/ex-botafogo-almada-pode-deixar-o-lyon-em-breve\/#respond"]}],"copyrightYear":"2025","copyrightHolder":{"@id":"https:\/\/www.gaveanews.com\/#organization"}},{"@type":"WebPage","@id":"https:\/\/www.gaveanews.com\/index.php\/2025\/05\/17\/ex-botafogo-almada-pode-deixar-o-lyon-em-breve\/","url":"https:\/\/www.gaveanews.com\/index.php\/2025\/05\/17\/ex-botafogo-almada-pode-deixar-o-lyon-em-breve\/","name":"Ex-Botafogo, Almada pode deixar o Lyon em breve","isPartOf":{"@id":"https:\/\/www.gaveanews.com\/#website"},"primaryImageOfPage":{"@id":"https:\/\/www.gaveanews.com\/index.php\/2025\/05\/17\/ex-botafogo-almada-pode-deixar-o-lyon-em-breve\/#primaryimage"},"image":{"@id":"https:\/\/www.gaveanews.com\/index.php\/2025\/05\/17\/ex-botafogo-almada-pode-deixar-o-lyon-em-breve\/#primaryimage"},"thumbnailUrl":"https:\/\/www.gaveanews.com\/wp-content\/uploads\/Escudo-do-Botafogo-1.webp","datePublished":"2025-05-17T18:55:00+00:00","author":{"@id":"https:\/\/www.gaveanews.com\/#\/schema\/person\/c79759ca337c40791ae8d08e2923d403"},"breadcrumb":{"@id":"https:\/\/www.gaveanews.com\/index.php\/2025\/05\/17\/ex-botafogo-almada-pode-deixar-o-lyon-em-breve\/#breadcrumb"},"inLanguage":"pt-BR","potentialAction":[{"@type":"ReadAction","target":["https:\/\/www.gaveanews.com\/index.php\/2025\/05\/17\/ex-botafogo-almada-pode-deixar-o-lyon-em-breve\/"]}]},{"@type":"ImageObject","inLanguage":"pt-BR","@id":"https:\/\/www.gaveanews.com\/index.php\/2025\/05\/17\/ex-botafogo-almada-pode-deixar-o-lyon-em-breve\/#primaryimage","url":"https:\/\/www.gaveanews.com\/wp-content\/uploads\/Escudo-do-Botafogo-1.webp","contentUrl":"https:\/\/www.gaveanews.com\/wp-content\/uploads\/Escudo-do-Botafogo-1.webp","width":787,"height":525,"caption":"Escudo do Botafogo (Foto: Reprodu\u00e7\u00e3o\/Botafogo)"},{"@type":"BreadcrumbList","@id":"https:\/\/www.gaveanews.com\/index.php\/2025\/05\/17\/ex-botafogo-almada-pode-deixar-o-lyon-em-breve\/#breadcrumb","itemListElement":[{"@type":"ListItem","position":1,"name":"Home","item":"https:\/\/www.gaveanews.com\/"},{"@type":"ListItem","position":2,"name":"Ex-Botafogo, Almada pode deixar o Lyon em breve"}]},{"@type":"WebSite","@id":"https:\/\/www.gaveanews.com\/#website","url":"https:\/\/www.gaveanews.com\/","name":"G\u00e1vea News","description":"Veja todas as not\u00edcias sobre o Flamengo: Contrata\u00e7\u00f5es, categorias de base, resultados das partidas, tabela de classifica\u00e7\u00e3o, pr\u00f3ximos jogos!","potentialAction":[{"@type":"SearchAction","target":{"@type":"EntryPoint","urlTemplate":"https:\/\/www.gaveanews.com\/?s={search_term_string}"},"query-input":{"@type":"PropertyValueSpecification","valueRequired":true,"valueName":"search_term_string"}}],"inLanguage":"pt-BR"},{"@type":"Person","@id":"https:\/\/www.gaveanews.com\/#\/schema\/person\/c79759ca337c40791ae8d08e2923d403","name":"Brenda Cezillo","image":{"@type":"ImageObject","inLanguage":"pt-BR","@id":"https:\/\/www.gaveanews.com\/#\/schema\/person\/image\/","url":"https:\/\/secure.gravatar.com\/avatar\/1738d75cee7317f9c29ae61dd67620c5883d80a92e42a6fff88ae5d527af217a?s=96&d=mm&r=g","contentUrl":"https:\/\/secure.gravatar.com\/avatar\/1738d75cee7317f9c29ae61dd67620c5883d80a92e42a6fff88ae5d527af217a?s=96&d=mm&r=g","caption":"Brenda Cezillo"}}]}},"_links":{"self":[{"href":"https:\/\/www.gaveanews.com\/index.php\/wp-json\/wp\/v2\/posts\/264694","targetHints":{"allow":["GET"]}}],"collection":[{"href":"https:\/\/www.gaveanews.com\/index.php\/wp-json\/wp\/v2\/posts"}],"about":[{"href":"https:\/\/www.gaveanews.com\/index.php\/wp-json\/wp\/v2\/types\/post"}],"author":[{"embeddable":true,"href":"https:\/\/www.gaveanews.com\/index.php\/wp-json\/wp\/v2\/users\/33"}],"replies":[{"embeddable":true,"href":"https:\/\/www.gaveanews.com\/index.php\/wp-json\/wp\/v2\/comments?post=264694"}],"version-history":[{"count":1,"href":"https:\/\/www.gaveanews.com\/index.php\/wp-json\/wp\/v2\/posts\/264694\/revisions"}],"predecessor-version":[{"id":264696,"href":"https:\/\/www.gaveanews.com\/index.php\/wp-json\/wp\/v2\/posts\/264694\/revisions\/264696"}],"wp:featuredmedia":[{"embeddable":true,"href":"https:\/\/www.gaveanews.com\/index.php\/wp-json\/wp\/v2\/media\/182060"}],"wp:attachment":[{"href":"https:\/\/www.gaveanews.com\/index.php\/wp-json\/wp\/v2\/media?parent=264694"}],"wp:term":[{"taxonomy":"category","embeddable":true,"href":"https:\/\/www.gaveanews.com\/index.php\/wp-json\/wp\/v2\/categories?post=264694"},{"taxonomy":"post_tag","embeddable":true,"href":"https:\/\/www.gaveanews.com\/index.php\/wp-json\/wp\/v2\/tags?post=264694"}],"curies":[{"name":"wp","href":"https:\/\/api.w.org\/{rel}","templated":true}]}}