{"id":264697,"date":"2025-05-18T13:20:00","date_gmt":"2025-05-18T16:20:00","guid":{"rendered":"https:\/\/www.gaveanews.com\/?p=264697"},"modified":"2025-05-18T13:07:59","modified_gmt":"2025-05-18T16:07:59","slug":"saiba-como-ednaldo-rodrigues-perdeu-apoio-na-cbf","status":"publish","type":"post","link":"https:\/\/www.gaveanews.com\/index.php\/2025\/05\/18\/saiba-como-ednaldo-rodrigues-perdeu-apoio-na-cbf\/","title":{"rendered":"Saiba como Ednaldo Rodrigues perdeu apoio na CBF"},"content":{"rendered":"\n<p>Ednaldo Rodrigues vivenciou uma derrocada vertiginosa no comando da CBF. Reeleito por aclama\u00e7\u00e3o em 24 de mar\u00e7o com apoio un\u00e2nime das 27 federa\u00e7\u00f5es e dos 40 clubes das S\u00e9ries A e B, ele foi afastado do cargo apenas 52 dias depois por decis\u00e3o do Tribunal de Justi\u00e7a do Rio de Janeiro (TJ-RJ). O que parecia um mandato est\u00e1vel revelou-se um terreno minado, repleto de insatisfa\u00e7\u00f5es reprimidas e alian\u00e7as fr\u00e1geis.<\/p>\n\n\n\n<p>Conforme relatos de bastidores, o dirigente passou a acumular desafetos ao descumprir promessas e tomar decis\u00f5es unilaterais. O caso de Fernando Sarney \u00e9 emblem\u00e1tico: Ednaldo o destituiu dos comit\u00eas da FIFA e da Conmebol, cargos de alta remunera\u00e7\u00e3o, e assumiu as fun\u00e7\u00f5es. A atitude gerou ressentimento e rachaduras em sua base de apoio, mesmo entre aliados hist\u00f3ricos.<\/p>\n\n\n\n<p>A crise se intensificou com den\u00fancias de m\u00e1 gest\u00e3o. A revista Piau\u00ed apontou aumentos salariais suspeitos e gastos elevados durante a Copa do Catar. Tais revela\u00e7\u00f5es desgastaram a imagem de Ednaldo junto aos tr\u00eas poderes da Rep\u00fablica, inclusive no Supremo Tribunal Federal. A situa\u00e7\u00e3o ficou ainda mais delicada ap\u00f3s den\u00fancias de ass\u00e9dio moral feitas por uma ex-diretora e investiga\u00e7\u00f5es sobre a autenticidade da assinatura de Coronel Nunes em um acordo estatut\u00e1rio.<\/p>\n\n\n\n<p>A centraliza\u00e7\u00e3o extrema tamb\u00e9m foi alvo de cr\u00edticas. Ednaldo controlava pessoalmente os pagamentos da CBF, desde valores irris\u00f3rios at\u00e9 cifras milion\u00e1rias. Al\u00e9m disso, promoveu altera\u00e7\u00f5es no estatuto da entidade que concentravam ainda mais poder em sua figura, o que gerou forte oposi\u00e7\u00e3o nos bastidores.<\/p>\n\n\n\n<p>Ap\u00f3s sua sa\u00edda, 19 federa\u00e7\u00f5es defenderam publicamente a &#8220;renova\u00e7\u00e3o&#8221;, sem sequer mencion\u00e1-lo. O afastamento foi rapidamente seguido por movimenta\u00e7\u00f5es pol\u00edticas que apontaram Samir Xaud como nome favorito das federa\u00e7\u00f5es e Reinaldo Carneiro Bastos com o respaldo de 32 clubes.<\/p>\n\n\n\n<p>Assim sendo, as novas elei\u00e7\u00f5es foram agendadas para o pr\u00f3ximo domingo (25 de maio). Ednaldo, por sua vez, segue \u00e0 margem do processo, assistindo \u00e0 disputa pelo comando da CBF sem qualquer protagonismo.<\/p>\n","protected":false},"excerpt":{"rendered":"<p>Ednaldo Rodrigues vivenciou uma derrocada vertiginosa no comando da CBF. Reeleito por aclama\u00e7\u00e3o em 24 de mar\u00e7o com apoio un\u00e2nime das 27 federa\u00e7\u00f5es e dos 40 clubes das S\u00e9ries A e B, ele foi afastado do cargo apenas 52 dias depois por decis\u00e3o do Tribunal de Justi\u00e7a do Rio de Janeiro (TJ-RJ). O que parecia [&hellip;]<\/p>\n","protected":false},"author":18,"featured_media":114931,"comment_status":"open","ping_status":"closed","sticky":false,"template":"","format":"standard","meta":{"footnotes":""},"categories":[478,477],"tags":[],"class_list":["post-264697","post","type-post","status-publish","format-standard","has-post-thumbnail","hentry","category-brasil","category-selecoes"],"yoast_head":"<!-- This site is optimized with the Yoast SEO Premium plugin v24.2 (Yoast SEO v26.9) - https:\/\/yoast.com\/product\/yoast-seo-premium-wordpress\/ -->\n<title>Saiba como Ednaldo Rodrigues perdeu apoio na CBF<\/title>\n<meta name=\"robots\" content=\"index, follow, max-snippet:-1, max-image-preview:large, max-video-preview:-1\" \/>\n<link rel=\"canonical\" href=\"https:\/\/www.gaveanews.com\/index.php\/2025\/05\/18\/saiba-como-ednaldo-rodrigues-perdeu-apoio-na-cbf\/\" \/>\n<meta property=\"og:locale\" content=\"pt_BR\" \/>\n<meta property=\"og:type\" content=\"article\" \/>\n<meta property=\"og:title\" content=\"Saiba como Ednaldo Rodrigues perdeu apoio na CBF\" \/>\n<meta property=\"og:description\" content=\"Ednaldo Rodrigues vivenciou uma derrocada vertiginosa no comando da CBF. Reeleito por aclama\u00e7\u00e3o em 24 de mar\u00e7o com apoio un\u00e2nime das 27 federa\u00e7\u00f5es e dos 40 clubes das S\u00e9ries A e B, ele foi afastado do cargo apenas 52 dias depois por decis\u00e3o do Tribunal de Justi\u00e7a do Rio de Janeiro (TJ-RJ). O que parecia [&hellip;]\" \/>\n<meta property=\"og:url\" content=\"https:\/\/www.gaveanews.com\/index.php\/2025\/05\/18\/saiba-como-ednaldo-rodrigues-perdeu-apoio-na-cbf\/\" \/>\n<meta property=\"og:site_name\" content=\"G\u00e1vea News\" \/>\n<meta property=\"article:publisher\" content=\"https:\/\/facebook.com\/gaveaNews\/\" \/>\n<meta property=\"article:published_time\" content=\"2025-05-18T16:20:00+00:00\" \/>\n<meta property=\"og:image\" content=\"https:\/\/www.gaveanews.com\/wp-content\/uploads\/1_ednaldo_rodrigues_cbf_selecao_brasileira__2_-23258960.webp\" \/>\n\t<meta property=\"og:image:width\" content=\"818\" \/>\n\t<meta property=\"og:image:height\" content=\"459\" \/>\n\t<meta property=\"og:image:type\" content=\"image\/jpeg\" \/>\n<meta name=\"author\" content=\"Paula Silva\" \/>\n<meta name=\"twitter:card\" content=\"summary_large_image\" \/>\n<meta name=\"twitter:label1\" content=\"Escrito por\" \/>\n\t<meta name=\"twitter:data1\" content=\"Paula Silva\" \/>\n\t<meta name=\"twitter:label2\" content=\"Est. tempo de leitura\" \/>\n\t<meta name=\"twitter:data2\" content=\"2 minutos\" \/>\n<script type=\"application\/ld+json\" class=\"yoast-schema-graph\">{\"@context\":\"https:\/\/schema.org\",\"@graph\":[{\"@type\":\"NewsArticle\",\"@id\":\"https:\/\/www.gaveanews.com\/index.php\/2025\/05\/18\/saiba-como-ednaldo-rodrigues-perdeu-apoio-na-cbf\/#article\",\"isPartOf\":{\"@id\":\"https:\/\/www.gaveanews.com\/index.php\/2025\/05\/18\/saiba-como-ednaldo-rodrigues-perdeu-apoio-na-cbf\/\"},\"author\":{\"name\":\"Paula Silva\",\"@id\":\"https:\/\/www.gaveanews.com\/#\/schema\/person\/daf63eec72e1164eb13dc35096c2b8da\"},\"headline\":\"Saiba como Ednaldo Rodrigues perdeu apoio na CBF\",\"datePublished\":\"2025-05-18T16:20:00+00:00\",\"mainEntityOfPage\":{\"@id\":\"https:\/\/www.gaveanews.com\/index.php\/2025\/05\/18\/saiba-como-ednaldo-rodrigues-perdeu-apoio-na-cbf\/\"},\"wordCount\":357,\"commentCount\":0,\"image\":{\"@id\":\"https:\/\/www.gaveanews.com\/index.php\/2025\/05\/18\/saiba-como-ednaldo-rodrigues-perdeu-apoio-na-cbf\/#primaryimage\"},\"thumbnailUrl\":\"https:\/\/www.gaveanews.com\/wp-content\/uploads\/1_ednaldo_rodrigues_cbf_selecao_brasileira__2_-23258960.webp\",\"articleSection\":[\"Brasil\",\"Sele\u00e7\u00f5es\"],\"inLanguage\":\"pt-BR\",\"potentialAction\":[{\"@type\":\"CommentAction\",\"name\":\"Comment\",\"target\":[\"https:\/\/www.gaveanews.com\/index.php\/2025\/05\/18\/saiba-como-ednaldo-rodrigues-perdeu-apoio-na-cbf\/#respond\"]}],\"copyrightYear\":\"2025\",\"copyrightHolder\":{\"@id\":\"https:\/\/www.gaveanews.com\/#organization\"}},{\"@type\":\"WebPage\",\"@id\":\"https:\/\/www.gaveanews.com\/index.php\/2025\/05\/18\/saiba-como-ednaldo-rodrigues-perdeu-apoio-na-cbf\/\",\"url\":\"https:\/\/www.gaveanews.com\/index.php\/2025\/05\/18\/saiba-como-ednaldo-rodrigues-perdeu-apoio-na-cbf\/\",\"name\":\"Saiba como Ednaldo Rodrigues perdeu apoio na CBF\",\"isPartOf\":{\"@id\":\"https:\/\/www.gaveanews.com\/#website\"},\"primaryImageOfPage\":{\"@id\":\"https:\/\/www.gaveanews.com\/index.php\/2025\/05\/18\/saiba-como-ednaldo-rodrigues-perdeu-apoio-na-cbf\/#primaryimage\"},\"image\":{\"@id\":\"https:\/\/www.gaveanews.com\/index.php\/2025\/05\/18\/saiba-como-ednaldo-rodrigues-perdeu-apoio-na-cbf\/#primaryimage\"},\"thumbnailUrl\":\"https:\/\/www.gaveanews.com\/wp-content\/uploads\/1_ednaldo_rodrigues_cbf_selecao_brasileira__2_-23258960.webp\",\"datePublished\":\"2025-05-18T16:20:00+00:00\",\"author\":{\"@id\":\"https:\/\/www.gaveanews.com\/#\/schema\/person\/daf63eec72e1164eb13dc35096c2b8da\"},\"breadcrumb\":{\"@id\":\"https:\/\/www.gaveanews.com\/index.php\/2025\/05\/18\/saiba-como-ednaldo-rodrigues-perdeu-apoio-na-cbf\/#breadcrumb\"},\"inLanguage\":\"pt-BR\",\"potentialAction\":[{\"@type\":\"ReadAction\",\"target\":[\"https:\/\/www.gaveanews.com\/index.php\/2025\/05\/18\/saiba-como-ednaldo-rodrigues-perdeu-apoio-na-cbf\/\"]}]},{\"@type\":\"ImageObject\",\"inLanguage\":\"pt-BR\",\"@id\":\"https:\/\/www.gaveanews.com\/index.php\/2025\/05\/18\/saiba-como-ednaldo-rodrigues-perdeu-apoio-na-cbf\/#primaryimage\",\"url\":\"https:\/\/www.gaveanews.com\/wp-content\/uploads\/1_ednaldo_rodrigues_cbf_selecao_brasileira__2_-23258960.webp\",\"contentUrl\":\"https:\/\/www.gaveanews.com\/wp-content\/uploads\/1_ednaldo_rodrigues_cbf_selecao_brasileira__2_-23258960.webp\",\"width\":818,\"height\":459,\"caption\":\"Ednaldo Rodrigues, presidente da CBF, em entrevista coletiva da sele\u00e7\u00e3o brasileira feminina (Foto: Thais Magalh\u00e3es\/CBF)\"},{\"@type\":\"BreadcrumbList\",\"@id\":\"https:\/\/www.gaveanews.com\/index.php\/2025\/05\/18\/saiba-como-ednaldo-rodrigues-perdeu-apoio-na-cbf\/#breadcrumb\",\"itemListElement\":[{\"@type\":\"ListItem\",\"position\":1,\"name\":\"Home\",\"item\":\"https:\/\/www.gaveanews.com\/\"},{\"@type\":\"ListItem\",\"position\":2,\"name\":\"Saiba como Ednaldo Rodrigues perdeu apoio na CBF\"}]},{\"@type\":\"WebSite\",\"@id\":\"https:\/\/www.gaveanews.com\/#website\",\"url\":\"https:\/\/www.gaveanews.com\/\",\"name\":\"G\u00e1vea News\",\"description\":\"Veja todas as not\u00edcias sobre o Flamengo: Contrata\u00e7\u00f5es, categorias de base, resultados das partidas, tabela de classifica\u00e7\u00e3o, pr\u00f3ximos jogos!\",\"potentialAction\":[{\"@type\":\"SearchAction\",\"target\":{\"@type\":\"EntryPoint\",\"urlTemplate\":\"https:\/\/www.gaveanews.com\/?s={search_term_string}\"},\"query-input\":{\"@type\":\"PropertyValueSpecification\",\"valueRequired\":true,\"valueName\":\"search_term_string\"}}],\"inLanguage\":\"pt-BR\"},{\"@type\":\"Person\",\"@id\":\"https:\/\/www.gaveanews.com\/#\/schema\/person\/daf63eec72e1164eb13dc35096c2b8da\",\"name\":\"Paula Silva\",\"image\":{\"@type\":\"ImageObject\",\"inLanguage\":\"pt-BR\",\"@id\":\"https:\/\/www.gaveanews.com\/#\/schema\/person\/image\/\",\"url\":\"https:\/\/secure.gravatar.com\/avatar\/eda381c845527cc5d64c13b901833cda29d97500ba040d3e6461f76f51d163bb?s=96&d=mm&r=g\",\"contentUrl\":\"https:\/\/secure.gravatar.com\/avatar\/eda381c845527cc5d64c13b901833cda29d97500ba040d3e6461f76f51d163bb?s=96&d=mm&r=g\",\"caption\":\"Paula Silva\"}}]}<\/script>\n<!-- \/ Yoast SEO Premium plugin. -->","yoast_head_json":{"title":"Saiba como Ednaldo Rodrigues perdeu apoio na CBF","robots":{"index":"index","follow":"follow","max-snippet":"max-snippet:-1","max-image-preview":"max-image-preview:large","max-video-preview":"max-video-preview:-1"},"canonical":"https:\/\/www.gaveanews.com\/index.php\/2025\/05\/18\/saiba-como-ednaldo-rodrigues-perdeu-apoio-na-cbf\/","og_locale":"pt_BR","og_type":"article","og_title":"Saiba como Ednaldo Rodrigues perdeu apoio na CBF","og_description":"Ednaldo Rodrigues vivenciou uma derrocada vertiginosa no comando da CBF. Reeleito por aclama\u00e7\u00e3o em 24 de mar\u00e7o com apoio un\u00e2nime das 27 federa\u00e7\u00f5es e dos 40 clubes das S\u00e9ries A e B, ele foi afastado do cargo apenas 52 dias depois por decis\u00e3o do Tribunal de Justi\u00e7a do Rio de Janeiro (TJ-RJ). O que parecia [&hellip;]","og_url":"https:\/\/www.gaveanews.com\/index.php\/2025\/05\/18\/saiba-como-ednaldo-rodrigues-perdeu-apoio-na-cbf\/","og_site_name":"G\u00e1vea News","article_publisher":"https:\/\/facebook.com\/gaveaNews\/","article_published_time":"2025-05-18T16:20:00+00:00","og_image":[{"width":818,"height":459,"url":"https:\/\/www.gaveanews.com\/wp-content\/uploads\/1_ednaldo_rodrigues_cbf_selecao_brasileira__2_-23258960.webp","type":"image\/jpeg"}],"author":"Paula Silva","twitter_card":"summary_large_image","twitter_misc":{"Escrito por":"Paula Silva","Est. tempo de leitura":"2 minutos"},"schema":{"@context":"https:\/\/schema.org","@graph":[{"@type":"NewsArticle","@id":"https:\/\/www.gaveanews.com\/index.php\/2025\/05\/18\/saiba-como-ednaldo-rodrigues-perdeu-apoio-na-cbf\/#article","isPartOf":{"@id":"https:\/\/www.gaveanews.com\/index.php\/2025\/05\/18\/saiba-como-ednaldo-rodrigues-perdeu-apoio-na-cbf\/"},"author":{"name":"Paula Silva","@id":"https:\/\/www.gaveanews.com\/#\/schema\/person\/daf63eec72e1164eb13dc35096c2b8da"},"headline":"Saiba como Ednaldo Rodrigues perdeu apoio na CBF","datePublished":"2025-05-18T16:20:00+00:00","mainEntityOfPage":{"@id":"https:\/\/www.gaveanews.com\/index.php\/2025\/05\/18\/saiba-como-ednaldo-rodrigues-perdeu-apoio-na-cbf\/"},"wordCount":357,"commentCount":0,"image":{"@id":"https:\/\/www.gaveanews.com\/index.php\/2025\/05\/18\/saiba-como-ednaldo-rodrigues-perdeu-apoio-na-cbf\/#primaryimage"},"thumbnailUrl":"https:\/\/www.gaveanews.com\/wp-content\/uploads\/1_ednaldo_rodrigues_cbf_selecao_brasileira__2_-23258960.webp","articleSection":["Brasil","Sele\u00e7\u00f5es"],"inLanguage":"pt-BR","potentialAction":[{"@type":"CommentAction","name":"Comment","target":["https:\/\/www.gaveanews.com\/index.php\/2025\/05\/18\/saiba-como-ednaldo-rodrigues-perdeu-apoio-na-cbf\/#respond"]}],"copyrightYear":"2025","copyrightHolder":{"@id":"https:\/\/www.gaveanews.com\/#organization"}},{"@type":"WebPage","@id":"https:\/\/www.gaveanews.com\/index.php\/2025\/05\/18\/saiba-como-ednaldo-rodrigues-perdeu-apoio-na-cbf\/","url":"https:\/\/www.gaveanews.com\/index.php\/2025\/05\/18\/saiba-como-ednaldo-rodrigues-perdeu-apoio-na-cbf\/","name":"Saiba como Ednaldo Rodrigues perdeu apoio na CBF","isPartOf":{"@id":"https:\/\/www.gaveanews.com\/#website"},"primaryImageOfPage":{"@id":"https:\/\/www.gaveanews.com\/index.php\/2025\/05\/18\/saiba-como-ednaldo-rodrigues-perdeu-apoio-na-cbf\/#primaryimage"},"image":{"@id":"https:\/\/www.gaveanews.com\/index.php\/2025\/05\/18\/saiba-como-ednaldo-rodrigues-perdeu-apoio-na-cbf\/#primaryimage"},"thumbnailUrl":"https:\/\/www.gaveanews.com\/wp-content\/uploads\/1_ednaldo_rodrigues_cbf_selecao_brasileira__2_-23258960.webp","datePublished":"2025-05-18T16:20:00+00:00","author":{"@id":"https:\/\/www.gaveanews.com\/#\/schema\/person\/daf63eec72e1164eb13dc35096c2b8da"},"breadcrumb":{"@id":"https:\/\/www.gaveanews.com\/index.php\/2025\/05\/18\/saiba-como-ednaldo-rodrigues-perdeu-apoio-na-cbf\/#breadcrumb"},"inLanguage":"pt-BR","potentialAction":[{"@type":"ReadAction","target":["https:\/\/www.gaveanews.com\/index.php\/2025\/05\/18\/saiba-como-ednaldo-rodrigues-perdeu-apoio-na-cbf\/"]}]},{"@type":"ImageObject","inLanguage":"pt-BR","@id":"https:\/\/www.gaveanews.com\/index.php\/2025\/05\/18\/saiba-como-ednaldo-rodrigues-perdeu-apoio-na-cbf\/#primaryimage","url":"https:\/\/www.gaveanews.com\/wp-content\/uploads\/1_ednaldo_rodrigues_cbf_selecao_brasileira__2_-23258960.webp","contentUrl":"https:\/\/www.gaveanews.com\/wp-content\/uploads\/1_ednaldo_rodrigues_cbf_selecao_brasileira__2_-23258960.webp","width":818,"height":459,"caption":"Ednaldo Rodrigues, presidente da CBF, em entrevista coletiva da sele\u00e7\u00e3o brasileira feminina (Foto: Thais Magalh\u00e3es\/CBF)"},{"@type":"BreadcrumbList","@id":"https:\/\/www.gaveanews.com\/index.php\/2025\/05\/18\/saiba-como-ednaldo-rodrigues-perdeu-apoio-na-cbf\/#breadcrumb","itemListElement":[{"@type":"ListItem","position":1,"name":"Home","item":"https:\/\/www.gaveanews.com\/"},{"@type":"ListItem","position":2,"name":"Saiba como Ednaldo Rodrigues perdeu apoio na CBF"}]},{"@type":"WebSite","@id":"https:\/\/www.gaveanews.com\/#website","url":"https:\/\/www.gaveanews.com\/","name":"G\u00e1vea News","description":"Veja todas as not\u00edcias sobre o Flamengo: Contrata\u00e7\u00f5es, categorias de base, resultados das partidas, tabela de classifica\u00e7\u00e3o, pr\u00f3ximos jogos!","potentialAction":[{"@type":"SearchAction","target":{"@type":"EntryPoint","urlTemplate":"https:\/\/www.gaveanews.com\/?s={search_term_string}"},"query-input":{"@type":"PropertyValueSpecification","valueRequired":true,"valueName":"search_term_string"}}],"inLanguage":"pt-BR"},{"@type":"Person","@id":"https:\/\/www.gaveanews.com\/#\/schema\/person\/daf63eec72e1164eb13dc35096c2b8da","name":"Paula Silva","image":{"@type":"ImageObject","inLanguage":"pt-BR","@id":"https:\/\/www.gaveanews.com\/#\/schema\/person\/image\/","url":"https:\/\/secure.gravatar.com\/avatar\/eda381c845527cc5d64c13b901833cda29d97500ba040d3e6461f76f51d163bb?s=96&d=mm&r=g","contentUrl":"https:\/\/secure.gravatar.com\/avatar\/eda381c845527cc5d64c13b901833cda29d97500ba040d3e6461f76f51d163bb?s=96&d=mm&r=g","caption":"Paula Silva"}}]}},"_links":{"self":[{"href":"https:\/\/www.gaveanews.com\/index.php\/wp-json\/wp\/v2\/posts\/264697","targetHints":{"allow":["GET"]}}],"collection":[{"href":"https:\/\/www.gaveanews.com\/index.php\/wp-json\/wp\/v2\/posts"}],"about":[{"href":"https:\/\/www.gaveanews.com\/index.php\/wp-json\/wp\/v2\/types\/post"}],"author":[{"embeddable":true,"href":"https:\/\/www.gaveanews.com\/index.php\/wp-json\/wp\/v2\/users\/18"}],"replies":[{"embeddable":true,"href":"https:\/\/www.gaveanews.com\/index.php\/wp-json\/wp\/v2\/comments?post=264697"}],"version-history":[{"count":1,"href":"https:\/\/www.gaveanews.com\/index.php\/wp-json\/wp\/v2\/posts\/264697\/revisions"}],"predecessor-version":[{"id":264701,"href":"https:\/\/www.gaveanews.com\/index.php\/wp-json\/wp\/v2\/posts\/264697\/revisions\/264701"}],"wp:featuredmedia":[{"embeddable":true,"href":"https:\/\/www.gaveanews.com\/index.php\/wp-json\/wp\/v2\/media\/114931"}],"wp:attachment":[{"href":"https:\/\/www.gaveanews.com\/index.php\/wp-json\/wp\/v2\/media?parent=264697"}],"wp:term":[{"taxonomy":"category","embeddable":true,"href":"https:\/\/www.gaveanews.com\/index.php\/wp-json\/wp\/v2\/categories?post=264697"},{"taxonomy":"post_tag","embeddable":true,"href":"https:\/\/www.gaveanews.com\/index.php\/wp-json\/wp\/v2\/tags?post=264697"}],"curies":[{"name":"wp","href":"https:\/\/api.w.org\/{rel}","templated":true}]}}