{"id":264749,"date":"2025-05-18T17:05:00","date_gmt":"2025-05-18T20:05:00","guid":{"rendered":"https:\/\/www.gaveanews.com\/?p=264749"},"modified":"2025-05-18T17:01:57","modified_gmt":"2025-05-18T20:01:57","slug":"bragantino-a-declaracao-de-juninho-capixaba-sobre-a-selecao-brasileira","status":"publish","type":"post","link":"https:\/\/www.gaveanews.com\/index.php\/2025\/05\/18\/bragantino-a-declaracao-de-juninho-capixaba-sobre-a-selecao-brasileira\/","title":{"rendered":"Bragantino: a declara\u00e7\u00e3o de Juninho Capixaba sobre a Sele\u00e7\u00e3o Brasileira"},"content":{"rendered":"\n<p>Juninho Capixaba, lateral-esquerdo do Bragantino, manifestou com clareza seu desejo de defender a Sele\u00e7\u00e3o Brasileira. Aos 27 anos, o jogador entende que sua idade pode ser um desafio para oportunidades no futebol europeu, mas v\u00ea nesse mesmo movimento uma vitrine para alcan\u00e7ar o cen\u00e1rio da equipe nacional. Segundo ele, &#8220;se conquistar esse espa\u00e7o, posso ter a oportunidade de conquistar outros objetivos pessoais&#8221;, entre eles vestir a camisa da Sele\u00e7\u00e3o.<\/p>\n\n\n\n<p>O jogador acredita que o atual momento da equipe e seu desempenho individual podem ajudar nessa caminhada. No entanto, ele evita euforia. \u201cPensando nessa parte de sele\u00e7\u00e3o brasileira, \u00e9 o que sempre falo. \u00c9 um sonho, mas temos que manter os p\u00e9s no ch\u00e3o e continuar trabalhando\u201d, disse. Para Juninho, manter a regularidade \u00e9 fundamental para ser lembrado pelos respons\u00e1veis pelas convoca\u00e7\u00f5es.<\/p>\n\n\n\n<p>Apesar da boa fase vivida no Brasileir\u00e3o, Juninho avalia que o t\u00e9cnico Carlo Ancelotti pode enfrentar dificuldades para observar com profundidade o futebol brasileiro. &#8220;\u00c9 um cen\u00e1rio complexo. Talvez ele tenha que ter um pouco mais de ajuda para olhar o futebol brasileiro&#8221;, ponderou. Ainda assim, o atleta mant\u00e9m a esperan\u00e7a de que o italiano passe a olhar com aten\u00e7\u00e3o para quem atua nos gramados nacionais.<\/p>\n\n\n\n<p>Conforme o pr\u00f3prio Capixaba, a concorr\u00eancia para a lateral \u00e9 alta. \u201cO Brasil tem grandes laterais. Somos bem servidos hoje na sele\u00e7\u00e3o. Tenho que estar muito bem para que possa atingir o mesmo n\u00edvel que eles e, se poss\u00edvel, conseguir uma chance\u201d, reconheceu. A const\u00e2ncia em boas atua\u00e7\u00f5es \u00e9, para ele, o principal trunfo.<\/p>\n\n\n\n<p>A prepara\u00e7\u00e3o f\u00edsica e mental \u00e9 uma das apostas do lateral para se destacar. Ele revela que trabalha com intensidade essas \u00e1reas, principalmente depois de superar uma les\u00e3o no joelho. \u201cTenho que estar bem. \u00c9 um ponto primordial para que a gente possa manter uma boa fase\u201d, afirmou.<\/p>\n\n\n\n<p>Por fim, Juninho refor\u00e7a sua postura centrada, evitando entrar em empolga\u00e7\u00f5es externas. \u201cSe a gente entrar em um oba-oba, pode mentalmente nos atrapalhar\u201d, concluiu. Afinal, como ele mesmo definiu, sua trajet\u00f3ria at\u00e9 aqui tem sido constru\u00edda com esfor\u00e7o, equil\u00edbrio e planejamento.<\/p>\n","protected":false},"excerpt":{"rendered":"<p>Juninho Capixaba, lateral-esquerdo do Bragantino, manifestou com clareza seu desejo de defender a Sele\u00e7\u00e3o Brasileira. Aos 27 anos, o jogador entende que sua idade pode ser um desafio para oportunidades no futebol europeu, mas v\u00ea nesse mesmo movimento uma vitrine para alcan\u00e7ar o cen\u00e1rio da equipe nacional. Segundo ele, &#8220;se conquistar esse espa\u00e7o, posso ter [&hellip;]<\/p>\n","protected":false},"author":18,"featured_media":117303,"comment_status":"open","ping_status":"closed","sticky":false,"template":"","format":"standard","meta":{"footnotes":""},"categories":[140],"tags":[],"class_list":["post-264749","post","type-post","status-publish","format-standard","has-post-thumbnail","hentry","category-bragantino"],"yoast_head":"<!-- This site is optimized with the Yoast SEO Premium plugin v24.2 (Yoast SEO v26.9) - https:\/\/yoast.com\/product\/yoast-seo-premium-wordpress\/ -->\n<title>Bragantino: a declara\u00e7\u00e3o de Juninho Capixaba sobre a Sele\u00e7\u00e3o Brasileira<\/title>\n<meta name=\"robots\" content=\"index, follow, max-snippet:-1, max-image-preview:large, max-video-preview:-1\" \/>\n<link rel=\"canonical\" href=\"https:\/\/www.gaveanews.com\/index.php\/2025\/05\/18\/bragantino-a-declaracao-de-juninho-capixaba-sobre-a-selecao-brasileira\/\" \/>\n<meta property=\"og:locale\" content=\"pt_BR\" \/>\n<meta property=\"og:type\" content=\"article\" \/>\n<meta property=\"og:title\" content=\"Bragantino: a declara\u00e7\u00e3o de Juninho Capixaba sobre a Sele\u00e7\u00e3o Brasileira\" \/>\n<meta property=\"og:description\" content=\"Juninho Capixaba, lateral-esquerdo do Bragantino, manifestou com clareza seu desejo de defender a Sele\u00e7\u00e3o Brasileira. Aos 27 anos, o jogador entende que sua idade pode ser um desafio para oportunidades no futebol europeu, mas v\u00ea nesse mesmo movimento uma vitrine para alcan\u00e7ar o cen\u00e1rio da equipe nacional. Segundo ele, &#8220;se conquistar esse espa\u00e7o, posso ter [&hellip;]\" \/>\n<meta property=\"og:url\" content=\"https:\/\/www.gaveanews.com\/index.php\/2025\/05\/18\/bragantino-a-declaracao-de-juninho-capixaba-sobre-a-selecao-brasileira\/\" \/>\n<meta property=\"og:site_name\" content=\"G\u00e1vea News\" \/>\n<meta property=\"article:publisher\" content=\"https:\/\/facebook.com\/gaveaNews\/\" \/>\n<meta property=\"article:published_time\" content=\"2025-05-18T20:05:00+00:00\" \/>\n<meta property=\"og:image\" content=\"https:\/\/www.gaveanews.com\/wp-content\/uploads\/juninho-capixaba-bragantino.webp\" \/>\n\t<meta property=\"og:image:width\" content=\"1200\" \/>\n\t<meta property=\"og:image:height\" content=\"675\" \/>\n\t<meta property=\"og:image:type\" content=\"image\/webp\" \/>\n<meta name=\"author\" content=\"Paula Silva\" \/>\n<meta name=\"twitter:card\" content=\"summary_large_image\" \/>\n<meta name=\"twitter:label1\" content=\"Escrito por\" \/>\n\t<meta name=\"twitter:data1\" content=\"Paula Silva\" \/>\n\t<meta name=\"twitter:label2\" content=\"Est. tempo de leitura\" \/>\n\t<meta name=\"twitter:data2\" content=\"3 minutos\" \/>\n<script type=\"application\/ld+json\" class=\"yoast-schema-graph\">{\"@context\":\"https:\/\/schema.org\",\"@graph\":[{\"@type\":\"NewsArticle\",\"@id\":\"https:\/\/www.gaveanews.com\/index.php\/2025\/05\/18\/bragantino-a-declaracao-de-juninho-capixaba-sobre-a-selecao-brasileira\/#article\",\"isPartOf\":{\"@id\":\"https:\/\/www.gaveanews.com\/index.php\/2025\/05\/18\/bragantino-a-declaracao-de-juninho-capixaba-sobre-a-selecao-brasileira\/\"},\"author\":{\"name\":\"Paula Silva\",\"@id\":\"https:\/\/www.gaveanews.com\/#\/schema\/person\/daf63eec72e1164eb13dc35096c2b8da\"},\"headline\":\"Bragantino: a declara\u00e7\u00e3o de Juninho Capixaba sobre a Sele\u00e7\u00e3o Brasileira\",\"datePublished\":\"2025-05-18T20:05:00+00:00\",\"mainEntityOfPage\":{\"@id\":\"https:\/\/www.gaveanews.com\/index.php\/2025\/05\/18\/bragantino-a-declaracao-de-juninho-capixaba-sobre-a-selecao-brasileira\/\"},\"wordCount\":375,\"commentCount\":0,\"image\":{\"@id\":\"https:\/\/www.gaveanews.com\/index.php\/2025\/05\/18\/bragantino-a-declaracao-de-juninho-capixaba-sobre-a-selecao-brasileira\/#primaryimage\"},\"thumbnailUrl\":\"https:\/\/www.gaveanews.com\/wp-content\/uploads\/juninho-capixaba-bragantino.webp\",\"articleSection\":[\"Bragantino\"],\"inLanguage\":\"pt-BR\",\"potentialAction\":[{\"@type\":\"CommentAction\",\"name\":\"Comment\",\"target\":[\"https:\/\/www.gaveanews.com\/index.php\/2025\/05\/18\/bragantino-a-declaracao-de-juninho-capixaba-sobre-a-selecao-brasileira\/#respond\"]}],\"copyrightYear\":\"2025\",\"copyrightHolder\":{\"@id\":\"https:\/\/www.gaveanews.com\/#organization\"}},{\"@type\":\"WebPage\",\"@id\":\"https:\/\/www.gaveanews.com\/index.php\/2025\/05\/18\/bragantino-a-declaracao-de-juninho-capixaba-sobre-a-selecao-brasileira\/\",\"url\":\"https:\/\/www.gaveanews.com\/index.php\/2025\/05\/18\/bragantino-a-declaracao-de-juninho-capixaba-sobre-a-selecao-brasileira\/\",\"name\":\"Bragantino: a declara\u00e7\u00e3o de Juninho Capixaba sobre a Sele\u00e7\u00e3o Brasileira\",\"isPartOf\":{\"@id\":\"https:\/\/www.gaveanews.com\/#website\"},\"primaryImageOfPage\":{\"@id\":\"https:\/\/www.gaveanews.com\/index.php\/2025\/05\/18\/bragantino-a-declaracao-de-juninho-capixaba-sobre-a-selecao-brasileira\/#primaryimage\"},\"image\":{\"@id\":\"https:\/\/www.gaveanews.com\/index.php\/2025\/05\/18\/bragantino-a-declaracao-de-juninho-capixaba-sobre-a-selecao-brasileira\/#primaryimage\"},\"thumbnailUrl\":\"https:\/\/www.gaveanews.com\/wp-content\/uploads\/juninho-capixaba-bragantino.webp\",\"datePublished\":\"2025-05-18T20:05:00+00:00\",\"author\":{\"@id\":\"https:\/\/www.gaveanews.com\/#\/schema\/person\/daf63eec72e1164eb13dc35096c2b8da\"},\"breadcrumb\":{\"@id\":\"https:\/\/www.gaveanews.com\/index.php\/2025\/05\/18\/bragantino-a-declaracao-de-juninho-capixaba-sobre-a-selecao-brasileira\/#breadcrumb\"},\"inLanguage\":\"pt-BR\",\"potentialAction\":[{\"@type\":\"ReadAction\",\"target\":[\"https:\/\/www.gaveanews.com\/index.php\/2025\/05\/18\/bragantino-a-declaracao-de-juninho-capixaba-sobre-a-selecao-brasileira\/\"]}]},{\"@type\":\"ImageObject\",\"inLanguage\":\"pt-BR\",\"@id\":\"https:\/\/www.gaveanews.com\/index.php\/2025\/05\/18\/bragantino-a-declaracao-de-juninho-capixaba-sobre-a-selecao-brasileira\/#primaryimage\",\"url\":\"https:\/\/www.gaveanews.com\/wp-content\/uploads\/juninho-capixaba-bragantino.webp\",\"contentUrl\":\"https:\/\/www.gaveanews.com\/wp-content\/uploads\/juninho-capixaba-bragantino.webp\",\"width\":1200,\"height\":675,\"caption\":\"Juninho Capixaba em a\u00e7\u00e3o pelo Bragantino (Foto: Alessandra Torres)\"},{\"@type\":\"BreadcrumbList\",\"@id\":\"https:\/\/www.gaveanews.com\/index.php\/2025\/05\/18\/bragantino-a-declaracao-de-juninho-capixaba-sobre-a-selecao-brasileira\/#breadcrumb\",\"itemListElement\":[{\"@type\":\"ListItem\",\"position\":1,\"name\":\"Home\",\"item\":\"https:\/\/www.gaveanews.com\/\"},{\"@type\":\"ListItem\",\"position\":2,\"name\":\"Bragantino: a declara\u00e7\u00e3o de Juninho Capixaba sobre a Sele\u00e7\u00e3o Brasileira\"}]},{\"@type\":\"WebSite\",\"@id\":\"https:\/\/www.gaveanews.com\/#website\",\"url\":\"https:\/\/www.gaveanews.com\/\",\"name\":\"G\u00e1vea News\",\"description\":\"Veja todas as not\u00edcias sobre o Flamengo: Contrata\u00e7\u00f5es, categorias de base, resultados das partidas, tabela de classifica\u00e7\u00e3o, pr\u00f3ximos jogos!\",\"potentialAction\":[{\"@type\":\"SearchAction\",\"target\":{\"@type\":\"EntryPoint\",\"urlTemplate\":\"https:\/\/www.gaveanews.com\/?s={search_term_string}\"},\"query-input\":{\"@type\":\"PropertyValueSpecification\",\"valueRequired\":true,\"valueName\":\"search_term_string\"}}],\"inLanguage\":\"pt-BR\"},{\"@type\":\"Person\",\"@id\":\"https:\/\/www.gaveanews.com\/#\/schema\/person\/daf63eec72e1164eb13dc35096c2b8da\",\"name\":\"Paula Silva\",\"image\":{\"@type\":\"ImageObject\",\"inLanguage\":\"pt-BR\",\"@id\":\"https:\/\/www.gaveanews.com\/#\/schema\/person\/image\/\",\"url\":\"https:\/\/secure.gravatar.com\/avatar\/eda381c845527cc5d64c13b901833cda29d97500ba040d3e6461f76f51d163bb?s=96&d=mm&r=g\",\"contentUrl\":\"https:\/\/secure.gravatar.com\/avatar\/eda381c845527cc5d64c13b901833cda29d97500ba040d3e6461f76f51d163bb?s=96&d=mm&r=g\",\"caption\":\"Paula Silva\"}}]}<\/script>\n<!-- \/ Yoast SEO Premium plugin. -->","yoast_head_json":{"title":"Bragantino: a declara\u00e7\u00e3o de Juninho Capixaba sobre a Sele\u00e7\u00e3o Brasileira","robots":{"index":"index","follow":"follow","max-snippet":"max-snippet:-1","max-image-preview":"max-image-preview:large","max-video-preview":"max-video-preview:-1"},"canonical":"https:\/\/www.gaveanews.com\/index.php\/2025\/05\/18\/bragantino-a-declaracao-de-juninho-capixaba-sobre-a-selecao-brasileira\/","og_locale":"pt_BR","og_type":"article","og_title":"Bragantino: a declara\u00e7\u00e3o de Juninho Capixaba sobre a Sele\u00e7\u00e3o Brasileira","og_description":"Juninho Capixaba, lateral-esquerdo do Bragantino, manifestou com clareza seu desejo de defender a Sele\u00e7\u00e3o Brasileira. Aos 27 anos, o jogador entende que sua idade pode ser um desafio para oportunidades no futebol europeu, mas v\u00ea nesse mesmo movimento uma vitrine para alcan\u00e7ar o cen\u00e1rio da equipe nacional. Segundo ele, &#8220;se conquistar esse espa\u00e7o, posso ter [&hellip;]","og_url":"https:\/\/www.gaveanews.com\/index.php\/2025\/05\/18\/bragantino-a-declaracao-de-juninho-capixaba-sobre-a-selecao-brasileira\/","og_site_name":"G\u00e1vea News","article_publisher":"https:\/\/facebook.com\/gaveaNews\/","article_published_time":"2025-05-18T20:05:00+00:00","og_image":[{"width":1200,"height":675,"url":"https:\/\/www.gaveanews.com\/wp-content\/uploads\/juninho-capixaba-bragantino.webp","type":"image\/webp"}],"author":"Paula Silva","twitter_card":"summary_large_image","twitter_misc":{"Escrito por":"Paula Silva","Est. tempo de leitura":"3 minutos"},"schema":{"@context":"https:\/\/schema.org","@graph":[{"@type":"NewsArticle","@id":"https:\/\/www.gaveanews.com\/index.php\/2025\/05\/18\/bragantino-a-declaracao-de-juninho-capixaba-sobre-a-selecao-brasileira\/#article","isPartOf":{"@id":"https:\/\/www.gaveanews.com\/index.php\/2025\/05\/18\/bragantino-a-declaracao-de-juninho-capixaba-sobre-a-selecao-brasileira\/"},"author":{"name":"Paula Silva","@id":"https:\/\/www.gaveanews.com\/#\/schema\/person\/daf63eec72e1164eb13dc35096c2b8da"},"headline":"Bragantino: a declara\u00e7\u00e3o de Juninho Capixaba sobre a Sele\u00e7\u00e3o Brasileira","datePublished":"2025-05-18T20:05:00+00:00","mainEntityOfPage":{"@id":"https:\/\/www.gaveanews.com\/index.php\/2025\/05\/18\/bragantino-a-declaracao-de-juninho-capixaba-sobre-a-selecao-brasileira\/"},"wordCount":375,"commentCount":0,"image":{"@id":"https:\/\/www.gaveanews.com\/index.php\/2025\/05\/18\/bragantino-a-declaracao-de-juninho-capixaba-sobre-a-selecao-brasileira\/#primaryimage"},"thumbnailUrl":"https:\/\/www.gaveanews.com\/wp-content\/uploads\/juninho-capixaba-bragantino.webp","articleSection":["Bragantino"],"inLanguage":"pt-BR","potentialAction":[{"@type":"CommentAction","name":"Comment","target":["https:\/\/www.gaveanews.com\/index.php\/2025\/05\/18\/bragantino-a-declaracao-de-juninho-capixaba-sobre-a-selecao-brasileira\/#respond"]}],"copyrightYear":"2025","copyrightHolder":{"@id":"https:\/\/www.gaveanews.com\/#organization"}},{"@type":"WebPage","@id":"https:\/\/www.gaveanews.com\/index.php\/2025\/05\/18\/bragantino-a-declaracao-de-juninho-capixaba-sobre-a-selecao-brasileira\/","url":"https:\/\/www.gaveanews.com\/index.php\/2025\/05\/18\/bragantino-a-declaracao-de-juninho-capixaba-sobre-a-selecao-brasileira\/","name":"Bragantino: a declara\u00e7\u00e3o de Juninho Capixaba sobre a Sele\u00e7\u00e3o Brasileira","isPartOf":{"@id":"https:\/\/www.gaveanews.com\/#website"},"primaryImageOfPage":{"@id":"https:\/\/www.gaveanews.com\/index.php\/2025\/05\/18\/bragantino-a-declaracao-de-juninho-capixaba-sobre-a-selecao-brasileira\/#primaryimage"},"image":{"@id":"https:\/\/www.gaveanews.com\/index.php\/2025\/05\/18\/bragantino-a-declaracao-de-juninho-capixaba-sobre-a-selecao-brasileira\/#primaryimage"},"thumbnailUrl":"https:\/\/www.gaveanews.com\/wp-content\/uploads\/juninho-capixaba-bragantino.webp","datePublished":"2025-05-18T20:05:00+00:00","author":{"@id":"https:\/\/www.gaveanews.com\/#\/schema\/person\/daf63eec72e1164eb13dc35096c2b8da"},"breadcrumb":{"@id":"https:\/\/www.gaveanews.com\/index.php\/2025\/05\/18\/bragantino-a-declaracao-de-juninho-capixaba-sobre-a-selecao-brasileira\/#breadcrumb"},"inLanguage":"pt-BR","potentialAction":[{"@type":"ReadAction","target":["https:\/\/www.gaveanews.com\/index.php\/2025\/05\/18\/bragantino-a-declaracao-de-juninho-capixaba-sobre-a-selecao-brasileira\/"]}]},{"@type":"ImageObject","inLanguage":"pt-BR","@id":"https:\/\/www.gaveanews.com\/index.php\/2025\/05\/18\/bragantino-a-declaracao-de-juninho-capixaba-sobre-a-selecao-brasileira\/#primaryimage","url":"https:\/\/www.gaveanews.com\/wp-content\/uploads\/juninho-capixaba-bragantino.webp","contentUrl":"https:\/\/www.gaveanews.com\/wp-content\/uploads\/juninho-capixaba-bragantino.webp","width":1200,"height":675,"caption":"Juninho Capixaba em a\u00e7\u00e3o pelo Bragantino (Foto: Alessandra Torres)"},{"@type":"BreadcrumbList","@id":"https:\/\/www.gaveanews.com\/index.php\/2025\/05\/18\/bragantino-a-declaracao-de-juninho-capixaba-sobre-a-selecao-brasileira\/#breadcrumb","itemListElement":[{"@type":"ListItem","position":1,"name":"Home","item":"https:\/\/www.gaveanews.com\/"},{"@type":"ListItem","position":2,"name":"Bragantino: a declara\u00e7\u00e3o de Juninho Capixaba sobre a Sele\u00e7\u00e3o Brasileira"}]},{"@type":"WebSite","@id":"https:\/\/www.gaveanews.com\/#website","url":"https:\/\/www.gaveanews.com\/","name":"G\u00e1vea News","description":"Veja todas as not\u00edcias sobre o Flamengo: Contrata\u00e7\u00f5es, categorias de base, resultados das partidas, tabela de classifica\u00e7\u00e3o, pr\u00f3ximos jogos!","potentialAction":[{"@type":"SearchAction","target":{"@type":"EntryPoint","urlTemplate":"https:\/\/www.gaveanews.com\/?s={search_term_string}"},"query-input":{"@type":"PropertyValueSpecification","valueRequired":true,"valueName":"search_term_string"}}],"inLanguage":"pt-BR"},{"@type":"Person","@id":"https:\/\/www.gaveanews.com\/#\/schema\/person\/daf63eec72e1164eb13dc35096c2b8da","name":"Paula Silva","image":{"@type":"ImageObject","inLanguage":"pt-BR","@id":"https:\/\/www.gaveanews.com\/#\/schema\/person\/image\/","url":"https:\/\/secure.gravatar.com\/avatar\/eda381c845527cc5d64c13b901833cda29d97500ba040d3e6461f76f51d163bb?s=96&d=mm&r=g","contentUrl":"https:\/\/secure.gravatar.com\/avatar\/eda381c845527cc5d64c13b901833cda29d97500ba040d3e6461f76f51d163bb?s=96&d=mm&r=g","caption":"Paula Silva"}}]}},"_links":{"self":[{"href":"https:\/\/www.gaveanews.com\/index.php\/wp-json\/wp\/v2\/posts\/264749","targetHints":{"allow":["GET"]}}],"collection":[{"href":"https:\/\/www.gaveanews.com\/index.php\/wp-json\/wp\/v2\/posts"}],"about":[{"href":"https:\/\/www.gaveanews.com\/index.php\/wp-json\/wp\/v2\/types\/post"}],"author":[{"embeddable":true,"href":"https:\/\/www.gaveanews.com\/index.php\/wp-json\/wp\/v2\/users\/18"}],"replies":[{"embeddable":true,"href":"https:\/\/www.gaveanews.com\/index.php\/wp-json\/wp\/v2\/comments?post=264749"}],"version-history":[{"count":1,"href":"https:\/\/www.gaveanews.com\/index.php\/wp-json\/wp\/v2\/posts\/264749\/revisions"}],"predecessor-version":[{"id":264750,"href":"https:\/\/www.gaveanews.com\/index.php\/wp-json\/wp\/v2\/posts\/264749\/revisions\/264750"}],"wp:featuredmedia":[{"embeddable":true,"href":"https:\/\/www.gaveanews.com\/index.php\/wp-json\/wp\/v2\/media\/117303"}],"wp:attachment":[{"href":"https:\/\/www.gaveanews.com\/index.php\/wp-json\/wp\/v2\/media?parent=264749"}],"wp:term":[{"taxonomy":"category","embeddable":true,"href":"https:\/\/www.gaveanews.com\/index.php\/wp-json\/wp\/v2\/categories?post=264749"},{"taxonomy":"post_tag","embeddable":true,"href":"https:\/\/www.gaveanews.com\/index.php\/wp-json\/wp\/v2\/tags?post=264749"}],"curies":[{"name":"wp","href":"https:\/\/api.w.org\/{rel}","templated":true}]}}