{"id":264974,"date":"2025-05-19T17:20:00","date_gmt":"2025-05-19T20:20:00","guid":{"rendered":"https:\/\/www.gaveanews.com\/?p=264974"},"modified":"2025-05-19T15:10:16","modified_gmt":"2025-05-19T18:10:16","slug":"decisao-de-ultima-hora-sobre-a-renovacao-de-luka-modric-do-real-madrid","status":"publish","type":"post","link":"https:\/\/www.gaveanews.com\/index.php\/2025\/05\/19\/decisao-de-ultima-hora-sobre-a-renovacao-de-luka-modric-do-real-madrid\/","title":{"rendered":"Decis\u00e3o de \u00faltima hora sobre a renova\u00e7\u00e3o de Luka Modric, do Real Madrid"},"content":{"rendered":"\n<p>O Real Madrid iniciou oficialmente o planejamento para a pr\u00f3xima temporada e, uma das primeiras a\u00e7\u00f5es da diretoria, envolve o experiente meio-campista Luka Modric. Com contrato v\u00e1lido at\u00e9 junho de 2025, o jogador poderia deixar o clube sem custos ao fim da temporada. Contudo, uma reviravolta significativa mudou o rumo dessa poss\u00edvel sa\u00edda.<\/p>\n\n\n\n<p>A perman\u00eancia do croata se tornou prioridade ap\u00f3s um pedido direto de Xabi Alonso. O treinador espanhol, que assumir\u00e1 o comando t\u00e9cnico da equipe merengue em breve, manifestou \u00e0 diretoria o desejo de contar com Modric no elenco. \u201cEle pode agregar n\u00e3o apenas dentro de campo, mas tamb\u00e9m no ambiente do vesti\u00e1rio\u201d, teria sido o argumento de Alonso, segundo informa\u00e7\u00f5es da R\u00e1dio Marca.<\/p>\n\n\n\n<figure class=\"wp-block-image size-full\"><img loading=\"lazy\" decoding=\"async\" width=\"984\" height=\"656\" src=\"http:\/\/www.gaveanews.com\/wp-content\/uploads\/luka-modric-real-madrid.webp\" alt=\"\" class=\"wp-image-125223\" srcset=\"https:\/\/www.gaveanews.com\/wp-content\/uploads\/luka-modric-real-madrid.webp 984w, https:\/\/www.gaveanews.com\/wp-content\/uploads\/luka-modric-real-madrid-300x200.webp 300w, https:\/\/www.gaveanews.com\/wp-content\/uploads\/luka-modric-real-madrid-768x512.webp 768w, https:\/\/www.gaveanews.com\/wp-content\/uploads\/luka-modric-real-madrid-630x420.webp 630w, https:\/\/www.gaveanews.com\/wp-content\/uploads\/luka-modric-real-madrid-640x427.webp 640w, https:\/\/www.gaveanews.com\/wp-content\/uploads\/luka-modric-real-madrid-681x454.webp 681w, https:\/\/www.gaveanews.com\/wp-content\/uploads\/luka-modric-real-madrid-100x67.webp 100w\" sizes=\"auto, (max-width: 984px) 100vw, 984px\" \/><figcaption class=\"wp-element-caption\">Luka Modric, meia do Real Madrid (Foto: Gonzalo Arroyo Moreno\/Getty Images)<\/figcaption><\/figure>\n\n\n\n<p>Modric, de 39 anos, soma mais de uma d\u00e9cada defendendo as cores do Real Madrid. Apesar de ter perdido espa\u00e7o como titular sob o comando de Carlo Ancelotti na temporada atual, o meio-campista foi presen\u00e7a constante nas convoca\u00e7\u00f5es e participou de partidas relevantes. Ao todo, foram 55 jogos disputados, com quatro gols marcados e nove assist\u00eancias distribu\u00eddas.<\/p>\n\n\n\n<p>Ali\u00e1s, mesmo com minutos reduzidos, o camisa 10 continuou sendo valorizado pela comiss\u00e3o t\u00e9cnica. Conforme relatos internos, seu profissionalismo, experi\u00eancia e influ\u00eancia sobre os mais jovens s\u00e3o fatores que justificam o interesse do clube em mant\u00ea-lo por mais uma temporada. A diretoria avalia que sua continuidade \u00e9 estrat\u00e9gica, tanto em campo quanto fora dele.<\/p>\n\n\n\n<p>Entretanto, para que a renova\u00e7\u00e3o se concretize, ser\u00e1 necess\u00e1rio um ajuste no contrato atual. Modric dever\u00e1 aceitar uma redu\u00e7\u00e3o salarial, medida vista como natural diante do novo contexto de utiliza\u00e7\u00e3o no elenco. Apesar disso, a negocia\u00e7\u00e3o caminha de forma positiva e j\u00e1 est\u00e1 em est\u00e1gio avan\u00e7ado, conforme fontes ligadas ao clube.<\/p>\n\n\n\n<p>Enquanto lida com essa renova\u00e7\u00e3o, o Real Madrid tamb\u00e9m observa o mercado em busca de refor\u00e7os para o meio-campo. Os nomes de Angelo Stiller e Enzo Fern\u00e1ndez surgem como alvos potenciais, embora ainda n\u00e3o haja avan\u00e7os concretos nas tratativas. A expectativa, portanto, gira em torno de como Xabi Alonso reorganizar\u00e1 o elenco e maximizar\u00e1 o rendimento da equipe a partir da pr\u00f3xima temporada.<\/p>\n","protected":false},"excerpt":{"rendered":"<p>O Real Madrid iniciou oficialmente o planejamento para a pr\u00f3xima temporada e, uma das primeiras a\u00e7\u00f5es da diretoria, envolve o experiente meio-campista Luka Modric. Com contrato v\u00e1lido at\u00e9 junho de 2025, o jogador poderia deixar o clube sem custos ao fim da temporada. Contudo, uma reviravolta significativa mudou o rumo dessa poss\u00edvel sa\u00edda. A perman\u00eancia [&hellip;]<\/p>\n","protected":false},"author":27,"featured_media":122139,"comment_status":"open","ping_status":"closed","sticky":false,"template":"","format":"standard","meta":{"footnotes":""},"categories":[88],"tags":[],"class_list":["post-264974","post","type-post","status-publish","format-standard","has-post-thumbnail","hentry","category-real-madrid"],"yoast_head":"<!-- This site is optimized with the Yoast SEO Premium plugin v24.2 (Yoast SEO v26.9) - https:\/\/yoast.com\/product\/yoast-seo-premium-wordpress\/ -->\n<title>Decis\u00e3o de \u00faltima hora sobre a renova\u00e7\u00e3o de Luka Modric, do Real Madrid<\/title>\n<meta name=\"robots\" content=\"index, follow, max-snippet:-1, max-image-preview:large, max-video-preview:-1\" \/>\n<link rel=\"canonical\" href=\"https:\/\/www.gaveanews.com\/index.php\/2025\/05\/19\/decisao-de-ultima-hora-sobre-a-renovacao-de-luka-modric-do-real-madrid\/\" \/>\n<meta property=\"og:locale\" content=\"pt_BR\" \/>\n<meta property=\"og:type\" content=\"article\" \/>\n<meta property=\"og:title\" content=\"Decis\u00e3o de \u00faltima hora sobre a renova\u00e7\u00e3o de Luka Modric, do Real Madrid\" \/>\n<meta property=\"og:description\" content=\"O Real Madrid iniciou oficialmente o planejamento para a pr\u00f3xima temporada e, uma das primeiras a\u00e7\u00f5es da diretoria, envolve o experiente meio-campista Luka Modric. Com contrato v\u00e1lido at\u00e9 junho de 2025, o jogador poderia deixar o clube sem custos ao fim da temporada. Contudo, uma reviravolta significativa mudou o rumo dessa poss\u00edvel sa\u00edda. A perman\u00eancia [&hellip;]\" \/>\n<meta property=\"og:url\" content=\"https:\/\/www.gaveanews.com\/index.php\/2025\/05\/19\/decisao-de-ultima-hora-sobre-a-renovacao-de-luka-modric-do-real-madrid\/\" \/>\n<meta property=\"og:site_name\" content=\"G\u00e1vea News\" \/>\n<meta property=\"article:publisher\" content=\"https:\/\/facebook.com\/gaveaNews\/\" \/>\n<meta property=\"article:published_time\" content=\"2025-05-19T20:20:00+00:00\" \/>\n<meta property=\"og:image\" content=\"https:\/\/www.gaveanews.com\/wp-content\/uploads\/Luka-Modric-em-acao-pelo-Real-Madrid-edited.webp\" \/>\n\t<meta property=\"og:image:width\" content=\"1080\" \/>\n\t<meta property=\"og:image:height\" content=\"720\" \/>\n\t<meta property=\"og:image:type\" content=\"image\/jpeg\" \/>\n<meta name=\"author\" content=\"Matheus Felipe\" \/>\n<meta name=\"twitter:card\" content=\"summary_large_image\" \/>\n<meta name=\"twitter:label1\" content=\"Escrito por\" \/>\n\t<meta name=\"twitter:data1\" content=\"Matheus Felipe\" \/>\n\t<meta name=\"twitter:label2\" content=\"Est. tempo de leitura\" \/>\n\t<meta name=\"twitter:data2\" content=\"3 minutos\" \/>\n<script type=\"application\/ld+json\" class=\"yoast-schema-graph\">{\"@context\":\"https:\/\/schema.org\",\"@graph\":[{\"@type\":\"NewsArticle\",\"@id\":\"https:\/\/www.gaveanews.com\/index.php\/2025\/05\/19\/decisao-de-ultima-hora-sobre-a-renovacao-de-luka-modric-do-real-madrid\/#article\",\"isPartOf\":{\"@id\":\"https:\/\/www.gaveanews.com\/index.php\/2025\/05\/19\/decisao-de-ultima-hora-sobre-a-renovacao-de-luka-modric-do-real-madrid\/\"},\"author\":{\"name\":\"Matheus Felipe\",\"@id\":\"https:\/\/www.gaveanews.com\/#\/schema\/person\/8207cd4627f56151707418bfc835b2fb\"},\"headline\":\"Decis\u00e3o de \u00faltima hora sobre a renova\u00e7\u00e3o de Luka Modric, do Real Madrid\",\"datePublished\":\"2025-05-19T20:20:00+00:00\",\"mainEntityOfPage\":{\"@id\":\"https:\/\/www.gaveanews.com\/index.php\/2025\/05\/19\/decisao-de-ultima-hora-sobre-a-renovacao-de-luka-modric-do-real-madrid\/\"},\"wordCount\":403,\"commentCount\":0,\"image\":{\"@id\":\"https:\/\/www.gaveanews.com\/index.php\/2025\/05\/19\/decisao-de-ultima-hora-sobre-a-renovacao-de-luka-modric-do-real-madrid\/#primaryimage\"},\"thumbnailUrl\":\"https:\/\/www.gaveanews.com\/wp-content\/uploads\/Luka-Modric-em-acao-pelo-Real-Madrid-edited.webp\",\"articleSection\":[\"Real Madrid\"],\"inLanguage\":\"pt-BR\",\"potentialAction\":[{\"@type\":\"CommentAction\",\"name\":\"Comment\",\"target\":[\"https:\/\/www.gaveanews.com\/index.php\/2025\/05\/19\/decisao-de-ultima-hora-sobre-a-renovacao-de-luka-modric-do-real-madrid\/#respond\"]}],\"copyrightYear\":\"2025\",\"copyrightHolder\":{\"@id\":\"https:\/\/www.gaveanews.com\/#organization\"}},{\"@type\":\"WebPage\",\"@id\":\"https:\/\/www.gaveanews.com\/index.php\/2025\/05\/19\/decisao-de-ultima-hora-sobre-a-renovacao-de-luka-modric-do-real-madrid\/\",\"url\":\"https:\/\/www.gaveanews.com\/index.php\/2025\/05\/19\/decisao-de-ultima-hora-sobre-a-renovacao-de-luka-modric-do-real-madrid\/\",\"name\":\"Decis\u00e3o de \u00faltima hora sobre a renova\u00e7\u00e3o de Luka Modric, do Real Madrid\",\"isPartOf\":{\"@id\":\"https:\/\/www.gaveanews.com\/#website\"},\"primaryImageOfPage\":{\"@id\":\"https:\/\/www.gaveanews.com\/index.php\/2025\/05\/19\/decisao-de-ultima-hora-sobre-a-renovacao-de-luka-modric-do-real-madrid\/#primaryimage\"},\"image\":{\"@id\":\"https:\/\/www.gaveanews.com\/index.php\/2025\/05\/19\/decisao-de-ultima-hora-sobre-a-renovacao-de-luka-modric-do-real-madrid\/#primaryimage\"},\"thumbnailUrl\":\"https:\/\/www.gaveanews.com\/wp-content\/uploads\/Luka-Modric-em-acao-pelo-Real-Madrid-edited.webp\",\"datePublished\":\"2025-05-19T20:20:00+00:00\",\"author\":{\"@id\":\"https:\/\/www.gaveanews.com\/#\/schema\/person\/8207cd4627f56151707418bfc835b2fb\"},\"breadcrumb\":{\"@id\":\"https:\/\/www.gaveanews.com\/index.php\/2025\/05\/19\/decisao-de-ultima-hora-sobre-a-renovacao-de-luka-modric-do-real-madrid\/#breadcrumb\"},\"inLanguage\":\"pt-BR\",\"potentialAction\":[{\"@type\":\"ReadAction\",\"target\":[\"https:\/\/www.gaveanews.com\/index.php\/2025\/05\/19\/decisao-de-ultima-hora-sobre-a-renovacao-de-luka-modric-do-real-madrid\/\"]}]},{\"@type\":\"ImageObject\",\"inLanguage\":\"pt-BR\",\"@id\":\"https:\/\/www.gaveanews.com\/index.php\/2025\/05\/19\/decisao-de-ultima-hora-sobre-a-renovacao-de-luka-modric-do-real-madrid\/#primaryimage\",\"url\":\"https:\/\/www.gaveanews.com\/wp-content\/uploads\/Luka-Modric-em-acao-pelo-Real-Madrid-edited.webp\",\"contentUrl\":\"https:\/\/www.gaveanews.com\/wp-content\/uploads\/Luka-Modric-em-acao-pelo-Real-Madrid-edited.webp\",\"width\":1080,\"height\":720,\"caption\":\"Luka Modric em a\u00e7\u00e3o pelo Real Madrid (Foto: Reprodu\u00e7\u00e3o\/Instagram)\"},{\"@type\":\"BreadcrumbList\",\"@id\":\"https:\/\/www.gaveanews.com\/index.php\/2025\/05\/19\/decisao-de-ultima-hora-sobre-a-renovacao-de-luka-modric-do-real-madrid\/#breadcrumb\",\"itemListElement\":[{\"@type\":\"ListItem\",\"position\":1,\"name\":\"Home\",\"item\":\"https:\/\/www.gaveanews.com\/\"},{\"@type\":\"ListItem\",\"position\":2,\"name\":\"Decis\u00e3o de \u00faltima hora sobre a renova\u00e7\u00e3o de Luka Modric, do Real Madrid\"}]},{\"@type\":\"WebSite\",\"@id\":\"https:\/\/www.gaveanews.com\/#website\",\"url\":\"https:\/\/www.gaveanews.com\/\",\"name\":\"G\u00e1vea News\",\"description\":\"Veja todas as not\u00edcias sobre o Flamengo: Contrata\u00e7\u00f5es, categorias de base, resultados das partidas, tabela de classifica\u00e7\u00e3o, pr\u00f3ximos jogos!\",\"potentialAction\":[{\"@type\":\"SearchAction\",\"target\":{\"@type\":\"EntryPoint\",\"urlTemplate\":\"https:\/\/www.gaveanews.com\/?s={search_term_string}\"},\"query-input\":{\"@type\":\"PropertyValueSpecification\",\"valueRequired\":true,\"valueName\":\"search_term_string\"}}],\"inLanguage\":\"pt-BR\"},{\"@type\":\"Person\",\"@id\":\"https:\/\/www.gaveanews.com\/#\/schema\/person\/8207cd4627f56151707418bfc835b2fb\",\"name\":\"Matheus Felipe\",\"image\":{\"@type\":\"ImageObject\",\"inLanguage\":\"pt-BR\",\"@id\":\"https:\/\/www.gaveanews.com\/#\/schema\/person\/image\/\",\"url\":\"https:\/\/secure.gravatar.com\/avatar\/a452ffbed9130f726358b298bb3a99ce4bd3c5338411f8440e87e14d74c7c087?s=96&d=mm&r=g\",\"contentUrl\":\"https:\/\/secure.gravatar.com\/avatar\/a452ffbed9130f726358b298bb3a99ce4bd3c5338411f8440e87e14d74c7c087?s=96&d=mm&r=g\",\"caption\":\"Matheus Felipe\"}}]}<\/script>\n<!-- \/ Yoast SEO Premium plugin. -->","yoast_head_json":{"title":"Decis\u00e3o de \u00faltima hora sobre a renova\u00e7\u00e3o de Luka Modric, do Real Madrid","robots":{"index":"index","follow":"follow","max-snippet":"max-snippet:-1","max-image-preview":"max-image-preview:large","max-video-preview":"max-video-preview:-1"},"canonical":"https:\/\/www.gaveanews.com\/index.php\/2025\/05\/19\/decisao-de-ultima-hora-sobre-a-renovacao-de-luka-modric-do-real-madrid\/","og_locale":"pt_BR","og_type":"article","og_title":"Decis\u00e3o de \u00faltima hora sobre a renova\u00e7\u00e3o de Luka Modric, do Real Madrid","og_description":"O Real Madrid iniciou oficialmente o planejamento para a pr\u00f3xima temporada e, uma das primeiras a\u00e7\u00f5es da diretoria, envolve o experiente meio-campista Luka Modric. Com contrato v\u00e1lido at\u00e9 junho de 2025, o jogador poderia deixar o clube sem custos ao fim da temporada. Contudo, uma reviravolta significativa mudou o rumo dessa poss\u00edvel sa\u00edda. A perman\u00eancia [&hellip;]","og_url":"https:\/\/www.gaveanews.com\/index.php\/2025\/05\/19\/decisao-de-ultima-hora-sobre-a-renovacao-de-luka-modric-do-real-madrid\/","og_site_name":"G\u00e1vea News","article_publisher":"https:\/\/facebook.com\/gaveaNews\/","article_published_time":"2025-05-19T20:20:00+00:00","og_image":[{"width":1080,"height":720,"url":"https:\/\/www.gaveanews.com\/wp-content\/uploads\/Luka-Modric-em-acao-pelo-Real-Madrid-edited.webp","type":"image\/jpeg"}],"author":"Matheus Felipe","twitter_card":"summary_large_image","twitter_misc":{"Escrito por":"Matheus Felipe","Est. tempo de leitura":"3 minutos"},"schema":{"@context":"https:\/\/schema.org","@graph":[{"@type":"NewsArticle","@id":"https:\/\/www.gaveanews.com\/index.php\/2025\/05\/19\/decisao-de-ultima-hora-sobre-a-renovacao-de-luka-modric-do-real-madrid\/#article","isPartOf":{"@id":"https:\/\/www.gaveanews.com\/index.php\/2025\/05\/19\/decisao-de-ultima-hora-sobre-a-renovacao-de-luka-modric-do-real-madrid\/"},"author":{"name":"Matheus Felipe","@id":"https:\/\/www.gaveanews.com\/#\/schema\/person\/8207cd4627f56151707418bfc835b2fb"},"headline":"Decis\u00e3o de \u00faltima hora sobre a renova\u00e7\u00e3o de Luka Modric, do Real Madrid","datePublished":"2025-05-19T20:20:00+00:00","mainEntityOfPage":{"@id":"https:\/\/www.gaveanews.com\/index.php\/2025\/05\/19\/decisao-de-ultima-hora-sobre-a-renovacao-de-luka-modric-do-real-madrid\/"},"wordCount":403,"commentCount":0,"image":{"@id":"https:\/\/www.gaveanews.com\/index.php\/2025\/05\/19\/decisao-de-ultima-hora-sobre-a-renovacao-de-luka-modric-do-real-madrid\/#primaryimage"},"thumbnailUrl":"https:\/\/www.gaveanews.com\/wp-content\/uploads\/Luka-Modric-em-acao-pelo-Real-Madrid-edited.webp","articleSection":["Real Madrid"],"inLanguage":"pt-BR","potentialAction":[{"@type":"CommentAction","name":"Comment","target":["https:\/\/www.gaveanews.com\/index.php\/2025\/05\/19\/decisao-de-ultima-hora-sobre-a-renovacao-de-luka-modric-do-real-madrid\/#respond"]}],"copyrightYear":"2025","copyrightHolder":{"@id":"https:\/\/www.gaveanews.com\/#organization"}},{"@type":"WebPage","@id":"https:\/\/www.gaveanews.com\/index.php\/2025\/05\/19\/decisao-de-ultima-hora-sobre-a-renovacao-de-luka-modric-do-real-madrid\/","url":"https:\/\/www.gaveanews.com\/index.php\/2025\/05\/19\/decisao-de-ultima-hora-sobre-a-renovacao-de-luka-modric-do-real-madrid\/","name":"Decis\u00e3o de \u00faltima hora sobre a renova\u00e7\u00e3o de Luka Modric, do Real Madrid","isPartOf":{"@id":"https:\/\/www.gaveanews.com\/#website"},"primaryImageOfPage":{"@id":"https:\/\/www.gaveanews.com\/index.php\/2025\/05\/19\/decisao-de-ultima-hora-sobre-a-renovacao-de-luka-modric-do-real-madrid\/#primaryimage"},"image":{"@id":"https:\/\/www.gaveanews.com\/index.php\/2025\/05\/19\/decisao-de-ultima-hora-sobre-a-renovacao-de-luka-modric-do-real-madrid\/#primaryimage"},"thumbnailUrl":"https:\/\/www.gaveanews.com\/wp-content\/uploads\/Luka-Modric-em-acao-pelo-Real-Madrid-edited.webp","datePublished":"2025-05-19T20:20:00+00:00","author":{"@id":"https:\/\/www.gaveanews.com\/#\/schema\/person\/8207cd4627f56151707418bfc835b2fb"},"breadcrumb":{"@id":"https:\/\/www.gaveanews.com\/index.php\/2025\/05\/19\/decisao-de-ultima-hora-sobre-a-renovacao-de-luka-modric-do-real-madrid\/#breadcrumb"},"inLanguage":"pt-BR","potentialAction":[{"@type":"ReadAction","target":["https:\/\/www.gaveanews.com\/index.php\/2025\/05\/19\/decisao-de-ultima-hora-sobre-a-renovacao-de-luka-modric-do-real-madrid\/"]}]},{"@type":"ImageObject","inLanguage":"pt-BR","@id":"https:\/\/www.gaveanews.com\/index.php\/2025\/05\/19\/decisao-de-ultima-hora-sobre-a-renovacao-de-luka-modric-do-real-madrid\/#primaryimage","url":"https:\/\/www.gaveanews.com\/wp-content\/uploads\/Luka-Modric-em-acao-pelo-Real-Madrid-edited.webp","contentUrl":"https:\/\/www.gaveanews.com\/wp-content\/uploads\/Luka-Modric-em-acao-pelo-Real-Madrid-edited.webp","width":1080,"height":720,"caption":"Luka Modric em a\u00e7\u00e3o pelo Real Madrid (Foto: Reprodu\u00e7\u00e3o\/Instagram)"},{"@type":"BreadcrumbList","@id":"https:\/\/www.gaveanews.com\/index.php\/2025\/05\/19\/decisao-de-ultima-hora-sobre-a-renovacao-de-luka-modric-do-real-madrid\/#breadcrumb","itemListElement":[{"@type":"ListItem","position":1,"name":"Home","item":"https:\/\/www.gaveanews.com\/"},{"@type":"ListItem","position":2,"name":"Decis\u00e3o de \u00faltima hora sobre a renova\u00e7\u00e3o de Luka Modric, do Real Madrid"}]},{"@type":"WebSite","@id":"https:\/\/www.gaveanews.com\/#website","url":"https:\/\/www.gaveanews.com\/","name":"G\u00e1vea News","description":"Veja todas as not\u00edcias sobre o Flamengo: Contrata\u00e7\u00f5es, categorias de base, resultados das partidas, tabela de classifica\u00e7\u00e3o, pr\u00f3ximos jogos!","potentialAction":[{"@type":"SearchAction","target":{"@type":"EntryPoint","urlTemplate":"https:\/\/www.gaveanews.com\/?s={search_term_string}"},"query-input":{"@type":"PropertyValueSpecification","valueRequired":true,"valueName":"search_term_string"}}],"inLanguage":"pt-BR"},{"@type":"Person","@id":"https:\/\/www.gaveanews.com\/#\/schema\/person\/8207cd4627f56151707418bfc835b2fb","name":"Matheus Felipe","image":{"@type":"ImageObject","inLanguage":"pt-BR","@id":"https:\/\/www.gaveanews.com\/#\/schema\/person\/image\/","url":"https:\/\/secure.gravatar.com\/avatar\/a452ffbed9130f726358b298bb3a99ce4bd3c5338411f8440e87e14d74c7c087?s=96&d=mm&r=g","contentUrl":"https:\/\/secure.gravatar.com\/avatar\/a452ffbed9130f726358b298bb3a99ce4bd3c5338411f8440e87e14d74c7c087?s=96&d=mm&r=g","caption":"Matheus Felipe"}}]}},"_links":{"self":[{"href":"https:\/\/www.gaveanews.com\/index.php\/wp-json\/wp\/v2\/posts\/264974","targetHints":{"allow":["GET"]}}],"collection":[{"href":"https:\/\/www.gaveanews.com\/index.php\/wp-json\/wp\/v2\/posts"}],"about":[{"href":"https:\/\/www.gaveanews.com\/index.php\/wp-json\/wp\/v2\/types\/post"}],"author":[{"embeddable":true,"href":"https:\/\/www.gaveanews.com\/index.php\/wp-json\/wp\/v2\/users\/27"}],"replies":[{"embeddable":true,"href":"https:\/\/www.gaveanews.com\/index.php\/wp-json\/wp\/v2\/comments?post=264974"}],"version-history":[{"count":1,"href":"https:\/\/www.gaveanews.com\/index.php\/wp-json\/wp\/v2\/posts\/264974\/revisions"}],"predecessor-version":[{"id":264987,"href":"https:\/\/www.gaveanews.com\/index.php\/wp-json\/wp\/v2\/posts\/264974\/revisions\/264987"}],"wp:featuredmedia":[{"embeddable":true,"href":"https:\/\/www.gaveanews.com\/index.php\/wp-json\/wp\/v2\/media\/122139"}],"wp:attachment":[{"href":"https:\/\/www.gaveanews.com\/index.php\/wp-json\/wp\/v2\/media?parent=264974"}],"wp:term":[{"taxonomy":"category","embeddable":true,"href":"https:\/\/www.gaveanews.com\/index.php\/wp-json\/wp\/v2\/categories?post=264974"},{"taxonomy":"post_tag","embeddable":true,"href":"https:\/\/www.gaveanews.com\/index.php\/wp-json\/wp\/v2\/tags?post=264974"}],"curies":[{"name":"wp","href":"https:\/\/api.w.org\/{rel}","templated":true}]}}