{"id":264983,"date":"2025-05-19T17:15:00","date_gmt":"2025-05-19T20:15:00","guid":{"rendered":"https:\/\/www.gaveanews.com\/?p=264983"},"modified":"2025-05-19T15:15:23","modified_gmt":"2025-05-19T18:15:23","slug":"a-declaracao-de-jardim-sobre-gabigol-do-cruzeiro","status":"publish","type":"post","link":"https:\/\/www.gaveanews.com\/index.php\/2025\/05\/19\/a-declaracao-de-jardim-sobre-gabigol-do-cruzeiro\/","title":{"rendered":"A declara\u00e7\u00e3o de Jardim sobre Gabigol, do Cruzeiro"},"content":{"rendered":"\n<p>Gabriel Barbosa, o Gabigol, tem enfrentado um cen\u00e1rio peculiar desde que chegou ao Cruzeiro. No cl\u00e1ssico disputado no domingo (18), contra o Atl\u00e9tico, pela nona rodada do Campeonato Brasileiro, o atacante iniciou a partida no banco e s\u00f3 foi a campo aos 39 minutos do segundo tempo. <\/p>\n\n\n\n<p>Ele substituiu o companheiro Chrisan, mas teve atua\u00e7\u00e3o discret\u00edssima, tocando na bola apenas uma vez em 12 minutos de jogo.<\/p>\n\n\n\n<p>Segundo o t\u00e9cnico Leonardo Jardim, a decis\u00e3o de segur\u00e1-lo at\u00e9 os minutos finais foi baseada na performance dos jogadores que estavam em campo. &#8220;Poderia t\u00ea-lo colocado no lugar de um dos avan\u00e7ados, mas eles estavam bem. Por isso, nos \u00faltimos dez minutos, arrisquei com dois atacantes&#8221;, declarou o treinador.<\/p>\n\n\n\n<h2 class=\"wp-block-heading\" id=\"h-elogios-publicos-e-contradicoes\">Elogios p\u00fablicos e contradi\u00e7\u00f5es<\/h2>\n\n\n\n<p>Apesar do uso t\u00edmido do jogador, Jardim fez quest\u00e3o de enaltecer a conduta de Gabigol no elenco. O portugu\u00eas afirmou que o atacante \u201cprecisa e merece\u201d mais tempo em campo, descrevendo-o como \u201cum excelente profissional\u201d e \u201cjogador de grupo\u201d. Ainda assim, ponderou: \u201cTenho que decidir, tirar uns e colocar outros. S\u00f3 podem jogar 11\u201d.<\/p>\n\n\n\n<p>Essa postura gerou um contraste evidente entre as palavras e as a\u00e7\u00f5es do t\u00e9cnico. Enquanto o discurso valoriza o atacante, a pr\u00e1tica mostra um aproveitamento m\u00ednimo, mesmo em partidas onde a equipe busca alternativas ofensivas nos minutos finais.<\/p>\n\n\n\n<h2 class=\"wp-block-heading\" id=\"h-contexto-do-jogo-e-desempenho-coletivo\">Contexto do jogo e desempenho coletivo<\/h2>\n\n\n\n<p>A partida diante do Atl\u00e9tico-MG terminou empatada sem gols, com o Cruzeiro dominando estatisticamente. Foram 21 finaliza\u00e7\u00f5es do time celeste contra apenas sete do rival. O n\u00famero de escanteios tamb\u00e9m refletiu a superioridade territorial: 15 a 1 para os mandantes. Ainda assim, a equipe comandada por Jardim n\u00e3o conseguiu converter essa press\u00e3o em gols.<\/p>\n\n\n\n<p>O t\u00e9cnico, inclusive, demonstrou surpresa com a estrat\u00e9gia advers\u00e1ria, definindo o Atl\u00e9tico como uma equipe excessivamente defensiva e focada em contra-ataques. \u201cEsperava um pouco mais do advers\u00e1rio\u201d, comentou.<\/p>\n\n\n\n<h2 class=\"wp-block-heading\" id=\"h-decisoes-tecnicas-e-repercussoes\">Decis\u00f5es t\u00e9cnicas e repercuss\u00f5es<\/h2>\n\n\n\n<p>As tr\u00eas substitui\u00e7\u00f5es promovidas por Jardim no cl\u00e1ssico ocorreram tardiamente, a partir dos 28 minutos da etapa final. Al\u00e9m de Gabigol, entraram o lateral William e o atacante Bolasie. O treinador reconheceu que poderia ter inserido Gabigol mais cedo, mas justificou que os atacantes titulares estavam desempenhando bem suas fun\u00e7\u00f5es.<\/p>\n\n\n\n<p>O epis\u00f3dio reacendeu debates entre torcedores, que clamavam por mais tempo de jogo para o camisa 9, sobretudo em momentos decisivos da partida. Mesmo assim, o treinador refor\u00e7ou que suas escolhas se baseiam em um \u201cbalan\u00e7o\u201d e que nem sempre \u00e9 poss\u00edvel contemplar todos os atletas dispon\u00edveis.<\/p>\n\n\n\n<h2 class=\"wp-block-heading\" id=\"h-situacao-atual-na-temporada\">Situa\u00e7\u00e3o atual na temporada<\/h2>\n\n\n\n<p>O Cruzeiro ocupa atualmente a terceira coloca\u00e7\u00e3o na tabela da S\u00e9rie A, com 17 pontos. A equipe est\u00e1 a apenas um ponto do Flamengo, vice-l\u00edder, e a cinco do Palmeiras, que lidera o campeonato. A boa fase do time, ali\u00e1s, pode estar dificultando a entrada de Gabigol entre os titulares, mesmo com o prest\u00edgio que ele carrega no futebol brasileiro.<\/p>\n\n\n\n<p>O calend\u00e1rio do clube segue movimentado, com jogos marcados contra o Vila Nova na quarta-feira (22), \u00e0s 19h, pela Copa do Brasil; contra o Fortaleza no s\u00e1bado (25), \u00e0s 20h30, pelo Brasileir\u00e3o; e contra o Uni\u00f3n-ARG na quarta-feira seguinte (28), \u00e0s 21h30 (de Bras\u00edlia), pela Sul-Americana.<\/p>\n","protected":false},"excerpt":{"rendered":"<p>Gabriel Barbosa, o Gabigol, tem enfrentado um cen\u00e1rio peculiar desde que chegou ao Cruzeiro. No cl\u00e1ssico disputado no domingo (18), contra o Atl\u00e9tico, pela nona rodada do Campeonato Brasileiro, o atacante iniciou a partida no banco e s\u00f3 foi a campo aos 39 minutos do segundo tempo. Ele substituiu o companheiro Chrisan, mas teve atua\u00e7\u00e3o [&hellip;]<\/p>\n","protected":false},"author":30,"featured_media":225548,"comment_status":"open","ping_status":"closed","sticky":false,"template":"","format":"standard","meta":{"footnotes":""},"categories":[143,1],"tags":[],"class_list":["post-264983","post","type-post","status-publish","format-standard","has-post-thumbnail","hentry","category-cruzeiro","category-flamengo"],"yoast_head":"<!-- This site is optimized with the Yoast SEO Premium plugin v24.2 (Yoast SEO v26.9) - https:\/\/yoast.com\/product\/yoast-seo-premium-wordpress\/ -->\n<title>A declara\u00e7\u00e3o de Jardim sobre Gabigol, do Cruzeiro<\/title>\n<meta name=\"robots\" content=\"index, follow, max-snippet:-1, max-image-preview:large, max-video-preview:-1\" \/>\n<link rel=\"canonical\" href=\"https:\/\/www.gaveanews.com\/index.php\/2025\/05\/19\/a-declaracao-de-jardim-sobre-gabigol-do-cruzeiro\/\" \/>\n<meta property=\"og:locale\" content=\"pt_BR\" \/>\n<meta property=\"og:type\" content=\"article\" \/>\n<meta property=\"og:title\" content=\"A declara\u00e7\u00e3o de Jardim sobre Gabigol, do Cruzeiro\" \/>\n<meta property=\"og:description\" content=\"Gabriel Barbosa, o Gabigol, tem enfrentado um cen\u00e1rio peculiar desde que chegou ao Cruzeiro. No cl\u00e1ssico disputado no domingo (18), contra o Atl\u00e9tico, pela nona rodada do Campeonato Brasileiro, o atacante iniciou a partida no banco e s\u00f3 foi a campo aos 39 minutos do segundo tempo. Ele substituiu o companheiro Chrisan, mas teve atua\u00e7\u00e3o [&hellip;]\" \/>\n<meta property=\"og:url\" content=\"https:\/\/www.gaveanews.com\/index.php\/2025\/05\/19\/a-declaracao-de-jardim-sobre-gabigol-do-cruzeiro\/\" \/>\n<meta property=\"og:site_name\" content=\"G\u00e1vea News\" \/>\n<meta property=\"article:publisher\" content=\"https:\/\/facebook.com\/gaveaNews\/\" \/>\n<meta property=\"article:published_time\" content=\"2025-05-19T20:15:00+00:00\" \/>\n<meta property=\"og:image\" content=\"https:\/\/www.gaveanews.com\/wp-content\/uploads\/Leonardo-Jardim-durante-partida-do-Cruzeiro-em-2025.webp\" \/>\n\t<meta property=\"og:image:width\" content=\"799\" \/>\n\t<meta property=\"og:image:height\" content=\"533\" \/>\n\t<meta property=\"og:image:type\" content=\"image\/jpeg\" \/>\n<meta name=\"author\" content=\"Ana Teixeira\" \/>\n<meta name=\"twitter:card\" content=\"summary_large_image\" \/>\n<meta name=\"twitter:label1\" content=\"Escrito por\" \/>\n\t<meta name=\"twitter:data1\" content=\"Ana Teixeira\" \/>\n\t<meta name=\"twitter:label2\" content=\"Est. tempo de leitura\" \/>\n\t<meta name=\"twitter:data2\" content=\"4 minutos\" \/>\n<script type=\"application\/ld+json\" class=\"yoast-schema-graph\">{\"@context\":\"https:\/\/schema.org\",\"@graph\":[{\"@type\":\"NewsArticle\",\"@id\":\"https:\/\/www.gaveanews.com\/index.php\/2025\/05\/19\/a-declaracao-de-jardim-sobre-gabigol-do-cruzeiro\/#article\",\"isPartOf\":{\"@id\":\"https:\/\/www.gaveanews.com\/index.php\/2025\/05\/19\/a-declaracao-de-jardim-sobre-gabigol-do-cruzeiro\/\"},\"author\":{\"name\":\"Ana Teixeira\",\"@id\":\"https:\/\/www.gaveanews.com\/#\/schema\/person\/3b19f7288b0ce20372991275e4f2e6c2\"},\"headline\":\"A declara\u00e7\u00e3o de Jardim sobre Gabigol, do Cruzeiro\",\"datePublished\":\"2025-05-19T20:15:00+00:00\",\"mainEntityOfPage\":{\"@id\":\"https:\/\/www.gaveanews.com\/index.php\/2025\/05\/19\/a-declaracao-de-jardim-sobre-gabigol-do-cruzeiro\/\"},\"wordCount\":560,\"commentCount\":0,\"image\":{\"@id\":\"https:\/\/www.gaveanews.com\/index.php\/2025\/05\/19\/a-declaracao-de-jardim-sobre-gabigol-do-cruzeiro\/#primaryimage\"},\"thumbnailUrl\":\"https:\/\/www.gaveanews.com\/wp-content\/uploads\/Leonardo-Jardim-durante-partida-do-Cruzeiro-em-2025.webp\",\"articleSection\":[\"Cruzeiro\",\"Flamengo\"],\"inLanguage\":\"pt-BR\",\"potentialAction\":[{\"@type\":\"CommentAction\",\"name\":\"Comment\",\"target\":[\"https:\/\/www.gaveanews.com\/index.php\/2025\/05\/19\/a-declaracao-de-jardim-sobre-gabigol-do-cruzeiro\/#respond\"]}],\"copyrightYear\":\"2025\",\"copyrightHolder\":{\"@id\":\"https:\/\/www.gaveanews.com\/#organization\"}},{\"@type\":\"WebPage\",\"@id\":\"https:\/\/www.gaveanews.com\/index.php\/2025\/05\/19\/a-declaracao-de-jardim-sobre-gabigol-do-cruzeiro\/\",\"url\":\"https:\/\/www.gaveanews.com\/index.php\/2025\/05\/19\/a-declaracao-de-jardim-sobre-gabigol-do-cruzeiro\/\",\"name\":\"A declara\u00e7\u00e3o de Jardim sobre Gabigol, do Cruzeiro\",\"isPartOf\":{\"@id\":\"https:\/\/www.gaveanews.com\/#website\"},\"primaryImageOfPage\":{\"@id\":\"https:\/\/www.gaveanews.com\/index.php\/2025\/05\/19\/a-declaracao-de-jardim-sobre-gabigol-do-cruzeiro\/#primaryimage\"},\"image\":{\"@id\":\"https:\/\/www.gaveanews.com\/index.php\/2025\/05\/19\/a-declaracao-de-jardim-sobre-gabigol-do-cruzeiro\/#primaryimage\"},\"thumbnailUrl\":\"https:\/\/www.gaveanews.com\/wp-content\/uploads\/Leonardo-Jardim-durante-partida-do-Cruzeiro-em-2025.webp\",\"datePublished\":\"2025-05-19T20:15:00+00:00\",\"author\":{\"@id\":\"https:\/\/www.gaveanews.com\/#\/schema\/person\/3b19f7288b0ce20372991275e4f2e6c2\"},\"breadcrumb\":{\"@id\":\"https:\/\/www.gaveanews.com\/index.php\/2025\/05\/19\/a-declaracao-de-jardim-sobre-gabigol-do-cruzeiro\/#breadcrumb\"},\"inLanguage\":\"pt-BR\",\"potentialAction\":[{\"@type\":\"ReadAction\",\"target\":[\"https:\/\/www.gaveanews.com\/index.php\/2025\/05\/19\/a-declaracao-de-jardim-sobre-gabigol-do-cruzeiro\/\"]}]},{\"@type\":\"ImageObject\",\"inLanguage\":\"pt-BR\",\"@id\":\"https:\/\/www.gaveanews.com\/index.php\/2025\/05\/19\/a-declaracao-de-jardim-sobre-gabigol-do-cruzeiro\/#primaryimage\",\"url\":\"https:\/\/www.gaveanews.com\/wp-content\/uploads\/Leonardo-Jardim-durante-partida-do-Cruzeiro-em-2025.webp\",\"contentUrl\":\"https:\/\/www.gaveanews.com\/wp-content\/uploads\/Leonardo-Jardim-durante-partida-do-Cruzeiro-em-2025.webp\",\"width\":799,\"height\":533,\"caption\":\"Leonardo Jardim durante partida do Cruzeiro em 2025 (Foto: Gustavo Aleixo\/Cruzeiro)\"},{\"@type\":\"BreadcrumbList\",\"@id\":\"https:\/\/www.gaveanews.com\/index.php\/2025\/05\/19\/a-declaracao-de-jardim-sobre-gabigol-do-cruzeiro\/#breadcrumb\",\"itemListElement\":[{\"@type\":\"ListItem\",\"position\":1,\"name\":\"Home\",\"item\":\"https:\/\/www.gaveanews.com\/\"},{\"@type\":\"ListItem\",\"position\":2,\"name\":\"A declara\u00e7\u00e3o de Jardim sobre Gabigol, do Cruzeiro\"}]},{\"@type\":\"WebSite\",\"@id\":\"https:\/\/www.gaveanews.com\/#website\",\"url\":\"https:\/\/www.gaveanews.com\/\",\"name\":\"G\u00e1vea News\",\"description\":\"Veja todas as not\u00edcias sobre o Flamengo: Contrata\u00e7\u00f5es, categorias de base, resultados das partidas, tabela de classifica\u00e7\u00e3o, pr\u00f3ximos jogos!\",\"potentialAction\":[{\"@type\":\"SearchAction\",\"target\":{\"@type\":\"EntryPoint\",\"urlTemplate\":\"https:\/\/www.gaveanews.com\/?s={search_term_string}\"},\"query-input\":{\"@type\":\"PropertyValueSpecification\",\"valueRequired\":true,\"valueName\":\"search_term_string\"}}],\"inLanguage\":\"pt-BR\"},{\"@type\":\"Person\",\"@id\":\"https:\/\/www.gaveanews.com\/#\/schema\/person\/3b19f7288b0ce20372991275e4f2e6c2\",\"name\":\"Ana Teixeira\",\"image\":{\"@type\":\"ImageObject\",\"inLanguage\":\"pt-BR\",\"@id\":\"https:\/\/www.gaveanews.com\/#\/schema\/person\/image\/\",\"url\":\"https:\/\/secure.gravatar.com\/avatar\/0a73f5a5258f3fed37fc2fa641892f3f7a4748456d4d4792f9bc550e6c19e06c?s=96&d=mm&r=g\",\"contentUrl\":\"https:\/\/secure.gravatar.com\/avatar\/0a73f5a5258f3fed37fc2fa641892f3f7a4748456d4d4792f9bc550e6c19e06c?s=96&d=mm&r=g\",\"caption\":\"Ana Teixeira\"}}]}<\/script>\n<!-- \/ Yoast SEO Premium plugin. -->","yoast_head_json":{"title":"A declara\u00e7\u00e3o de Jardim sobre Gabigol, do Cruzeiro","robots":{"index":"index","follow":"follow","max-snippet":"max-snippet:-1","max-image-preview":"max-image-preview:large","max-video-preview":"max-video-preview:-1"},"canonical":"https:\/\/www.gaveanews.com\/index.php\/2025\/05\/19\/a-declaracao-de-jardim-sobre-gabigol-do-cruzeiro\/","og_locale":"pt_BR","og_type":"article","og_title":"A declara\u00e7\u00e3o de Jardim sobre Gabigol, do Cruzeiro","og_description":"Gabriel Barbosa, o Gabigol, tem enfrentado um cen\u00e1rio peculiar desde que chegou ao Cruzeiro. No cl\u00e1ssico disputado no domingo (18), contra o Atl\u00e9tico, pela nona rodada do Campeonato Brasileiro, o atacante iniciou a partida no banco e s\u00f3 foi a campo aos 39 minutos do segundo tempo. Ele substituiu o companheiro Chrisan, mas teve atua\u00e7\u00e3o [&hellip;]","og_url":"https:\/\/www.gaveanews.com\/index.php\/2025\/05\/19\/a-declaracao-de-jardim-sobre-gabigol-do-cruzeiro\/","og_site_name":"G\u00e1vea News","article_publisher":"https:\/\/facebook.com\/gaveaNews\/","article_published_time":"2025-05-19T20:15:00+00:00","og_image":[{"width":799,"height":533,"url":"https:\/\/www.gaveanews.com\/wp-content\/uploads\/Leonardo-Jardim-durante-partida-do-Cruzeiro-em-2025.webp","type":"image\/jpeg"}],"author":"Ana Teixeira","twitter_card":"summary_large_image","twitter_misc":{"Escrito por":"Ana Teixeira","Est. tempo de leitura":"4 minutos"},"schema":{"@context":"https:\/\/schema.org","@graph":[{"@type":"NewsArticle","@id":"https:\/\/www.gaveanews.com\/index.php\/2025\/05\/19\/a-declaracao-de-jardim-sobre-gabigol-do-cruzeiro\/#article","isPartOf":{"@id":"https:\/\/www.gaveanews.com\/index.php\/2025\/05\/19\/a-declaracao-de-jardim-sobre-gabigol-do-cruzeiro\/"},"author":{"name":"Ana Teixeira","@id":"https:\/\/www.gaveanews.com\/#\/schema\/person\/3b19f7288b0ce20372991275e4f2e6c2"},"headline":"A declara\u00e7\u00e3o de Jardim sobre Gabigol, do Cruzeiro","datePublished":"2025-05-19T20:15:00+00:00","mainEntityOfPage":{"@id":"https:\/\/www.gaveanews.com\/index.php\/2025\/05\/19\/a-declaracao-de-jardim-sobre-gabigol-do-cruzeiro\/"},"wordCount":560,"commentCount":0,"image":{"@id":"https:\/\/www.gaveanews.com\/index.php\/2025\/05\/19\/a-declaracao-de-jardim-sobre-gabigol-do-cruzeiro\/#primaryimage"},"thumbnailUrl":"https:\/\/www.gaveanews.com\/wp-content\/uploads\/Leonardo-Jardim-durante-partida-do-Cruzeiro-em-2025.webp","articleSection":["Cruzeiro","Flamengo"],"inLanguage":"pt-BR","potentialAction":[{"@type":"CommentAction","name":"Comment","target":["https:\/\/www.gaveanews.com\/index.php\/2025\/05\/19\/a-declaracao-de-jardim-sobre-gabigol-do-cruzeiro\/#respond"]}],"copyrightYear":"2025","copyrightHolder":{"@id":"https:\/\/www.gaveanews.com\/#organization"}},{"@type":"WebPage","@id":"https:\/\/www.gaveanews.com\/index.php\/2025\/05\/19\/a-declaracao-de-jardim-sobre-gabigol-do-cruzeiro\/","url":"https:\/\/www.gaveanews.com\/index.php\/2025\/05\/19\/a-declaracao-de-jardim-sobre-gabigol-do-cruzeiro\/","name":"A declara\u00e7\u00e3o de Jardim sobre Gabigol, do Cruzeiro","isPartOf":{"@id":"https:\/\/www.gaveanews.com\/#website"},"primaryImageOfPage":{"@id":"https:\/\/www.gaveanews.com\/index.php\/2025\/05\/19\/a-declaracao-de-jardim-sobre-gabigol-do-cruzeiro\/#primaryimage"},"image":{"@id":"https:\/\/www.gaveanews.com\/index.php\/2025\/05\/19\/a-declaracao-de-jardim-sobre-gabigol-do-cruzeiro\/#primaryimage"},"thumbnailUrl":"https:\/\/www.gaveanews.com\/wp-content\/uploads\/Leonardo-Jardim-durante-partida-do-Cruzeiro-em-2025.webp","datePublished":"2025-05-19T20:15:00+00:00","author":{"@id":"https:\/\/www.gaveanews.com\/#\/schema\/person\/3b19f7288b0ce20372991275e4f2e6c2"},"breadcrumb":{"@id":"https:\/\/www.gaveanews.com\/index.php\/2025\/05\/19\/a-declaracao-de-jardim-sobre-gabigol-do-cruzeiro\/#breadcrumb"},"inLanguage":"pt-BR","potentialAction":[{"@type":"ReadAction","target":["https:\/\/www.gaveanews.com\/index.php\/2025\/05\/19\/a-declaracao-de-jardim-sobre-gabigol-do-cruzeiro\/"]}]},{"@type":"ImageObject","inLanguage":"pt-BR","@id":"https:\/\/www.gaveanews.com\/index.php\/2025\/05\/19\/a-declaracao-de-jardim-sobre-gabigol-do-cruzeiro\/#primaryimage","url":"https:\/\/www.gaveanews.com\/wp-content\/uploads\/Leonardo-Jardim-durante-partida-do-Cruzeiro-em-2025.webp","contentUrl":"https:\/\/www.gaveanews.com\/wp-content\/uploads\/Leonardo-Jardim-durante-partida-do-Cruzeiro-em-2025.webp","width":799,"height":533,"caption":"Leonardo Jardim durante partida do Cruzeiro em 2025 (Foto: Gustavo Aleixo\/Cruzeiro)"},{"@type":"BreadcrumbList","@id":"https:\/\/www.gaveanews.com\/index.php\/2025\/05\/19\/a-declaracao-de-jardim-sobre-gabigol-do-cruzeiro\/#breadcrumb","itemListElement":[{"@type":"ListItem","position":1,"name":"Home","item":"https:\/\/www.gaveanews.com\/"},{"@type":"ListItem","position":2,"name":"A declara\u00e7\u00e3o de Jardim sobre Gabigol, do Cruzeiro"}]},{"@type":"WebSite","@id":"https:\/\/www.gaveanews.com\/#website","url":"https:\/\/www.gaveanews.com\/","name":"G\u00e1vea News","description":"Veja todas as not\u00edcias sobre o Flamengo: Contrata\u00e7\u00f5es, categorias de base, resultados das partidas, tabela de classifica\u00e7\u00e3o, pr\u00f3ximos jogos!","potentialAction":[{"@type":"SearchAction","target":{"@type":"EntryPoint","urlTemplate":"https:\/\/www.gaveanews.com\/?s={search_term_string}"},"query-input":{"@type":"PropertyValueSpecification","valueRequired":true,"valueName":"search_term_string"}}],"inLanguage":"pt-BR"},{"@type":"Person","@id":"https:\/\/www.gaveanews.com\/#\/schema\/person\/3b19f7288b0ce20372991275e4f2e6c2","name":"Ana Teixeira","image":{"@type":"ImageObject","inLanguage":"pt-BR","@id":"https:\/\/www.gaveanews.com\/#\/schema\/person\/image\/","url":"https:\/\/secure.gravatar.com\/avatar\/0a73f5a5258f3fed37fc2fa641892f3f7a4748456d4d4792f9bc550e6c19e06c?s=96&d=mm&r=g","contentUrl":"https:\/\/secure.gravatar.com\/avatar\/0a73f5a5258f3fed37fc2fa641892f3f7a4748456d4d4792f9bc550e6c19e06c?s=96&d=mm&r=g","caption":"Ana Teixeira"}}]}},"_links":{"self":[{"href":"https:\/\/www.gaveanews.com\/index.php\/wp-json\/wp\/v2\/posts\/264983","targetHints":{"allow":["GET"]}}],"collection":[{"href":"https:\/\/www.gaveanews.com\/index.php\/wp-json\/wp\/v2\/posts"}],"about":[{"href":"https:\/\/www.gaveanews.com\/index.php\/wp-json\/wp\/v2\/types\/post"}],"author":[{"embeddable":true,"href":"https:\/\/www.gaveanews.com\/index.php\/wp-json\/wp\/v2\/users\/30"}],"replies":[{"embeddable":true,"href":"https:\/\/www.gaveanews.com\/index.php\/wp-json\/wp\/v2\/comments?post=264983"}],"version-history":[{"count":1,"href":"https:\/\/www.gaveanews.com\/index.php\/wp-json\/wp\/v2\/posts\/264983\/revisions"}],"predecessor-version":[{"id":264993,"href":"https:\/\/www.gaveanews.com\/index.php\/wp-json\/wp\/v2\/posts\/264983\/revisions\/264993"}],"wp:featuredmedia":[{"embeddable":true,"href":"https:\/\/www.gaveanews.com\/index.php\/wp-json\/wp\/v2\/media\/225548"}],"wp:attachment":[{"href":"https:\/\/www.gaveanews.com\/index.php\/wp-json\/wp\/v2\/media?parent=264983"}],"wp:term":[{"taxonomy":"category","embeddable":true,"href":"https:\/\/www.gaveanews.com\/index.php\/wp-json\/wp\/v2\/categories?post=264983"},{"taxonomy":"post_tag","embeddable":true,"href":"https:\/\/www.gaveanews.com\/index.php\/wp-json\/wp\/v2\/tags?post=264983"}],"curies":[{"name":"wp","href":"https:\/\/api.w.org\/{rel}","templated":true}]}}