{"id":265005,"date":"2025-05-19T18:05:00","date_gmt":"2025-05-19T21:05:00","guid":{"rendered":"https:\/\/www.gaveanews.com\/?p=265005"},"modified":"2025-05-19T15:40:55","modified_gmt":"2025-05-19T18:40:55","slug":"luis-roberto-renata-silveira-everaldo-marques-e-gustavo-villani-rede-globo-escala-equipe-de-transmissao-da-copa-do-mundo-de-clubes","status":"publish","type":"post","link":"https:\/\/www.gaveanews.com\/index.php\/2025\/05\/19\/luis-roberto-renata-silveira-everaldo-marques-e-gustavo-villani-rede-globo-escala-equipe-de-transmissao-da-copa-do-mundo-de-clubes\/","title":{"rendered":"Lu\u00eds Roberto, Renata Silveira, Everaldo Marques e Gustavo Villani: Rede Globo escala equipe de transmiss\u00e3o da Copa do Mundo de Clubes"},"content":{"rendered":"\n<p>A Globo confirmou que realizar\u00e1 uma cobertura robusta do novo formato do Mundial de Clubes da FIFA, que ser\u00e1 disputado entre os dias 14 de junho e 13 de julho nos Estados Unidos. Ao todo, ser\u00e3o transmitidas 88 partidas, sendo 25 delas na TV aberta e outras 63 exibidas pelo canal fechado SporTV. <\/p>\n\n\n\n<p>A iniciativa contempla uma cobertura direcionada e espec\u00edfica para os quatro representantes brasileiros no torneio: Flamengo, Palmeiras, Fluminense e Botafogo.<\/p>\n\n\n\n<p>Cada um desses clubes contar\u00e1 com uma equipe exclusiva de seis profissionais, totalizando uma opera\u00e7\u00e3o de campo que envolver\u00e1 38 integrantes da emissora distribu\u00eddos por 11 cidades-sede. Conforme antecipado, haver\u00e1 tamb\u00e9m uma equipe de correspondentes para acompanhar os jogos que n\u00e3o envolvem equipes brasileiras.<\/p>\n\n\n\n<h2 class=\"wp-block-heading\" id=\"h-narradores-e-comentaristas-confirmados\">Narradores e comentaristas confirmados<\/h2>\n\n\n\n<p>A emissora escalou um time de peso para liderar as transmiss\u00f5es na TV aberta. Lu\u00eds Roberto ser\u00e1 o principal nome nas narra\u00e7\u00f5es, ao lado de Renata Silveira, Everaldo Marques e Gustavo Villani. J\u00e1 no SporTV, est\u00e1 previsto um bloco de pr\u00e9-jogo com uma hora de dura\u00e7\u00e3o, al\u00e9m da participa\u00e7\u00e3o de cinco narradores e dez comentaristas \u2014 nomes que ainda n\u00e3o foram oficialmente anunciados.<\/p>\n\n\n\n<p>Durante os confrontos envolvendo clubes brasileiros, a cobertura contar\u00e1 com tr\u00eas analistas em cada transmiss\u00e3o. O refor\u00e7o tem o objetivo de aprofundar as an\u00e1lises t\u00e9cnicas e oferecer uma leitura mais detalhada dos duelos. <\/p>\n\n\n\n<p>Ali\u00e1s, um grupo de embaixadores formado por ex-jogadores identificados com os quatro clubes nacionais tamb\u00e9m integrar\u00e1 a cobertura, participando de entradas especiais e intera\u00e7\u00f5es com os torcedores.<\/p>\n\n\n\n<h2 class=\"wp-block-heading\" id=\"h-planejamento-de-campo\">Planejamento de campo<\/h2>\n\n\n\n<p>O planejamento log\u00edstico para essa cobertura se mostra extenso e detalhado. Os profissionais envolvidos estar\u00e3o distribu\u00eddos estrategicamente nas 11 cidades que sediar\u00e3o o torneio, acompanhando de perto n\u00e3o apenas os jogos, mas tamb\u00e9m os bastidores da prepara\u00e7\u00e3o das equipes, deslocamentos, entrevistas exclusivas e treinos abertos. <\/p>\n\n\n\n<p>Conforme o cronograma, todas as principais etapas do torneio contar\u00e3o com suporte direto da emissora, tanto em conte\u00fado jornal\u00edstico quanto em transmiss\u00f5es ao vivo.<\/p>\n\n\n\n<p>Enquanto isso, os jogos sem clubes brasileiros tamb\u00e9m ter\u00e3o aten\u00e7\u00e3o especial. A Globo manter\u00e1 rep\u00f3rteres em campo nos Estados Unidos para cobrir esses duelos, garantindo um panorama completo do torneio. <\/p>\n\n\n\n<p>Al\u00e9m disso, os conte\u00fados ser\u00e3o reaproveitados nos notici\u00e1rios e programas esportivos das demais plataformas do grupo, como GE.globo e GloboPlay, consolidando a proposta multiplataforma da empresa.<\/p>\n\n\n\n<h2 class=\"wp-block-heading\" id=\"h-expectativas-e-cobertura-editorial\">Expectativas e cobertura editorial<\/h2>\n\n\n\n<p>O novo Mundial de Clubes, com sua estrutura ampliada, representa um desafio in\u00e9dito para as emissoras que buscam acompanhar cada detalhe da competi\u00e7\u00e3o. Por isso, a Globo tem se dedicado a estruturar uma cobertura que v\u00e1 al\u00e9m das transmiss\u00f5es. Segundo informa\u00e7\u00f5es j\u00e1 divulgadas, o foco ser\u00e1 oferecer uma experi\u00eancia imersiva, com destaque para o conte\u00fado editorial e a contextualiza\u00e7\u00e3o de cada fase do torneio.<\/p>\n\n\n\n<p>A presen\u00e7a de clubes brasileiros no torneio eleva o interesse do p\u00fablico nacional, e a emissora pretende atender essa demanda com conte\u00fado exclusivo, entrevistas especiais e bastidores de cada delega\u00e7\u00e3o. O compromisso da Globo, segundo a pr\u00f3pria emissora, \u00e9 entregar uma cobertura \u00e0 altura da import\u00e2ncia do evento, considerada uma das maiores competi\u00e7\u00f5es da FIFA ap\u00f3s a Copa do Mundo.<\/p>\n","protected":false},"excerpt":{"rendered":"<p>A Globo confirmou que realizar\u00e1 uma cobertura robusta do novo formato do Mundial de Clubes da FIFA, que ser\u00e1 disputado entre os dias 14 de junho e 13 de julho nos Estados Unidos. Ao todo, ser\u00e3o transmitidas 88 partidas, sendo 25 delas na TV aberta e outras 63 exibidas pelo canal fechado SporTV. A iniciativa [&hellip;]<\/p>\n","protected":false},"author":30,"featured_media":96273,"comment_status":"open","ping_status":"closed","sticky":false,"template":"","format":"standard","meta":{"footnotes":""},"categories":[478,81,47,78],"tags":[],"class_list":["post-265005","post","type-post","status-publish","format-standard","has-post-thumbnail","hentry","category-brasil","category-celebridades","category-destaques","category-futebol-internacional"],"yoast_head":"<!-- This site is optimized with the Yoast SEO Premium plugin v24.2 (Yoast SEO v26.9) - https:\/\/yoast.com\/product\/yoast-seo-premium-wordpress\/ -->\n<title>Lu\u00eds Roberto, Renata Silveira, Everaldo Marques e Gustavo Villani: Rede Globo escala equipe de transmiss\u00e3o da Copa do Mundo de Clubes<\/title>\n<meta name=\"robots\" content=\"index, follow, max-snippet:-1, max-image-preview:large, max-video-preview:-1\" \/>\n<link rel=\"canonical\" href=\"https:\/\/www.gaveanews.com\/index.php\/2025\/05\/19\/luis-roberto-renata-silveira-everaldo-marques-e-gustavo-villani-rede-globo-escala-equipe-de-transmissao-da-copa-do-mundo-de-clubes\/\" \/>\n<meta property=\"og:locale\" content=\"pt_BR\" \/>\n<meta property=\"og:type\" content=\"article\" \/>\n<meta property=\"og:title\" content=\"Lu\u00eds Roberto, Renata Silveira, Everaldo Marques e Gustavo Villani: Rede Globo escala equipe de transmiss\u00e3o da Copa do Mundo de Clubes\" \/>\n<meta property=\"og:description\" content=\"A Globo confirmou que realizar\u00e1 uma cobertura robusta do novo formato do Mundial de Clubes da FIFA, que ser\u00e1 disputado entre os dias 14 de junho e 13 de julho nos Estados Unidos. Ao todo, ser\u00e3o transmitidas 88 partidas, sendo 25 delas na TV aberta e outras 63 exibidas pelo canal fechado SporTV. A iniciativa [&hellip;]\" \/>\n<meta property=\"og:url\" content=\"https:\/\/www.gaveanews.com\/index.php\/2025\/05\/19\/luis-roberto-renata-silveira-everaldo-marques-e-gustavo-villani-rede-globo-escala-equipe-de-transmissao-da-copa-do-mundo-de-clubes\/\" \/>\n<meta property=\"og:site_name\" content=\"G\u00e1vea News\" \/>\n<meta property=\"article:publisher\" content=\"https:\/\/facebook.com\/gaveaNews\/\" \/>\n<meta property=\"article:published_time\" content=\"2025-05-19T21:05:00+00:00\" \/>\n<meta property=\"og:image\" content=\"https:\/\/www.gaveanews.com\/wp-content\/uploads\/Logomarca-da-Rede-Globo.webp\" \/>\n\t<meta property=\"og:image:width\" content=\"1280\" \/>\n\t<meta property=\"og:image:height\" content=\"670\" \/>\n\t<meta property=\"og:image:type\" content=\"image\/jpeg\" \/>\n<meta name=\"author\" content=\"Ana Teixeira\" \/>\n<meta name=\"twitter:card\" content=\"summary_large_image\" \/>\n<meta name=\"twitter:label1\" content=\"Escrito por\" \/>\n\t<meta name=\"twitter:data1\" content=\"Ana Teixeira\" \/>\n\t<meta name=\"twitter:label2\" content=\"Est. tempo de leitura\" \/>\n\t<meta name=\"twitter:data2\" content=\"3 minutos\" \/>\n<script type=\"application\/ld+json\" class=\"yoast-schema-graph\">{\"@context\":\"https:\/\/schema.org\",\"@graph\":[{\"@type\":\"NewsArticle\",\"@id\":\"https:\/\/www.gaveanews.com\/index.php\/2025\/05\/19\/luis-roberto-renata-silveira-everaldo-marques-e-gustavo-villani-rede-globo-escala-equipe-de-transmissao-da-copa-do-mundo-de-clubes\/#article\",\"isPartOf\":{\"@id\":\"https:\/\/www.gaveanews.com\/index.php\/2025\/05\/19\/luis-roberto-renata-silveira-everaldo-marques-e-gustavo-villani-rede-globo-escala-equipe-de-transmissao-da-copa-do-mundo-de-clubes\/\"},\"author\":{\"name\":\"Ana Teixeira\",\"@id\":\"https:\/\/www.gaveanews.com\/#\/schema\/person\/3b19f7288b0ce20372991275e4f2e6c2\"},\"headline\":\"Lu\u00eds Roberto, Renata Silveira, Everaldo Marques e Gustavo Villani: Rede Globo escala equipe de transmiss\u00e3o da Copa do Mundo de Clubes\",\"datePublished\":\"2025-05-19T21:05:00+00:00\",\"mainEntityOfPage\":{\"@id\":\"https:\/\/www.gaveanews.com\/index.php\/2025\/05\/19\/luis-roberto-renata-silveira-everaldo-marques-e-gustavo-villani-rede-globo-escala-equipe-de-transmissao-da-copa-do-mundo-de-clubes\/\"},\"wordCount\":570,\"commentCount\":0,\"image\":{\"@id\":\"https:\/\/www.gaveanews.com\/index.php\/2025\/05\/19\/luis-roberto-renata-silveira-everaldo-marques-e-gustavo-villani-rede-globo-escala-equipe-de-transmissao-da-copa-do-mundo-de-clubes\/#primaryimage\"},\"thumbnailUrl\":\"https:\/\/www.gaveanews.com\/wp-content\/uploads\/Logomarca-da-Rede-Globo.webp\",\"articleSection\":[\"Brasil\",\"Celebridades\",\"Destaques\",\"Futebol Internacional\"],\"inLanguage\":\"pt-BR\",\"potentialAction\":[{\"@type\":\"CommentAction\",\"name\":\"Comment\",\"target\":[\"https:\/\/www.gaveanews.com\/index.php\/2025\/05\/19\/luis-roberto-renata-silveira-everaldo-marques-e-gustavo-villani-rede-globo-escala-equipe-de-transmissao-da-copa-do-mundo-de-clubes\/#respond\"]}],\"copyrightYear\":\"2025\",\"copyrightHolder\":{\"@id\":\"https:\/\/www.gaveanews.com\/#organization\"}},{\"@type\":\"WebPage\",\"@id\":\"https:\/\/www.gaveanews.com\/index.php\/2025\/05\/19\/luis-roberto-renata-silveira-everaldo-marques-e-gustavo-villani-rede-globo-escala-equipe-de-transmissao-da-copa-do-mundo-de-clubes\/\",\"url\":\"https:\/\/www.gaveanews.com\/index.php\/2025\/05\/19\/luis-roberto-renata-silveira-everaldo-marques-e-gustavo-villani-rede-globo-escala-equipe-de-transmissao-da-copa-do-mundo-de-clubes\/\",\"name\":\"Lu\u00eds Roberto, Renata Silveira, Everaldo Marques e Gustavo Villani: Rede Globo escala equipe de transmiss\u00e3o da Copa do Mundo de Clubes\",\"isPartOf\":{\"@id\":\"https:\/\/www.gaveanews.com\/#website\"},\"primaryImageOfPage\":{\"@id\":\"https:\/\/www.gaveanews.com\/index.php\/2025\/05\/19\/luis-roberto-renata-silveira-everaldo-marques-e-gustavo-villani-rede-globo-escala-equipe-de-transmissao-da-copa-do-mundo-de-clubes\/#primaryimage\"},\"image\":{\"@id\":\"https:\/\/www.gaveanews.com\/index.php\/2025\/05\/19\/luis-roberto-renata-silveira-everaldo-marques-e-gustavo-villani-rede-globo-escala-equipe-de-transmissao-da-copa-do-mundo-de-clubes\/#primaryimage\"},\"thumbnailUrl\":\"https:\/\/www.gaveanews.com\/wp-content\/uploads\/Logomarca-da-Rede-Globo.webp\",\"datePublished\":\"2025-05-19T21:05:00+00:00\",\"author\":{\"@id\":\"https:\/\/www.gaveanews.com\/#\/schema\/person\/3b19f7288b0ce20372991275e4f2e6c2\"},\"breadcrumb\":{\"@id\":\"https:\/\/www.gaveanews.com\/index.php\/2025\/05\/19\/luis-roberto-renata-silveira-everaldo-marques-e-gustavo-villani-rede-globo-escala-equipe-de-transmissao-da-copa-do-mundo-de-clubes\/#breadcrumb\"},\"inLanguage\":\"pt-BR\",\"potentialAction\":[{\"@type\":\"ReadAction\",\"target\":[\"https:\/\/www.gaveanews.com\/index.php\/2025\/05\/19\/luis-roberto-renata-silveira-everaldo-marques-e-gustavo-villani-rede-globo-escala-equipe-de-transmissao-da-copa-do-mundo-de-clubes\/\"]}]},{\"@type\":\"ImageObject\",\"inLanguage\":\"pt-BR\",\"@id\":\"https:\/\/www.gaveanews.com\/index.php\/2025\/05\/19\/luis-roberto-renata-silveira-everaldo-marques-e-gustavo-villani-rede-globo-escala-equipe-de-transmissao-da-copa-do-mundo-de-clubes\/#primaryimage\",\"url\":\"https:\/\/www.gaveanews.com\/wp-content\/uploads\/Logomarca-da-Rede-Globo.webp\",\"contentUrl\":\"https:\/\/www.gaveanews.com\/wp-content\/uploads\/Logomarca-da-Rede-Globo.webp\",\"width\":1280,\"height\":670,\"caption\":\"Logomarca da Rede Globo (Foto: Reprodu\u00e7\u00e3o)\"},{\"@type\":\"BreadcrumbList\",\"@id\":\"https:\/\/www.gaveanews.com\/index.php\/2025\/05\/19\/luis-roberto-renata-silveira-everaldo-marques-e-gustavo-villani-rede-globo-escala-equipe-de-transmissao-da-copa-do-mundo-de-clubes\/#breadcrumb\",\"itemListElement\":[{\"@type\":\"ListItem\",\"position\":1,\"name\":\"Home\",\"item\":\"https:\/\/www.gaveanews.com\/\"},{\"@type\":\"ListItem\",\"position\":2,\"name\":\"Lu\u00eds Roberto, Renata Silveira, Everaldo Marques e Gustavo Villani: Rede Globo escala equipe de transmiss\u00e3o da Copa do Mundo de Clubes\"}]},{\"@type\":\"WebSite\",\"@id\":\"https:\/\/www.gaveanews.com\/#website\",\"url\":\"https:\/\/www.gaveanews.com\/\",\"name\":\"G\u00e1vea News\",\"description\":\"Veja todas as not\u00edcias sobre o Flamengo: Contrata\u00e7\u00f5es, categorias de base, resultados das partidas, tabela de classifica\u00e7\u00e3o, pr\u00f3ximos jogos!\",\"potentialAction\":[{\"@type\":\"SearchAction\",\"target\":{\"@type\":\"EntryPoint\",\"urlTemplate\":\"https:\/\/www.gaveanews.com\/?s={search_term_string}\"},\"query-input\":{\"@type\":\"PropertyValueSpecification\",\"valueRequired\":true,\"valueName\":\"search_term_string\"}}],\"inLanguage\":\"pt-BR\"},{\"@type\":\"Person\",\"@id\":\"https:\/\/www.gaveanews.com\/#\/schema\/person\/3b19f7288b0ce20372991275e4f2e6c2\",\"name\":\"Ana Teixeira\",\"image\":{\"@type\":\"ImageObject\",\"inLanguage\":\"pt-BR\",\"@id\":\"https:\/\/www.gaveanews.com\/#\/schema\/person\/image\/\",\"url\":\"https:\/\/secure.gravatar.com\/avatar\/0a73f5a5258f3fed37fc2fa641892f3f7a4748456d4d4792f9bc550e6c19e06c?s=96&d=mm&r=g\",\"contentUrl\":\"https:\/\/secure.gravatar.com\/avatar\/0a73f5a5258f3fed37fc2fa641892f3f7a4748456d4d4792f9bc550e6c19e06c?s=96&d=mm&r=g\",\"caption\":\"Ana Teixeira\"}}]}<\/script>\n<!-- \/ Yoast SEO Premium plugin. -->","yoast_head_json":{"title":"Lu\u00eds Roberto, Renata Silveira, Everaldo Marques e Gustavo Villani: Rede Globo escala equipe de transmiss\u00e3o da Copa do Mundo de Clubes","robots":{"index":"index","follow":"follow","max-snippet":"max-snippet:-1","max-image-preview":"max-image-preview:large","max-video-preview":"max-video-preview:-1"},"canonical":"https:\/\/www.gaveanews.com\/index.php\/2025\/05\/19\/luis-roberto-renata-silveira-everaldo-marques-e-gustavo-villani-rede-globo-escala-equipe-de-transmissao-da-copa-do-mundo-de-clubes\/","og_locale":"pt_BR","og_type":"article","og_title":"Lu\u00eds Roberto, Renata Silveira, Everaldo Marques e Gustavo Villani: Rede Globo escala equipe de transmiss\u00e3o da Copa do Mundo de Clubes","og_description":"A Globo confirmou que realizar\u00e1 uma cobertura robusta do novo formato do Mundial de Clubes da FIFA, que ser\u00e1 disputado entre os dias 14 de junho e 13 de julho nos Estados Unidos. Ao todo, ser\u00e3o transmitidas 88 partidas, sendo 25 delas na TV aberta e outras 63 exibidas pelo canal fechado SporTV. A iniciativa [&hellip;]","og_url":"https:\/\/www.gaveanews.com\/index.php\/2025\/05\/19\/luis-roberto-renata-silveira-everaldo-marques-e-gustavo-villani-rede-globo-escala-equipe-de-transmissao-da-copa-do-mundo-de-clubes\/","og_site_name":"G\u00e1vea News","article_publisher":"https:\/\/facebook.com\/gaveaNews\/","article_published_time":"2025-05-19T21:05:00+00:00","og_image":[{"width":1280,"height":670,"url":"https:\/\/www.gaveanews.com\/wp-content\/uploads\/Logomarca-da-Rede-Globo.webp","type":"image\/jpeg"}],"author":"Ana Teixeira","twitter_card":"summary_large_image","twitter_misc":{"Escrito por":"Ana Teixeira","Est. tempo de leitura":"3 minutos"},"schema":{"@context":"https:\/\/schema.org","@graph":[{"@type":"NewsArticle","@id":"https:\/\/www.gaveanews.com\/index.php\/2025\/05\/19\/luis-roberto-renata-silveira-everaldo-marques-e-gustavo-villani-rede-globo-escala-equipe-de-transmissao-da-copa-do-mundo-de-clubes\/#article","isPartOf":{"@id":"https:\/\/www.gaveanews.com\/index.php\/2025\/05\/19\/luis-roberto-renata-silveira-everaldo-marques-e-gustavo-villani-rede-globo-escala-equipe-de-transmissao-da-copa-do-mundo-de-clubes\/"},"author":{"name":"Ana Teixeira","@id":"https:\/\/www.gaveanews.com\/#\/schema\/person\/3b19f7288b0ce20372991275e4f2e6c2"},"headline":"Lu\u00eds Roberto, Renata Silveira, Everaldo Marques e Gustavo Villani: Rede Globo escala equipe de transmiss\u00e3o da Copa do Mundo de Clubes","datePublished":"2025-05-19T21:05:00+00:00","mainEntityOfPage":{"@id":"https:\/\/www.gaveanews.com\/index.php\/2025\/05\/19\/luis-roberto-renata-silveira-everaldo-marques-e-gustavo-villani-rede-globo-escala-equipe-de-transmissao-da-copa-do-mundo-de-clubes\/"},"wordCount":570,"commentCount":0,"image":{"@id":"https:\/\/www.gaveanews.com\/index.php\/2025\/05\/19\/luis-roberto-renata-silveira-everaldo-marques-e-gustavo-villani-rede-globo-escala-equipe-de-transmissao-da-copa-do-mundo-de-clubes\/#primaryimage"},"thumbnailUrl":"https:\/\/www.gaveanews.com\/wp-content\/uploads\/Logomarca-da-Rede-Globo.webp","articleSection":["Brasil","Celebridades","Destaques","Futebol Internacional"],"inLanguage":"pt-BR","potentialAction":[{"@type":"CommentAction","name":"Comment","target":["https:\/\/www.gaveanews.com\/index.php\/2025\/05\/19\/luis-roberto-renata-silveira-everaldo-marques-e-gustavo-villani-rede-globo-escala-equipe-de-transmissao-da-copa-do-mundo-de-clubes\/#respond"]}],"copyrightYear":"2025","copyrightHolder":{"@id":"https:\/\/www.gaveanews.com\/#organization"}},{"@type":"WebPage","@id":"https:\/\/www.gaveanews.com\/index.php\/2025\/05\/19\/luis-roberto-renata-silveira-everaldo-marques-e-gustavo-villani-rede-globo-escala-equipe-de-transmissao-da-copa-do-mundo-de-clubes\/","url":"https:\/\/www.gaveanews.com\/index.php\/2025\/05\/19\/luis-roberto-renata-silveira-everaldo-marques-e-gustavo-villani-rede-globo-escala-equipe-de-transmissao-da-copa-do-mundo-de-clubes\/","name":"Lu\u00eds Roberto, Renata Silveira, Everaldo Marques e Gustavo Villani: Rede Globo escala equipe de transmiss\u00e3o da Copa do Mundo de Clubes","isPartOf":{"@id":"https:\/\/www.gaveanews.com\/#website"},"primaryImageOfPage":{"@id":"https:\/\/www.gaveanews.com\/index.php\/2025\/05\/19\/luis-roberto-renata-silveira-everaldo-marques-e-gustavo-villani-rede-globo-escala-equipe-de-transmissao-da-copa-do-mundo-de-clubes\/#primaryimage"},"image":{"@id":"https:\/\/www.gaveanews.com\/index.php\/2025\/05\/19\/luis-roberto-renata-silveira-everaldo-marques-e-gustavo-villani-rede-globo-escala-equipe-de-transmissao-da-copa-do-mundo-de-clubes\/#primaryimage"},"thumbnailUrl":"https:\/\/www.gaveanews.com\/wp-content\/uploads\/Logomarca-da-Rede-Globo.webp","datePublished":"2025-05-19T21:05:00+00:00","author":{"@id":"https:\/\/www.gaveanews.com\/#\/schema\/person\/3b19f7288b0ce20372991275e4f2e6c2"},"breadcrumb":{"@id":"https:\/\/www.gaveanews.com\/index.php\/2025\/05\/19\/luis-roberto-renata-silveira-everaldo-marques-e-gustavo-villani-rede-globo-escala-equipe-de-transmissao-da-copa-do-mundo-de-clubes\/#breadcrumb"},"inLanguage":"pt-BR","potentialAction":[{"@type":"ReadAction","target":["https:\/\/www.gaveanews.com\/index.php\/2025\/05\/19\/luis-roberto-renata-silveira-everaldo-marques-e-gustavo-villani-rede-globo-escala-equipe-de-transmissao-da-copa-do-mundo-de-clubes\/"]}]},{"@type":"ImageObject","inLanguage":"pt-BR","@id":"https:\/\/www.gaveanews.com\/index.php\/2025\/05\/19\/luis-roberto-renata-silveira-everaldo-marques-e-gustavo-villani-rede-globo-escala-equipe-de-transmissao-da-copa-do-mundo-de-clubes\/#primaryimage","url":"https:\/\/www.gaveanews.com\/wp-content\/uploads\/Logomarca-da-Rede-Globo.webp","contentUrl":"https:\/\/www.gaveanews.com\/wp-content\/uploads\/Logomarca-da-Rede-Globo.webp","width":1280,"height":670,"caption":"Logomarca da Rede Globo (Foto: Reprodu\u00e7\u00e3o)"},{"@type":"BreadcrumbList","@id":"https:\/\/www.gaveanews.com\/index.php\/2025\/05\/19\/luis-roberto-renata-silveira-everaldo-marques-e-gustavo-villani-rede-globo-escala-equipe-de-transmissao-da-copa-do-mundo-de-clubes\/#breadcrumb","itemListElement":[{"@type":"ListItem","position":1,"name":"Home","item":"https:\/\/www.gaveanews.com\/"},{"@type":"ListItem","position":2,"name":"Lu\u00eds Roberto, Renata Silveira, Everaldo Marques e Gustavo Villani: Rede Globo escala equipe de transmiss\u00e3o da Copa do Mundo de Clubes"}]},{"@type":"WebSite","@id":"https:\/\/www.gaveanews.com\/#website","url":"https:\/\/www.gaveanews.com\/","name":"G\u00e1vea News","description":"Veja todas as not\u00edcias sobre o Flamengo: Contrata\u00e7\u00f5es, categorias de base, resultados das partidas, tabela de classifica\u00e7\u00e3o, pr\u00f3ximos jogos!","potentialAction":[{"@type":"SearchAction","target":{"@type":"EntryPoint","urlTemplate":"https:\/\/www.gaveanews.com\/?s={search_term_string}"},"query-input":{"@type":"PropertyValueSpecification","valueRequired":true,"valueName":"search_term_string"}}],"inLanguage":"pt-BR"},{"@type":"Person","@id":"https:\/\/www.gaveanews.com\/#\/schema\/person\/3b19f7288b0ce20372991275e4f2e6c2","name":"Ana Teixeira","image":{"@type":"ImageObject","inLanguage":"pt-BR","@id":"https:\/\/www.gaveanews.com\/#\/schema\/person\/image\/","url":"https:\/\/secure.gravatar.com\/avatar\/0a73f5a5258f3fed37fc2fa641892f3f7a4748456d4d4792f9bc550e6c19e06c?s=96&d=mm&r=g","contentUrl":"https:\/\/secure.gravatar.com\/avatar\/0a73f5a5258f3fed37fc2fa641892f3f7a4748456d4d4792f9bc550e6c19e06c?s=96&d=mm&r=g","caption":"Ana Teixeira"}}]}},"_links":{"self":[{"href":"https:\/\/www.gaveanews.com\/index.php\/wp-json\/wp\/v2\/posts\/265005","targetHints":{"allow":["GET"]}}],"collection":[{"href":"https:\/\/www.gaveanews.com\/index.php\/wp-json\/wp\/v2\/posts"}],"about":[{"href":"https:\/\/www.gaveanews.com\/index.php\/wp-json\/wp\/v2\/types\/post"}],"author":[{"embeddable":true,"href":"https:\/\/www.gaveanews.com\/index.php\/wp-json\/wp\/v2\/users\/30"}],"replies":[{"embeddable":true,"href":"https:\/\/www.gaveanews.com\/index.php\/wp-json\/wp\/v2\/comments?post=265005"}],"version-history":[{"count":1,"href":"https:\/\/www.gaveanews.com\/index.php\/wp-json\/wp\/v2\/posts\/265005\/revisions"}],"predecessor-version":[{"id":265014,"href":"https:\/\/www.gaveanews.com\/index.php\/wp-json\/wp\/v2\/posts\/265005\/revisions\/265014"}],"wp:featuredmedia":[{"embeddable":true,"href":"https:\/\/www.gaveanews.com\/index.php\/wp-json\/wp\/v2\/media\/96273"}],"wp:attachment":[{"href":"https:\/\/www.gaveanews.com\/index.php\/wp-json\/wp\/v2\/media?parent=265005"}],"wp:term":[{"taxonomy":"category","embeddable":true,"href":"https:\/\/www.gaveanews.com\/index.php\/wp-json\/wp\/v2\/categories?post=265005"},{"taxonomy":"post_tag","embeddable":true,"href":"https:\/\/www.gaveanews.com\/index.php\/wp-json\/wp\/v2\/tags?post=265005"}],"curies":[{"name":"wp","href":"https:\/\/api.w.org\/{rel}","templated":true}]}}