{"id":265044,"date":"2025-05-19T20:10:00","date_gmt":"2025-05-19T23:10:00","guid":{"rendered":"https:\/\/www.gaveanews.com\/?p=265044"},"modified":"2025-05-19T16:44:20","modified_gmt":"2025-05-19T19:44:20","slug":"pedro-gerson-alex-sandro-leo-ortiz-wesley-danilo-os-jogadores-do-flamengo-na-pre-lista-de-ancelotti","status":"publish","type":"post","link":"https:\/\/www.gaveanews.com\/index.php\/2025\/05\/19\/pedro-gerson-alex-sandro-leo-ortiz-wesley-danilo-os-jogadores-do-flamengo-na-pre-lista-de-ancelotti\/","title":{"rendered":"Pedro, Gerson, Alex Sandro, L\u00e9o Ortiz, Wesley, Danilo: os jogadores do Flamengo na pr\u00e9-lista de Ancelotti"},"content":{"rendered":"\n<p>Carlo Ancelotti, prestes a assumir efetivamente o comando da Sele\u00e7\u00e3o Brasileira, divulgou sua primeira pr\u00e9-lista de convocados para os pr\u00f3ximos compromissos da equipe nacional. A lista enviada \u00e0 Confedera\u00e7\u00e3o Brasileira de Futebol (CBF) chama aten\u00e7\u00e3o, principalmente, pela expressiva presen\u00e7a de atletas do Flamengo: seis ao todo. <\/p>\n\n\n\n<p>Conforme apurado pelo ge, os nomes inclu\u00eddos s\u00e3o Danilo, Wesley, L\u00e9o Ortiz, Alex Sandro, Gerson e Pedro.<\/p>\n\n\n\n<p>A convoca\u00e7\u00e3o oficial, que reduzir\u00e1 a lista de aproximadamente 50 nomes para 23 selecionados, est\u00e1 marcada para domingo (26 de maio), no Rio de Janeiro. Essa data tamb\u00e9m marca o in\u00edcio da gest\u00e3o de Ancelotti \u00e0 frente da Sele\u00e7\u00e3o. O t\u00e9cnico ainda comanda o Real Madrid e s\u00f3 se apresentar\u00e1 de forma definitiva \u00e0 CBF nessa ocasi\u00e3o.<\/p>\n\n\n\n<h2 class=\"wp-block-heading\" id=\"h-participacoes-anteriores-e-contexto-dos-convocados\">Participa\u00e7\u00f5es anteriores e contexto dos convocados<\/h2>\n\n\n\n<p>Os seis atletas do clube carioca j\u00e1 tiveram experi\u00eancias anteriores com a camisa da Sele\u00e7\u00e3o Brasileira. Danilo, Alex Sandro e Pedro, por exemplo, integraram o elenco que disputou a \u00faltima Copa do Mundo. Gerson e L\u00e9o Ortiz voltaram a aparecer com frequ\u00eancia ap\u00f3s o Mundial no Catar. Wesley, por sua vez, o mais jovem entre eles, estreou recentemente durante a \u00faltima Data FIFA.<\/p>\n\n\n\n<p>Pedro, apesar de ainda estar em processo de recupera\u00e7\u00e3o f\u00edsica, aparece na lista. Segundo informa\u00e7\u00f5es da comiss\u00e3o t\u00e9cnica do Flamengo, o centroavante ainda n\u00e3o est\u00e1 em plena forma para atuar em alta intensidade. <\/p>\n\n\n\n<p>Ali\u00e1s, o jogador ficou afastado dos gramados por quase sete meses devido a uma grave les\u00e3o sofrida durante um treino da Sele\u00e7\u00e3o, \u00e0s v\u00e9speras de um confronto das Eliminat\u00f3rias. Agora, o atacante tenta retomar seu espa\u00e7o na equipe nacional.<\/p>\n\n\n\n<h4 class=\"wp-block-heading\" id=\"h-proximos-compromissos-da-selecao-e-impacto-no-calendario-rubro-negro\">Pr\u00f3ximos compromissos da Sele\u00e7\u00e3o e impacto no calend\u00e1rio rubro-negro<\/h4>\n\n\n\n<p>O Brasil ter\u00e1 dois desafios pelas Eliminat\u00f3rias para a Copa do Mundo de 2026: contra o Equador, dia 05 de junho, em Guayaquil, e diante do Paraguai, na segunda-feira seguinte (10 de junho), na Arena Corinthians, em S\u00e3o Paulo. <\/p>\n\n\n\n<p>Atualmente, a Sele\u00e7\u00e3o ocupa a quarta coloca\u00e7\u00e3o na tabela, com 21 pontos, mesma pontua\u00e7\u00e3o do Paraguai, que est\u00e1 na quinta posi\u00e7\u00e3o. O Equador figura logo acima, em segundo lugar.<\/p>\n\n\n\n<p>Por causa das datas das partidas e do calend\u00e1rio do clube, o Flamengo n\u00e3o deve ser afetado diretamente. O \u00faltimo confronto antes da Data FIFA est\u00e1 agendado para s\u00e1bado (01 de junho), contra o Fortaleza. Ap\u00f3s isso, a equipe encara o Sport, em data ainda a ser definida. <\/p>\n\n\n\n<p>Dessa forma, o clube carioca n\u00e3o dever\u00e1 sofrer desfalques significativos durante os jogos da Sele\u00e7\u00e3o.<\/p>\n\n\n\n<h2 class=\"wp-block-heading\" id=\"h-contexto-institucional-da-cbf\">Contexto institucional da CBF<\/h2>\n\n\n\n<p>A divulga\u00e7\u00e3o da pr\u00e9-lista e a iminente chegada de Ancelotti ocorrem em um momento conturbado na Confedera\u00e7\u00e3o Brasileira de Futebol. O presidente Ednaldo Rodrigues foi afastado, e Fernando Sarney assumiu a presid\u00eancia interina. Ele ser\u00e1 respons\u00e1vel por convocar novas elei\u00e7\u00f5es para recompor os cargos diretivos da entidade.<\/p>\n\n\n\n<p><\/p>\n","protected":false},"excerpt":{"rendered":"<p>Carlo Ancelotti, prestes a assumir efetivamente o comando da Sele\u00e7\u00e3o Brasileira, divulgou sua primeira pr\u00e9-lista de convocados para os pr\u00f3ximos compromissos da equipe nacional. A lista enviada \u00e0 Confedera\u00e7\u00e3o Brasileira de Futebol (CBF) chama aten\u00e7\u00e3o, principalmente, pela expressiva presen\u00e7a de atletas do Flamengo: seis ao todo. Conforme apurado pelo ge, os nomes inclu\u00eddos s\u00e3o Danilo, [&hellip;]<\/p>\n","protected":false},"author":30,"featured_media":255013,"comment_status":"open","ping_status":"closed","sticky":false,"template":"","format":"standard","meta":{"footnotes":""},"categories":[478,1,477],"tags":[],"class_list":["post-265044","post","type-post","status-publish","format-standard","has-post-thumbnail","hentry","category-brasil","category-flamengo","category-selecoes"],"yoast_head":"<!-- This site is optimized with the Yoast SEO Premium plugin v24.2 (Yoast SEO v26.9) - https:\/\/yoast.com\/product\/yoast-seo-premium-wordpress\/ -->\n<title>Pedro, Gerson, Alex Sandro, L\u00e9o Ortiz, Wesley, Danilo: os jogadores do Flamengo na pr\u00e9-lista de Ancelotti<\/title>\n<meta name=\"robots\" content=\"index, follow, max-snippet:-1, max-image-preview:large, max-video-preview:-1\" \/>\n<link rel=\"canonical\" href=\"https:\/\/www.gaveanews.com\/index.php\/2025\/05\/19\/pedro-gerson-alex-sandro-leo-ortiz-wesley-danilo-os-jogadores-do-flamengo-na-pre-lista-de-ancelotti\/\" \/>\n<meta property=\"og:locale\" content=\"pt_BR\" \/>\n<meta property=\"og:type\" content=\"article\" \/>\n<meta property=\"og:title\" content=\"Pedro, Gerson, Alex Sandro, L\u00e9o Ortiz, Wesley, Danilo: os jogadores do Flamengo na pr\u00e9-lista de Ancelotti\" \/>\n<meta property=\"og:description\" content=\"Carlo Ancelotti, prestes a assumir efetivamente o comando da Sele\u00e7\u00e3o Brasileira, divulgou sua primeira pr\u00e9-lista de convocados para os pr\u00f3ximos compromissos da equipe nacional. A lista enviada \u00e0 Confedera\u00e7\u00e3o Brasileira de Futebol (CBF) chama aten\u00e7\u00e3o, principalmente, pela expressiva presen\u00e7a de atletas do Flamengo: seis ao todo. Conforme apurado pelo ge, os nomes inclu\u00eddos s\u00e3o Danilo, [&hellip;]\" \/>\n<meta property=\"og:url\" content=\"https:\/\/www.gaveanews.com\/index.php\/2025\/05\/19\/pedro-gerson-alex-sandro-leo-ortiz-wesley-danilo-os-jogadores-do-flamengo-na-pre-lista-de-ancelotti\/\" \/>\n<meta property=\"og:site_name\" content=\"G\u00e1vea News\" \/>\n<meta property=\"article:publisher\" content=\"https:\/\/facebook.com\/gaveaNews\/\" \/>\n<meta property=\"article:published_time\" content=\"2025-05-19T23:10:00+00:00\" \/>\n<meta property=\"og:image\" content=\"https:\/\/www.gaveanews.com\/wp-content\/uploads\/Pedro-embarca-com-a-delegacao-do-Flamengo.webp\" \/>\n\t<meta property=\"og:image:width\" content=\"1200\" \/>\n\t<meta property=\"og:image:height\" content=\"800\" \/>\n\t<meta property=\"og:image:type\" content=\"image\/png\" \/>\n<meta name=\"author\" content=\"Ana Teixeira\" \/>\n<meta name=\"twitter:card\" content=\"summary_large_image\" \/>\n<meta name=\"twitter:label1\" content=\"Escrito por\" \/>\n\t<meta name=\"twitter:data1\" content=\"Ana Teixeira\" \/>\n\t<meta name=\"twitter:label2\" content=\"Est. tempo de leitura\" \/>\n\t<meta name=\"twitter:data2\" content=\"3 minutos\" \/>\n<script type=\"application\/ld+json\" class=\"yoast-schema-graph\">{\"@context\":\"https:\/\/schema.org\",\"@graph\":[{\"@type\":\"NewsArticle\",\"@id\":\"https:\/\/www.gaveanews.com\/index.php\/2025\/05\/19\/pedro-gerson-alex-sandro-leo-ortiz-wesley-danilo-os-jogadores-do-flamengo-na-pre-lista-de-ancelotti\/#article\",\"isPartOf\":{\"@id\":\"https:\/\/www.gaveanews.com\/index.php\/2025\/05\/19\/pedro-gerson-alex-sandro-leo-ortiz-wesley-danilo-os-jogadores-do-flamengo-na-pre-lista-de-ancelotti\/\"},\"author\":{\"name\":\"Ana Teixeira\",\"@id\":\"https:\/\/www.gaveanews.com\/#\/schema\/person\/3b19f7288b0ce20372991275e4f2e6c2\"},\"headline\":\"Pedro, Gerson, Alex Sandro, L\u00e9o Ortiz, Wesley, Danilo: os jogadores do Flamengo na pr\u00e9-lista de Ancelotti\",\"datePublished\":\"2025-05-19T23:10:00+00:00\",\"mainEntityOfPage\":{\"@id\":\"https:\/\/www.gaveanews.com\/index.php\/2025\/05\/19\/pedro-gerson-alex-sandro-leo-ortiz-wesley-danilo-os-jogadores-do-flamengo-na-pre-lista-de-ancelotti\/\"},\"wordCount\":514,\"commentCount\":0,\"image\":{\"@id\":\"https:\/\/www.gaveanews.com\/index.php\/2025\/05\/19\/pedro-gerson-alex-sandro-leo-ortiz-wesley-danilo-os-jogadores-do-flamengo-na-pre-lista-de-ancelotti\/#primaryimage\"},\"thumbnailUrl\":\"https:\/\/www.gaveanews.com\/wp-content\/uploads\/Pedro-embarca-com-a-delegacao-do-Flamengo.webp\",\"articleSection\":[\"Brasil\",\"Flamengo\",\"Sele\u00e7\u00f5es\"],\"inLanguage\":\"pt-BR\",\"potentialAction\":[{\"@type\":\"CommentAction\",\"name\":\"Comment\",\"target\":[\"https:\/\/www.gaveanews.com\/index.php\/2025\/05\/19\/pedro-gerson-alex-sandro-leo-ortiz-wesley-danilo-os-jogadores-do-flamengo-na-pre-lista-de-ancelotti\/#respond\"]}],\"copyrightYear\":\"2025\",\"copyrightHolder\":{\"@id\":\"https:\/\/www.gaveanews.com\/#organization\"}},{\"@type\":\"WebPage\",\"@id\":\"https:\/\/www.gaveanews.com\/index.php\/2025\/05\/19\/pedro-gerson-alex-sandro-leo-ortiz-wesley-danilo-os-jogadores-do-flamengo-na-pre-lista-de-ancelotti\/\",\"url\":\"https:\/\/www.gaveanews.com\/index.php\/2025\/05\/19\/pedro-gerson-alex-sandro-leo-ortiz-wesley-danilo-os-jogadores-do-flamengo-na-pre-lista-de-ancelotti\/\",\"name\":\"Pedro, Gerson, Alex Sandro, L\u00e9o Ortiz, Wesley, Danilo: os jogadores do Flamengo na pr\u00e9-lista de Ancelotti\",\"isPartOf\":{\"@id\":\"https:\/\/www.gaveanews.com\/#website\"},\"primaryImageOfPage\":{\"@id\":\"https:\/\/www.gaveanews.com\/index.php\/2025\/05\/19\/pedro-gerson-alex-sandro-leo-ortiz-wesley-danilo-os-jogadores-do-flamengo-na-pre-lista-de-ancelotti\/#primaryimage\"},\"image\":{\"@id\":\"https:\/\/www.gaveanews.com\/index.php\/2025\/05\/19\/pedro-gerson-alex-sandro-leo-ortiz-wesley-danilo-os-jogadores-do-flamengo-na-pre-lista-de-ancelotti\/#primaryimage\"},\"thumbnailUrl\":\"https:\/\/www.gaveanews.com\/wp-content\/uploads\/Pedro-embarca-com-a-delegacao-do-Flamengo.webp\",\"datePublished\":\"2025-05-19T23:10:00+00:00\",\"author\":{\"@id\":\"https:\/\/www.gaveanews.com\/#\/schema\/person\/3b19f7288b0ce20372991275e4f2e6c2\"},\"breadcrumb\":{\"@id\":\"https:\/\/www.gaveanews.com\/index.php\/2025\/05\/19\/pedro-gerson-alex-sandro-leo-ortiz-wesley-danilo-os-jogadores-do-flamengo-na-pre-lista-de-ancelotti\/#breadcrumb\"},\"inLanguage\":\"pt-BR\",\"potentialAction\":[{\"@type\":\"ReadAction\",\"target\":[\"https:\/\/www.gaveanews.com\/index.php\/2025\/05\/19\/pedro-gerson-alex-sandro-leo-ortiz-wesley-danilo-os-jogadores-do-flamengo-na-pre-lista-de-ancelotti\/\"]}]},{\"@type\":\"ImageObject\",\"inLanguage\":\"pt-BR\",\"@id\":\"https:\/\/www.gaveanews.com\/index.php\/2025\/05\/19\/pedro-gerson-alex-sandro-leo-ortiz-wesley-danilo-os-jogadores-do-flamengo-na-pre-lista-de-ancelotti\/#primaryimage\",\"url\":\"https:\/\/www.gaveanews.com\/wp-content\/uploads\/Pedro-embarca-com-a-delegacao-do-Flamengo.webp\",\"contentUrl\":\"https:\/\/www.gaveanews.com\/wp-content\/uploads\/Pedro-embarca-com-a-delegacao-do-Flamengo.webp\",\"width\":1200,\"height\":800,\"caption\":\"Pedro embarca com a delega\u00e7\u00e3o do Flamengo - Foto: Adriano Fontes\/Flamengo\"},{\"@type\":\"BreadcrumbList\",\"@id\":\"https:\/\/www.gaveanews.com\/index.php\/2025\/05\/19\/pedro-gerson-alex-sandro-leo-ortiz-wesley-danilo-os-jogadores-do-flamengo-na-pre-lista-de-ancelotti\/#breadcrumb\",\"itemListElement\":[{\"@type\":\"ListItem\",\"position\":1,\"name\":\"Home\",\"item\":\"https:\/\/www.gaveanews.com\/\"},{\"@type\":\"ListItem\",\"position\":2,\"name\":\"Pedro, Gerson, Alex Sandro, L\u00e9o Ortiz, Wesley, Danilo: os jogadores do Flamengo na pr\u00e9-lista de Ancelotti\"}]},{\"@type\":\"WebSite\",\"@id\":\"https:\/\/www.gaveanews.com\/#website\",\"url\":\"https:\/\/www.gaveanews.com\/\",\"name\":\"G\u00e1vea News\",\"description\":\"Veja todas as not\u00edcias sobre o Flamengo: Contrata\u00e7\u00f5es, categorias de base, resultados das partidas, tabela de classifica\u00e7\u00e3o, pr\u00f3ximos jogos!\",\"potentialAction\":[{\"@type\":\"SearchAction\",\"target\":{\"@type\":\"EntryPoint\",\"urlTemplate\":\"https:\/\/www.gaveanews.com\/?s={search_term_string}\"},\"query-input\":{\"@type\":\"PropertyValueSpecification\",\"valueRequired\":true,\"valueName\":\"search_term_string\"}}],\"inLanguage\":\"pt-BR\"},{\"@type\":\"Person\",\"@id\":\"https:\/\/www.gaveanews.com\/#\/schema\/person\/3b19f7288b0ce20372991275e4f2e6c2\",\"name\":\"Ana Teixeira\",\"image\":{\"@type\":\"ImageObject\",\"inLanguage\":\"pt-BR\",\"@id\":\"https:\/\/www.gaveanews.com\/#\/schema\/person\/image\/\",\"url\":\"https:\/\/secure.gravatar.com\/avatar\/0a73f5a5258f3fed37fc2fa641892f3f7a4748456d4d4792f9bc550e6c19e06c?s=96&d=mm&r=g\",\"contentUrl\":\"https:\/\/secure.gravatar.com\/avatar\/0a73f5a5258f3fed37fc2fa641892f3f7a4748456d4d4792f9bc550e6c19e06c?s=96&d=mm&r=g\",\"caption\":\"Ana Teixeira\"}}]}<\/script>\n<!-- \/ Yoast SEO Premium plugin. -->","yoast_head_json":{"title":"Pedro, Gerson, Alex Sandro, L\u00e9o Ortiz, Wesley, Danilo: os jogadores do Flamengo na pr\u00e9-lista de Ancelotti","robots":{"index":"index","follow":"follow","max-snippet":"max-snippet:-1","max-image-preview":"max-image-preview:large","max-video-preview":"max-video-preview:-1"},"canonical":"https:\/\/www.gaveanews.com\/index.php\/2025\/05\/19\/pedro-gerson-alex-sandro-leo-ortiz-wesley-danilo-os-jogadores-do-flamengo-na-pre-lista-de-ancelotti\/","og_locale":"pt_BR","og_type":"article","og_title":"Pedro, Gerson, Alex Sandro, L\u00e9o Ortiz, Wesley, Danilo: os jogadores do Flamengo na pr\u00e9-lista de Ancelotti","og_description":"Carlo Ancelotti, prestes a assumir efetivamente o comando da Sele\u00e7\u00e3o Brasileira, divulgou sua primeira pr\u00e9-lista de convocados para os pr\u00f3ximos compromissos da equipe nacional. A lista enviada \u00e0 Confedera\u00e7\u00e3o Brasileira de Futebol (CBF) chama aten\u00e7\u00e3o, principalmente, pela expressiva presen\u00e7a de atletas do Flamengo: seis ao todo. Conforme apurado pelo ge, os nomes inclu\u00eddos s\u00e3o Danilo, [&hellip;]","og_url":"https:\/\/www.gaveanews.com\/index.php\/2025\/05\/19\/pedro-gerson-alex-sandro-leo-ortiz-wesley-danilo-os-jogadores-do-flamengo-na-pre-lista-de-ancelotti\/","og_site_name":"G\u00e1vea News","article_publisher":"https:\/\/facebook.com\/gaveaNews\/","article_published_time":"2025-05-19T23:10:00+00:00","og_image":[{"width":1200,"height":800,"url":"https:\/\/www.gaveanews.com\/wp-content\/uploads\/Pedro-embarca-com-a-delegacao-do-Flamengo.webp","type":"image\/png"}],"author":"Ana Teixeira","twitter_card":"summary_large_image","twitter_misc":{"Escrito por":"Ana Teixeira","Est. tempo de leitura":"3 minutos"},"schema":{"@context":"https:\/\/schema.org","@graph":[{"@type":"NewsArticle","@id":"https:\/\/www.gaveanews.com\/index.php\/2025\/05\/19\/pedro-gerson-alex-sandro-leo-ortiz-wesley-danilo-os-jogadores-do-flamengo-na-pre-lista-de-ancelotti\/#article","isPartOf":{"@id":"https:\/\/www.gaveanews.com\/index.php\/2025\/05\/19\/pedro-gerson-alex-sandro-leo-ortiz-wesley-danilo-os-jogadores-do-flamengo-na-pre-lista-de-ancelotti\/"},"author":{"name":"Ana Teixeira","@id":"https:\/\/www.gaveanews.com\/#\/schema\/person\/3b19f7288b0ce20372991275e4f2e6c2"},"headline":"Pedro, Gerson, Alex Sandro, L\u00e9o Ortiz, Wesley, Danilo: os jogadores do Flamengo na pr\u00e9-lista de Ancelotti","datePublished":"2025-05-19T23:10:00+00:00","mainEntityOfPage":{"@id":"https:\/\/www.gaveanews.com\/index.php\/2025\/05\/19\/pedro-gerson-alex-sandro-leo-ortiz-wesley-danilo-os-jogadores-do-flamengo-na-pre-lista-de-ancelotti\/"},"wordCount":514,"commentCount":0,"image":{"@id":"https:\/\/www.gaveanews.com\/index.php\/2025\/05\/19\/pedro-gerson-alex-sandro-leo-ortiz-wesley-danilo-os-jogadores-do-flamengo-na-pre-lista-de-ancelotti\/#primaryimage"},"thumbnailUrl":"https:\/\/www.gaveanews.com\/wp-content\/uploads\/Pedro-embarca-com-a-delegacao-do-Flamengo.webp","articleSection":["Brasil","Flamengo","Sele\u00e7\u00f5es"],"inLanguage":"pt-BR","potentialAction":[{"@type":"CommentAction","name":"Comment","target":["https:\/\/www.gaveanews.com\/index.php\/2025\/05\/19\/pedro-gerson-alex-sandro-leo-ortiz-wesley-danilo-os-jogadores-do-flamengo-na-pre-lista-de-ancelotti\/#respond"]}],"copyrightYear":"2025","copyrightHolder":{"@id":"https:\/\/www.gaveanews.com\/#organization"}},{"@type":"WebPage","@id":"https:\/\/www.gaveanews.com\/index.php\/2025\/05\/19\/pedro-gerson-alex-sandro-leo-ortiz-wesley-danilo-os-jogadores-do-flamengo-na-pre-lista-de-ancelotti\/","url":"https:\/\/www.gaveanews.com\/index.php\/2025\/05\/19\/pedro-gerson-alex-sandro-leo-ortiz-wesley-danilo-os-jogadores-do-flamengo-na-pre-lista-de-ancelotti\/","name":"Pedro, Gerson, Alex Sandro, L\u00e9o Ortiz, Wesley, Danilo: os jogadores do Flamengo na pr\u00e9-lista de Ancelotti","isPartOf":{"@id":"https:\/\/www.gaveanews.com\/#website"},"primaryImageOfPage":{"@id":"https:\/\/www.gaveanews.com\/index.php\/2025\/05\/19\/pedro-gerson-alex-sandro-leo-ortiz-wesley-danilo-os-jogadores-do-flamengo-na-pre-lista-de-ancelotti\/#primaryimage"},"image":{"@id":"https:\/\/www.gaveanews.com\/index.php\/2025\/05\/19\/pedro-gerson-alex-sandro-leo-ortiz-wesley-danilo-os-jogadores-do-flamengo-na-pre-lista-de-ancelotti\/#primaryimage"},"thumbnailUrl":"https:\/\/www.gaveanews.com\/wp-content\/uploads\/Pedro-embarca-com-a-delegacao-do-Flamengo.webp","datePublished":"2025-05-19T23:10:00+00:00","author":{"@id":"https:\/\/www.gaveanews.com\/#\/schema\/person\/3b19f7288b0ce20372991275e4f2e6c2"},"breadcrumb":{"@id":"https:\/\/www.gaveanews.com\/index.php\/2025\/05\/19\/pedro-gerson-alex-sandro-leo-ortiz-wesley-danilo-os-jogadores-do-flamengo-na-pre-lista-de-ancelotti\/#breadcrumb"},"inLanguage":"pt-BR","potentialAction":[{"@type":"ReadAction","target":["https:\/\/www.gaveanews.com\/index.php\/2025\/05\/19\/pedro-gerson-alex-sandro-leo-ortiz-wesley-danilo-os-jogadores-do-flamengo-na-pre-lista-de-ancelotti\/"]}]},{"@type":"ImageObject","inLanguage":"pt-BR","@id":"https:\/\/www.gaveanews.com\/index.php\/2025\/05\/19\/pedro-gerson-alex-sandro-leo-ortiz-wesley-danilo-os-jogadores-do-flamengo-na-pre-lista-de-ancelotti\/#primaryimage","url":"https:\/\/www.gaveanews.com\/wp-content\/uploads\/Pedro-embarca-com-a-delegacao-do-Flamengo.webp","contentUrl":"https:\/\/www.gaveanews.com\/wp-content\/uploads\/Pedro-embarca-com-a-delegacao-do-Flamengo.webp","width":1200,"height":800,"caption":"Pedro embarca com a delega\u00e7\u00e3o do Flamengo - Foto: Adriano Fontes\/Flamengo"},{"@type":"BreadcrumbList","@id":"https:\/\/www.gaveanews.com\/index.php\/2025\/05\/19\/pedro-gerson-alex-sandro-leo-ortiz-wesley-danilo-os-jogadores-do-flamengo-na-pre-lista-de-ancelotti\/#breadcrumb","itemListElement":[{"@type":"ListItem","position":1,"name":"Home","item":"https:\/\/www.gaveanews.com\/"},{"@type":"ListItem","position":2,"name":"Pedro, Gerson, Alex Sandro, L\u00e9o Ortiz, Wesley, Danilo: os jogadores do Flamengo na pr\u00e9-lista de Ancelotti"}]},{"@type":"WebSite","@id":"https:\/\/www.gaveanews.com\/#website","url":"https:\/\/www.gaveanews.com\/","name":"G\u00e1vea News","description":"Veja todas as not\u00edcias sobre o Flamengo: Contrata\u00e7\u00f5es, categorias de base, resultados das partidas, tabela de classifica\u00e7\u00e3o, pr\u00f3ximos jogos!","potentialAction":[{"@type":"SearchAction","target":{"@type":"EntryPoint","urlTemplate":"https:\/\/www.gaveanews.com\/?s={search_term_string}"},"query-input":{"@type":"PropertyValueSpecification","valueRequired":true,"valueName":"search_term_string"}}],"inLanguage":"pt-BR"},{"@type":"Person","@id":"https:\/\/www.gaveanews.com\/#\/schema\/person\/3b19f7288b0ce20372991275e4f2e6c2","name":"Ana Teixeira","image":{"@type":"ImageObject","inLanguage":"pt-BR","@id":"https:\/\/www.gaveanews.com\/#\/schema\/person\/image\/","url":"https:\/\/secure.gravatar.com\/avatar\/0a73f5a5258f3fed37fc2fa641892f3f7a4748456d4d4792f9bc550e6c19e06c?s=96&d=mm&r=g","contentUrl":"https:\/\/secure.gravatar.com\/avatar\/0a73f5a5258f3fed37fc2fa641892f3f7a4748456d4d4792f9bc550e6c19e06c?s=96&d=mm&r=g","caption":"Ana Teixeira"}}]}},"_links":{"self":[{"href":"https:\/\/www.gaveanews.com\/index.php\/wp-json\/wp\/v2\/posts\/265044","targetHints":{"allow":["GET"]}}],"collection":[{"href":"https:\/\/www.gaveanews.com\/index.php\/wp-json\/wp\/v2\/posts"}],"about":[{"href":"https:\/\/www.gaveanews.com\/index.php\/wp-json\/wp\/v2\/types\/post"}],"author":[{"embeddable":true,"href":"https:\/\/www.gaveanews.com\/index.php\/wp-json\/wp\/v2\/users\/30"}],"replies":[{"embeddable":true,"href":"https:\/\/www.gaveanews.com\/index.php\/wp-json\/wp\/v2\/comments?post=265044"}],"version-history":[{"count":1,"href":"https:\/\/www.gaveanews.com\/index.php\/wp-json\/wp\/v2\/posts\/265044\/revisions"}],"predecessor-version":[{"id":265062,"href":"https:\/\/www.gaveanews.com\/index.php\/wp-json\/wp\/v2\/posts\/265044\/revisions\/265062"}],"wp:featuredmedia":[{"embeddable":true,"href":"https:\/\/www.gaveanews.com\/index.php\/wp-json\/wp\/v2\/media\/255013"}],"wp:attachment":[{"href":"https:\/\/www.gaveanews.com\/index.php\/wp-json\/wp\/v2\/media?parent=265044"}],"wp:term":[{"taxonomy":"category","embeddable":true,"href":"https:\/\/www.gaveanews.com\/index.php\/wp-json\/wp\/v2\/categories?post=265044"},{"taxonomy":"post_tag","embeddable":true,"href":"https:\/\/www.gaveanews.com\/index.php\/wp-json\/wp\/v2\/tags?post=265044"}],"curies":[{"name":"wp","href":"https:\/\/api.w.org\/{rel}","templated":true}]}}