{"id":265102,"date":"2025-05-20T09:50:28","date_gmt":"2025-05-20T12:50:28","guid":{"rendered":"https:\/\/www.gaveanews.com\/?p=265102"},"modified":"2025-05-20T09:50:16","modified_gmt":"2025-05-20T12:50:16","slug":"a-declaracao-de-filipe-luis-direcionada-a-rodrigo-caio-novo-auxiliar-do-flamengo","status":"publish","type":"post","link":"https:\/\/www.gaveanews.com\/index.php\/2025\/05\/20\/a-declaracao-de-filipe-luis-direcionada-a-rodrigo-caio-novo-auxiliar-do-flamengo\/","title":{"rendered":"A declara\u00e7\u00e3o de Filipe Lu\u00eds direcionada a Rodrigo Caio, novo auxiliar do Flamengo"},"content":{"rendered":"\n<p>Auxiliar t\u00e9cnico contratado na \u00faltima semana, Rodrigo Caio novamente n\u00e3o ficou no banco de reservas do Flamengo no cl\u00e1ssico contra o Botafogo. A aus\u00eancia do ex-zagueiro, como j\u00e1 havia acontecido contra a LDU, foi explicada pelo treinador Filipe Lu\u00eds ap\u00f3s a partida.<\/p>\n\n\n\n<p>Em coletiva, Filipe Lu\u00eds n\u00e3o s\u00f3 explicou o motivo de Rodrigo Caio ainda n\u00e3o ficar no banco de reservas, mas tamb\u00e9m detalhou em qual fun\u00e7\u00e3o o ex-zagueiro tem atuado. Apesar da falta de experi\u00eancia na profiss\u00e3o, o auxiliar j\u00e1 \u00e9 um dos respons\u00e1veis pela bola a\u00e9rea do time.<\/p>\n\n\n\n<p>&#8220;O Rodrigo n\u00e3o t\u00e1 sentando no banco por ter acabado de chegar, a gente ainda est\u00e1 adaptando. Tem o Marcinho (M\u00e1rcio Torres) que tem muita experi\u00eancia, que pode ajudar. Ele faz parte da equipe de an\u00e1lise de bola parada e tamb\u00e9m \u00e9 um auxiliar do clube, que auxilia com os treinos e a parte t\u00e1tica na minha comiss\u00e3o. Ent\u00e3o, tem as fun\u00e7\u00f5es que eu passo para ele e, principalmente agora, liderando a parte da bola parada junto com outros companheiros&#8221;, disse o t\u00e9cnico.<\/p>\n\n\n\n<p>Rodrigo Caio substitui Daniel Alegria na comiss\u00e3o t\u00e9cnica, que era o respons\u00e1vel direto pelas bolas paradas da equipe. No entanto, ele foi desligado do Flamengo a pedido de Filipe Lu\u00eds, que j\u00e1 estava tendo conflitos de ideia com o profissional. Os dois trabalhavam juntos desde o in\u00edcio de carreira do treinador, ainda no sub-17.<\/p>\n\n\n\n<p>Vale ressaltar que Rodrigo Caio foi contratado para fazer parte da comiss\u00e3o permanente do Flamengo e n\u00e3o por Filipe Lu\u00eds. Sendo assim, caso o treinador seja demitido, o auxiliar vai permanecer exercendo sua fun\u00e7\u00e3o no clube ao lado de um novo comandante.<\/p>\n\n\n\n<p>O Flamengo volta a campo nesta quarta-feira (21) para enfrentar o Botafogo-PB, pela terceira fase da Copa do Brasil. A partida ser\u00e1 realizada no Maracan\u00e3, \u00e0s 21h30 (de Bras\u00edlia). Na ida, o Fla venceu por 1&#215;0 e tem a vantagem do empate.<\/p>\n","protected":false},"excerpt":{"rendered":"<p>Auxiliar t\u00e9cnico contratado na \u00faltima semana, Rodrigo Caio novamente n\u00e3o ficou no banco de reservas do Flamengo no cl\u00e1ssico contra o Botafogo. A aus\u00eancia do ex-zagueiro, como j\u00e1 havia acontecido contra a LDU, foi explicada pelo treinador Filipe Lu\u00eds ap\u00f3s a partida. Em coletiva, Filipe Lu\u00eds n\u00e3o s\u00f3 explicou o motivo de Rodrigo Caio ainda [&hellip;]<\/p>\n","protected":false},"author":32,"featured_media":114089,"comment_status":"open","ping_status":"closed","sticky":false,"template":"","format":"standard","meta":{"footnotes":""},"categories":[1],"tags":[],"class_list":["post-265102","post","type-post","status-publish","format-standard","has-post-thumbnail","hentry","category-flamengo"],"yoast_head":"<!-- This site is optimized with the Yoast SEO Premium plugin v24.2 (Yoast SEO v26.9) - https:\/\/yoast.com\/product\/yoast-seo-premium-wordpress\/ -->\n<title>A declara\u00e7\u00e3o de Filipe Lu\u00eds direcionada a Rodrigo Caio, novo auxiliar do Flamengo<\/title>\n<meta name=\"robots\" content=\"index, follow, max-snippet:-1, max-image-preview:large, max-video-preview:-1\" \/>\n<link rel=\"canonical\" href=\"https:\/\/www.gaveanews.com\/index.php\/2025\/05\/20\/a-declaracao-de-filipe-luis-direcionada-a-rodrigo-caio-novo-auxiliar-do-flamengo\/\" \/>\n<meta property=\"og:locale\" content=\"pt_BR\" \/>\n<meta property=\"og:type\" content=\"article\" \/>\n<meta property=\"og:title\" content=\"A declara\u00e7\u00e3o de Filipe Lu\u00eds direcionada a Rodrigo Caio, novo auxiliar do Flamengo\" \/>\n<meta property=\"og:description\" content=\"Auxiliar t\u00e9cnico contratado na \u00faltima semana, Rodrigo Caio novamente n\u00e3o ficou no banco de reservas do Flamengo no cl\u00e1ssico contra o Botafogo. A aus\u00eancia do ex-zagueiro, como j\u00e1 havia acontecido contra a LDU, foi explicada pelo treinador Filipe Lu\u00eds ap\u00f3s a partida. Em coletiva, Filipe Lu\u00eds n\u00e3o s\u00f3 explicou o motivo de Rodrigo Caio ainda [&hellip;]\" \/>\n<meta property=\"og:url\" content=\"https:\/\/www.gaveanews.com\/index.php\/2025\/05\/20\/a-declaracao-de-filipe-luis-direcionada-a-rodrigo-caio-novo-auxiliar-do-flamengo\/\" \/>\n<meta property=\"og:site_name\" content=\"G\u00e1vea News\" \/>\n<meta property=\"article:publisher\" content=\"https:\/\/facebook.com\/gaveaNews\/\" \/>\n<meta property=\"article:published_time\" content=\"2025-05-20T12:50:28+00:00\" \/>\n<meta property=\"og:image\" content=\"http:\/\/www.gaveanews.com\/wp-content\/uploads\/filipe-luis-rodrigo-caio-flamengo.webp\" \/>\n\t<meta property=\"og:image:width\" content=\"900\" \/>\n\t<meta property=\"og:image:height\" content=\"600\" \/>\n\t<meta property=\"og:image:type\" content=\"image\/jpeg\" \/>\n<meta name=\"author\" content=\"Matheus Leal\" \/>\n<meta name=\"twitter:card\" content=\"summary_large_image\" \/>\n<meta name=\"twitter:label1\" content=\"Escrito por\" \/>\n\t<meta name=\"twitter:data1\" content=\"Matheus Leal\" \/>\n\t<meta name=\"twitter:label2\" content=\"Est. tempo de leitura\" \/>\n\t<meta name=\"twitter:data2\" content=\"2 minutos\" \/>\n<script type=\"application\/ld+json\" class=\"yoast-schema-graph\">{\"@context\":\"https:\/\/schema.org\",\"@graph\":[{\"@type\":\"NewsArticle\",\"@id\":\"https:\/\/www.gaveanews.com\/index.php\/2025\/05\/20\/a-declaracao-de-filipe-luis-direcionada-a-rodrigo-caio-novo-auxiliar-do-flamengo\/#article\",\"isPartOf\":{\"@id\":\"https:\/\/www.gaveanews.com\/index.php\/2025\/05\/20\/a-declaracao-de-filipe-luis-direcionada-a-rodrigo-caio-novo-auxiliar-do-flamengo\/\"},\"author\":{\"name\":\"Matheus Leal\",\"@id\":\"https:\/\/www.gaveanews.com\/#\/schema\/person\/49ac99b6823a2b8d5087a6ce3aaaa128\"},\"headline\":\"A declara\u00e7\u00e3o de Filipe Lu\u00eds direcionada a Rodrigo Caio, novo auxiliar do Flamengo\",\"datePublished\":\"2025-05-20T12:50:28+00:00\",\"mainEntityOfPage\":{\"@id\":\"https:\/\/www.gaveanews.com\/index.php\/2025\/05\/20\/a-declaracao-de-filipe-luis-direcionada-a-rodrigo-caio-novo-auxiliar-do-flamengo\/\"},\"wordCount\":358,\"commentCount\":0,\"image\":{\"@id\":\"https:\/\/www.gaveanews.com\/index.php\/2025\/05\/20\/a-declaracao-de-filipe-luis-direcionada-a-rodrigo-caio-novo-auxiliar-do-flamengo\/#primaryimage\"},\"thumbnailUrl\":\"https:\/\/www.gaveanews.com\/wp-content\/uploads\/filipe-luis-rodrigo-caio-flamengo.webp\",\"articleSection\":[\"Flamengo\"],\"inLanguage\":\"pt-BR\",\"potentialAction\":[{\"@type\":\"CommentAction\",\"name\":\"Comment\",\"target\":[\"https:\/\/www.gaveanews.com\/index.php\/2025\/05\/20\/a-declaracao-de-filipe-luis-direcionada-a-rodrigo-caio-novo-auxiliar-do-flamengo\/#respond\"]}],\"copyrightYear\":\"2025\",\"copyrightHolder\":{\"@id\":\"https:\/\/www.gaveanews.com\/#organization\"}},{\"@type\":\"WebPage\",\"@id\":\"https:\/\/www.gaveanews.com\/index.php\/2025\/05\/20\/a-declaracao-de-filipe-luis-direcionada-a-rodrigo-caio-novo-auxiliar-do-flamengo\/\",\"url\":\"https:\/\/www.gaveanews.com\/index.php\/2025\/05\/20\/a-declaracao-de-filipe-luis-direcionada-a-rodrigo-caio-novo-auxiliar-do-flamengo\/\",\"name\":\"A declara\u00e7\u00e3o de Filipe Lu\u00eds direcionada a Rodrigo Caio, novo auxiliar do Flamengo\",\"isPartOf\":{\"@id\":\"https:\/\/www.gaveanews.com\/#website\"},\"primaryImageOfPage\":{\"@id\":\"https:\/\/www.gaveanews.com\/index.php\/2025\/05\/20\/a-declaracao-de-filipe-luis-direcionada-a-rodrigo-caio-novo-auxiliar-do-flamengo\/#primaryimage\"},\"image\":{\"@id\":\"https:\/\/www.gaveanews.com\/index.php\/2025\/05\/20\/a-declaracao-de-filipe-luis-direcionada-a-rodrigo-caio-novo-auxiliar-do-flamengo\/#primaryimage\"},\"thumbnailUrl\":\"https:\/\/www.gaveanews.com\/wp-content\/uploads\/filipe-luis-rodrigo-caio-flamengo.webp\",\"datePublished\":\"2025-05-20T12:50:28+00:00\",\"author\":{\"@id\":\"https:\/\/www.gaveanews.com\/#\/schema\/person\/49ac99b6823a2b8d5087a6ce3aaaa128\"},\"breadcrumb\":{\"@id\":\"https:\/\/www.gaveanews.com\/index.php\/2025\/05\/20\/a-declaracao-de-filipe-luis-direcionada-a-rodrigo-caio-novo-auxiliar-do-flamengo\/#breadcrumb\"},\"inLanguage\":\"pt-BR\",\"potentialAction\":[{\"@type\":\"ReadAction\",\"target\":[\"https:\/\/www.gaveanews.com\/index.php\/2025\/05\/20\/a-declaracao-de-filipe-luis-direcionada-a-rodrigo-caio-novo-auxiliar-do-flamengo\/\"]}]},{\"@type\":\"ImageObject\",\"inLanguage\":\"pt-BR\",\"@id\":\"https:\/\/www.gaveanews.com\/index.php\/2025\/05\/20\/a-declaracao-de-filipe-luis-direcionada-a-rodrigo-caio-novo-auxiliar-do-flamengo\/#primaryimage\",\"url\":\"https:\/\/www.gaveanews.com\/wp-content\/uploads\/filipe-luis-rodrigo-caio-flamengo.webp\",\"contentUrl\":\"https:\/\/www.gaveanews.com\/wp-content\/uploads\/filipe-luis-rodrigo-caio-flamengo.webp\",\"width\":900,\"height\":600,\"caption\":\"Filipe Lu\u00eds e Rodrigo Caio se abra\u00e7am em despedida do Flamengo (Foto: Gilvan de Souza\/Flamengo)\"},{\"@type\":\"BreadcrumbList\",\"@id\":\"https:\/\/www.gaveanews.com\/index.php\/2025\/05\/20\/a-declaracao-de-filipe-luis-direcionada-a-rodrigo-caio-novo-auxiliar-do-flamengo\/#breadcrumb\",\"itemListElement\":[{\"@type\":\"ListItem\",\"position\":1,\"name\":\"Home\",\"item\":\"https:\/\/www.gaveanews.com\/\"},{\"@type\":\"ListItem\",\"position\":2,\"name\":\"A declara\u00e7\u00e3o de Filipe Lu\u00eds direcionada a Rodrigo Caio, novo auxiliar do Flamengo\"}]},{\"@type\":\"WebSite\",\"@id\":\"https:\/\/www.gaveanews.com\/#website\",\"url\":\"https:\/\/www.gaveanews.com\/\",\"name\":\"G\u00e1vea News\",\"description\":\"Veja todas as not\u00edcias sobre o Flamengo: Contrata\u00e7\u00f5es, categorias de base, resultados das partidas, tabela de classifica\u00e7\u00e3o, pr\u00f3ximos jogos!\",\"potentialAction\":[{\"@type\":\"SearchAction\",\"target\":{\"@type\":\"EntryPoint\",\"urlTemplate\":\"https:\/\/www.gaveanews.com\/?s={search_term_string}\"},\"query-input\":{\"@type\":\"PropertyValueSpecification\",\"valueRequired\":true,\"valueName\":\"search_term_string\"}}],\"inLanguage\":\"pt-BR\"},{\"@type\":\"Person\",\"@id\":\"https:\/\/www.gaveanews.com\/#\/schema\/person\/49ac99b6823a2b8d5087a6ce3aaaa128\",\"name\":\"Matheus Leal\",\"image\":{\"@type\":\"ImageObject\",\"inLanguage\":\"pt-BR\",\"@id\":\"https:\/\/www.gaveanews.com\/#\/schema\/person\/image\/\",\"url\":\"https:\/\/secure.gravatar.com\/avatar\/21c52300d1234416f9c886f6dadd7452d8b035ac505314a51e4f56731e90c481?s=96&d=mm&r=g\",\"contentUrl\":\"https:\/\/secure.gravatar.com\/avatar\/21c52300d1234416f9c886f6dadd7452d8b035ac505314a51e4f56731e90c481?s=96&d=mm&r=g\",\"caption\":\"Matheus Leal\"}}]}<\/script>\n<!-- \/ Yoast SEO Premium plugin. -->","yoast_head_json":{"title":"A declara\u00e7\u00e3o de Filipe Lu\u00eds direcionada a Rodrigo Caio, novo auxiliar do Flamengo","robots":{"index":"index","follow":"follow","max-snippet":"max-snippet:-1","max-image-preview":"max-image-preview:large","max-video-preview":"max-video-preview:-1"},"canonical":"https:\/\/www.gaveanews.com\/index.php\/2025\/05\/20\/a-declaracao-de-filipe-luis-direcionada-a-rodrigo-caio-novo-auxiliar-do-flamengo\/","og_locale":"pt_BR","og_type":"article","og_title":"A declara\u00e7\u00e3o de Filipe Lu\u00eds direcionada a Rodrigo Caio, novo auxiliar do Flamengo","og_description":"Auxiliar t\u00e9cnico contratado na \u00faltima semana, Rodrigo Caio novamente n\u00e3o ficou no banco de reservas do Flamengo no cl\u00e1ssico contra o Botafogo. A aus\u00eancia do ex-zagueiro, como j\u00e1 havia acontecido contra a LDU, foi explicada pelo treinador Filipe Lu\u00eds ap\u00f3s a partida. Em coletiva, Filipe Lu\u00eds n\u00e3o s\u00f3 explicou o motivo de Rodrigo Caio ainda [&hellip;]","og_url":"https:\/\/www.gaveanews.com\/index.php\/2025\/05\/20\/a-declaracao-de-filipe-luis-direcionada-a-rodrigo-caio-novo-auxiliar-do-flamengo\/","og_site_name":"G\u00e1vea News","article_publisher":"https:\/\/facebook.com\/gaveaNews\/","article_published_time":"2025-05-20T12:50:28+00:00","og_image":[{"width":900,"height":600,"url":"http:\/\/www.gaveanews.com\/wp-content\/uploads\/filipe-luis-rodrigo-caio-flamengo.webp","type":"image\/jpeg"}],"author":"Matheus Leal","twitter_card":"summary_large_image","twitter_misc":{"Escrito por":"Matheus Leal","Est. tempo de leitura":"2 minutos"},"schema":{"@context":"https:\/\/schema.org","@graph":[{"@type":"NewsArticle","@id":"https:\/\/www.gaveanews.com\/index.php\/2025\/05\/20\/a-declaracao-de-filipe-luis-direcionada-a-rodrigo-caio-novo-auxiliar-do-flamengo\/#article","isPartOf":{"@id":"https:\/\/www.gaveanews.com\/index.php\/2025\/05\/20\/a-declaracao-de-filipe-luis-direcionada-a-rodrigo-caio-novo-auxiliar-do-flamengo\/"},"author":{"name":"Matheus Leal","@id":"https:\/\/www.gaveanews.com\/#\/schema\/person\/49ac99b6823a2b8d5087a6ce3aaaa128"},"headline":"A declara\u00e7\u00e3o de Filipe Lu\u00eds direcionada a Rodrigo Caio, novo auxiliar do Flamengo","datePublished":"2025-05-20T12:50:28+00:00","mainEntityOfPage":{"@id":"https:\/\/www.gaveanews.com\/index.php\/2025\/05\/20\/a-declaracao-de-filipe-luis-direcionada-a-rodrigo-caio-novo-auxiliar-do-flamengo\/"},"wordCount":358,"commentCount":0,"image":{"@id":"https:\/\/www.gaveanews.com\/index.php\/2025\/05\/20\/a-declaracao-de-filipe-luis-direcionada-a-rodrigo-caio-novo-auxiliar-do-flamengo\/#primaryimage"},"thumbnailUrl":"https:\/\/www.gaveanews.com\/wp-content\/uploads\/filipe-luis-rodrigo-caio-flamengo.webp","articleSection":["Flamengo"],"inLanguage":"pt-BR","potentialAction":[{"@type":"CommentAction","name":"Comment","target":["https:\/\/www.gaveanews.com\/index.php\/2025\/05\/20\/a-declaracao-de-filipe-luis-direcionada-a-rodrigo-caio-novo-auxiliar-do-flamengo\/#respond"]}],"copyrightYear":"2025","copyrightHolder":{"@id":"https:\/\/www.gaveanews.com\/#organization"}},{"@type":"WebPage","@id":"https:\/\/www.gaveanews.com\/index.php\/2025\/05\/20\/a-declaracao-de-filipe-luis-direcionada-a-rodrigo-caio-novo-auxiliar-do-flamengo\/","url":"https:\/\/www.gaveanews.com\/index.php\/2025\/05\/20\/a-declaracao-de-filipe-luis-direcionada-a-rodrigo-caio-novo-auxiliar-do-flamengo\/","name":"A declara\u00e7\u00e3o de Filipe Lu\u00eds direcionada a Rodrigo Caio, novo auxiliar do Flamengo","isPartOf":{"@id":"https:\/\/www.gaveanews.com\/#website"},"primaryImageOfPage":{"@id":"https:\/\/www.gaveanews.com\/index.php\/2025\/05\/20\/a-declaracao-de-filipe-luis-direcionada-a-rodrigo-caio-novo-auxiliar-do-flamengo\/#primaryimage"},"image":{"@id":"https:\/\/www.gaveanews.com\/index.php\/2025\/05\/20\/a-declaracao-de-filipe-luis-direcionada-a-rodrigo-caio-novo-auxiliar-do-flamengo\/#primaryimage"},"thumbnailUrl":"https:\/\/www.gaveanews.com\/wp-content\/uploads\/filipe-luis-rodrigo-caio-flamengo.webp","datePublished":"2025-05-20T12:50:28+00:00","author":{"@id":"https:\/\/www.gaveanews.com\/#\/schema\/person\/49ac99b6823a2b8d5087a6ce3aaaa128"},"breadcrumb":{"@id":"https:\/\/www.gaveanews.com\/index.php\/2025\/05\/20\/a-declaracao-de-filipe-luis-direcionada-a-rodrigo-caio-novo-auxiliar-do-flamengo\/#breadcrumb"},"inLanguage":"pt-BR","potentialAction":[{"@type":"ReadAction","target":["https:\/\/www.gaveanews.com\/index.php\/2025\/05\/20\/a-declaracao-de-filipe-luis-direcionada-a-rodrigo-caio-novo-auxiliar-do-flamengo\/"]}]},{"@type":"ImageObject","inLanguage":"pt-BR","@id":"https:\/\/www.gaveanews.com\/index.php\/2025\/05\/20\/a-declaracao-de-filipe-luis-direcionada-a-rodrigo-caio-novo-auxiliar-do-flamengo\/#primaryimage","url":"https:\/\/www.gaveanews.com\/wp-content\/uploads\/filipe-luis-rodrigo-caio-flamengo.webp","contentUrl":"https:\/\/www.gaveanews.com\/wp-content\/uploads\/filipe-luis-rodrigo-caio-flamengo.webp","width":900,"height":600,"caption":"Filipe Lu\u00eds e Rodrigo Caio se abra\u00e7am em despedida do Flamengo (Foto: Gilvan de Souza\/Flamengo)"},{"@type":"BreadcrumbList","@id":"https:\/\/www.gaveanews.com\/index.php\/2025\/05\/20\/a-declaracao-de-filipe-luis-direcionada-a-rodrigo-caio-novo-auxiliar-do-flamengo\/#breadcrumb","itemListElement":[{"@type":"ListItem","position":1,"name":"Home","item":"https:\/\/www.gaveanews.com\/"},{"@type":"ListItem","position":2,"name":"A declara\u00e7\u00e3o de Filipe Lu\u00eds direcionada a Rodrigo Caio, novo auxiliar do Flamengo"}]},{"@type":"WebSite","@id":"https:\/\/www.gaveanews.com\/#website","url":"https:\/\/www.gaveanews.com\/","name":"G\u00e1vea News","description":"Veja todas as not\u00edcias sobre o Flamengo: Contrata\u00e7\u00f5es, categorias de base, resultados das partidas, tabela de classifica\u00e7\u00e3o, pr\u00f3ximos jogos!","potentialAction":[{"@type":"SearchAction","target":{"@type":"EntryPoint","urlTemplate":"https:\/\/www.gaveanews.com\/?s={search_term_string}"},"query-input":{"@type":"PropertyValueSpecification","valueRequired":true,"valueName":"search_term_string"}}],"inLanguage":"pt-BR"},{"@type":"Person","@id":"https:\/\/www.gaveanews.com\/#\/schema\/person\/49ac99b6823a2b8d5087a6ce3aaaa128","name":"Matheus Leal","image":{"@type":"ImageObject","inLanguage":"pt-BR","@id":"https:\/\/www.gaveanews.com\/#\/schema\/person\/image\/","url":"https:\/\/secure.gravatar.com\/avatar\/21c52300d1234416f9c886f6dadd7452d8b035ac505314a51e4f56731e90c481?s=96&d=mm&r=g","contentUrl":"https:\/\/secure.gravatar.com\/avatar\/21c52300d1234416f9c886f6dadd7452d8b035ac505314a51e4f56731e90c481?s=96&d=mm&r=g","caption":"Matheus Leal"}}]}},"_links":{"self":[{"href":"https:\/\/www.gaveanews.com\/index.php\/wp-json\/wp\/v2\/posts\/265102","targetHints":{"allow":["GET"]}}],"collection":[{"href":"https:\/\/www.gaveanews.com\/index.php\/wp-json\/wp\/v2\/posts"}],"about":[{"href":"https:\/\/www.gaveanews.com\/index.php\/wp-json\/wp\/v2\/types\/post"}],"author":[{"embeddable":true,"href":"https:\/\/www.gaveanews.com\/index.php\/wp-json\/wp\/v2\/users\/32"}],"replies":[{"embeddable":true,"href":"https:\/\/www.gaveanews.com\/index.php\/wp-json\/wp\/v2\/comments?post=265102"}],"version-history":[{"count":1,"href":"https:\/\/www.gaveanews.com\/index.php\/wp-json\/wp\/v2\/posts\/265102\/revisions"}],"predecessor-version":[{"id":265114,"href":"https:\/\/www.gaveanews.com\/index.php\/wp-json\/wp\/v2\/posts\/265102\/revisions\/265114"}],"wp:featuredmedia":[{"embeddable":true,"href":"https:\/\/www.gaveanews.com\/index.php\/wp-json\/wp\/v2\/media\/114089"}],"wp:attachment":[{"href":"https:\/\/www.gaveanews.com\/index.php\/wp-json\/wp\/v2\/media?parent=265102"}],"wp:term":[{"taxonomy":"category","embeddable":true,"href":"https:\/\/www.gaveanews.com\/index.php\/wp-json\/wp\/v2\/categories?post=265102"},{"taxonomy":"post_tag","embeddable":true,"href":"https:\/\/www.gaveanews.com\/index.php\/wp-json\/wp\/v2\/tags?post=265102"}],"curies":[{"name":"wp","href":"https:\/\/api.w.org\/{rel}","templated":true}]}}